{"id":24039,"date":"2022-07-04T06:15:00","date_gmt":"2022-07-04T06:15:00","guid":{"rendered":"https:\/\/www.emballagedigest.fr\/?p=24039"},"modified":"2022-07-04T07:18:48","modified_gmt":"2022-07-04T07:18:48","slug":"lancement-de-la-8eme-edition-du-salon-cosmetic-360-publi-communique","status":"publish","type":"post","link":"https:\/\/www.emballagedigest.fr\/en\/lancement-de-la-8eme-edition-du-salon-cosmetic-360-publi-communique\/","title":{"rendered":"Lancement de la 8\u00e8me \u00e9dition du salon Cosmetic 360 (publi-communiqu\u00e9)"},"content":{"rendered":"<p>LE rendez-vous mondial de l\u2019innovation pour la fili\u00e8re parfumerie- cosm\u00e9tique reviendra les 12 et 13 octobre 2022, et r\u00e9unira les plus grands acteurs de l\u2019innovation. Un \u00e9v\u00e9nement r\u00e9alis\u00e9 au format hybride.<\/p>\n<p>En pr\u00e9sentiel&nbsp;: un moment de networking privil\u00e9gi\u00e9 avec la fili\u00e8re (visitorat de qualit\u00e9, outil BtoB, soir\u00e9e de gala&#8230;).<br \/>\nEt en digital via la plateforme&nbsp;: un outil permettant de d\u00e9couvrir les innovations en amont du salon, d\u2019organiser sa prise de rdv, de d\u00e9couvrir du contenu de qualit\u00e9 avec les webinars, etc. <\/p>\n<p>Cosmetic 360, un \u00e9v\u00e9nement incontournable pour d\u00e9couvrir les tendances et innovations d\u00e9di\u00e9es \u00e0  l\u2019ensemble de la fili\u00e8re parfumerie-cosm\u00e9tique. Une 8\u00e8me \u00e9dition qui vous permettra de d\u00e9velopper de nouvelles collaborations autour de concepts ou projets innovants ou encore de faire des rencontres in\u00e9dites favorisant les synergies crois\u00e9es et les projets d\u2019excellence.<\/p>\n<p><strong>Retrouvez parmi les nouveaut\u00e9s de Cosmetic 360 :<\/strong> <br \/>\n\u2022 Le fil rouge de cette ann\u00e9e&nbsp;: l\u2019Intelligence Artificielle <br \/>\n\u2022 Le Hackathon supply chain, permettra d\u2019identifier des solutions innovantes \u00e0 d\u00e9velopper dans les process Supply Chain des acteurs de la fili\u00e8re<br \/>\n\u2022 Et la Cosmetic 360 Week en amont et en aval des deux jours de pr\u00e9sentiel sur le salon, au c\u0153ur de la capitale parisienne. <\/p>\n<p><strong>Le retour des zones d\u2019animations :<\/strong><br \/>\n\u2022 \u00ab&nbsp;Cosmetic 360 Factory \u00bb, un espace de d\u00e9monstration d\u00e9di\u00e9 aux \u00e9quipementiers <br \/>\n\u2022 Le Tech Corner, r\u00e9alis\u00e9 en partenariat avec le CNRS, qui pr\u00e9sentera une technologie autour de \u00ab&nbsp;l\u2019Intelligence Artificielle \u00bb<br \/>\n\u2022 Et toujours&nbsp;: la Start-up zone, avec un espace d\u2019exposition d\u00e9di\u00e9e aux start-ups, qui met en lumi\u00e8re les jeunes soci\u00e9t\u00e9s innovantes.<\/p>\n<p><strong>Les temps forts du salon :<\/strong> <br \/>\n\u2022 Le service Open Innovation, pour rencontrer les donneurs d\u2019ordre. Pour rappel en 2021&nbsp;: Chanel, L\u2019Or\u00e9al, LVMH Recherche et Pierre Fabre \u00e9taient pr\u00e9sents (d\u00e9p\u00f4t des candidatures sur le site www.cosmetic -360.com jusqu\u2019au 31 juillet)<br \/>\n\u2022 Les Cosmetic 360 Awards&nbsp;: Un jury compos\u00e9 de la presse professionnelle qui r\u00e9compenses les meilleures innovations du salon. <\/p>\n<p><em><strong>Rendez-vous les 12 et 13 octobre prochains pour vivre l\u2019exp\u00e9rience Cosmetic 360.<\/strong><\/em><\/p>\n<p><img decoding=\"async\" src=\"https:\/\/www.emballagedigest.fr\/dotclear\/images\/2022\/BONUS\/juin\/cosmetic_article2.jpg\" alt=\"Texte Alternatif\" style=\"float:left; margin: 0 1em 1em 0;\" \/><\/p>\n<p><strong>Sealester et Sicofor, exposants en 2021 reviennent sur leur exp\u00e9rience et nous expliquent pourquoi ils ont d\u00e9cid\u00e9 de participer au salon Cosmetic 360<\/strong><\/p>\n<p><strong>\u2022 Sealester (photo ci-dessus)<\/strong> <br \/>\nSealester est une jeune entreprise innovante qui casse les codes de l\u2019univers de l\u2019emballage souple. Gr\u00e2ce \u00e0 une cr\u00e9ativit\u00e9 d\u00e9bordante et \u00e0 sa nouvelle technologie de soudure brevet\u00e9e, Sealester con\u00e7oit, d\u00e9veloppe et produit des emballages \u00e9co-con\u00e7us avec des fonctions et des formes nouvelles via son offre FleX. <br \/>\nNotre ressenti concernant Cosmetic 360&nbsp;: \u00abl\u2019\u00e9dition Cosmetic 360 de 2021 a \u00e9t\u00e9 un r\u00e9el tremplin pour Sealester, \u00e0 l&rsquo;issue de laquelle nous avons pu aboutir \u00e0 de beaux projets. Nous avons pu rencontrer des marques qui souhaitent r\u00e9duire leur impact environnemental \u00e0 travers leur packaging tout en souhaitant se distinguer dans leur forme et dans l\u2019usage de mati\u00e8res recyclables\u00bb. (Amandine Bellier, Business developer).<\/p>\n<p><strong>\u2022 Sicofor<\/strong><br \/>\nSicofor Packaging &amp; Solutions est sp\u00e9cialis\u00e9e depuis 1969, dans la conception et la fabrication d\u2019\u00e9chantillons et de monodoses. Pr\u00e9sent dans le monde de la cosm\u00e9tique, de la parfumerie, de l\u2019hygi\u00e8ne, mais \u00e9galement dans les secteurs industriels, l\u2019entreprise conditionne sous forme de sachet, tous types de produits tels que les produits liquides &amp; p\u00e2teux, les compl\u00e9ments alimentaires, les poudres\u2026<br \/>\nSicofor Packaging &amp; Solutions est \u00e9galement \u00e9quip\u00e9e pour le conditionnement de masques visages et de lingettes impr\u00e9gn\u00e9es.<br \/>\n\u00abNotre pr\u00e9sence sur le Cosmetic 360 nous permet, \u00e0 chaque \u00e9dition, de pr\u00e9senter \u00e0 un grand nombre de visiteurs, d\u2019une part, tout notre savoir-faire, mais il est surtout LE salon des innovations. Les visiteurs pr\u00e9sents sur ce salon, sont donc tr\u00e8s \u00e0 l\u2019\u00e9coute de tout ce qui peut se faire en termes de nouveaut\u00e9s dans notre secteur. C\u2019est \u00e0 ce niveau qu\u2019il fait la diff\u00e9rence\u00bb. (Agn\u00e8s Maillard, Directrice Commerciale). <\/p>\n<p><strong><a href=\"https:\/\/www.cosmetic-360.com\/\">www.cosmetic-360.com<\/a><\/strong><\/p>\n<p><img decoding=\"async\" src=\"https:\/\/www.emballagedigest.fr\/dotclear\/images\/2022\/BONUS\/juin\/cosmetic_logo.jpg\" alt=\"Texte Alternatif\" style=\"float:left; margin: 0 1em 1em 0;\" \/><\/p>","protected":false},"excerpt":{"rendered":"<p>LE rendez-vous mondial de l\u2019innovation pour la fili\u00e8re parfumerie- cosm\u00e9tique reviendra les 12 et 13 octobre 2022, et r\u00e9unira les plus grands acteurs de l\u2019innovation. Un \u00e9v\u00e9nement r\u00e9alis\u00e9 au format hybride.<\/p>","protected":false},"author":1,"featured_media":34039,"comment_status":"closed","ping_status":"closed","sticky":false,"template":"","format":"standard","meta":{"_acf_changed":false,"inline_featured_image":false,"iawp_total_views":1,"footnotes":""},"categories":[5,6],"tags":[],"class_list":["post-24039","post","type-post","status-publish","format-standard","has-post-thumbnail","hentry","category-alimentaire","category-parfumerie-cosmetique"],"acf":[],"yoast_head":"<!-- This site is optimized with the Yoast SEO plugin v24.4 - https:\/\/yoast.com\/wordpress\/plugins\/seo\/ -->\n<title>Lancement de la 8\u00e8me \u00e9dition du salon Cosmetic 360 (publi-communiqu\u00e9) - Emballage Digest<\/title>\n<meta name=\"robots\" content=\"index, follow, max-snippet:-1, max-image-preview:large, max-video-preview:-1\" \/>\n<link rel=\"canonical\" href=\"https:\/\/www.emballagedigest.fr\/en\/lancement-de-la-8eme-edition-du-salon-cosmetic-360-publi-communique\/\" \/>\n<meta property=\"og:locale\" content=\"en_GB\" \/>\n<meta property=\"og:type\" content=\"article\" \/>\n<meta property=\"og:title\" content=\"Lancement de la 8\u00e8me \u00e9dition du salon Cosmetic 360 (publi-communiqu\u00e9) - Emballage Digest\" \/>\n<meta property=\"og:description\" content=\"LE rendez-vous mondial de l\u2019innovation pour la fili\u00e8re parfumerie- cosm\u00e9tique reviendra les 12 et 13 octobre 2022, et r\u00e9unira les plus grands acteurs de l\u2019innovation. Un \u00e9v\u00e9nement r\u00e9alis\u00e9 au format hybride.\" \/>\n<meta property=\"og:url\" content=\"https:\/\/www.emballagedigest.fr\/en\/lancement-de-la-8eme-edition-du-salon-cosmetic-360-publi-communique\/\" \/>\n<meta property=\"og:site_name\" content=\"Emballage Digest\" \/>\n<meta property=\"article:published_time\" content=\"2022-07-04T06:15:00+00:00\" \/>\n<meta property=\"article:modified_time\" content=\"2022-07-04T07:18:48+00:00\" \/>\n<meta name=\"author\" content=\"admin_thopel\" \/>\n<meta name=\"twitter:card\" content=\"summary_large_image\" \/>\n<meta name=\"twitter:label1\" content=\"Written by\" \/>\n\t<meta name=\"twitter:data1\" content=\"admin_thopel\" \/>\n\t<meta name=\"twitter:label2\" content=\"Estimated reading time\" \/>\n\t<meta name=\"twitter:data2\" content=\"3 minutes\" \/>\n<script type=\"application\/ld+json\" class=\"yoast-schema-graph\">{\"@context\":\"https:\/\/schema.org\",\"@graph\":[{\"@type\":\"Article\",\"@id\":\"https:\/\/www.emballagedigest.fr\/lancement-de-la-8eme-edition-du-salon-cosmetic-360-publi-communique\/#article\",\"isPartOf\":{\"@id\":\"https:\/\/www.emballagedigest.fr\/lancement-de-la-8eme-edition-du-salon-cosmetic-360-publi-communique\/\"},\"author\":{\"name\":\"admin_thopel\",\"@id\":\"https:\/\/www.emballagedigest.fr\/#\/schema\/person\/d01fbac1f378e2f5e4096082cdf68ae5\"},\"headline\":\"Lancement de la 8\u00e8me \u00e9dition du salon Cosmetic 360 (publi-communiqu\u00e9)\",\"datePublished\":\"2022-07-04T06:15:00+00:00\",\"dateModified\":\"2022-07-04T07:18:48+00:00\",\"mainEntityOfPage\":{\"@id\":\"https:\/\/www.emballagedigest.fr\/lancement-de-la-8eme-edition-du-salon-cosmetic-360-publi-communique\/\"},\"wordCount\":680,\"publisher\":{\"@id\":\"https:\/\/www.emballagedigest.fr\/#organization\"},\"image\":{\"@id\":\"https:\/\/www.emballagedigest.fr\/lancement-de-la-8eme-edition-du-salon-cosmetic-360-publi-communique\/#primaryimage\"},\"thumbnailUrl\":\"https:\/\/www.emballagedigest.fr\/wp-content\/uploads\/dotclear\/images\/2022\/BONUS\/juin\/cosmetic_article1.jpg\",\"articleSection\":[\"Alimentaire\",\"Parfumerie &amp; Cosm\u00e9tique\"],\"inLanguage\":\"en-GB\"},{\"@type\":\"WebPage\",\"@id\":\"https:\/\/www.emballagedigest.fr\/lancement-de-la-8eme-edition-du-salon-cosmetic-360-publi-communique\/\",\"url\":\"https:\/\/www.emballagedigest.fr\/lancement-de-la-8eme-edition-du-salon-cosmetic-360-publi-communique\/\",\"name\":\"Lancement de la 8\u00e8me \u00e9dition du salon Cosmetic 360 (publi-communiqu\u00e9) - Emballage Digest\",\"isPartOf\":{\"@id\":\"https:\/\/www.emballagedigest.fr\/#website\"},\"primaryImageOfPage\":{\"@id\":\"https:\/\/www.emballagedigest.fr\/lancement-de-la-8eme-edition-du-salon-cosmetic-360-publi-communique\/#primaryimage\"},\"image\":{\"@id\":\"https:\/\/www.emballagedigest.fr\/lancement-de-la-8eme-edition-du-salon-cosmetic-360-publi-communique\/#primaryimage\"},\"thumbnailUrl\":\"https:\/\/www.emballagedigest.fr\/wp-content\/uploads\/dotclear\/images\/2022\/BONUS\/juin\/cosmetic_article1.jpg\",\"datePublished\":\"2022-07-04T06:15:00+00:00\",\"dateModified\":\"2022-07-04T07:18:48+00:00\",\"breadcrumb\":{\"@id\":\"https:\/\/www.emballagedigest.fr\/lancement-de-la-8eme-edition-du-salon-cosmetic-360-publi-communique\/#breadcrumb\"},\"inLanguage\":\"en-GB\",\"potentialAction\":[{\"@type\":\"ReadAction\",\"target\":[\"https:\/\/www.emballagedigest.fr\/lancement-de-la-8eme-edition-du-salon-cosmetic-360-publi-communique\/\"]}]},{\"@type\":\"ImageObject\",\"inLanguage\":\"en-GB\",\"@id\":\"https:\/\/www.emballagedigest.fr\/lancement-de-la-8eme-edition-du-salon-cosmetic-360-publi-communique\/#primaryimage\",\"url\":\"https:\/\/www.emballagedigest.fr\/wp-content\/uploads\/dotclear\/images\/2022\/BONUS\/juin\/cosmetic_article1.jpg\",\"contentUrl\":\"https:\/\/www.emballagedigest.fr\/wp-content\/uploads\/dotclear\/images\/2022\/BONUS\/juin\/cosmetic_article1.jpg\"},{\"@type\":\"BreadcrumbList\",\"@id\":\"https:\/\/www.emballagedigest.fr\/lancement-de-la-8eme-edition-du-salon-cosmetic-360-publi-communique\/#breadcrumb\",\"itemListElement\":[{\"@type\":\"ListItem\",\"position\":1,\"name\":\"Accueil\",\"item\":\"https:\/\/www.emballagedigest.fr\/\"},{\"@type\":\"ListItem\",\"position\":2,\"name\":\"Lancement de la 8\u00e8me \u00e9dition du salon Cosmetic 360 (publi-communiqu\u00e9)\"}]},{\"@type\":\"WebSite\",\"@id\":\"https:\/\/www.emballagedigest.fr\/#website\",\"url\":\"https:\/\/www.emballagedigest.fr\/\",\"name\":\"Emballage Digest\",\"description\":\"Revue professionnelle sur les emballages\",\"publisher\":{\"@id\":\"https:\/\/www.emballagedigest.fr\/#organization\"},\"potentialAction\":[{\"@type\":\"SearchAction\",\"target\":{\"@type\":\"EntryPoint\",\"urlTemplate\":\"https:\/\/www.emballagedigest.fr\/?s={search_term_string}\"},\"query-input\":{\"@type\":\"PropertyValueSpecification\",\"valueRequired\":true,\"valueName\":\"search_term_string\"}}],\"inLanguage\":\"en-GB\"},{\"@type\":\"Organization\",\"@id\":\"https:\/\/www.emballagedigest.fr\/#organization\",\"name\":\"Emballage Digest\",\"url\":\"https:\/\/www.emballagedigest.fr\/\",\"logo\":{\"@type\":\"ImageObject\",\"inLanguage\":\"en-GB\",\"@id\":\"https:\/\/www.emballagedigest.fr\/#\/schema\/logo\/image\/\",\"url\":\"https:\/\/www.emballagedigest.fr\/wp-content\/uploads\/2022\/07\/logo-ed.png\",\"contentUrl\":\"https:\/\/www.emballagedigest.fr\/wp-content\/uploads\/2022\/07\/logo-ed.png\",\"width\":379,\"height\":75,\"caption\":\"Emballage Digest\"},\"image\":{\"@id\":\"https:\/\/www.emballagedigest.fr\/#\/schema\/logo\/image\/\"}},{\"@type\":\"Person\",\"@id\":\"https:\/\/www.emballagedigest.fr\/#\/schema\/person\/d01fbac1f378e2f5e4096082cdf68ae5\",\"name\":\"admin_thopel\",\"image\":{\"@type\":\"ImageObject\",\"inLanguage\":\"en-GB\",\"@id\":\"https:\/\/www.emballagedigest.fr\/#\/schema\/person\/image\/\",\"url\":\"https:\/\/secure.gravatar.com\/avatar\/6cf644f6475359b596b81b10a64f989df38f1238649f7e33f97f69519e42dfbf?s=96&d=mm&r=g\",\"contentUrl\":\"https:\/\/secure.gravatar.com\/avatar\/6cf644f6475359b596b81b10a64f989df38f1238649f7e33f97f69519e42dfbf?s=96&d=mm&r=g\",\"caption\":\"admin_thopel\"},\"sameAs\":[\"http:\/\/localhost:8787\/emballage_digest\"],\"url\":\"https:\/\/www.emballagedigest.fr\/en\/author\/admin_thopel\/\"}]}<\/script>\n<!-- \/ Yoast SEO plugin. -->","yoast_head_json":{"title":"Lancement de la 8\u00e8me \u00e9dition du salon Cosmetic 360 (publi-communiqu\u00e9) - Emballage Digest","robots":{"index":"index","follow":"follow","max-snippet":"max-snippet:-1","max-image-preview":"max-image-preview:large","max-video-preview":"max-video-preview:-1"},"canonical":"https:\/\/www.emballagedigest.fr\/en\/lancement-de-la-8eme-edition-du-salon-cosmetic-360-publi-communique\/","og_locale":"en_GB","og_type":"article","og_title":"Lancement de la 8\u00e8me \u00e9dition du salon Cosmetic 360 (publi-communiqu\u00e9) - Emballage Digest","og_description":"LE rendez-vous mondial de l\u2019innovation pour la fili\u00e8re parfumerie- cosm\u00e9tique reviendra les 12 et 13 octobre 2022, et r\u00e9unira les plus grands acteurs de l\u2019innovation. Un \u00e9v\u00e9nement r\u00e9alis\u00e9 au format hybride.","og_url":"https:\/\/www.emballagedigest.fr\/en\/lancement-de-la-8eme-edition-du-salon-cosmetic-360-publi-communique\/","og_site_name":"Emballage Digest","article_published_time":"2022-07-04T06:15:00+00:00","article_modified_time":"2022-07-04T07:18:48+00:00","author":"admin_thopel","twitter_card":"summary_large_image","twitter_misc":{"Written by":"admin_thopel","Estimated reading time":"3 minutes"},"schema":{"@context":"https:\/\/schema.org","@graph":[{"@type":"Article","@id":"https:\/\/www.emballagedigest.fr\/lancement-de-la-8eme-edition-du-salon-cosmetic-360-publi-communique\/#article","isPartOf":{"@id":"https:\/\/www.emballagedigest.fr\/lancement-de-la-8eme-edition-du-salon-cosmetic-360-publi-communique\/"},"author":{"name":"admin_thopel","@id":"https:\/\/www.emballagedigest.fr\/#\/schema\/person\/d01fbac1f378e2f5e4096082cdf68ae5"},"headline":"Lancement de la 8\u00e8me \u00e9dition du salon Cosmetic 360 (publi-communiqu\u00e9)","datePublished":"2022-07-04T06:15:00+00:00","dateModified":"2022-07-04T07:18:48+00:00","mainEntityOfPage":{"@id":"https:\/\/www.emballagedigest.fr\/lancement-de-la-8eme-edition-du-salon-cosmetic-360-publi-communique\/"},"wordCount":680,"publisher":{"@id":"https:\/\/www.emballagedigest.fr\/#organization"},"image":{"@id":"https:\/\/www.emballagedigest.fr\/lancement-de-la-8eme-edition-du-salon-cosmetic-360-publi-communique\/#primaryimage"},"thumbnailUrl":"https:\/\/www.emballagedigest.fr\/wp-content\/uploads\/dotclear\/images\/2022\/BONUS\/juin\/cosmetic_article1.jpg","articleSection":["Alimentaire","Parfumerie &amp; Cosm\u00e9tique"],"inLanguage":"en-GB"},{"@type":"WebPage","@id":"https:\/\/www.emballagedigest.fr\/lancement-de-la-8eme-edition-du-salon-cosmetic-360-publi-communique\/","url":"https:\/\/www.emballagedigest.fr\/lancement-de-la-8eme-edition-du-salon-cosmetic-360-publi-communique\/","name":"Lancement de la 8\u00e8me \u00e9dition du salon Cosmetic 360 (publi-communiqu\u00e9) - Emballage Digest","isPartOf":{"@id":"https:\/\/www.emballagedigest.fr\/#website"},"primaryImageOfPage":{"@id":"https:\/\/www.emballagedigest.fr\/lancement-de-la-8eme-edition-du-salon-cosmetic-360-publi-communique\/#primaryimage"},"image":{"@id":"https:\/\/www.emballagedigest.fr\/lancement-de-la-8eme-edition-du-salon-cosmetic-360-publi-communique\/#primaryimage"},"thumbnailUrl":"https:\/\/www.emballagedigest.fr\/wp-content\/uploads\/dotclear\/images\/2022\/BONUS\/juin\/cosmetic_article1.jpg","datePublished":"2022-07-04T06:15:00+00:00","dateModified":"2022-07-04T07:18:48+00:00","breadcrumb":{"@id":"https:\/\/www.emballagedigest.fr\/lancement-de-la-8eme-edition-du-salon-cosmetic-360-publi-communique\/#breadcrumb"},"inLanguage":"en-GB","potentialAction":[{"@type":"ReadAction","target":["https:\/\/www.emballagedigest.fr\/lancement-de-la-8eme-edition-du-salon-cosmetic-360-publi-communique\/"]}]},{"@type":"ImageObject","inLanguage":"en-GB","@id":"https:\/\/www.emballagedigest.fr\/lancement-de-la-8eme-edition-du-salon-cosmetic-360-publi-communique\/#primaryimage","url":"https:\/\/www.emballagedigest.fr\/wp-content\/uploads\/dotclear\/images\/2022\/BONUS\/juin\/cosmetic_article1.jpg","contentUrl":"https:\/\/www.emballagedigest.fr\/wp-content\/uploads\/dotclear\/images\/2022\/BONUS\/juin\/cosmetic_article1.jpg"},{"@type":"BreadcrumbList","@id":"https:\/\/www.emballagedigest.fr\/lancement-de-la-8eme-edition-du-salon-cosmetic-360-publi-communique\/#breadcrumb","itemListElement":[{"@type":"ListItem","position":1,"name":"Accueil","item":"https:\/\/www.emballagedigest.fr\/"},{"@type":"ListItem","position":2,"name":"Lancement de la 8\u00e8me \u00e9dition du salon Cosmetic 360 (publi-communiqu\u00e9)"}]},{"@type":"WebSite","@id":"https:\/\/www.emballagedigest.fr\/#website","url":"https:\/\/www.emballagedigest.fr\/","name":"Emballage Digest","description":"Revue professionnelle sur les emballages","publisher":{"@id":"https:\/\/www.emballagedigest.fr\/#organization"},"potentialAction":[{"@type":"SearchAction","target":{"@type":"EntryPoint","urlTemplate":"https:\/\/www.emballagedigest.fr\/?s={search_term_string}"},"query-input":{"@type":"PropertyValueSpecification","valueRequired":true,"valueName":"search_term_string"}}],"inLanguage":"en-GB"},{"@type":"Organization","@id":"https:\/\/www.emballagedigest.fr\/#organization","name":"Emballage Digest","url":"https:\/\/www.emballagedigest.fr\/","logo":{"@type":"ImageObject","inLanguage":"en-GB","@id":"https:\/\/www.emballagedigest.fr\/#\/schema\/logo\/image\/","url":"https:\/\/www.emballagedigest.fr\/wp-content\/uploads\/2022\/07\/logo-ed.png","contentUrl":"https:\/\/www.emballagedigest.fr\/wp-content\/uploads\/2022\/07\/logo-ed.png","width":379,"height":75,"caption":"Emballage Digest"},"image":{"@id":"https:\/\/www.emballagedigest.fr\/#\/schema\/logo\/image\/"}},{"@type":"Person","@id":"https:\/\/www.emballagedigest.fr\/#\/schema\/person\/d01fbac1f378e2f5e4096082cdf68ae5","name":"admin_thopel","image":{"@type":"ImageObject","inLanguage":"en-GB","@id":"https:\/\/www.emballagedigest.fr\/#\/schema\/person\/image\/","url":"https:\/\/secure.gravatar.com\/avatar\/6cf644f6475359b596b81b10a64f989df38f1238649f7e33f97f69519e42dfbf?s=96&d=mm&r=g","contentUrl":"https:\/\/secure.gravatar.com\/avatar\/6cf644f6475359b596b81b10a64f989df38f1238649f7e33f97f69519e42dfbf?s=96&d=mm&r=g","caption":"admin_thopel"},"sameAs":["http:\/\/localhost:8787\/emballage_digest"],"url":"https:\/\/www.emballagedigest.fr\/en\/author\/admin_thopel\/"}]}},"_links":{"self":[{"href":"https:\/\/www.emballagedigest.fr\/en\/wp-json\/wp\/v2\/posts\/24039","targetHints":{"allow":["GET"]}}],"collection":[{"href":"https:\/\/www.emballagedigest.fr\/en\/wp-json\/wp\/v2\/posts"}],"about":[{"href":"https:\/\/www.emballagedigest.fr\/en\/wp-json\/wp\/v2\/types\/post"}],"author":[{"embeddable":true,"href":"https:\/\/www.emballagedigest.fr\/en\/wp-json\/wp\/v2\/users\/1"}],"replies":[{"embeddable":true,"href":"https:\/\/www.emballagedigest.fr\/en\/wp-json\/wp\/v2\/comments?post=24039"}],"version-history":[{"count":0,"href":"https:\/\/www.emballagedigest.fr\/en\/wp-json\/wp\/v2\/posts\/24039\/revisions"}],"wp:featuredmedia":[{"embeddable":true,"href":"https:\/\/www.emballagedigest.fr\/en\/wp-json\/wp\/v2\/media\/34039"}],"wp:attachment":[{"href":"https:\/\/www.emballagedigest.fr\/en\/wp-json\/wp\/v2\/media?parent=24039"}],"wp:term":[{"taxonomy":"category","embeddable":true,"href":"https:\/\/www.emballagedigest.fr\/en\/wp-json\/wp\/v2\/categories?post=24039"},{"taxonomy":"post_tag","embeddable":true,"href":"https:\/\/www.emballagedigest.fr\/en\/wp-json\/wp\/v2\/tags?post=24039"}],"curies":[{"name":"wp","href":"https:\/\/api.w.org\/{rel}","templated":true}]}}