{"id":24040,"date":"2022-07-04T06:10:00","date_gmt":"2022-07-04T06:10:00","guid":{"rendered":"https:\/\/www.emballagedigest.fr\/?p=24040"},"modified":"2022-07-04T07:19:42","modified_gmt":"2022-07-04T07:19:42","slug":"le-bois-une-ressource-d-avenir-pour-l-emballage-publi-communique","status":"publish","type":"post","link":"https:\/\/www.emballagedigest.fr\/en\/le-bois-une-ressource-d-avenir-pour-l-emballage-publi-communique\/","title":{"rendered":"Le bois : une ressource d\u2019avenir pour l\u2019emballage (publi-communiqu\u00e9)"},"content":{"rendered":"<p>Pour Fran\u00e7ois de Vivi\u00e9s, co-Pr\u00e9sident du SIEL (Syndicat national des industries de l\u2019emballage l\u00e9ger en bois) \u00abL\u2019emballage l\u00e9ger* est LA r\u00e9ponse de poids aux nouveaux d\u00e9fis de l\u2019industrie agroalimentaire\u00bb&nbsp;; quant \u00e0 la palette, r\u00e9parable, recyclable, reconditionnable, elle est du point de vue de Jean-Philippe Gaussorgues, Pr\u00e9sident de la commission Palettes SYPAL\/FNB (F\u00e9d\u00e9ration Nationale du Bois) \u00ab\u2026le support de manutention incontournable pour une logistique fran\u00e7aise performante et durable\u00bb.<\/p>\n<p>Cot\u00e9 Emballage industriel \u00ab&nbsp;Les caisses industrielles sont les emballages de pointe dont l\u2019industrie a besoin pour une logistique plus verte\u00bb affirme Nicolas Derouault, Pr\u00e9sident du SEILA (Syndicat de l\u2019emballage industriel et de la logistique associ\u00e9e). <br \/>\nLe point commun \u00e0 tous ces emballages&nbsp;? Le bois&nbsp;! Noble et vertueux, il a plus que jamais le vent en poupe, favoris\u00e9 notamment par la n\u00e9cessit\u00e9 de trouver une alternative au plastique.<\/p>\n<p><strong>Une fili\u00e8re fran\u00e7aise engag\u00e9e dans la gestion durable de la mati\u00e8re et de la ressource<\/strong><br \/>\n<img decoding=\"async\" src=\"https:\/\/www.emballagedigest.fr\/dotclear\/images\/2022\/BONUS\/juin\/peb_article2.jpg\" alt=\"Texte Alternatif\" style=\"float:right; margin: 0 0 1em 1em;\" \/>Dynamique, engag\u00e9e et citoyenne, la fili\u00e8re de l\u2019emballage bois (860 entreprises et 17400 emplois directs) p\u00e8se aujourd\u2019hui 1,5 milliard d\u2019euros. Un chiffre qui ne cesse d\u2019ailleurs de cro\u00eetre tout comme la demande d\u2019emballages en bois. Les mati\u00e8res premi\u00e8res utilis\u00e9es sont issues pour plus de 70% des for\u00eats fran\u00e7aises, les industries \u00e9tant localis\u00e9es au c\u0153ur des massifs forestiers fran\u00e7ais. Les industriels ne sont en effet jamais bien loin des exploitations dont sont issues les mati\u00e8res qu\u2019ils utilisent. Afin d\u2019assurer la p\u00e9rennit\u00e9 de cet approvisionnement, les professionnels de la fili\u00e8re emballage bois sont pleinement engag\u00e9s dans le renouvellement de la ressource et dans la promotion d\u2019une exploitation foresti\u00e8re durable. Plusieurs programmes de replantation ont donc \u00e9t\u00e9 d\u00e9ploy\u00e9s. La charte \u00ab\u00a0merci le Peuplier\u00a0\u00bb, par exemple, n\u00e9e d&rsquo;une initiative de la fili\u00e8re peuplier des Pays de la Loire et dont l&rsquo;objectif est de favoriser le reboisement et de d\u00e9velopper l&rsquo;usage du bois certifi\u00e9 PEFC. La n\u00e9cessit\u00e9 de p\u00e9renniser et de d\u00e9velopper la ressource bois en France est \u00e9galement un objectif prioritaire pour l\u2019Etat qui a valid\u00e9 un plan de soutien \u00e0 hauteur de 100 millions d\u2019euros d\u2019ici 2030 pour accompagner les industriels de cette fili\u00e8re d\u2019avenir. Contrairement aux id\u00e9es re\u00e7ues la for\u00eat fran\u00e7aise ne cesse donc de se d\u00e9velopper. Elle est pass\u00e9e de 8,5 millions d\u2019hectares en 1850 \u00e0 16,8 millions d\u2019hectares en 2019 couvrant actuellement 31% de la surface du territoire Et chaque ann\u00e9e, la surface foresti\u00e8re progresse de 85 000 hectares.<br \/>\nL\u2019emballage bois, gr\u00e2ce \u00e0 la diversit\u00e9 des produits qu\u2019il propose, permet de valoriser une grande variabilit\u00e9 de qualit\u00e9s de bois, et donc participe activement \u00e0 l\u2019entretien des for\u00eats.  Chaque ann\u00e9e, pr\u00e8s de 1,8 millions de m3 de bois sont consomm\u00e9s pour la fabrication d\u2019emballages, ce qui repr\u00e9sente 16% de la production nationale de bois d\u2019\u0153uvre (bois sci\u00e9). <\/p>\n<p><img decoding=\"async\" src=\"https:\/\/www.emballagedigest.fr\/dotclear\/images\/2022\/BONUS\/juin\/peb_article3.jpg\" alt=\"Texte Alternatif\" style=\"float:left; margin: 0 1em 1em 0;\" \/><\/p>\n<p><strong>Un r\u00f4le majeur dans la lutte contre le r\u00e9chauffement climatique<\/strong><br \/>\nPlus la for\u00eat est jeune et entretenue plus elle capte de carbone et lib\u00e8re d\u2019oxyg\u00e8ne. La r\u00e9colte des arbres arriv\u00e9s \u00e0 maturit\u00e9 et la replantation de jeunes arbres permet d\u2019augmenter le CO2 pi\u00e9g\u00e9 dans le bois et de diminuer sa quantit\u00e9 dans l\u2019atmosph\u00e8re. Assurer l\u2019entretien des for\u00eats, c\u2019est \u0153uvrer pour l\u2019avenir et les g\u00e9n\u00e9rations futures. Une for\u00eat bien g\u00e9r\u00e9e joue un r\u00f4le cl\u00e9 pour l\u2019environnement. Plus de 300 millions de tonnes de CO2 \u00e9taient stock\u00e9s dans les produits bois en 2005, et notamment dans les emballages en bois, et ce chiffre augmente sans cesse avec le d\u00e9veloppement du mat\u00e9riau bois dans tous ses usages (construction, emballage, \u00e9nergie, \u2026).<br \/>\nEt plus la dur\u00e9e de vie de l\u2019emballage est longue, plus il stockera du CO2 \u00e0 long terme. Ainsi l\u2019allongement de la dur\u00e9e de vie des produits d\u2019emballage en bois, et leur recyclage mati\u00e8re permet de r\u00e9pondre \u00e0 l\u2019urgence climatique.<br \/>\nR\u00e9solument tourn\u00e9e vers l\u2019avenir, la fili\u00e8re \u00e9tudie \u00e9galement la possibilit\u00e9 de recourir \u00e0 d\u2019autres essences que celles les plus couramment utilis\u00e9es actuellement (peuplier, pin et sapin-\u00e9pic\u00e9a), en r\u00e9ponse \u00e0 la n\u00e9cessaire adaptation des essences foresti\u00e8res au changement climatique. <\/p>\n<p><em><strong>Le bois, une ressource d\u2019aujourd\u2019hui tourn\u00e9e vers demain !<\/strong><\/em><\/p>\n<p><em>* cagettes pour fruits et l\u00e9gumes, bo\u00eetes \u00e0 fromage, barquettes pour les m\u00e9tiers de bouche.<\/em><\/p>\n<p><strong><a href=\"http:\/\/www.pole-emballage-bois.com\/\">www.pole-emballage-bois.com<\/a><\/strong><\/p>\n<p><img decoding=\"async\" src=\"https:\/\/www.emballagedigest.fr\/dotclear\/images\/2022\/BONUS\/juin\/peb_logo.jpg\" alt=\"Texte Alternatif\" style=\"float:left; margin: 0 1em 1em 0;\" \/><\/p>","protected":false},"excerpt":{"rendered":"<p>Pour Fran\u00e7ois de Vivi\u00e9s, co-Pr\u00e9sident du SIEL (Syndicat national des industries de l\u2019emballage l\u00e9ger en bois) \u00abL\u2019emballage l\u00e9ger* est LA r\u00e9ponse de poids aux nouveaux d\u00e9fis de l\u2019industrie agroalimentaire\u00bb&nbsp;; quant \u00e0 la palette, r\u00e9parable, recyclable, reconditionnable, elle est du point de vue de Jean-Philippe Gaussorgues, Pr\u00e9sident de la commission Palettes SYPAL\/FNB (F\u00e9d\u00e9ration Nationale du Bois) \u00ab\u2026le support de manutention incontournable pour une logistique fran\u00e7aise performante et durable\u00bb.<\/p>","protected":false},"author":1,"featured_media":34040,"comment_status":"closed","ping_status":"closed","sticky":false,"template":"","format":"standard","meta":{"_acf_changed":false,"inline_featured_image":false,"iawp_total_views":0,"footnotes":""},"categories":[5,11],"tags":[],"class_list":["post-24040","post","type-post","status-publish","format-standard","has-post-thumbnail","hentry","category-alimentaire","category-emballages"],"acf":[],"yoast_head":"<!-- This site is optimized with the Yoast SEO plugin v24.4 - https:\/\/yoast.com\/wordpress\/plugins\/seo\/ -->\n<title>Le bois : une ressource d\u2019avenir pour l\u2019emballage (publi-communiqu\u00e9) - Emballage Digest<\/title>\n<meta name=\"robots\" content=\"index, follow, max-snippet:-1, max-image-preview:large, max-video-preview:-1\" \/>\n<link rel=\"canonical\" href=\"https:\/\/www.emballagedigest.fr\/en\/le-bois-une-ressource-d-avenir-pour-l-emballage-publi-communique\/\" \/>\n<meta property=\"og:locale\" content=\"en_GB\" \/>\n<meta property=\"og:type\" content=\"article\" \/>\n<meta property=\"og:title\" content=\"Le bois : une ressource d\u2019avenir pour l\u2019emballage (publi-communiqu\u00e9) - Emballage Digest\" \/>\n<meta property=\"og:description\" content=\"Pour Fran\u00e7ois de Vivi\u00e9s, co-Pr\u00e9sident du SIEL (Syndicat national des industries de l\u2019emballage l\u00e9ger en bois) \u00abL\u2019emballage l\u00e9ger* est LA r\u00e9ponse de poids aux nouveaux d\u00e9fis de l\u2019industrie agroalimentaire\u00bb&nbsp;; quant \u00e0 la palette, r\u00e9parable, recyclable, reconditionnable, elle est du point de vue de Jean-Philippe Gaussorgues, Pr\u00e9sident de la commission Palettes SYPAL\/FNB (F\u00e9d\u00e9ration Nationale du Bois) \u00ab\u2026le support de manutention incontournable pour une logistique fran\u00e7aise performante et durable\u00bb.\" \/>\n<meta property=\"og:url\" content=\"https:\/\/www.emballagedigest.fr\/en\/le-bois-une-ressource-d-avenir-pour-l-emballage-publi-communique\/\" \/>\n<meta property=\"og:site_name\" content=\"Emballage Digest\" \/>\n<meta property=\"article:published_time\" content=\"2022-07-04T06:10:00+00:00\" \/>\n<meta property=\"article:modified_time\" content=\"2022-07-04T07:19:42+00:00\" \/>\n<meta name=\"author\" content=\"admin_thopel\" \/>\n<meta name=\"twitter:card\" content=\"summary_large_image\" \/>\n<meta name=\"twitter:label1\" content=\"Written by\" \/>\n\t<meta name=\"twitter:data1\" content=\"admin_thopel\" \/>\n\t<meta name=\"twitter:label2\" content=\"Estimated reading time\" \/>\n\t<meta name=\"twitter:data2\" content=\"4 minutes\" \/>\n<script type=\"application\/ld+json\" class=\"yoast-schema-graph\">{\"@context\":\"https:\/\/schema.org\",\"@graph\":[{\"@type\":\"Article\",\"@id\":\"https:\/\/www.emballagedigest.fr\/le-bois-une-ressource-d-avenir-pour-l-emballage-publi-communique\/#article\",\"isPartOf\":{\"@id\":\"https:\/\/www.emballagedigest.fr\/le-bois-une-ressource-d-avenir-pour-l-emballage-publi-communique\/\"},\"author\":{\"name\":\"admin_thopel\",\"@id\":\"https:\/\/www.emballagedigest.fr\/#\/schema\/person\/d01fbac1f378e2f5e4096082cdf68ae5\"},\"headline\":\"Le bois : une ressource d\u2019avenir pour l\u2019emballage (publi-communiqu\u00e9)\",\"datePublished\":\"2022-07-04T06:10:00+00:00\",\"dateModified\":\"2022-07-04T07:19:42+00:00\",\"mainEntityOfPage\":{\"@id\":\"https:\/\/www.emballagedigest.fr\/le-bois-une-ressource-d-avenir-pour-l-emballage-publi-communique\/\"},\"wordCount\":789,\"publisher\":{\"@id\":\"https:\/\/www.emballagedigest.fr\/#organization\"},\"image\":{\"@id\":\"https:\/\/www.emballagedigest.fr\/le-bois-une-ressource-d-avenir-pour-l-emballage-publi-communique\/#primaryimage\"},\"thumbnailUrl\":\"https:\/\/www.emballagedigest.fr\/wp-content\/uploads\/dotclear\/images\/2022\/BONUS\/juin\/peb_article1.jpg\",\"articleSection\":[\"Alimentaire\",\"Emballages\"],\"inLanguage\":\"en-GB\"},{\"@type\":\"WebPage\",\"@id\":\"https:\/\/www.emballagedigest.fr\/le-bois-une-ressource-d-avenir-pour-l-emballage-publi-communique\/\",\"url\":\"https:\/\/www.emballagedigest.fr\/le-bois-une-ressource-d-avenir-pour-l-emballage-publi-communique\/\",\"name\":\"Le bois : une ressource d\u2019avenir pour l\u2019emballage (publi-communiqu\u00e9) - Emballage Digest\",\"isPartOf\":{\"@id\":\"https:\/\/www.emballagedigest.fr\/#website\"},\"primaryImageOfPage\":{\"@id\":\"https:\/\/www.emballagedigest.fr\/le-bois-une-ressource-d-avenir-pour-l-emballage-publi-communique\/#primaryimage\"},\"image\":{\"@id\":\"https:\/\/www.emballagedigest.fr\/le-bois-une-ressource-d-avenir-pour-l-emballage-publi-communique\/#primaryimage\"},\"thumbnailUrl\":\"https:\/\/www.emballagedigest.fr\/wp-content\/uploads\/dotclear\/images\/2022\/BONUS\/juin\/peb_article1.jpg\",\"datePublished\":\"2022-07-04T06:10:00+00:00\",\"dateModified\":\"2022-07-04T07:19:42+00:00\",\"breadcrumb\":{\"@id\":\"https:\/\/www.emballagedigest.fr\/le-bois-une-ressource-d-avenir-pour-l-emballage-publi-communique\/#breadcrumb\"},\"inLanguage\":\"en-GB\",\"potentialAction\":[{\"@type\":\"ReadAction\",\"target\":[\"https:\/\/www.emballagedigest.fr\/le-bois-une-ressource-d-avenir-pour-l-emballage-publi-communique\/\"]}]},{\"@type\":\"ImageObject\",\"inLanguage\":\"en-GB\",\"@id\":\"https:\/\/www.emballagedigest.fr\/le-bois-une-ressource-d-avenir-pour-l-emballage-publi-communique\/#primaryimage\",\"url\":\"https:\/\/www.emballagedigest.fr\/wp-content\/uploads\/dotclear\/images\/2022\/BONUS\/juin\/peb_article1.jpg\",\"contentUrl\":\"https:\/\/www.emballagedigest.fr\/wp-content\/uploads\/dotclear\/images\/2022\/BONUS\/juin\/peb_article1.jpg\"},{\"@type\":\"BreadcrumbList\",\"@id\":\"https:\/\/www.emballagedigest.fr\/le-bois-une-ressource-d-avenir-pour-l-emballage-publi-communique\/#breadcrumb\",\"itemListElement\":[{\"@type\":\"ListItem\",\"position\":1,\"name\":\"Accueil\",\"item\":\"https:\/\/www.emballagedigest.fr\/\"},{\"@type\":\"ListItem\",\"position\":2,\"name\":\"Le bois : une ressource d\u2019avenir pour l\u2019emballage (publi-communiqu\u00e9)\"}]},{\"@type\":\"WebSite\",\"@id\":\"https:\/\/www.emballagedigest.fr\/#website\",\"url\":\"https:\/\/www.emballagedigest.fr\/\",\"name\":\"Emballage Digest\",\"description\":\"Revue professionnelle sur les emballages\",\"publisher\":{\"@id\":\"https:\/\/www.emballagedigest.fr\/#organization\"},\"potentialAction\":[{\"@type\":\"SearchAction\",\"target\":{\"@type\":\"EntryPoint\",\"urlTemplate\":\"https:\/\/www.emballagedigest.fr\/?s={search_term_string}\"},\"query-input\":{\"@type\":\"PropertyValueSpecification\",\"valueRequired\":true,\"valueName\":\"search_term_string\"}}],\"inLanguage\":\"en-GB\"},{\"@type\":\"Organization\",\"@id\":\"https:\/\/www.emballagedigest.fr\/#organization\",\"name\":\"Emballage Digest\",\"url\":\"https:\/\/www.emballagedigest.fr\/\",\"logo\":{\"@type\":\"ImageObject\",\"inLanguage\":\"en-GB\",\"@id\":\"https:\/\/www.emballagedigest.fr\/#\/schema\/logo\/image\/\",\"url\":\"https:\/\/www.emballagedigest.fr\/wp-content\/uploads\/2022\/07\/logo-ed.png\",\"contentUrl\":\"https:\/\/www.emballagedigest.fr\/wp-content\/uploads\/2022\/07\/logo-ed.png\",\"width\":379,\"height\":75,\"caption\":\"Emballage Digest\"},\"image\":{\"@id\":\"https:\/\/www.emballagedigest.fr\/#\/schema\/logo\/image\/\"}},{\"@type\":\"Person\",\"@id\":\"https:\/\/www.emballagedigest.fr\/#\/schema\/person\/d01fbac1f378e2f5e4096082cdf68ae5\",\"name\":\"admin_thopel\",\"image\":{\"@type\":\"ImageObject\",\"inLanguage\":\"en-GB\",\"@id\":\"https:\/\/www.emballagedigest.fr\/#\/schema\/person\/image\/\",\"url\":\"https:\/\/secure.gravatar.com\/avatar\/6cf644f6475359b596b81b10a64f989df38f1238649f7e33f97f69519e42dfbf?s=96&d=mm&r=g\",\"contentUrl\":\"https:\/\/secure.gravatar.com\/avatar\/6cf644f6475359b596b81b10a64f989df38f1238649f7e33f97f69519e42dfbf?s=96&d=mm&r=g\",\"caption\":\"admin_thopel\"},\"sameAs\":[\"http:\/\/localhost:8787\/emballage_digest\"],\"url\":\"https:\/\/www.emballagedigest.fr\/en\/author\/admin_thopel\/\"}]}<\/script>\n<!-- \/ Yoast SEO plugin. -->","yoast_head_json":{"title":"Le bois : une ressource d\u2019avenir pour l\u2019emballage (publi-communiqu\u00e9) - Emballage Digest","robots":{"index":"index","follow":"follow","max-snippet":"max-snippet:-1","max-image-preview":"max-image-preview:large","max-video-preview":"max-video-preview:-1"},"canonical":"https:\/\/www.emballagedigest.fr\/en\/le-bois-une-ressource-d-avenir-pour-l-emballage-publi-communique\/","og_locale":"en_GB","og_type":"article","og_title":"Le bois : une ressource d\u2019avenir pour l\u2019emballage (publi-communiqu\u00e9) - Emballage Digest","og_description":"Pour Fran\u00e7ois de Vivi\u00e9s, co-Pr\u00e9sident du SIEL (Syndicat national des industries de l\u2019emballage l\u00e9ger en bois) \u00abL\u2019emballage l\u00e9ger* est LA r\u00e9ponse de poids aux nouveaux d\u00e9fis de l\u2019industrie agroalimentaire\u00bb&nbsp;; quant \u00e0 la palette, r\u00e9parable, recyclable, reconditionnable, elle est du point de vue de Jean-Philippe Gaussorgues, Pr\u00e9sident de la commission Palettes SYPAL\/FNB (F\u00e9d\u00e9ration Nationale du Bois) \u00ab\u2026le support de manutention incontournable pour une logistique fran\u00e7aise performante et durable\u00bb.","og_url":"https:\/\/www.emballagedigest.fr\/en\/le-bois-une-ressource-d-avenir-pour-l-emballage-publi-communique\/","og_site_name":"Emballage Digest","article_published_time":"2022-07-04T06:10:00+00:00","article_modified_time":"2022-07-04T07:19:42+00:00","author":"admin_thopel","twitter_card":"summary_large_image","twitter_misc":{"Written by":"admin_thopel","Estimated reading time":"4 minutes"},"schema":{"@context":"https:\/\/schema.org","@graph":[{"@type":"Article","@id":"https:\/\/www.emballagedigest.fr\/le-bois-une-ressource-d-avenir-pour-l-emballage-publi-communique\/#article","isPartOf":{"@id":"https:\/\/www.emballagedigest.fr\/le-bois-une-ressource-d-avenir-pour-l-emballage-publi-communique\/"},"author":{"name":"admin_thopel","@id":"https:\/\/www.emballagedigest.fr\/#\/schema\/person\/d01fbac1f378e2f5e4096082cdf68ae5"},"headline":"Le bois : une ressource d\u2019avenir pour l\u2019emballage (publi-communiqu\u00e9)","datePublished":"2022-07-04T06:10:00+00:00","dateModified":"2022-07-04T07:19:42+00:00","mainEntityOfPage":{"@id":"https:\/\/www.emballagedigest.fr\/le-bois-une-ressource-d-avenir-pour-l-emballage-publi-communique\/"},"wordCount":789,"publisher":{"@id":"https:\/\/www.emballagedigest.fr\/#organization"},"image":{"@id":"https:\/\/www.emballagedigest.fr\/le-bois-une-ressource-d-avenir-pour-l-emballage-publi-communique\/#primaryimage"},"thumbnailUrl":"https:\/\/www.emballagedigest.fr\/wp-content\/uploads\/dotclear\/images\/2022\/BONUS\/juin\/peb_article1.jpg","articleSection":["Alimentaire","Emballages"],"inLanguage":"en-GB"},{"@type":"WebPage","@id":"https:\/\/www.emballagedigest.fr\/le-bois-une-ressource-d-avenir-pour-l-emballage-publi-communique\/","url":"https:\/\/www.emballagedigest.fr\/le-bois-une-ressource-d-avenir-pour-l-emballage-publi-communique\/","name":"Le bois : une ressource d\u2019avenir pour l\u2019emballage (publi-communiqu\u00e9) - Emballage Digest","isPartOf":{"@id":"https:\/\/www.emballagedigest.fr\/#website"},"primaryImageOfPage":{"@id":"https:\/\/www.emballagedigest.fr\/le-bois-une-ressource-d-avenir-pour-l-emballage-publi-communique\/#primaryimage"},"image":{"@id":"https:\/\/www.emballagedigest.fr\/le-bois-une-ressource-d-avenir-pour-l-emballage-publi-communique\/#primaryimage"},"thumbnailUrl":"https:\/\/www.emballagedigest.fr\/wp-content\/uploads\/dotclear\/images\/2022\/BONUS\/juin\/peb_article1.jpg","datePublished":"2022-07-04T06:10:00+00:00","dateModified":"2022-07-04T07:19:42+00:00","breadcrumb":{"@id":"https:\/\/www.emballagedigest.fr\/le-bois-une-ressource-d-avenir-pour-l-emballage-publi-communique\/#breadcrumb"},"inLanguage":"en-GB","potentialAction":[{"@type":"ReadAction","target":["https:\/\/www.emballagedigest.fr\/le-bois-une-ressource-d-avenir-pour-l-emballage-publi-communique\/"]}]},{"@type":"ImageObject","inLanguage":"en-GB","@id":"https:\/\/www.emballagedigest.fr\/le-bois-une-ressource-d-avenir-pour-l-emballage-publi-communique\/#primaryimage","url":"https:\/\/www.emballagedigest.fr\/wp-content\/uploads\/dotclear\/images\/2022\/BONUS\/juin\/peb_article1.jpg","contentUrl":"https:\/\/www.emballagedigest.fr\/wp-content\/uploads\/dotclear\/images\/2022\/BONUS\/juin\/peb_article1.jpg"},{"@type":"BreadcrumbList","@id":"https:\/\/www.emballagedigest.fr\/le-bois-une-ressource-d-avenir-pour-l-emballage-publi-communique\/#breadcrumb","itemListElement":[{"@type":"ListItem","position":1,"name":"Accueil","item":"https:\/\/www.emballagedigest.fr\/"},{"@type":"ListItem","position":2,"name":"Le bois : une ressource d\u2019avenir pour l\u2019emballage (publi-communiqu\u00e9)"}]},{"@type":"WebSite","@id":"https:\/\/www.emballagedigest.fr\/#website","url":"https:\/\/www.emballagedigest.fr\/","name":"Emballage Digest","description":"Revue professionnelle sur les emballages","publisher":{"@id":"https:\/\/www.emballagedigest.fr\/#organization"},"potentialAction":[{"@type":"SearchAction","target":{"@type":"EntryPoint","urlTemplate":"https:\/\/www.emballagedigest.fr\/?s={search_term_string}"},"query-input":{"@type":"PropertyValueSpecification","valueRequired":true,"valueName":"search_term_string"}}],"inLanguage":"en-GB"},{"@type":"Organization","@id":"https:\/\/www.emballagedigest.fr\/#organization","name":"Emballage Digest","url":"https:\/\/www.emballagedigest.fr\/","logo":{"@type":"ImageObject","inLanguage":"en-GB","@id":"https:\/\/www.emballagedigest.fr\/#\/schema\/logo\/image\/","url":"https:\/\/www.emballagedigest.fr\/wp-content\/uploads\/2022\/07\/logo-ed.png","contentUrl":"https:\/\/www.emballagedigest.fr\/wp-content\/uploads\/2022\/07\/logo-ed.png","width":379,"height":75,"caption":"Emballage Digest"},"image":{"@id":"https:\/\/www.emballagedigest.fr\/#\/schema\/logo\/image\/"}},{"@type":"Person","@id":"https:\/\/www.emballagedigest.fr\/#\/schema\/person\/d01fbac1f378e2f5e4096082cdf68ae5","name":"admin_thopel","image":{"@type":"ImageObject","inLanguage":"en-GB","@id":"https:\/\/www.emballagedigest.fr\/#\/schema\/person\/image\/","url":"https:\/\/secure.gravatar.com\/avatar\/6cf644f6475359b596b81b10a64f989df38f1238649f7e33f97f69519e42dfbf?s=96&d=mm&r=g","contentUrl":"https:\/\/secure.gravatar.com\/avatar\/6cf644f6475359b596b81b10a64f989df38f1238649f7e33f97f69519e42dfbf?s=96&d=mm&r=g","caption":"admin_thopel"},"sameAs":["http:\/\/localhost:8787\/emballage_digest"],"url":"https:\/\/www.emballagedigest.fr\/en\/author\/admin_thopel\/"}]}},"_links":{"self":[{"href":"https:\/\/www.emballagedigest.fr\/en\/wp-json\/wp\/v2\/posts\/24040","targetHints":{"allow":["GET"]}}],"collection":[{"href":"https:\/\/www.emballagedigest.fr\/en\/wp-json\/wp\/v2\/posts"}],"about":[{"href":"https:\/\/www.emballagedigest.fr\/en\/wp-json\/wp\/v2\/types\/post"}],"author":[{"embeddable":true,"href":"https:\/\/www.emballagedigest.fr\/en\/wp-json\/wp\/v2\/users\/1"}],"replies":[{"embeddable":true,"href":"https:\/\/www.emballagedigest.fr\/en\/wp-json\/wp\/v2\/comments?post=24040"}],"version-history":[{"count":0,"href":"https:\/\/www.emballagedigest.fr\/en\/wp-json\/wp\/v2\/posts\/24040\/revisions"}],"wp:featuredmedia":[{"embeddable":true,"href":"https:\/\/www.emballagedigest.fr\/en\/wp-json\/wp\/v2\/media\/34040"}],"wp:attachment":[{"href":"https:\/\/www.emballagedigest.fr\/en\/wp-json\/wp\/v2\/media?parent=24040"}],"wp:term":[{"taxonomy":"category","embeddable":true,"href":"https:\/\/www.emballagedigest.fr\/en\/wp-json\/wp\/v2\/categories?post=24040"},{"taxonomy":"post_tag","embeddable":true,"href":"https:\/\/www.emballagedigest.fr\/en\/wp-json\/wp\/v2\/tags?post=24040"}],"curies":[{"name":"wp","href":"https:\/\/api.w.org\/{rel}","templated":true}]}}