{"id":24060,"date":"2022-05-31T00:00:00","date_gmt":"2022-05-31T00:00:00","guid":{"rendered":"https:\/\/www.emballagedigest.fr\/?p=24060"},"modified":"2022-06-14T08:49:22","modified_gmt":"2022-06-14T08:49:22","slug":"un-nouveau-president-pour-plastics-europe","status":"publish","type":"post","link":"https:\/\/www.emballagedigest.fr\/en\/un-nouveau-president-pour-plastics-europe\/","title":{"rendered":"Un nouveau pr\u00e9sident pour Plastics Europe"},"content":{"rendered":"<p>Plastics Europe, association des producteurs de mati\u00e8res plastiques en Europe, annonce la nomination de Marco ten Bruggencate, vice-pr\u00e9sident commercial Packaging et Plastiques de sp\u00e9cialit\u00e9 EMEA de Dow, en tant que pr\u00e9sident de l\u2019organisation.<\/p>\n<p>Il succ\u00e8de \u00e0 Markus Steilemann, pdg de Covestro. Marco ten Bruggencate a rejoint Dow en 2000 et a occup\u00e9 diff\u00e9rents postes en Europe et aux Etats-Unis. Avant d\u2019occuper son poste actuel, il \u00e9tait pr\u00e9c\u00e9demment directeur strat\u00e9gie monde Polyur\u00e9thanes, CAV &amp; Construction, directeur business monde Building &amp; Construction et directeur business monde Produits chimiques pour la construction. Marco ten Bruggencate est n\u00e9erlandais et bas\u00e9 \u00e0 Hogen, en Suisse. Impliqu\u00e9 dans les sujets d\u2019inclusion et de diversit\u00e9, il co-pr\u00e9side le Dow\u2019s Women\u2019s Inclusion Network et est le parrain, pour la Direction, du Disability Employee Network de l\u2019EMEAI. <\/p>\n<p><em>Extrait de la revue n\u00b0 668 &#8211; Mai 2022. Reproduction interdite sauf accord \u00e9crit d&rsquo;Emballage Digest ou mention du support<\/em><\/p>","protected":false},"excerpt":{"rendered":"<p>Plastics Europe, association des producteurs de mati\u00e8res plastiques en Europe, annonce la nomination de Marco ten Bruggencate, vice-pr\u00e9sident commercial Packaging et Plastiques de sp\u00e9cialit\u00e9 EMEA de Dow, en tant que pr\u00e9sident de l\u2019organisation.<\/p>","protected":false},"author":1,"featured_media":34060,"comment_status":"closed","ping_status":"closed","sticky":false,"template":"","format":"standard","meta":{"_acf_changed":false,"inline_featured_image":false,"iawp_total_views":0,"footnotes":""},"categories":[],"tags":[],"class_list":["post-24060","post","type-post","status-publish","format-standard","has-post-thumbnail","hentry"],"acf":[],"yoast_head":"<!-- This site is optimized with the Yoast SEO plugin v24.4 - https:\/\/yoast.com\/wordpress\/plugins\/seo\/ -->\n<title>Un nouveau pr\u00e9sident pour Plastics Europe - Emballage Digest<\/title>\n<meta name=\"robots\" content=\"index, follow, max-snippet:-1, max-image-preview:large, max-video-preview:-1\" \/>\n<link rel=\"canonical\" href=\"https:\/\/www.emballagedigest.fr\/en\/un-nouveau-president-pour-plastics-europe\/\" \/>\n<meta property=\"og:locale\" content=\"en_GB\" \/>\n<meta property=\"og:type\" content=\"article\" \/>\n<meta property=\"og:title\" content=\"Un nouveau pr\u00e9sident pour Plastics Europe - Emballage Digest\" \/>\n<meta property=\"og:description\" content=\"Plastics Europe, association des producteurs de mati\u00e8res plastiques en Europe, annonce la nomination de Marco ten Bruggencate, vice-pr\u00e9sident commercial Packaging et Plastiques de sp\u00e9cialit\u00e9 EMEA de Dow, en tant que pr\u00e9sident de l\u2019organisation.\" \/>\n<meta property=\"og:url\" content=\"https:\/\/www.emballagedigest.fr\/en\/un-nouveau-president-pour-plastics-europe\/\" \/>\n<meta property=\"og:site_name\" content=\"Emballage Digest\" \/>\n<meta property=\"article:published_time\" content=\"2022-05-31T00:00:00+00:00\" \/>\n<meta property=\"article:modified_time\" content=\"2022-06-14T08:49:22+00:00\" \/>\n<meta name=\"author\" content=\"admin_thopel\" \/>\n<meta name=\"twitter:card\" content=\"summary_large_image\" \/>\n<meta name=\"twitter:label1\" content=\"Written by\" \/>\n\t<meta name=\"twitter:data1\" content=\"admin_thopel\" \/>\n\t<meta name=\"twitter:label2\" content=\"Estimated reading time\" \/>\n\t<meta name=\"twitter:data2\" content=\"1 minute\" \/>\n<script type=\"application\/ld+json\" class=\"yoast-schema-graph\">{\"@context\":\"https:\/\/schema.org\",\"@graph\":[{\"@type\":\"Article\",\"@id\":\"https:\/\/www.emballagedigest.fr\/un-nouveau-president-pour-plastics-europe\/#article\",\"isPartOf\":{\"@id\":\"https:\/\/www.emballagedigest.fr\/un-nouveau-president-pour-plastics-europe\/\"},\"author\":{\"name\":\"admin_thopel\",\"@id\":\"https:\/\/www.emballagedigest.fr\/#\/schema\/person\/d01fbac1f378e2f5e4096082cdf68ae5\"},\"headline\":\"Un nouveau pr\u00e9sident pour Plastics Europe\",\"datePublished\":\"2022-05-31T00:00:00+00:00\",\"dateModified\":\"2022-06-14T08:49:22+00:00\",\"mainEntityOfPage\":{\"@id\":\"https:\/\/www.emballagedigest.fr\/un-nouveau-president-pour-plastics-europe\/\"},\"wordCount\":169,\"publisher\":{\"@id\":\"https:\/\/www.emballagedigest.fr\/#organization\"},\"image\":{\"@id\":\"https:\/\/www.emballagedigest.fr\/un-nouveau-president-pour-plastics-europe\/#primaryimage\"},\"thumbnailUrl\":\"https:\/\/www.emballagedigest.fr\/wp-content\/uploads\/dotclear\/images\/2022\/REVUE\/mai\/05_22_factupack7.jpg\",\"inLanguage\":\"en-GB\"},{\"@type\":\"WebPage\",\"@id\":\"https:\/\/www.emballagedigest.fr\/un-nouveau-president-pour-plastics-europe\/\",\"url\":\"https:\/\/www.emballagedigest.fr\/un-nouveau-president-pour-plastics-europe\/\",\"name\":\"Un nouveau pr\u00e9sident pour Plastics Europe - Emballage Digest\",\"isPartOf\":{\"@id\":\"https:\/\/www.emballagedigest.fr\/#website\"},\"primaryImageOfPage\":{\"@id\":\"https:\/\/www.emballagedigest.fr\/un-nouveau-president-pour-plastics-europe\/#primaryimage\"},\"image\":{\"@id\":\"https:\/\/www.emballagedigest.fr\/un-nouveau-president-pour-plastics-europe\/#primaryimage\"},\"thumbnailUrl\":\"https:\/\/www.emballagedigest.fr\/wp-content\/uploads\/dotclear\/images\/2022\/REVUE\/mai\/05_22_factupack7.jpg\",\"datePublished\":\"2022-05-31T00:00:00+00:00\",\"dateModified\":\"2022-06-14T08:49:22+00:00\",\"breadcrumb\":{\"@id\":\"https:\/\/www.emballagedigest.fr\/un-nouveau-president-pour-plastics-europe\/#breadcrumb\"},\"inLanguage\":\"en-GB\",\"potentialAction\":[{\"@type\":\"ReadAction\",\"target\":[\"https:\/\/www.emballagedigest.fr\/un-nouveau-president-pour-plastics-europe\/\"]}]},{\"@type\":\"ImageObject\",\"inLanguage\":\"en-GB\",\"@id\":\"https:\/\/www.emballagedigest.fr\/un-nouveau-president-pour-plastics-europe\/#primaryimage\",\"url\":\"https:\/\/www.emballagedigest.fr\/wp-content\/uploads\/dotclear\/images\/2022\/REVUE\/mai\/05_22_factupack7.jpg\",\"contentUrl\":\"https:\/\/www.emballagedigest.fr\/wp-content\/uploads\/dotclear\/images\/2022\/REVUE\/mai\/05_22_factupack7.jpg\"},{\"@type\":\"BreadcrumbList\",\"@id\":\"https:\/\/www.emballagedigest.fr\/un-nouveau-president-pour-plastics-europe\/#breadcrumb\",\"itemListElement\":[{\"@type\":\"ListItem\",\"position\":1,\"name\":\"Accueil\",\"item\":\"https:\/\/www.emballagedigest.fr\/\"},{\"@type\":\"ListItem\",\"position\":2,\"name\":\"Un nouveau pr\u00e9sident pour Plastics Europe\"}]},{\"@type\":\"WebSite\",\"@id\":\"https:\/\/www.emballagedigest.fr\/#website\",\"url\":\"https:\/\/www.emballagedigest.fr\/\",\"name\":\"Emballage Digest\",\"description\":\"Revue professionnelle sur les emballages\",\"publisher\":{\"@id\":\"https:\/\/www.emballagedigest.fr\/#organization\"},\"potentialAction\":[{\"@type\":\"SearchAction\",\"target\":{\"@type\":\"EntryPoint\",\"urlTemplate\":\"https:\/\/www.emballagedigest.fr\/?s={search_term_string}\"},\"query-input\":{\"@type\":\"PropertyValueSpecification\",\"valueRequired\":true,\"valueName\":\"search_term_string\"}}],\"inLanguage\":\"en-GB\"},{\"@type\":\"Organization\",\"@id\":\"https:\/\/www.emballagedigest.fr\/#organization\",\"name\":\"Emballage Digest\",\"url\":\"https:\/\/www.emballagedigest.fr\/\",\"logo\":{\"@type\":\"ImageObject\",\"inLanguage\":\"en-GB\",\"@id\":\"https:\/\/www.emballagedigest.fr\/#\/schema\/logo\/image\/\",\"url\":\"https:\/\/www.emballagedigest.fr\/wp-content\/uploads\/2022\/07\/logo-ed.png\",\"contentUrl\":\"https:\/\/www.emballagedigest.fr\/wp-content\/uploads\/2022\/07\/logo-ed.png\",\"width\":379,\"height\":75,\"caption\":\"Emballage Digest\"},\"image\":{\"@id\":\"https:\/\/www.emballagedigest.fr\/#\/schema\/logo\/image\/\"}},{\"@type\":\"Person\",\"@id\":\"https:\/\/www.emballagedigest.fr\/#\/schema\/person\/d01fbac1f378e2f5e4096082cdf68ae5\",\"name\":\"admin_thopel\",\"image\":{\"@type\":\"ImageObject\",\"inLanguage\":\"en-GB\",\"@id\":\"https:\/\/www.emballagedigest.fr\/#\/schema\/person\/image\/\",\"url\":\"https:\/\/secure.gravatar.com\/avatar\/6cf644f6475359b596b81b10a64f989df38f1238649f7e33f97f69519e42dfbf?s=96&d=mm&r=g\",\"contentUrl\":\"https:\/\/secure.gravatar.com\/avatar\/6cf644f6475359b596b81b10a64f989df38f1238649f7e33f97f69519e42dfbf?s=96&d=mm&r=g\",\"caption\":\"admin_thopel\"},\"sameAs\":[\"http:\/\/localhost:8787\/emballage_digest\"],\"url\":\"https:\/\/www.emballagedigest.fr\/en\/author\/admin_thopel\/\"}]}<\/script>\n<!-- \/ Yoast SEO plugin. -->","yoast_head_json":{"title":"Un nouveau pr\u00e9sident pour Plastics Europe - Emballage Digest","robots":{"index":"index","follow":"follow","max-snippet":"max-snippet:-1","max-image-preview":"max-image-preview:large","max-video-preview":"max-video-preview:-1"},"canonical":"https:\/\/www.emballagedigest.fr\/en\/un-nouveau-president-pour-plastics-europe\/","og_locale":"en_GB","og_type":"article","og_title":"Un nouveau pr\u00e9sident pour Plastics Europe - Emballage Digest","og_description":"Plastics Europe, association des producteurs de mati\u00e8res plastiques en Europe, annonce la nomination de Marco ten Bruggencate, vice-pr\u00e9sident commercial Packaging et Plastiques de sp\u00e9cialit\u00e9 EMEA de Dow, en tant que pr\u00e9sident de l\u2019organisation.","og_url":"https:\/\/www.emballagedigest.fr\/en\/un-nouveau-president-pour-plastics-europe\/","og_site_name":"Emballage Digest","article_published_time":"2022-05-31T00:00:00+00:00","article_modified_time":"2022-06-14T08:49:22+00:00","author":"admin_thopel","twitter_card":"summary_large_image","twitter_misc":{"Written by":"admin_thopel","Estimated reading time":"1 minute"},"schema":{"@context":"https:\/\/schema.org","@graph":[{"@type":"Article","@id":"https:\/\/www.emballagedigest.fr\/un-nouveau-president-pour-plastics-europe\/#article","isPartOf":{"@id":"https:\/\/www.emballagedigest.fr\/un-nouveau-president-pour-plastics-europe\/"},"author":{"name":"admin_thopel","@id":"https:\/\/www.emballagedigest.fr\/#\/schema\/person\/d01fbac1f378e2f5e4096082cdf68ae5"},"headline":"Un nouveau pr\u00e9sident pour Plastics Europe","datePublished":"2022-05-31T00:00:00+00:00","dateModified":"2022-06-14T08:49:22+00:00","mainEntityOfPage":{"@id":"https:\/\/www.emballagedigest.fr\/un-nouveau-president-pour-plastics-europe\/"},"wordCount":169,"publisher":{"@id":"https:\/\/www.emballagedigest.fr\/#organization"},"image":{"@id":"https:\/\/www.emballagedigest.fr\/un-nouveau-president-pour-plastics-europe\/#primaryimage"},"thumbnailUrl":"https:\/\/www.emballagedigest.fr\/wp-content\/uploads\/dotclear\/images\/2022\/REVUE\/mai\/05_22_factupack7.jpg","inLanguage":"en-GB"},{"@type":"WebPage","@id":"https:\/\/www.emballagedigest.fr\/un-nouveau-president-pour-plastics-europe\/","url":"https:\/\/www.emballagedigest.fr\/un-nouveau-president-pour-plastics-europe\/","name":"Un nouveau pr\u00e9sident pour Plastics Europe - Emballage Digest","isPartOf":{"@id":"https:\/\/www.emballagedigest.fr\/#website"},"primaryImageOfPage":{"@id":"https:\/\/www.emballagedigest.fr\/un-nouveau-president-pour-plastics-europe\/#primaryimage"},"image":{"@id":"https:\/\/www.emballagedigest.fr\/un-nouveau-president-pour-plastics-europe\/#primaryimage"},"thumbnailUrl":"https:\/\/www.emballagedigest.fr\/wp-content\/uploads\/dotclear\/images\/2022\/REVUE\/mai\/05_22_factupack7.jpg","datePublished":"2022-05-31T00:00:00+00:00","dateModified":"2022-06-14T08:49:22+00:00","breadcrumb":{"@id":"https:\/\/www.emballagedigest.fr\/un-nouveau-president-pour-plastics-europe\/#breadcrumb"},"inLanguage":"en-GB","potentialAction":[{"@type":"ReadAction","target":["https:\/\/www.emballagedigest.fr\/un-nouveau-president-pour-plastics-europe\/"]}]},{"@type":"ImageObject","inLanguage":"en-GB","@id":"https:\/\/www.emballagedigest.fr\/un-nouveau-president-pour-plastics-europe\/#primaryimage","url":"https:\/\/www.emballagedigest.fr\/wp-content\/uploads\/dotclear\/images\/2022\/REVUE\/mai\/05_22_factupack7.jpg","contentUrl":"https:\/\/www.emballagedigest.fr\/wp-content\/uploads\/dotclear\/images\/2022\/REVUE\/mai\/05_22_factupack7.jpg"},{"@type":"BreadcrumbList","@id":"https:\/\/www.emballagedigest.fr\/un-nouveau-president-pour-plastics-europe\/#breadcrumb","itemListElement":[{"@type":"ListItem","position":1,"name":"Accueil","item":"https:\/\/www.emballagedigest.fr\/"},{"@type":"ListItem","position":2,"name":"Un nouveau pr\u00e9sident pour Plastics Europe"}]},{"@type":"WebSite","@id":"https:\/\/www.emballagedigest.fr\/#website","url":"https:\/\/www.emballagedigest.fr\/","name":"Emballage Digest","description":"Revue professionnelle sur les emballages","publisher":{"@id":"https:\/\/www.emballagedigest.fr\/#organization"},"potentialAction":[{"@type":"SearchAction","target":{"@type":"EntryPoint","urlTemplate":"https:\/\/www.emballagedigest.fr\/?s={search_term_string}"},"query-input":{"@type":"PropertyValueSpecification","valueRequired":true,"valueName":"search_term_string"}}],"inLanguage":"en-GB"},{"@type":"Organization","@id":"https:\/\/www.emballagedigest.fr\/#organization","name":"Emballage Digest","url":"https:\/\/www.emballagedigest.fr\/","logo":{"@type":"ImageObject","inLanguage":"en-GB","@id":"https:\/\/www.emballagedigest.fr\/#\/schema\/logo\/image\/","url":"https:\/\/www.emballagedigest.fr\/wp-content\/uploads\/2022\/07\/logo-ed.png","contentUrl":"https:\/\/www.emballagedigest.fr\/wp-content\/uploads\/2022\/07\/logo-ed.png","width":379,"height":75,"caption":"Emballage Digest"},"image":{"@id":"https:\/\/www.emballagedigest.fr\/#\/schema\/logo\/image\/"}},{"@type":"Person","@id":"https:\/\/www.emballagedigest.fr\/#\/schema\/person\/d01fbac1f378e2f5e4096082cdf68ae5","name":"admin_thopel","image":{"@type":"ImageObject","inLanguage":"en-GB","@id":"https:\/\/www.emballagedigest.fr\/#\/schema\/person\/image\/","url":"https:\/\/secure.gravatar.com\/avatar\/6cf644f6475359b596b81b10a64f989df38f1238649f7e33f97f69519e42dfbf?s=96&d=mm&r=g","contentUrl":"https:\/\/secure.gravatar.com\/avatar\/6cf644f6475359b596b81b10a64f989df38f1238649f7e33f97f69519e42dfbf?s=96&d=mm&r=g","caption":"admin_thopel"},"sameAs":["http:\/\/localhost:8787\/emballage_digest"],"url":"https:\/\/www.emballagedigest.fr\/en\/author\/admin_thopel\/"}]}},"_links":{"self":[{"href":"https:\/\/www.emballagedigest.fr\/en\/wp-json\/wp\/v2\/posts\/24060","targetHints":{"allow":["GET"]}}],"collection":[{"href":"https:\/\/www.emballagedigest.fr\/en\/wp-json\/wp\/v2\/posts"}],"about":[{"href":"https:\/\/www.emballagedigest.fr\/en\/wp-json\/wp\/v2\/types\/post"}],"author":[{"embeddable":true,"href":"https:\/\/www.emballagedigest.fr\/en\/wp-json\/wp\/v2\/users\/1"}],"replies":[{"embeddable":true,"href":"https:\/\/www.emballagedigest.fr\/en\/wp-json\/wp\/v2\/comments?post=24060"}],"version-history":[{"count":0,"href":"https:\/\/www.emballagedigest.fr\/en\/wp-json\/wp\/v2\/posts\/24060\/revisions"}],"wp:featuredmedia":[{"embeddable":true,"href":"https:\/\/www.emballagedigest.fr\/en\/wp-json\/wp\/v2\/media\/34060"}],"wp:attachment":[{"href":"https:\/\/www.emballagedigest.fr\/en\/wp-json\/wp\/v2\/media?parent=24060"}],"wp:term":[{"taxonomy":"category","embeddable":true,"href":"https:\/\/www.emballagedigest.fr\/en\/wp-json\/wp\/v2\/categories?post=24060"},{"taxonomy":"post_tag","embeddable":true,"href":"https:\/\/www.emballagedigest.fr\/en\/wp-json\/wp\/v2\/tags?post=24060"}],"curies":[{"name":"wp","href":"https:\/\/api.w.org\/{rel}","templated":true}]}}