{"id":24111,"date":"2022-06-21T06:35:38","date_gmt":"2022-06-21T06:35:38","guid":{"rendered":"https:\/\/www.emballagedigest.fr\/?p=24111"},"modified":"2022-06-21T06:35:38","modified_gmt":"2022-06-21T06:35:38","slug":"tomra-inaugure-de-nouveaux-locaux-a-salon-de-provence","status":"publish","type":"post","link":"https:\/\/www.emballagedigest.fr\/en\/tomra-inaugure-de-nouveaux-locaux-a-salon-de-provence\/","title":{"rendered":"Tomra inaugure de nouveaux locaux \u00e0 Salon-de-Provence"},"content":{"rendered":"<p>Fabricant de machines de recyclage des papiers et des plastiques, Tomra Recycling France installe son si\u00e8ge dans de nouveaux locaux, en plein c\u0153ur de Salon-de-Provence. Etaient notamment pr\u00e9sents \u00e0 la c\u00e9r\u00e9monie d\u2019inauguration le maire de la commune, Nicolas Isnard et Fr\u00e9d\u00e9ric Durand, directeur g\u00e9n\u00e9ral de la filiale France, entour\u00e9 des coll\u00e8gues de la maison-m\u00e8re, ainsi que des invit\u00e9s, collaborateurs et partenaires.<\/p>\n<p>\u00abCes nouveaux bureaux au centre de Salon-de-Provence, o\u00f9 l\u2019entreprise a ses attaches depuis quelques ann\u00e9es d\u00e9j\u00e0, vont nous permettre d\u2019accueillir nos coll\u00e8gues et clients, dans des conditions agr\u00e9ables. C\u2019est un point de rattachement pour tous nos collaborateurs, nous sommes ravis de pouvoir inaugurer cette nouvelle \u00e9tape de la vie de l\u2019entreprise avec Monsieur le maire qui nous honore de sa pr\u00e9sence\u00bb, explique Fr\u00e9d\u00e9ric Durand.<\/p>\n<p><img decoding=\"async\" src=\"https:\/\/www.emballagedigest.fr\/dotclear\/images\/2022\/BONUS\/juin\/tomra_article2.jpg\" alt=\"Texte Alternatif\" style=\"float:left; margin: 0 1em 1em 0;\" \/><\/p>\n<p>Implant\u00e9e depuis 14 ans dans le Sud de la France, d\u2019abord \u00e0 Montpellier, puis depuis deux ans \u00e0 Salon-de-Provence, Tomra France est port\u00e9 par une activit\u00e9 dense dans le domaine du recyclage des plastiques, papiers, m\u00e9taux et bois, aupr\u00e8s d\u2019un portefeuille de clients reconnus, \u00e9tablissements publics et industriels de premier plan. La filiale emploie sur le territoire 25 personnes et fait travailler une dizaine de sous-traitants. Ses contrats annuels de services permettent d\u2019optimiser en continu les process des centres de tri pour les adapter \u00e0 un environnement \u00e9volutif. Son parc de machines install\u00e9 compte \u00e0 ce jour plus de 500 unit\u00e9s de tri en France.<\/p>\n<p>Pour rappel, sa maison m\u00e8re, le groupe Tomra, 4 600 personnes dans le monde, 1 milliard d\u2019euros de chiffre d\u2019affaires, f\u00eate cette ann\u00e9e ses 50 ans d\u2019existence.<\/p>\n<p><em>Reproduction interdite sauf accord \u00e9crit d&rsquo;Emballage Digest ou mention du support<\/em><\/p>","protected":false},"excerpt":{"rendered":"<p>Fabricant de machines de recyclage des papiers et des plastiques, Tomra Recycling France installe son si\u00e8ge dans de nouveaux locaux, en plein c\u0153ur de Salon-de-Provence. Etaient notamment pr\u00e9sents \u00e0 la c\u00e9r\u00e9monie d\u2019inauguration le maire de la commune, Nicolas Isnard et Fr\u00e9d\u00e9ric Durand, directeur g\u00e9n\u00e9ral de la filiale France, entour\u00e9 des coll\u00e8gues de la maison-m\u00e8re, ainsi que des invit\u00e9s, collaborateurs et partenaires.<\/p>","protected":false},"author":1,"featured_media":34111,"comment_status":"closed","ping_status":"closed","sticky":false,"template":"","format":"standard","meta":{"_acf_changed":false,"inline_featured_image":false,"iawp_total_views":1,"footnotes":""},"categories":[],"tags":[],"class_list":["post-24111","post","type-post","status-publish","format-standard","has-post-thumbnail","hentry"],"acf":[],"yoast_head":"<!-- This site is optimized with the Yoast SEO plugin v24.4 - https:\/\/yoast.com\/wordpress\/plugins\/seo\/ -->\n<title>Tomra inaugure de nouveaux locaux \u00e0 Salon-de-Provence - Emballage Digest<\/title>\n<meta name=\"robots\" content=\"index, follow, max-snippet:-1, max-image-preview:large, max-video-preview:-1\" \/>\n<link rel=\"canonical\" href=\"https:\/\/www.emballagedigest.fr\/en\/tomra-inaugure-de-nouveaux-locaux-a-salon-de-provence\/\" \/>\n<meta property=\"og:locale\" content=\"en_GB\" \/>\n<meta property=\"og:type\" content=\"article\" \/>\n<meta property=\"og:title\" content=\"Tomra inaugure de nouveaux locaux \u00e0 Salon-de-Provence - Emballage Digest\" \/>\n<meta property=\"og:description\" content=\"Fabricant de machines de recyclage des papiers et des plastiques, Tomra Recycling France installe son si\u00e8ge dans de nouveaux locaux, en plein c\u0153ur de Salon-de-Provence. Etaient notamment pr\u00e9sents \u00e0 la c\u00e9r\u00e9monie d\u2019inauguration le maire de la commune, Nicolas Isnard et Fr\u00e9d\u00e9ric Durand, directeur g\u00e9n\u00e9ral de la filiale France, entour\u00e9 des coll\u00e8gues de la maison-m\u00e8re, ainsi que des invit\u00e9s, collaborateurs et partenaires.\" \/>\n<meta property=\"og:url\" content=\"https:\/\/www.emballagedigest.fr\/en\/tomra-inaugure-de-nouveaux-locaux-a-salon-de-provence\/\" \/>\n<meta property=\"og:site_name\" content=\"Emballage Digest\" \/>\n<meta property=\"article:published_time\" content=\"2022-06-21T06:35:38+00:00\" \/>\n<meta name=\"author\" content=\"admin_thopel\" \/>\n<meta name=\"twitter:card\" content=\"summary_large_image\" \/>\n<meta name=\"twitter:label1\" content=\"Written by\" \/>\n\t<meta name=\"twitter:data1\" content=\"admin_thopel\" \/>\n\t<meta name=\"twitter:label2\" content=\"Estimated reading time\" \/>\n\t<meta name=\"twitter:data2\" content=\"1 minute\" \/>\n<script type=\"application\/ld+json\" class=\"yoast-schema-graph\">{\"@context\":\"https:\/\/schema.org\",\"@graph\":[{\"@type\":\"Article\",\"@id\":\"https:\/\/www.emballagedigest.fr\/tomra-inaugure-de-nouveaux-locaux-a-salon-de-provence\/#article\",\"isPartOf\":{\"@id\":\"https:\/\/www.emballagedigest.fr\/tomra-inaugure-de-nouveaux-locaux-a-salon-de-provence\/\"},\"author\":{\"name\":\"admin_thopel\",\"@id\":\"https:\/\/www.emballagedigest.fr\/#\/schema\/person\/d01fbac1f378e2f5e4096082cdf68ae5\"},\"headline\":\"Tomra inaugure de nouveaux locaux \u00e0 Salon-de-Provence\",\"datePublished\":\"2022-06-21T06:35:38+00:00\",\"mainEntityOfPage\":{\"@id\":\"https:\/\/www.emballagedigest.fr\/tomra-inaugure-de-nouveaux-locaux-a-salon-de-provence\/\"},\"wordCount\":300,\"publisher\":{\"@id\":\"https:\/\/www.emballagedigest.fr\/#organization\"},\"image\":{\"@id\":\"https:\/\/www.emballagedigest.fr\/tomra-inaugure-de-nouveaux-locaux-a-salon-de-provence\/#primaryimage\"},\"thumbnailUrl\":\"https:\/\/www.emballagedigest.fr\/wp-content\/uploads\/dotclear\/images\/2022\/BONUS\/juin\/tomra_article1.jpg\",\"inLanguage\":\"en-GB\"},{\"@type\":\"WebPage\",\"@id\":\"https:\/\/www.emballagedigest.fr\/tomra-inaugure-de-nouveaux-locaux-a-salon-de-provence\/\",\"url\":\"https:\/\/www.emballagedigest.fr\/tomra-inaugure-de-nouveaux-locaux-a-salon-de-provence\/\",\"name\":\"Tomra inaugure de nouveaux locaux \u00e0 Salon-de-Provence - Emballage Digest\",\"isPartOf\":{\"@id\":\"https:\/\/www.emballagedigest.fr\/#website\"},\"primaryImageOfPage\":{\"@id\":\"https:\/\/www.emballagedigest.fr\/tomra-inaugure-de-nouveaux-locaux-a-salon-de-provence\/#primaryimage\"},\"image\":{\"@id\":\"https:\/\/www.emballagedigest.fr\/tomra-inaugure-de-nouveaux-locaux-a-salon-de-provence\/#primaryimage\"},\"thumbnailUrl\":\"https:\/\/www.emballagedigest.fr\/wp-content\/uploads\/dotclear\/images\/2022\/BONUS\/juin\/tomra_article1.jpg\",\"datePublished\":\"2022-06-21T06:35:38+00:00\",\"breadcrumb\":{\"@id\":\"https:\/\/www.emballagedigest.fr\/tomra-inaugure-de-nouveaux-locaux-a-salon-de-provence\/#breadcrumb\"},\"inLanguage\":\"en-GB\",\"potentialAction\":[{\"@type\":\"ReadAction\",\"target\":[\"https:\/\/www.emballagedigest.fr\/tomra-inaugure-de-nouveaux-locaux-a-salon-de-provence\/\"]}]},{\"@type\":\"ImageObject\",\"inLanguage\":\"en-GB\",\"@id\":\"https:\/\/www.emballagedigest.fr\/tomra-inaugure-de-nouveaux-locaux-a-salon-de-provence\/#primaryimage\",\"url\":\"https:\/\/www.emballagedigest.fr\/wp-content\/uploads\/dotclear\/images\/2022\/BONUS\/juin\/tomra_article1.jpg\",\"contentUrl\":\"https:\/\/www.emballagedigest.fr\/wp-content\/uploads\/dotclear\/images\/2022\/BONUS\/juin\/tomra_article1.jpg\"},{\"@type\":\"BreadcrumbList\",\"@id\":\"https:\/\/www.emballagedigest.fr\/tomra-inaugure-de-nouveaux-locaux-a-salon-de-provence\/#breadcrumb\",\"itemListElement\":[{\"@type\":\"ListItem\",\"position\":1,\"name\":\"Accueil\",\"item\":\"https:\/\/www.emballagedigest.fr\/\"},{\"@type\":\"ListItem\",\"position\":2,\"name\":\"Tomra inaugure de nouveaux locaux \u00e0 Salon-de-Provence\"}]},{\"@type\":\"WebSite\",\"@id\":\"https:\/\/www.emballagedigest.fr\/#website\",\"url\":\"https:\/\/www.emballagedigest.fr\/\",\"name\":\"Emballage Digest\",\"description\":\"Revue professionnelle sur les emballages\",\"publisher\":{\"@id\":\"https:\/\/www.emballagedigest.fr\/#organization\"},\"potentialAction\":[{\"@type\":\"SearchAction\",\"target\":{\"@type\":\"EntryPoint\",\"urlTemplate\":\"https:\/\/www.emballagedigest.fr\/?s={search_term_string}\"},\"query-input\":{\"@type\":\"PropertyValueSpecification\",\"valueRequired\":true,\"valueName\":\"search_term_string\"}}],\"inLanguage\":\"en-GB\"},{\"@type\":\"Organization\",\"@id\":\"https:\/\/www.emballagedigest.fr\/#organization\",\"name\":\"Emballage Digest\",\"url\":\"https:\/\/www.emballagedigest.fr\/\",\"logo\":{\"@type\":\"ImageObject\",\"inLanguage\":\"en-GB\",\"@id\":\"https:\/\/www.emballagedigest.fr\/#\/schema\/logo\/image\/\",\"url\":\"https:\/\/www.emballagedigest.fr\/wp-content\/uploads\/2022\/07\/logo-ed.png\",\"contentUrl\":\"https:\/\/www.emballagedigest.fr\/wp-content\/uploads\/2022\/07\/logo-ed.png\",\"width\":379,\"height\":75,\"caption\":\"Emballage Digest\"},\"image\":{\"@id\":\"https:\/\/www.emballagedigest.fr\/#\/schema\/logo\/image\/\"}},{\"@type\":\"Person\",\"@id\":\"https:\/\/www.emballagedigest.fr\/#\/schema\/person\/d01fbac1f378e2f5e4096082cdf68ae5\",\"name\":\"admin_thopel\",\"image\":{\"@type\":\"ImageObject\",\"inLanguage\":\"en-GB\",\"@id\":\"https:\/\/www.emballagedigest.fr\/#\/schema\/person\/image\/\",\"url\":\"https:\/\/secure.gravatar.com\/avatar\/6cf644f6475359b596b81b10a64f989df38f1238649f7e33f97f69519e42dfbf?s=96&d=mm&r=g\",\"contentUrl\":\"https:\/\/secure.gravatar.com\/avatar\/6cf644f6475359b596b81b10a64f989df38f1238649f7e33f97f69519e42dfbf?s=96&d=mm&r=g\",\"caption\":\"admin_thopel\"},\"sameAs\":[\"http:\/\/localhost:8787\/emballage_digest\"],\"url\":\"https:\/\/www.emballagedigest.fr\/en\/author\/admin_thopel\/\"}]}<\/script>\n<!-- \/ Yoast SEO plugin. -->","yoast_head_json":{"title":"Tomra inaugure de nouveaux locaux \u00e0 Salon-de-Provence - Emballage Digest","robots":{"index":"index","follow":"follow","max-snippet":"max-snippet:-1","max-image-preview":"max-image-preview:large","max-video-preview":"max-video-preview:-1"},"canonical":"https:\/\/www.emballagedigest.fr\/en\/tomra-inaugure-de-nouveaux-locaux-a-salon-de-provence\/","og_locale":"en_GB","og_type":"article","og_title":"Tomra inaugure de nouveaux locaux \u00e0 Salon-de-Provence - Emballage Digest","og_description":"Fabricant de machines de recyclage des papiers et des plastiques, Tomra Recycling France installe son si\u00e8ge dans de nouveaux locaux, en plein c\u0153ur de Salon-de-Provence. Etaient notamment pr\u00e9sents \u00e0 la c\u00e9r\u00e9monie d\u2019inauguration le maire de la commune, Nicolas Isnard et Fr\u00e9d\u00e9ric Durand, directeur g\u00e9n\u00e9ral de la filiale France, entour\u00e9 des coll\u00e8gues de la maison-m\u00e8re, ainsi que des invit\u00e9s, collaborateurs et partenaires.","og_url":"https:\/\/www.emballagedigest.fr\/en\/tomra-inaugure-de-nouveaux-locaux-a-salon-de-provence\/","og_site_name":"Emballage Digest","article_published_time":"2022-06-21T06:35:38+00:00","author":"admin_thopel","twitter_card":"summary_large_image","twitter_misc":{"Written by":"admin_thopel","Estimated reading time":"1 minute"},"schema":{"@context":"https:\/\/schema.org","@graph":[{"@type":"Article","@id":"https:\/\/www.emballagedigest.fr\/tomra-inaugure-de-nouveaux-locaux-a-salon-de-provence\/#article","isPartOf":{"@id":"https:\/\/www.emballagedigest.fr\/tomra-inaugure-de-nouveaux-locaux-a-salon-de-provence\/"},"author":{"name":"admin_thopel","@id":"https:\/\/www.emballagedigest.fr\/#\/schema\/person\/d01fbac1f378e2f5e4096082cdf68ae5"},"headline":"Tomra inaugure de nouveaux locaux \u00e0 Salon-de-Provence","datePublished":"2022-06-21T06:35:38+00:00","mainEntityOfPage":{"@id":"https:\/\/www.emballagedigest.fr\/tomra-inaugure-de-nouveaux-locaux-a-salon-de-provence\/"},"wordCount":300,"publisher":{"@id":"https:\/\/www.emballagedigest.fr\/#organization"},"image":{"@id":"https:\/\/www.emballagedigest.fr\/tomra-inaugure-de-nouveaux-locaux-a-salon-de-provence\/#primaryimage"},"thumbnailUrl":"https:\/\/www.emballagedigest.fr\/wp-content\/uploads\/dotclear\/images\/2022\/BONUS\/juin\/tomra_article1.jpg","inLanguage":"en-GB"},{"@type":"WebPage","@id":"https:\/\/www.emballagedigest.fr\/tomra-inaugure-de-nouveaux-locaux-a-salon-de-provence\/","url":"https:\/\/www.emballagedigest.fr\/tomra-inaugure-de-nouveaux-locaux-a-salon-de-provence\/","name":"Tomra inaugure de nouveaux locaux \u00e0 Salon-de-Provence - Emballage Digest","isPartOf":{"@id":"https:\/\/www.emballagedigest.fr\/#website"},"primaryImageOfPage":{"@id":"https:\/\/www.emballagedigest.fr\/tomra-inaugure-de-nouveaux-locaux-a-salon-de-provence\/#primaryimage"},"image":{"@id":"https:\/\/www.emballagedigest.fr\/tomra-inaugure-de-nouveaux-locaux-a-salon-de-provence\/#primaryimage"},"thumbnailUrl":"https:\/\/www.emballagedigest.fr\/wp-content\/uploads\/dotclear\/images\/2022\/BONUS\/juin\/tomra_article1.jpg","datePublished":"2022-06-21T06:35:38+00:00","breadcrumb":{"@id":"https:\/\/www.emballagedigest.fr\/tomra-inaugure-de-nouveaux-locaux-a-salon-de-provence\/#breadcrumb"},"inLanguage":"en-GB","potentialAction":[{"@type":"ReadAction","target":["https:\/\/www.emballagedigest.fr\/tomra-inaugure-de-nouveaux-locaux-a-salon-de-provence\/"]}]},{"@type":"ImageObject","inLanguage":"en-GB","@id":"https:\/\/www.emballagedigest.fr\/tomra-inaugure-de-nouveaux-locaux-a-salon-de-provence\/#primaryimage","url":"https:\/\/www.emballagedigest.fr\/wp-content\/uploads\/dotclear\/images\/2022\/BONUS\/juin\/tomra_article1.jpg","contentUrl":"https:\/\/www.emballagedigest.fr\/wp-content\/uploads\/dotclear\/images\/2022\/BONUS\/juin\/tomra_article1.jpg"},{"@type":"BreadcrumbList","@id":"https:\/\/www.emballagedigest.fr\/tomra-inaugure-de-nouveaux-locaux-a-salon-de-provence\/#breadcrumb","itemListElement":[{"@type":"ListItem","position":1,"name":"Accueil","item":"https:\/\/www.emballagedigest.fr\/"},{"@type":"ListItem","position":2,"name":"Tomra inaugure de nouveaux locaux \u00e0 Salon-de-Provence"}]},{"@type":"WebSite","@id":"https:\/\/www.emballagedigest.fr\/#website","url":"https:\/\/www.emballagedigest.fr\/","name":"Emballage Digest","description":"Revue professionnelle sur les emballages","publisher":{"@id":"https:\/\/www.emballagedigest.fr\/#organization"},"potentialAction":[{"@type":"SearchAction","target":{"@type":"EntryPoint","urlTemplate":"https:\/\/www.emballagedigest.fr\/?s={search_term_string}"},"query-input":{"@type":"PropertyValueSpecification","valueRequired":true,"valueName":"search_term_string"}}],"inLanguage":"en-GB"},{"@type":"Organization","@id":"https:\/\/www.emballagedigest.fr\/#organization","name":"Emballage Digest","url":"https:\/\/www.emballagedigest.fr\/","logo":{"@type":"ImageObject","inLanguage":"en-GB","@id":"https:\/\/www.emballagedigest.fr\/#\/schema\/logo\/image\/","url":"https:\/\/www.emballagedigest.fr\/wp-content\/uploads\/2022\/07\/logo-ed.png","contentUrl":"https:\/\/www.emballagedigest.fr\/wp-content\/uploads\/2022\/07\/logo-ed.png","width":379,"height":75,"caption":"Emballage Digest"},"image":{"@id":"https:\/\/www.emballagedigest.fr\/#\/schema\/logo\/image\/"}},{"@type":"Person","@id":"https:\/\/www.emballagedigest.fr\/#\/schema\/person\/d01fbac1f378e2f5e4096082cdf68ae5","name":"admin_thopel","image":{"@type":"ImageObject","inLanguage":"en-GB","@id":"https:\/\/www.emballagedigest.fr\/#\/schema\/person\/image\/","url":"https:\/\/secure.gravatar.com\/avatar\/6cf644f6475359b596b81b10a64f989df38f1238649f7e33f97f69519e42dfbf?s=96&d=mm&r=g","contentUrl":"https:\/\/secure.gravatar.com\/avatar\/6cf644f6475359b596b81b10a64f989df38f1238649f7e33f97f69519e42dfbf?s=96&d=mm&r=g","caption":"admin_thopel"},"sameAs":["http:\/\/localhost:8787\/emballage_digest"],"url":"https:\/\/www.emballagedigest.fr\/en\/author\/admin_thopel\/"}]}},"_links":{"self":[{"href":"https:\/\/www.emballagedigest.fr\/en\/wp-json\/wp\/v2\/posts\/24111","targetHints":{"allow":["GET"]}}],"collection":[{"href":"https:\/\/www.emballagedigest.fr\/en\/wp-json\/wp\/v2\/posts"}],"about":[{"href":"https:\/\/www.emballagedigest.fr\/en\/wp-json\/wp\/v2\/types\/post"}],"author":[{"embeddable":true,"href":"https:\/\/www.emballagedigest.fr\/en\/wp-json\/wp\/v2\/users\/1"}],"replies":[{"embeddable":true,"href":"https:\/\/www.emballagedigest.fr\/en\/wp-json\/wp\/v2\/comments?post=24111"}],"version-history":[{"count":0,"href":"https:\/\/www.emballagedigest.fr\/en\/wp-json\/wp\/v2\/posts\/24111\/revisions"}],"wp:featuredmedia":[{"embeddable":true,"href":"https:\/\/www.emballagedigest.fr\/en\/wp-json\/wp\/v2\/media\/34111"}],"wp:attachment":[{"href":"https:\/\/www.emballagedigest.fr\/en\/wp-json\/wp\/v2\/media?parent=24111"}],"wp:term":[{"taxonomy":"category","embeddable":true,"href":"https:\/\/www.emballagedigest.fr\/en\/wp-json\/wp\/v2\/categories?post=24111"},{"taxonomy":"post_tag","embeddable":true,"href":"https:\/\/www.emballagedigest.fr\/en\/wp-json\/wp\/v2\/tags?post=24111"}],"curies":[{"name":"wp","href":"https:\/\/api.w.org\/{rel}","templated":true}]}}