{"id":24114,"date":"2022-06-23T06:49:14","date_gmt":"2022-06-23T06:49:14","guid":{"rendered":"https:\/\/www.emballagedigest.fr\/?p=24114"},"modified":"2022-06-23T06:49:14","modified_gmt":"2022-06-23T06:49:14","slug":"plastics-europe-milite-pour-la-generalisation-de-la-collecte-selective","status":"publish","type":"post","link":"https:\/\/www.emballagedigest.fr\/en\/plastics-europe-milite-pour-la-generalisation-de-la-collecte-selective\/","title":{"rendered":"Plastics Europe milite pour la g\u00e9n\u00e9ralisation de la collecte s\u00e9lective"},"content":{"rendered":"<p>En France, o\u00f9 l\u2019activit\u00e9 des secteurs clients reste globalement en retrait, la production de mati\u00e8res plastiques est toujours en recul de 9% par rapport \u00e0 2019. La plasturgie a, quant \u00e0 elle, enregistr\u00e9 une moindre baisse de son activit\u00e9 sur la m\u00eame p\u00e9riode (-2%). Compar\u00e9e \u00e0 2020, qui a \u00e9t\u00e9 marqu\u00e9e par une baisse de 11,3%, 2021 s\u2019affiche pourtant comme une ann\u00e9e de reprise en France, avec une augmentation de la production de mati\u00e8res plastiques de 2,5%.<\/p>\n<p>Dans le m\u00eame temps, la plasturgie a connu une progression de 6,1% de son activit\u00e9. La reprise a \u00e9t\u00e9 particuli\u00e8rement soutenue dans le b\u00e2timent, avec une demande de mati\u00e8res plastiques de 1,1 million de tonnes, soit + 15,7% par rapport \u00e0 2020. L\u2019automobile, avec 400 kt, a enregistr\u00e9 une croissance de la demande de + 17% qui, pour autant, ne lui a pas permis de rattraper son niveau d\u2019avant Covid. <\/p>\n<p>Quant au secteur de l\u2019emballage, il a enregistr\u00e9 une tr\u00e8s l\u00e9g\u00e8re croissance de sa demande en plastiques vierges (+ 40 kt environ). Toutefois, compar\u00e9e aux ann\u00e9es d\u2019avant Covid, la baisse se poursuit (- 134 kt, soit &#8211; 6% par rapport \u00e0 2017), signe des efforts du secteur en faveur d\u2019une plus grande circularit\u00e9 de ses produits. Au-del\u00e0 de la r\u00e9duction et du r\u00e9emploi, et selon le Syndicat national des r\u00e9g\u00e9n\u00e9rateurs de mati\u00e8res plastiques (SRP), 2021 a \u00e9t\u00e9 marqu\u00e9e par une tr\u00e8s forte reprise de la production de MPR (Mati\u00e8res plastiques recycl\u00e9es) en France (+ 19%) dont l\u2019emballage repr\u00e9sente 42 % des d\u00e9bouch\u00e9s. Ainsi, l\u2019incorporation de mati\u00e8res recycl\u00e9es dans ce secteur progresse en parall\u00e8le de la baisse du recours au vierge. En 2020, apr\u00e8s l\u2019agriculture qui utilise pr\u00e8s d\u2019un quart de recycl\u00e9, le b\u00e2timent est le secteur incorporant la plus forte proportion de MPR dans ses produits, tant en France (14% de MPR incorpor\u00e9s, soit 167 kt) qu\u2019en Europe (16,5% \/ 2 095 kt), loin devant l\u2019emballage (respectivement 6% et 6,6% \/ 1 393 kt).<\/p>\n<p>Par ailleurs, les d\u00e9chets plastique collect\u00e9s en France ont augment\u00e9 de 2,6% entre 2018 et 2020 (3 760 kt). La part du recycl\u00e9 dans la production nationale de mati\u00e8res plastiques a progress\u00e9 de 12,9% en 2018 \u00e0 14,3% en 2020 (15,2% dans l\u2019EU27 + 3), soit 714 kt, r\u00e9partis entre 387 kt de MPR issues de d\u00e9chets post consommation et 327 kt issues de d\u00e9chets pr\u00e9 consommation. Cependant, la collecte en m\u00e9lange apparait clairement comme le maillon faible qui freine le d\u00e9veloppement de l\u2019\u00e9conomie circulaire des plastiques. Sur les 2 150 kt de d\u00e9chets plastique collect\u00e9s en m\u00e9lange, seule une infime partie est envoy\u00e9e au recyclage (environ 50 kt). En titre de comparaison, au niveau europ\u00e9en, la collecte s\u00e9lective permet de recycler une proportion de plastiques 13 fois plus \u00e9lev\u00e9e que la collecte en m\u00e9lange. <\/p>\n<p><img decoding=\"async\" src=\"https:\/\/www.emballagedigest.fr\/dotclear\/images\/2022\/BONUS\/juin\/pe_article2.jpg\" alt=\"Texte Alternatif\" style=\"float:right; margin: 0 0 1em 1em;\" \/>\u00abAlors que Plastics Europe milite en faveur d\u2019une circularit\u00e9 optimale des plastiques, la collecte reste un verrou majeur susceptible d\u2019hypoth\u00e9quer la transition dans laquelle s\u2019est engag\u00e9e et investit notre industrie. En France, 77% des d\u00e9chets d\u2019emballage collect\u00e9s s\u00e9par\u00e9ment sont envoy\u00e9s au recyclage. Etendue \u00e0 l\u2019ensemble de ce seul gisement, la collecte s\u00e9lective permettrait \u00e0 notre pays de largement doubler sa production de plastiques recycl\u00e9s. D\u2019autant que le d\u00e9veloppement du recyclage chimique permettra de traiter les refus de tri et les d\u00e9chets non recyclables par voie m\u00e9canique, pour obtenir, qui plus est, une qualit\u00e9 \u00e9gale au vierge\u00bb, commente Jean-Yves Daclin (photo), directeur g\u00e9n\u00e9ral de Plastics Europe.<\/p>\n<p><em>Reproduction interdite sauf accord \u00e9crit d&rsquo;Emballage Digest ou mention du support<\/em><\/p>","protected":false},"excerpt":{"rendered":"<p>En France, o\u00f9 l\u2019activit\u00e9 des secteurs clients reste globalement en retrait, la production de mati\u00e8res plastiques est toujours en recul de 9% par rapport \u00e0 2019. La plasturgie a, quant \u00e0 elle, enregistr\u00e9 une moindre baisse de son activit\u00e9 sur la m\u00eame p\u00e9riode (-2%). Compar\u00e9e \u00e0 2020, qui a \u00e9t\u00e9 marqu\u00e9e par une baisse de 11,3%, 2021 s\u2019affiche pourtant comme une ann\u00e9e de reprise en France, avec une augmentation de la production de mati\u00e8res plastiques de 2,5%.<\/p>","protected":false},"author":1,"featured_media":34114,"comment_status":"closed","ping_status":"closed","sticky":false,"template":"","format":"standard","meta":{"_acf_changed":false,"inline_featured_image":false,"iawp_total_views":0,"footnotes":""},"categories":[],"tags":[],"class_list":["post-24114","post","type-post","status-publish","format-standard","has-post-thumbnail","hentry"],"acf":[],"yoast_head":"<!-- This site is optimized with the Yoast SEO plugin v24.4 - https:\/\/yoast.com\/wordpress\/plugins\/seo\/ -->\n<title>Plastics Europe milite pour la g\u00e9n\u00e9ralisation de la collecte s\u00e9lective - Emballage Digest<\/title>\n<meta name=\"robots\" content=\"index, follow, max-snippet:-1, max-image-preview:large, max-video-preview:-1\" \/>\n<link rel=\"canonical\" href=\"https:\/\/www.emballagedigest.fr\/en\/plastics-europe-milite-pour-la-generalisation-de-la-collecte-selective\/\" \/>\n<meta property=\"og:locale\" content=\"en_GB\" \/>\n<meta property=\"og:type\" content=\"article\" \/>\n<meta property=\"og:title\" content=\"Plastics Europe milite pour la g\u00e9n\u00e9ralisation de la collecte s\u00e9lective - Emballage Digest\" \/>\n<meta property=\"og:description\" content=\"En France, o\u00f9 l\u2019activit\u00e9 des secteurs clients reste globalement en retrait, la production de mati\u00e8res plastiques est toujours en recul de 9% par rapport \u00e0 2019. La plasturgie a, quant \u00e0 elle, enregistr\u00e9 une moindre baisse de son activit\u00e9 sur la m\u00eame p\u00e9riode (-2%). Compar\u00e9e \u00e0 2020, qui a \u00e9t\u00e9 marqu\u00e9e par une baisse de 11,3%, 2021 s\u2019affiche pourtant comme une ann\u00e9e de reprise en France, avec une augmentation de la production de mati\u00e8res plastiques de 2,5%.\" \/>\n<meta property=\"og:url\" content=\"https:\/\/www.emballagedigest.fr\/en\/plastics-europe-milite-pour-la-generalisation-de-la-collecte-selective\/\" \/>\n<meta property=\"og:site_name\" content=\"Emballage Digest\" \/>\n<meta property=\"article:published_time\" content=\"2022-06-23T06:49:14+00:00\" \/>\n<meta name=\"author\" content=\"admin_thopel\" \/>\n<meta name=\"twitter:card\" content=\"summary_large_image\" \/>\n<meta name=\"twitter:label1\" content=\"Written by\" \/>\n\t<meta name=\"twitter:data1\" content=\"admin_thopel\" \/>\n\t<meta name=\"twitter:label2\" content=\"Estimated reading time\" \/>\n\t<meta name=\"twitter:data2\" content=\"3 minutes\" \/>\n<script type=\"application\/ld+json\" class=\"yoast-schema-graph\">{\"@context\":\"https:\/\/schema.org\",\"@graph\":[{\"@type\":\"Article\",\"@id\":\"https:\/\/www.emballagedigest.fr\/plastics-europe-milite-pour-la-generalisation-de-la-collecte-selective\/#article\",\"isPartOf\":{\"@id\":\"https:\/\/www.emballagedigest.fr\/plastics-europe-milite-pour-la-generalisation-de-la-collecte-selective\/\"},\"author\":{\"name\":\"admin_thopel\",\"@id\":\"https:\/\/www.emballagedigest.fr\/#\/schema\/person\/d01fbac1f378e2f5e4096082cdf68ae5\"},\"headline\":\"Plastics Europe milite pour la g\u00e9n\u00e9ralisation de la collecte s\u00e9lective\",\"datePublished\":\"2022-06-23T06:49:14+00:00\",\"mainEntityOfPage\":{\"@id\":\"https:\/\/www.emballagedigest.fr\/plastics-europe-milite-pour-la-generalisation-de-la-collecte-selective\/\"},\"wordCount\":609,\"publisher\":{\"@id\":\"https:\/\/www.emballagedigest.fr\/#organization\"},\"image\":{\"@id\":\"https:\/\/www.emballagedigest.fr\/plastics-europe-milite-pour-la-generalisation-de-la-collecte-selective\/#primaryimage\"},\"thumbnailUrl\":\"https:\/\/www.emballagedigest.fr\/wp-content\/uploads\/dotclear\/images\/2022\/BONUS\/juin\/pe_article1.jpg\",\"inLanguage\":\"en-GB\"},{\"@type\":\"WebPage\",\"@id\":\"https:\/\/www.emballagedigest.fr\/plastics-europe-milite-pour-la-generalisation-de-la-collecte-selective\/\",\"url\":\"https:\/\/www.emballagedigest.fr\/plastics-europe-milite-pour-la-generalisation-de-la-collecte-selective\/\",\"name\":\"Plastics Europe milite pour la g\u00e9n\u00e9ralisation de la collecte s\u00e9lective - Emballage Digest\",\"isPartOf\":{\"@id\":\"https:\/\/www.emballagedigest.fr\/#website\"},\"primaryImageOfPage\":{\"@id\":\"https:\/\/www.emballagedigest.fr\/plastics-europe-milite-pour-la-generalisation-de-la-collecte-selective\/#primaryimage\"},\"image\":{\"@id\":\"https:\/\/www.emballagedigest.fr\/plastics-europe-milite-pour-la-generalisation-de-la-collecte-selective\/#primaryimage\"},\"thumbnailUrl\":\"https:\/\/www.emballagedigest.fr\/wp-content\/uploads\/dotclear\/images\/2022\/BONUS\/juin\/pe_article1.jpg\",\"datePublished\":\"2022-06-23T06:49:14+00:00\",\"breadcrumb\":{\"@id\":\"https:\/\/www.emballagedigest.fr\/plastics-europe-milite-pour-la-generalisation-de-la-collecte-selective\/#breadcrumb\"},\"inLanguage\":\"en-GB\",\"potentialAction\":[{\"@type\":\"ReadAction\",\"target\":[\"https:\/\/www.emballagedigest.fr\/plastics-europe-milite-pour-la-generalisation-de-la-collecte-selective\/\"]}]},{\"@type\":\"ImageObject\",\"inLanguage\":\"en-GB\",\"@id\":\"https:\/\/www.emballagedigest.fr\/plastics-europe-milite-pour-la-generalisation-de-la-collecte-selective\/#primaryimage\",\"url\":\"https:\/\/www.emballagedigest.fr\/wp-content\/uploads\/dotclear\/images\/2022\/BONUS\/juin\/pe_article1.jpg\",\"contentUrl\":\"https:\/\/www.emballagedigest.fr\/wp-content\/uploads\/dotclear\/images\/2022\/BONUS\/juin\/pe_article1.jpg\"},{\"@type\":\"BreadcrumbList\",\"@id\":\"https:\/\/www.emballagedigest.fr\/plastics-europe-milite-pour-la-generalisation-de-la-collecte-selective\/#breadcrumb\",\"itemListElement\":[{\"@type\":\"ListItem\",\"position\":1,\"name\":\"Accueil\",\"item\":\"https:\/\/www.emballagedigest.fr\/\"},{\"@type\":\"ListItem\",\"position\":2,\"name\":\"Plastics Europe milite pour la g\u00e9n\u00e9ralisation de la collecte s\u00e9lective\"}]},{\"@type\":\"WebSite\",\"@id\":\"https:\/\/www.emballagedigest.fr\/#website\",\"url\":\"https:\/\/www.emballagedigest.fr\/\",\"name\":\"Emballage Digest\",\"description\":\"Revue professionnelle sur les emballages\",\"publisher\":{\"@id\":\"https:\/\/www.emballagedigest.fr\/#organization\"},\"potentialAction\":[{\"@type\":\"SearchAction\",\"target\":{\"@type\":\"EntryPoint\",\"urlTemplate\":\"https:\/\/www.emballagedigest.fr\/?s={search_term_string}\"},\"query-input\":{\"@type\":\"PropertyValueSpecification\",\"valueRequired\":true,\"valueName\":\"search_term_string\"}}],\"inLanguage\":\"en-GB\"},{\"@type\":\"Organization\",\"@id\":\"https:\/\/www.emballagedigest.fr\/#organization\",\"name\":\"Emballage Digest\",\"url\":\"https:\/\/www.emballagedigest.fr\/\",\"logo\":{\"@type\":\"ImageObject\",\"inLanguage\":\"en-GB\",\"@id\":\"https:\/\/www.emballagedigest.fr\/#\/schema\/logo\/image\/\",\"url\":\"https:\/\/www.emballagedigest.fr\/wp-content\/uploads\/2022\/07\/logo-ed.png\",\"contentUrl\":\"https:\/\/www.emballagedigest.fr\/wp-content\/uploads\/2022\/07\/logo-ed.png\",\"width\":379,\"height\":75,\"caption\":\"Emballage Digest\"},\"image\":{\"@id\":\"https:\/\/www.emballagedigest.fr\/#\/schema\/logo\/image\/\"}},{\"@type\":\"Person\",\"@id\":\"https:\/\/www.emballagedigest.fr\/#\/schema\/person\/d01fbac1f378e2f5e4096082cdf68ae5\",\"name\":\"admin_thopel\",\"image\":{\"@type\":\"ImageObject\",\"inLanguage\":\"en-GB\",\"@id\":\"https:\/\/www.emballagedigest.fr\/#\/schema\/person\/image\/\",\"url\":\"https:\/\/secure.gravatar.com\/avatar\/6cf644f6475359b596b81b10a64f989df38f1238649f7e33f97f69519e42dfbf?s=96&d=mm&r=g\",\"contentUrl\":\"https:\/\/secure.gravatar.com\/avatar\/6cf644f6475359b596b81b10a64f989df38f1238649f7e33f97f69519e42dfbf?s=96&d=mm&r=g\",\"caption\":\"admin_thopel\"},\"sameAs\":[\"http:\/\/localhost:8787\/emballage_digest\"],\"url\":\"https:\/\/www.emballagedigest.fr\/en\/author\/admin_thopel\/\"}]}<\/script>\n<!-- \/ Yoast SEO plugin. -->","yoast_head_json":{"title":"Plastics Europe milite pour la g\u00e9n\u00e9ralisation de la collecte s\u00e9lective - Emballage Digest","robots":{"index":"index","follow":"follow","max-snippet":"max-snippet:-1","max-image-preview":"max-image-preview:large","max-video-preview":"max-video-preview:-1"},"canonical":"https:\/\/www.emballagedigest.fr\/en\/plastics-europe-milite-pour-la-generalisation-de-la-collecte-selective\/","og_locale":"en_GB","og_type":"article","og_title":"Plastics Europe milite pour la g\u00e9n\u00e9ralisation de la collecte s\u00e9lective - Emballage Digest","og_description":"En France, o\u00f9 l\u2019activit\u00e9 des secteurs clients reste globalement en retrait, la production de mati\u00e8res plastiques est toujours en recul de 9% par rapport \u00e0 2019. La plasturgie a, quant \u00e0 elle, enregistr\u00e9 une moindre baisse de son activit\u00e9 sur la m\u00eame p\u00e9riode (-2%). Compar\u00e9e \u00e0 2020, qui a \u00e9t\u00e9 marqu\u00e9e par une baisse de 11,3%, 2021 s\u2019affiche pourtant comme une ann\u00e9e de reprise en France, avec une augmentation de la production de mati\u00e8res plastiques de 2,5%.","og_url":"https:\/\/www.emballagedigest.fr\/en\/plastics-europe-milite-pour-la-generalisation-de-la-collecte-selective\/","og_site_name":"Emballage Digest","article_published_time":"2022-06-23T06:49:14+00:00","author":"admin_thopel","twitter_card":"summary_large_image","twitter_misc":{"Written by":"admin_thopel","Estimated reading time":"3 minutes"},"schema":{"@context":"https:\/\/schema.org","@graph":[{"@type":"Article","@id":"https:\/\/www.emballagedigest.fr\/plastics-europe-milite-pour-la-generalisation-de-la-collecte-selective\/#article","isPartOf":{"@id":"https:\/\/www.emballagedigest.fr\/plastics-europe-milite-pour-la-generalisation-de-la-collecte-selective\/"},"author":{"name":"admin_thopel","@id":"https:\/\/www.emballagedigest.fr\/#\/schema\/person\/d01fbac1f378e2f5e4096082cdf68ae5"},"headline":"Plastics Europe milite pour la g\u00e9n\u00e9ralisation de la collecte s\u00e9lective","datePublished":"2022-06-23T06:49:14+00:00","mainEntityOfPage":{"@id":"https:\/\/www.emballagedigest.fr\/plastics-europe-milite-pour-la-generalisation-de-la-collecte-selective\/"},"wordCount":609,"publisher":{"@id":"https:\/\/www.emballagedigest.fr\/#organization"},"image":{"@id":"https:\/\/www.emballagedigest.fr\/plastics-europe-milite-pour-la-generalisation-de-la-collecte-selective\/#primaryimage"},"thumbnailUrl":"https:\/\/www.emballagedigest.fr\/wp-content\/uploads\/dotclear\/images\/2022\/BONUS\/juin\/pe_article1.jpg","inLanguage":"en-GB"},{"@type":"WebPage","@id":"https:\/\/www.emballagedigest.fr\/plastics-europe-milite-pour-la-generalisation-de-la-collecte-selective\/","url":"https:\/\/www.emballagedigest.fr\/plastics-europe-milite-pour-la-generalisation-de-la-collecte-selective\/","name":"Plastics Europe milite pour la g\u00e9n\u00e9ralisation de la collecte s\u00e9lective - Emballage Digest","isPartOf":{"@id":"https:\/\/www.emballagedigest.fr\/#website"},"primaryImageOfPage":{"@id":"https:\/\/www.emballagedigest.fr\/plastics-europe-milite-pour-la-generalisation-de-la-collecte-selective\/#primaryimage"},"image":{"@id":"https:\/\/www.emballagedigest.fr\/plastics-europe-milite-pour-la-generalisation-de-la-collecte-selective\/#primaryimage"},"thumbnailUrl":"https:\/\/www.emballagedigest.fr\/wp-content\/uploads\/dotclear\/images\/2022\/BONUS\/juin\/pe_article1.jpg","datePublished":"2022-06-23T06:49:14+00:00","breadcrumb":{"@id":"https:\/\/www.emballagedigest.fr\/plastics-europe-milite-pour-la-generalisation-de-la-collecte-selective\/#breadcrumb"},"inLanguage":"en-GB","potentialAction":[{"@type":"ReadAction","target":["https:\/\/www.emballagedigest.fr\/plastics-europe-milite-pour-la-generalisation-de-la-collecte-selective\/"]}]},{"@type":"ImageObject","inLanguage":"en-GB","@id":"https:\/\/www.emballagedigest.fr\/plastics-europe-milite-pour-la-generalisation-de-la-collecte-selective\/#primaryimage","url":"https:\/\/www.emballagedigest.fr\/wp-content\/uploads\/dotclear\/images\/2022\/BONUS\/juin\/pe_article1.jpg","contentUrl":"https:\/\/www.emballagedigest.fr\/wp-content\/uploads\/dotclear\/images\/2022\/BONUS\/juin\/pe_article1.jpg"},{"@type":"BreadcrumbList","@id":"https:\/\/www.emballagedigest.fr\/plastics-europe-milite-pour-la-generalisation-de-la-collecte-selective\/#breadcrumb","itemListElement":[{"@type":"ListItem","position":1,"name":"Accueil","item":"https:\/\/www.emballagedigest.fr\/"},{"@type":"ListItem","position":2,"name":"Plastics Europe milite pour la g\u00e9n\u00e9ralisation de la collecte s\u00e9lective"}]},{"@type":"WebSite","@id":"https:\/\/www.emballagedigest.fr\/#website","url":"https:\/\/www.emballagedigest.fr\/","name":"Emballage Digest","description":"Revue professionnelle sur les emballages","publisher":{"@id":"https:\/\/www.emballagedigest.fr\/#organization"},"potentialAction":[{"@type":"SearchAction","target":{"@type":"EntryPoint","urlTemplate":"https:\/\/www.emballagedigest.fr\/?s={search_term_string}"},"query-input":{"@type":"PropertyValueSpecification","valueRequired":true,"valueName":"search_term_string"}}],"inLanguage":"en-GB"},{"@type":"Organization","@id":"https:\/\/www.emballagedigest.fr\/#organization","name":"Emballage Digest","url":"https:\/\/www.emballagedigest.fr\/","logo":{"@type":"ImageObject","inLanguage":"en-GB","@id":"https:\/\/www.emballagedigest.fr\/#\/schema\/logo\/image\/","url":"https:\/\/www.emballagedigest.fr\/wp-content\/uploads\/2022\/07\/logo-ed.png","contentUrl":"https:\/\/www.emballagedigest.fr\/wp-content\/uploads\/2022\/07\/logo-ed.png","width":379,"height":75,"caption":"Emballage Digest"},"image":{"@id":"https:\/\/www.emballagedigest.fr\/#\/schema\/logo\/image\/"}},{"@type":"Person","@id":"https:\/\/www.emballagedigest.fr\/#\/schema\/person\/d01fbac1f378e2f5e4096082cdf68ae5","name":"admin_thopel","image":{"@type":"ImageObject","inLanguage":"en-GB","@id":"https:\/\/www.emballagedigest.fr\/#\/schema\/person\/image\/","url":"https:\/\/secure.gravatar.com\/avatar\/6cf644f6475359b596b81b10a64f989df38f1238649f7e33f97f69519e42dfbf?s=96&d=mm&r=g","contentUrl":"https:\/\/secure.gravatar.com\/avatar\/6cf644f6475359b596b81b10a64f989df38f1238649f7e33f97f69519e42dfbf?s=96&d=mm&r=g","caption":"admin_thopel"},"sameAs":["http:\/\/localhost:8787\/emballage_digest"],"url":"https:\/\/www.emballagedigest.fr\/en\/author\/admin_thopel\/"}]}},"_links":{"self":[{"href":"https:\/\/www.emballagedigest.fr\/en\/wp-json\/wp\/v2\/posts\/24114","targetHints":{"allow":["GET"]}}],"collection":[{"href":"https:\/\/www.emballagedigest.fr\/en\/wp-json\/wp\/v2\/posts"}],"about":[{"href":"https:\/\/www.emballagedigest.fr\/en\/wp-json\/wp\/v2\/types\/post"}],"author":[{"embeddable":true,"href":"https:\/\/www.emballagedigest.fr\/en\/wp-json\/wp\/v2\/users\/1"}],"replies":[{"embeddable":true,"href":"https:\/\/www.emballagedigest.fr\/en\/wp-json\/wp\/v2\/comments?post=24114"}],"version-history":[{"count":0,"href":"https:\/\/www.emballagedigest.fr\/en\/wp-json\/wp\/v2\/posts\/24114\/revisions"}],"wp:featuredmedia":[{"embeddable":true,"href":"https:\/\/www.emballagedigest.fr\/en\/wp-json\/wp\/v2\/media\/34114"}],"wp:attachment":[{"href":"https:\/\/www.emballagedigest.fr\/en\/wp-json\/wp\/v2\/media?parent=24114"}],"wp:term":[{"taxonomy":"category","embeddable":true,"href":"https:\/\/www.emballagedigest.fr\/en\/wp-json\/wp\/v2\/categories?post=24114"},{"taxonomy":"post_tag","embeddable":true,"href":"https:\/\/www.emballagedigest.fr\/en\/wp-json\/wp\/v2\/tags?post=24114"}],"curies":[{"name":"wp","href":"https:\/\/api.w.org\/{rel}","templated":true}]}}