{"id":24124,"date":"2022-06-30T07:26:13","date_gmt":"2022-06-30T07:26:13","guid":{"rendered":"https:\/\/www.emballagedigest.fr\/?p=24124"},"modified":"2022-06-30T07:26:13","modified_gmt":"2022-06-30T07:26:13","slug":"sem-packaging-rejoint-getra-group","status":"publish","type":"post","link":"https:\/\/www.emballagedigest.fr\/en\/sem-packaging-rejoint-getra-group\/","title":{"rendered":"SEM Packaging rejoint Getra Group"},"content":{"rendered":"<p>Getra France annonce l\u2019acquisition de SEM Packaging, sp\u00e9cialiste breton de l\u2019emballage et partenaire du groupe depuis de nombreuses ann\u00e9es. En effet, les deux soci\u00e9t\u00e9s travaillent en \u00e9troite collaboration en tant que partenaires fid\u00e8les depuis plusieurs d\u00e9cennies. Cette op\u00e9ration s\u2019inscrit dans la strat\u00e9gie du groupe Getra de devenir le fournisseur incontournable de solutions innovantes \u2013 lignes automatis\u00e9es, machines, consommables, services \u2013 destin\u00e9es \u00e0 optimiser les performances du secteur de l\u2019emballage.<\/p>\n<p>Cr\u00e9\u00e9e en 1973, SEM Packaging se d\u00e9marque par un fort ancrage local et une grande notori\u00e9t\u00e9 en Bretagne. Sp\u00e9cialis\u00e9e dans la vente de mat\u00e9riels d\u2019emballage (film \u00e9tirable, carton, cerclage, adh\u00e9sifs, &#8230;), l\u2019entreprise compte sept salari\u00e9s et r\u00e9alise un chiffre d\u2019affaires annuel d\u2019environ 2,5 M\u20ac. Elle est aussi une des 470 entreprises membres du r\u00e9seau produit en Bretagne. Ces acteurs \u00e9conomiques et culturels travaillent ensemble pour permettre \u00e0 l\u2019\u00e9conomie et \u00e0 la culture bretonne de rayonner.<\/p>\n<p>Getra Group est pr\u00e9sent \u00e0 travers ses cinq entreprises en Belgique, aux Pays-Bas, au Luxembourg, en France et en Finlande et fournit des solutions de packaging adapt\u00e9es \u00e0 tous les besoins en emballage (jet d\u2019encre, codage, collage, emballage, ing\u00e9nierie). Fort de 145 salari\u00e9s, il compte 6500 clients pour un CA de 46,2 M\u20ac.<\/p>\n<p><em>Reproduction interdite sauf accord \u00e9crit d&rsquo;Emballage Digest ou mention du support<\/em><\/p>","protected":false},"excerpt":{"rendered":"<p>Getra France annonce l\u2019acquisition de SEM Packaging, sp\u00e9cialiste breton de l\u2019emballage et partenaire du groupe depuis de nombreuses ann\u00e9es. En effet, les deux soci\u00e9t\u00e9s travaillent en \u00e9troite collaboration en tant que partenaires fid\u00e8les depuis plusieurs d\u00e9cennies. Cette op\u00e9ration s\u2019inscrit dans la strat\u00e9gie du groupe Getra de devenir le fournisseur incontournable de solutions innovantes \u2013 lignes automatis\u00e9es, machines, consommables, services \u2013 destin\u00e9es \u00e0 optimiser les performances du secteur de l\u2019emballage.<\/p>","protected":false},"author":1,"featured_media":34124,"comment_status":"closed","ping_status":"closed","sticky":false,"template":"","format":"standard","meta":{"_acf_changed":false,"inline_featured_image":false,"iawp_total_views":0,"footnotes":""},"categories":[11],"tags":[],"class_list":["post-24124","post","type-post","status-publish","format-standard","has-post-thumbnail","hentry","category-emballages"],"acf":[],"yoast_head":"<!-- This site is optimized with the Yoast SEO plugin v24.4 - https:\/\/yoast.com\/wordpress\/plugins\/seo\/ -->\n<title>SEM Packaging rejoint Getra Group  - Emballage Digest<\/title>\n<meta name=\"robots\" content=\"index, follow, max-snippet:-1, max-image-preview:large, max-video-preview:-1\" \/>\n<link rel=\"canonical\" href=\"https:\/\/www.emballagedigest.fr\/en\/sem-packaging-rejoint-getra-group\/\" \/>\n<meta property=\"og:locale\" content=\"en_GB\" \/>\n<meta property=\"og:type\" content=\"article\" \/>\n<meta property=\"og:title\" content=\"SEM Packaging rejoint Getra Group  - Emballage Digest\" \/>\n<meta property=\"og:description\" content=\"Getra France annonce l\u2019acquisition de SEM Packaging, sp\u00e9cialiste breton de l\u2019emballage et partenaire du groupe depuis de nombreuses ann\u00e9es. En effet, les deux soci\u00e9t\u00e9s travaillent en \u00e9troite collaboration en tant que partenaires fid\u00e8les depuis plusieurs d\u00e9cennies. Cette op\u00e9ration s\u2019inscrit dans la strat\u00e9gie du groupe Getra de devenir le fournisseur incontournable de solutions innovantes \u2013 lignes automatis\u00e9es, machines, consommables, services \u2013 destin\u00e9es \u00e0 optimiser les performances du secteur de l\u2019emballage.\" \/>\n<meta property=\"og:url\" content=\"https:\/\/www.emballagedigest.fr\/en\/sem-packaging-rejoint-getra-group\/\" \/>\n<meta property=\"og:site_name\" content=\"Emballage Digest\" \/>\n<meta property=\"article:published_time\" content=\"2022-06-30T07:26:13+00:00\" \/>\n<meta name=\"author\" content=\"admin_thopel\" \/>\n<meta name=\"twitter:card\" content=\"summary_large_image\" \/>\n<meta name=\"twitter:label1\" content=\"Written by\" \/>\n\t<meta name=\"twitter:data1\" content=\"admin_thopel\" \/>\n\t<meta name=\"twitter:label2\" content=\"Estimated reading time\" \/>\n\t<meta name=\"twitter:data2\" content=\"1 minute\" \/>\n<script type=\"application\/ld+json\" class=\"yoast-schema-graph\">{\"@context\":\"https:\/\/schema.org\",\"@graph\":[{\"@type\":\"Article\",\"@id\":\"https:\/\/www.emballagedigest.fr\/sem-packaging-rejoint-getra-group\/#article\",\"isPartOf\":{\"@id\":\"https:\/\/www.emballagedigest.fr\/sem-packaging-rejoint-getra-group\/\"},\"author\":{\"name\":\"admin_thopel\",\"@id\":\"https:\/\/www.emballagedigest.fr\/#\/schema\/person\/d01fbac1f378e2f5e4096082cdf68ae5\"},\"headline\":\"SEM Packaging rejoint Getra Group\",\"datePublished\":\"2022-06-30T07:26:13+00:00\",\"mainEntityOfPage\":{\"@id\":\"https:\/\/www.emballagedigest.fr\/sem-packaging-rejoint-getra-group\/\"},\"wordCount\":234,\"publisher\":{\"@id\":\"https:\/\/www.emballagedigest.fr\/#organization\"},\"image\":{\"@id\":\"https:\/\/www.emballagedigest.fr\/sem-packaging-rejoint-getra-group\/#primaryimage\"},\"thumbnailUrl\":\"https:\/\/www.emballagedigest.fr\/wp-content\/uploads\/dotclear\/images\/2022\/BONUS\/juin\/getra_article.jpg\",\"articleSection\":[\"Emballages\"],\"inLanguage\":\"en-GB\"},{\"@type\":\"WebPage\",\"@id\":\"https:\/\/www.emballagedigest.fr\/sem-packaging-rejoint-getra-group\/\",\"url\":\"https:\/\/www.emballagedigest.fr\/sem-packaging-rejoint-getra-group\/\",\"name\":\"SEM Packaging rejoint Getra Group - Emballage Digest\",\"isPartOf\":{\"@id\":\"https:\/\/www.emballagedigest.fr\/#website\"},\"primaryImageOfPage\":{\"@id\":\"https:\/\/www.emballagedigest.fr\/sem-packaging-rejoint-getra-group\/#primaryimage\"},\"image\":{\"@id\":\"https:\/\/www.emballagedigest.fr\/sem-packaging-rejoint-getra-group\/#primaryimage\"},\"thumbnailUrl\":\"https:\/\/www.emballagedigest.fr\/wp-content\/uploads\/dotclear\/images\/2022\/BONUS\/juin\/getra_article.jpg\",\"datePublished\":\"2022-06-30T07:26:13+00:00\",\"breadcrumb\":{\"@id\":\"https:\/\/www.emballagedigest.fr\/sem-packaging-rejoint-getra-group\/#breadcrumb\"},\"inLanguage\":\"en-GB\",\"potentialAction\":[{\"@type\":\"ReadAction\",\"target\":[\"https:\/\/www.emballagedigest.fr\/sem-packaging-rejoint-getra-group\/\"]}]},{\"@type\":\"ImageObject\",\"inLanguage\":\"en-GB\",\"@id\":\"https:\/\/www.emballagedigest.fr\/sem-packaging-rejoint-getra-group\/#primaryimage\",\"url\":\"https:\/\/www.emballagedigest.fr\/wp-content\/uploads\/dotclear\/images\/2022\/BONUS\/juin\/getra_article.jpg\",\"contentUrl\":\"https:\/\/www.emballagedigest.fr\/wp-content\/uploads\/dotclear\/images\/2022\/BONUS\/juin\/getra_article.jpg\"},{\"@type\":\"BreadcrumbList\",\"@id\":\"https:\/\/www.emballagedigest.fr\/sem-packaging-rejoint-getra-group\/#breadcrumb\",\"itemListElement\":[{\"@type\":\"ListItem\",\"position\":1,\"name\":\"Accueil\",\"item\":\"https:\/\/www.emballagedigest.fr\/\"},{\"@type\":\"ListItem\",\"position\":2,\"name\":\"SEM Packaging rejoint Getra Group\"}]},{\"@type\":\"WebSite\",\"@id\":\"https:\/\/www.emballagedigest.fr\/#website\",\"url\":\"https:\/\/www.emballagedigest.fr\/\",\"name\":\"Emballage Digest\",\"description\":\"Revue professionnelle sur les emballages\",\"publisher\":{\"@id\":\"https:\/\/www.emballagedigest.fr\/#organization\"},\"potentialAction\":[{\"@type\":\"SearchAction\",\"target\":{\"@type\":\"EntryPoint\",\"urlTemplate\":\"https:\/\/www.emballagedigest.fr\/?s={search_term_string}\"},\"query-input\":{\"@type\":\"PropertyValueSpecification\",\"valueRequired\":true,\"valueName\":\"search_term_string\"}}],\"inLanguage\":\"en-GB\"},{\"@type\":\"Organization\",\"@id\":\"https:\/\/www.emballagedigest.fr\/#organization\",\"name\":\"Emballage Digest\",\"url\":\"https:\/\/www.emballagedigest.fr\/\",\"logo\":{\"@type\":\"ImageObject\",\"inLanguage\":\"en-GB\",\"@id\":\"https:\/\/www.emballagedigest.fr\/#\/schema\/logo\/image\/\",\"url\":\"https:\/\/www.emballagedigest.fr\/wp-content\/uploads\/2022\/07\/logo-ed.png\",\"contentUrl\":\"https:\/\/www.emballagedigest.fr\/wp-content\/uploads\/2022\/07\/logo-ed.png\",\"width\":379,\"height\":75,\"caption\":\"Emballage Digest\"},\"image\":{\"@id\":\"https:\/\/www.emballagedigest.fr\/#\/schema\/logo\/image\/\"}},{\"@type\":\"Person\",\"@id\":\"https:\/\/www.emballagedigest.fr\/#\/schema\/person\/d01fbac1f378e2f5e4096082cdf68ae5\",\"name\":\"admin_thopel\",\"image\":{\"@type\":\"ImageObject\",\"inLanguage\":\"en-GB\",\"@id\":\"https:\/\/www.emballagedigest.fr\/#\/schema\/person\/image\/\",\"url\":\"https:\/\/secure.gravatar.com\/avatar\/6cf644f6475359b596b81b10a64f989df38f1238649f7e33f97f69519e42dfbf?s=96&d=mm&r=g\",\"contentUrl\":\"https:\/\/secure.gravatar.com\/avatar\/6cf644f6475359b596b81b10a64f989df38f1238649f7e33f97f69519e42dfbf?s=96&d=mm&r=g\",\"caption\":\"admin_thopel\"},\"sameAs\":[\"http:\/\/localhost:8787\/emballage_digest\"],\"url\":\"https:\/\/www.emballagedigest.fr\/en\/author\/admin_thopel\/\"}]}<\/script>\n<!-- \/ Yoast SEO plugin. -->","yoast_head_json":{"title":"SEM Packaging rejoint Getra Group  - Emballage Digest","robots":{"index":"index","follow":"follow","max-snippet":"max-snippet:-1","max-image-preview":"max-image-preview:large","max-video-preview":"max-video-preview:-1"},"canonical":"https:\/\/www.emballagedigest.fr\/en\/sem-packaging-rejoint-getra-group\/","og_locale":"en_GB","og_type":"article","og_title":"SEM Packaging rejoint Getra Group  - Emballage Digest","og_description":"Getra France annonce l\u2019acquisition de SEM Packaging, sp\u00e9cialiste breton de l\u2019emballage et partenaire du groupe depuis de nombreuses ann\u00e9es. En effet, les deux soci\u00e9t\u00e9s travaillent en \u00e9troite collaboration en tant que partenaires fid\u00e8les depuis plusieurs d\u00e9cennies. Cette op\u00e9ration s\u2019inscrit dans la strat\u00e9gie du groupe Getra de devenir le fournisseur incontournable de solutions innovantes \u2013 lignes automatis\u00e9es, machines, consommables, services \u2013 destin\u00e9es \u00e0 optimiser les performances du secteur de l\u2019emballage.","og_url":"https:\/\/www.emballagedigest.fr\/en\/sem-packaging-rejoint-getra-group\/","og_site_name":"Emballage Digest","article_published_time":"2022-06-30T07:26:13+00:00","author":"admin_thopel","twitter_card":"summary_large_image","twitter_misc":{"Written by":"admin_thopel","Estimated reading time":"1 minute"},"schema":{"@context":"https:\/\/schema.org","@graph":[{"@type":"Article","@id":"https:\/\/www.emballagedigest.fr\/sem-packaging-rejoint-getra-group\/#article","isPartOf":{"@id":"https:\/\/www.emballagedigest.fr\/sem-packaging-rejoint-getra-group\/"},"author":{"name":"admin_thopel","@id":"https:\/\/www.emballagedigest.fr\/#\/schema\/person\/d01fbac1f378e2f5e4096082cdf68ae5"},"headline":"SEM Packaging rejoint Getra Group","datePublished":"2022-06-30T07:26:13+00:00","mainEntityOfPage":{"@id":"https:\/\/www.emballagedigest.fr\/sem-packaging-rejoint-getra-group\/"},"wordCount":234,"publisher":{"@id":"https:\/\/www.emballagedigest.fr\/#organization"},"image":{"@id":"https:\/\/www.emballagedigest.fr\/sem-packaging-rejoint-getra-group\/#primaryimage"},"thumbnailUrl":"https:\/\/www.emballagedigest.fr\/wp-content\/uploads\/dotclear\/images\/2022\/BONUS\/juin\/getra_article.jpg","articleSection":["Emballages"],"inLanguage":"en-GB"},{"@type":"WebPage","@id":"https:\/\/www.emballagedigest.fr\/sem-packaging-rejoint-getra-group\/","url":"https:\/\/www.emballagedigest.fr\/sem-packaging-rejoint-getra-group\/","name":"SEM Packaging rejoint Getra Group - Emballage Digest","isPartOf":{"@id":"https:\/\/www.emballagedigest.fr\/#website"},"primaryImageOfPage":{"@id":"https:\/\/www.emballagedigest.fr\/sem-packaging-rejoint-getra-group\/#primaryimage"},"image":{"@id":"https:\/\/www.emballagedigest.fr\/sem-packaging-rejoint-getra-group\/#primaryimage"},"thumbnailUrl":"https:\/\/www.emballagedigest.fr\/wp-content\/uploads\/dotclear\/images\/2022\/BONUS\/juin\/getra_article.jpg","datePublished":"2022-06-30T07:26:13+00:00","breadcrumb":{"@id":"https:\/\/www.emballagedigest.fr\/sem-packaging-rejoint-getra-group\/#breadcrumb"},"inLanguage":"en-GB","potentialAction":[{"@type":"ReadAction","target":["https:\/\/www.emballagedigest.fr\/sem-packaging-rejoint-getra-group\/"]}]},{"@type":"ImageObject","inLanguage":"en-GB","@id":"https:\/\/www.emballagedigest.fr\/sem-packaging-rejoint-getra-group\/#primaryimage","url":"https:\/\/www.emballagedigest.fr\/wp-content\/uploads\/dotclear\/images\/2022\/BONUS\/juin\/getra_article.jpg","contentUrl":"https:\/\/www.emballagedigest.fr\/wp-content\/uploads\/dotclear\/images\/2022\/BONUS\/juin\/getra_article.jpg"},{"@type":"BreadcrumbList","@id":"https:\/\/www.emballagedigest.fr\/sem-packaging-rejoint-getra-group\/#breadcrumb","itemListElement":[{"@type":"ListItem","position":1,"name":"Accueil","item":"https:\/\/www.emballagedigest.fr\/"},{"@type":"ListItem","position":2,"name":"SEM Packaging rejoint Getra Group"}]},{"@type":"WebSite","@id":"https:\/\/www.emballagedigest.fr\/#website","url":"https:\/\/www.emballagedigest.fr\/","name":"Emballage Digest","description":"Revue professionnelle sur les emballages","publisher":{"@id":"https:\/\/www.emballagedigest.fr\/#organization"},"potentialAction":[{"@type":"SearchAction","target":{"@type":"EntryPoint","urlTemplate":"https:\/\/www.emballagedigest.fr\/?s={search_term_string}"},"query-input":{"@type":"PropertyValueSpecification","valueRequired":true,"valueName":"search_term_string"}}],"inLanguage":"en-GB"},{"@type":"Organization","@id":"https:\/\/www.emballagedigest.fr\/#organization","name":"Emballage Digest","url":"https:\/\/www.emballagedigest.fr\/","logo":{"@type":"ImageObject","inLanguage":"en-GB","@id":"https:\/\/www.emballagedigest.fr\/#\/schema\/logo\/image\/","url":"https:\/\/www.emballagedigest.fr\/wp-content\/uploads\/2022\/07\/logo-ed.png","contentUrl":"https:\/\/www.emballagedigest.fr\/wp-content\/uploads\/2022\/07\/logo-ed.png","width":379,"height":75,"caption":"Emballage Digest"},"image":{"@id":"https:\/\/www.emballagedigest.fr\/#\/schema\/logo\/image\/"}},{"@type":"Person","@id":"https:\/\/www.emballagedigest.fr\/#\/schema\/person\/d01fbac1f378e2f5e4096082cdf68ae5","name":"admin_thopel","image":{"@type":"ImageObject","inLanguage":"en-GB","@id":"https:\/\/www.emballagedigest.fr\/#\/schema\/person\/image\/","url":"https:\/\/secure.gravatar.com\/avatar\/6cf644f6475359b596b81b10a64f989df38f1238649f7e33f97f69519e42dfbf?s=96&d=mm&r=g","contentUrl":"https:\/\/secure.gravatar.com\/avatar\/6cf644f6475359b596b81b10a64f989df38f1238649f7e33f97f69519e42dfbf?s=96&d=mm&r=g","caption":"admin_thopel"},"sameAs":["http:\/\/localhost:8787\/emballage_digest"],"url":"https:\/\/www.emballagedigest.fr\/en\/author\/admin_thopel\/"}]}},"_links":{"self":[{"href":"https:\/\/www.emballagedigest.fr\/en\/wp-json\/wp\/v2\/posts\/24124","targetHints":{"allow":["GET"]}}],"collection":[{"href":"https:\/\/www.emballagedigest.fr\/en\/wp-json\/wp\/v2\/posts"}],"about":[{"href":"https:\/\/www.emballagedigest.fr\/en\/wp-json\/wp\/v2\/types\/post"}],"author":[{"embeddable":true,"href":"https:\/\/www.emballagedigest.fr\/en\/wp-json\/wp\/v2\/users\/1"}],"replies":[{"embeddable":true,"href":"https:\/\/www.emballagedigest.fr\/en\/wp-json\/wp\/v2\/comments?post=24124"}],"version-history":[{"count":0,"href":"https:\/\/www.emballagedigest.fr\/en\/wp-json\/wp\/v2\/posts\/24124\/revisions"}],"wp:featuredmedia":[{"embeddable":true,"href":"https:\/\/www.emballagedigest.fr\/en\/wp-json\/wp\/v2\/media\/34124"}],"wp:attachment":[{"href":"https:\/\/www.emballagedigest.fr\/en\/wp-json\/wp\/v2\/media?parent=24124"}],"wp:term":[{"taxonomy":"category","embeddable":true,"href":"https:\/\/www.emballagedigest.fr\/en\/wp-json\/wp\/v2\/categories?post=24124"},{"taxonomy":"post_tag","embeddable":true,"href":"https:\/\/www.emballagedigest.fr\/en\/wp-json\/wp\/v2\/tags?post=24124"}],"curies":[{"name":"wp","href":"https:\/\/api.w.org\/{rel}","templated":true}]}}