{"id":24128,"date":"2022-07-04T07:12:19","date_gmt":"2022-07-04T07:12:19","guid":{"rendered":"https:\/\/www.emballagedigest.fr\/?p=24128"},"modified":"2022-07-04T07:12:19","modified_gmt":"2022-07-04T07:12:19","slug":"les-materiaux-d-emballage-vus-par-les-professionnels","status":"publish","type":"post","link":"https:\/\/www.emballagedigest.fr\/en\/les-materiaux-d-emballage-vus-par-les-professionnels\/","title":{"rendered":"Les mat\u00e9riaux d\u2019emballage vus par les professionnels"},"content":{"rendered":"<p>A quelques mois du All4Pack Emballage Paris, qui se tiendra du 21 au 24 novembre \u00e0 Paris Nord Villepinte, les organisateurs ont lanc\u00e9 une \u00e9tude d\u2019opinion aupr\u00e8s de la communaut\u00e9 du salon pour sonder leur vision quant \u00e0 l\u2019\u00e9volution des mat\u00e9riaux d\u2019emballage.<\/p>\n<p>Le sondage a \u00e9t\u00e9 men\u00e9 aupr\u00e8s de 211 d\u00e9cideurs appartenant aux secteurs des industries utilisatrices (60%) et des fournisseurs d\u2019emballage (40%) tous secteurs confondus, de toutes tailles et de diff\u00e9rents pays. <\/p>\n<p>En ressort la n\u00e9cessit\u00e9 d\u2019une transition \u00e9cologique&nbsp;: 88% estiment, en effet, comme enjeu prioritaire l\u2019utilisation d\u2019emballages plus respectueux de l\u2019environnement, pouss\u00e9s par les attentes des consommateurs (69%), les b\u00e9n\u00e9fices en termes d\u2019image (56%) et les changements de l\u00e9gislation (49%). Des freins persistent pourtant&nbsp;: le co\u00fbt des mat\u00e9riaux (63%), leur disponibilit\u00e9 (43%), et leur qualit\u00e9 (43%).<\/p>\n<p><img decoding=\"async\" src=\"https:\/\/www.emballagedigest.fr\/dotclear\/images\/2022\/BONUS\/juil\/all4pack_article2.jpg\" alt=\"Texte Alternatif\" style=\"float:left; margin: 0 1em 1em 0;\" \/><\/p>\n<p>Le papier\/carton (77%) et le plastique (73%) restent les principaux mat\u00e9riaux utilis\u00e9s pour les emballages. Les biomat\u00e9riaux sont encore peu utilis\u00e9s (18%). Cependant, leur utilisation devrait progresser&nbsp;: 37% des sond\u00e9s d\u00e9clarent vouloir commencer \u00e0 utiliser des biomat\u00e9riaux dans les deux ans \u00e0 venir. En parall\u00e8le, 46% des d\u00e9cideurs interrog\u00e9s d\u00e9clarent vouloir faire davantage appel au papier et au carton, sans pour autant arr\u00eater compl\u00e9tement l\u2019usage du plastique (5%). <\/p>\n<p><em>Reproduction interdite sauf accord \u00e9crit d&rsquo;Emballage Digest ou mention du support<\/em><\/p>","protected":false},"excerpt":{"rendered":"<p>A quelques mois du All4Pack Emballage Paris, qui se tiendra du 21 au 24 novembre \u00e0 Paris Nord Villepinte, les organisateurs ont lanc\u00e9 une \u00e9tude d\u2019opinion aupr\u00e8s de la communaut\u00e9 du salon pour sonder leur vision quant \u00e0 l\u2019\u00e9volution des mat\u00e9riaux d\u2019emballage.<\/p>","protected":false},"author":1,"featured_media":34128,"comment_status":"closed","ping_status":"closed","sticky":false,"template":"","format":"standard","meta":{"_acf_changed":false,"inline_featured_image":false,"iawp_total_views":0,"footnotes":""},"categories":[11,9],"tags":[],"class_list":["post-24128","post","type-post","status-publish","format-standard","has-post-thumbnail","hentry","category-emballages","category-materiel"],"acf":[],"yoast_head":"<!-- This site is optimized with the Yoast SEO plugin v24.4 - https:\/\/yoast.com\/wordpress\/plugins\/seo\/ -->\n<title>Les mat\u00e9riaux d\u2019emballage vus par les professionnels - Emballage Digest<\/title>\n<meta name=\"robots\" content=\"index, follow, max-snippet:-1, max-image-preview:large, max-video-preview:-1\" \/>\n<link rel=\"canonical\" href=\"https:\/\/www.emballagedigest.fr\/en\/les-materiaux-d-emballage-vus-par-les-professionnels\/\" \/>\n<meta property=\"og:locale\" content=\"en_GB\" \/>\n<meta property=\"og:type\" content=\"article\" \/>\n<meta property=\"og:title\" content=\"Les mat\u00e9riaux d\u2019emballage vus par les professionnels - Emballage Digest\" \/>\n<meta property=\"og:description\" content=\"A quelques mois du All4Pack Emballage Paris, qui se tiendra du 21 au 24 novembre \u00e0 Paris Nord Villepinte, les organisateurs ont lanc\u00e9 une \u00e9tude d\u2019opinion aupr\u00e8s de la communaut\u00e9 du salon pour sonder leur vision quant \u00e0 l\u2019\u00e9volution des mat\u00e9riaux d\u2019emballage.\" \/>\n<meta property=\"og:url\" content=\"https:\/\/www.emballagedigest.fr\/en\/les-materiaux-d-emballage-vus-par-les-professionnels\/\" \/>\n<meta property=\"og:site_name\" content=\"Emballage Digest\" \/>\n<meta property=\"article:published_time\" content=\"2022-07-04T07:12:19+00:00\" \/>\n<meta name=\"author\" content=\"admin_thopel\" \/>\n<meta name=\"twitter:card\" content=\"summary_large_image\" \/>\n<meta name=\"twitter:label1\" content=\"Written by\" \/>\n\t<meta name=\"twitter:data1\" content=\"admin_thopel\" \/>\n\t<meta name=\"twitter:label2\" content=\"Estimated reading time\" \/>\n\t<meta name=\"twitter:data2\" content=\"1 minute\" \/>\n<script type=\"application\/ld+json\" class=\"yoast-schema-graph\">{\"@context\":\"https:\/\/schema.org\",\"@graph\":[{\"@type\":\"Article\",\"@id\":\"https:\/\/www.emballagedigest.fr\/les-materiaux-d-emballage-vus-par-les-professionnels\/#article\",\"isPartOf\":{\"@id\":\"https:\/\/www.emballagedigest.fr\/les-materiaux-d-emballage-vus-par-les-professionnels\/\"},\"author\":{\"name\":\"admin_thopel\",\"@id\":\"https:\/\/www.emballagedigest.fr\/#\/schema\/person\/d01fbac1f378e2f5e4096082cdf68ae5\"},\"headline\":\"Les mat\u00e9riaux d\u2019emballage vus par les professionnels\",\"datePublished\":\"2022-07-04T07:12:19+00:00\",\"mainEntityOfPage\":{\"@id\":\"https:\/\/www.emballagedigest.fr\/les-materiaux-d-emballage-vus-par-les-professionnels\/\"},\"wordCount\":235,\"publisher\":{\"@id\":\"https:\/\/www.emballagedigest.fr\/#organization\"},\"image\":{\"@id\":\"https:\/\/www.emballagedigest.fr\/les-materiaux-d-emballage-vus-par-les-professionnels\/#primaryimage\"},\"thumbnailUrl\":\"https:\/\/www.emballagedigest.fr\/wp-content\/uploads\/dotclear\/images\/2022\/BONUS\/juil\/all4pack_article1.jpg\",\"articleSection\":[\"Emballages\",\"Mat\u00e9riel\"],\"inLanguage\":\"en-GB\"},{\"@type\":\"WebPage\",\"@id\":\"https:\/\/www.emballagedigest.fr\/les-materiaux-d-emballage-vus-par-les-professionnels\/\",\"url\":\"https:\/\/www.emballagedigest.fr\/les-materiaux-d-emballage-vus-par-les-professionnels\/\",\"name\":\"Les mat\u00e9riaux d\u2019emballage vus par les professionnels - Emballage Digest\",\"isPartOf\":{\"@id\":\"https:\/\/www.emballagedigest.fr\/#website\"},\"primaryImageOfPage\":{\"@id\":\"https:\/\/www.emballagedigest.fr\/les-materiaux-d-emballage-vus-par-les-professionnels\/#primaryimage\"},\"image\":{\"@id\":\"https:\/\/www.emballagedigest.fr\/les-materiaux-d-emballage-vus-par-les-professionnels\/#primaryimage\"},\"thumbnailUrl\":\"https:\/\/www.emballagedigest.fr\/wp-content\/uploads\/dotclear\/images\/2022\/BONUS\/juil\/all4pack_article1.jpg\",\"datePublished\":\"2022-07-04T07:12:19+00:00\",\"breadcrumb\":{\"@id\":\"https:\/\/www.emballagedigest.fr\/les-materiaux-d-emballage-vus-par-les-professionnels\/#breadcrumb\"},\"inLanguage\":\"en-GB\",\"potentialAction\":[{\"@type\":\"ReadAction\",\"target\":[\"https:\/\/www.emballagedigest.fr\/les-materiaux-d-emballage-vus-par-les-professionnels\/\"]}]},{\"@type\":\"ImageObject\",\"inLanguage\":\"en-GB\",\"@id\":\"https:\/\/www.emballagedigest.fr\/les-materiaux-d-emballage-vus-par-les-professionnels\/#primaryimage\",\"url\":\"https:\/\/www.emballagedigest.fr\/wp-content\/uploads\/dotclear\/images\/2022\/BONUS\/juil\/all4pack_article1.jpg\",\"contentUrl\":\"https:\/\/www.emballagedigest.fr\/wp-content\/uploads\/dotclear\/images\/2022\/BONUS\/juil\/all4pack_article1.jpg\"},{\"@type\":\"BreadcrumbList\",\"@id\":\"https:\/\/www.emballagedigest.fr\/les-materiaux-d-emballage-vus-par-les-professionnels\/#breadcrumb\",\"itemListElement\":[{\"@type\":\"ListItem\",\"position\":1,\"name\":\"Accueil\",\"item\":\"https:\/\/www.emballagedigest.fr\/\"},{\"@type\":\"ListItem\",\"position\":2,\"name\":\"Les mat\u00e9riaux d\u2019emballage vus par les professionnels\"}]},{\"@type\":\"WebSite\",\"@id\":\"https:\/\/www.emballagedigest.fr\/#website\",\"url\":\"https:\/\/www.emballagedigest.fr\/\",\"name\":\"Emballage Digest\",\"description\":\"Revue professionnelle sur les emballages\",\"publisher\":{\"@id\":\"https:\/\/www.emballagedigest.fr\/#organization\"},\"potentialAction\":[{\"@type\":\"SearchAction\",\"target\":{\"@type\":\"EntryPoint\",\"urlTemplate\":\"https:\/\/www.emballagedigest.fr\/?s={search_term_string}\"},\"query-input\":{\"@type\":\"PropertyValueSpecification\",\"valueRequired\":true,\"valueName\":\"search_term_string\"}}],\"inLanguage\":\"en-GB\"},{\"@type\":\"Organization\",\"@id\":\"https:\/\/www.emballagedigest.fr\/#organization\",\"name\":\"Emballage Digest\",\"url\":\"https:\/\/www.emballagedigest.fr\/\",\"logo\":{\"@type\":\"ImageObject\",\"inLanguage\":\"en-GB\",\"@id\":\"https:\/\/www.emballagedigest.fr\/#\/schema\/logo\/image\/\",\"url\":\"https:\/\/www.emballagedigest.fr\/wp-content\/uploads\/2022\/07\/logo-ed.png\",\"contentUrl\":\"https:\/\/www.emballagedigest.fr\/wp-content\/uploads\/2022\/07\/logo-ed.png\",\"width\":379,\"height\":75,\"caption\":\"Emballage Digest\"},\"image\":{\"@id\":\"https:\/\/www.emballagedigest.fr\/#\/schema\/logo\/image\/\"}},{\"@type\":\"Person\",\"@id\":\"https:\/\/www.emballagedigest.fr\/#\/schema\/person\/d01fbac1f378e2f5e4096082cdf68ae5\",\"name\":\"admin_thopel\",\"image\":{\"@type\":\"ImageObject\",\"inLanguage\":\"en-GB\",\"@id\":\"https:\/\/www.emballagedigest.fr\/#\/schema\/person\/image\/\",\"url\":\"https:\/\/secure.gravatar.com\/avatar\/6cf644f6475359b596b81b10a64f989df38f1238649f7e33f97f69519e42dfbf?s=96&d=mm&r=g\",\"contentUrl\":\"https:\/\/secure.gravatar.com\/avatar\/6cf644f6475359b596b81b10a64f989df38f1238649f7e33f97f69519e42dfbf?s=96&d=mm&r=g\",\"caption\":\"admin_thopel\"},\"sameAs\":[\"http:\/\/localhost:8787\/emballage_digest\"],\"url\":\"https:\/\/www.emballagedigest.fr\/en\/author\/admin_thopel\/\"}]}<\/script>\n<!-- \/ Yoast SEO plugin. -->","yoast_head_json":{"title":"Les mat\u00e9riaux d\u2019emballage vus par les professionnels - Emballage Digest","robots":{"index":"index","follow":"follow","max-snippet":"max-snippet:-1","max-image-preview":"max-image-preview:large","max-video-preview":"max-video-preview:-1"},"canonical":"https:\/\/www.emballagedigest.fr\/en\/les-materiaux-d-emballage-vus-par-les-professionnels\/","og_locale":"en_GB","og_type":"article","og_title":"Les mat\u00e9riaux d\u2019emballage vus par les professionnels - Emballage Digest","og_description":"A quelques mois du All4Pack Emballage Paris, qui se tiendra du 21 au 24 novembre \u00e0 Paris Nord Villepinte, les organisateurs ont lanc\u00e9 une \u00e9tude d\u2019opinion aupr\u00e8s de la communaut\u00e9 du salon pour sonder leur vision quant \u00e0 l\u2019\u00e9volution des mat\u00e9riaux d\u2019emballage.","og_url":"https:\/\/www.emballagedigest.fr\/en\/les-materiaux-d-emballage-vus-par-les-professionnels\/","og_site_name":"Emballage Digest","article_published_time":"2022-07-04T07:12:19+00:00","author":"admin_thopel","twitter_card":"summary_large_image","twitter_misc":{"Written by":"admin_thopel","Estimated reading time":"1 minute"},"schema":{"@context":"https:\/\/schema.org","@graph":[{"@type":"Article","@id":"https:\/\/www.emballagedigest.fr\/les-materiaux-d-emballage-vus-par-les-professionnels\/#article","isPartOf":{"@id":"https:\/\/www.emballagedigest.fr\/les-materiaux-d-emballage-vus-par-les-professionnels\/"},"author":{"name":"admin_thopel","@id":"https:\/\/www.emballagedigest.fr\/#\/schema\/person\/d01fbac1f378e2f5e4096082cdf68ae5"},"headline":"Les mat\u00e9riaux d\u2019emballage vus par les professionnels","datePublished":"2022-07-04T07:12:19+00:00","mainEntityOfPage":{"@id":"https:\/\/www.emballagedigest.fr\/les-materiaux-d-emballage-vus-par-les-professionnels\/"},"wordCount":235,"publisher":{"@id":"https:\/\/www.emballagedigest.fr\/#organization"},"image":{"@id":"https:\/\/www.emballagedigest.fr\/les-materiaux-d-emballage-vus-par-les-professionnels\/#primaryimage"},"thumbnailUrl":"https:\/\/www.emballagedigest.fr\/wp-content\/uploads\/dotclear\/images\/2022\/BONUS\/juil\/all4pack_article1.jpg","articleSection":["Emballages","Mat\u00e9riel"],"inLanguage":"en-GB"},{"@type":"WebPage","@id":"https:\/\/www.emballagedigest.fr\/les-materiaux-d-emballage-vus-par-les-professionnels\/","url":"https:\/\/www.emballagedigest.fr\/les-materiaux-d-emballage-vus-par-les-professionnels\/","name":"Les mat\u00e9riaux d\u2019emballage vus par les professionnels - Emballage Digest","isPartOf":{"@id":"https:\/\/www.emballagedigest.fr\/#website"},"primaryImageOfPage":{"@id":"https:\/\/www.emballagedigest.fr\/les-materiaux-d-emballage-vus-par-les-professionnels\/#primaryimage"},"image":{"@id":"https:\/\/www.emballagedigest.fr\/les-materiaux-d-emballage-vus-par-les-professionnels\/#primaryimage"},"thumbnailUrl":"https:\/\/www.emballagedigest.fr\/wp-content\/uploads\/dotclear\/images\/2022\/BONUS\/juil\/all4pack_article1.jpg","datePublished":"2022-07-04T07:12:19+00:00","breadcrumb":{"@id":"https:\/\/www.emballagedigest.fr\/les-materiaux-d-emballage-vus-par-les-professionnels\/#breadcrumb"},"inLanguage":"en-GB","potentialAction":[{"@type":"ReadAction","target":["https:\/\/www.emballagedigest.fr\/les-materiaux-d-emballage-vus-par-les-professionnels\/"]}]},{"@type":"ImageObject","inLanguage":"en-GB","@id":"https:\/\/www.emballagedigest.fr\/les-materiaux-d-emballage-vus-par-les-professionnels\/#primaryimage","url":"https:\/\/www.emballagedigest.fr\/wp-content\/uploads\/dotclear\/images\/2022\/BONUS\/juil\/all4pack_article1.jpg","contentUrl":"https:\/\/www.emballagedigest.fr\/wp-content\/uploads\/dotclear\/images\/2022\/BONUS\/juil\/all4pack_article1.jpg"},{"@type":"BreadcrumbList","@id":"https:\/\/www.emballagedigest.fr\/les-materiaux-d-emballage-vus-par-les-professionnels\/#breadcrumb","itemListElement":[{"@type":"ListItem","position":1,"name":"Accueil","item":"https:\/\/www.emballagedigest.fr\/"},{"@type":"ListItem","position":2,"name":"Les mat\u00e9riaux d\u2019emballage vus par les professionnels"}]},{"@type":"WebSite","@id":"https:\/\/www.emballagedigest.fr\/#website","url":"https:\/\/www.emballagedigest.fr\/","name":"Emballage Digest","description":"Revue professionnelle sur les emballages","publisher":{"@id":"https:\/\/www.emballagedigest.fr\/#organization"},"potentialAction":[{"@type":"SearchAction","target":{"@type":"EntryPoint","urlTemplate":"https:\/\/www.emballagedigest.fr\/?s={search_term_string}"},"query-input":{"@type":"PropertyValueSpecification","valueRequired":true,"valueName":"search_term_string"}}],"inLanguage":"en-GB"},{"@type":"Organization","@id":"https:\/\/www.emballagedigest.fr\/#organization","name":"Emballage Digest","url":"https:\/\/www.emballagedigest.fr\/","logo":{"@type":"ImageObject","inLanguage":"en-GB","@id":"https:\/\/www.emballagedigest.fr\/#\/schema\/logo\/image\/","url":"https:\/\/www.emballagedigest.fr\/wp-content\/uploads\/2022\/07\/logo-ed.png","contentUrl":"https:\/\/www.emballagedigest.fr\/wp-content\/uploads\/2022\/07\/logo-ed.png","width":379,"height":75,"caption":"Emballage Digest"},"image":{"@id":"https:\/\/www.emballagedigest.fr\/#\/schema\/logo\/image\/"}},{"@type":"Person","@id":"https:\/\/www.emballagedigest.fr\/#\/schema\/person\/d01fbac1f378e2f5e4096082cdf68ae5","name":"admin_thopel","image":{"@type":"ImageObject","inLanguage":"en-GB","@id":"https:\/\/www.emballagedigest.fr\/#\/schema\/person\/image\/","url":"https:\/\/secure.gravatar.com\/avatar\/6cf644f6475359b596b81b10a64f989df38f1238649f7e33f97f69519e42dfbf?s=96&d=mm&r=g","contentUrl":"https:\/\/secure.gravatar.com\/avatar\/6cf644f6475359b596b81b10a64f989df38f1238649f7e33f97f69519e42dfbf?s=96&d=mm&r=g","caption":"admin_thopel"},"sameAs":["http:\/\/localhost:8787\/emballage_digest"],"url":"https:\/\/www.emballagedigest.fr\/en\/author\/admin_thopel\/"}]}},"_links":{"self":[{"href":"https:\/\/www.emballagedigest.fr\/en\/wp-json\/wp\/v2\/posts\/24128","targetHints":{"allow":["GET"]}}],"collection":[{"href":"https:\/\/www.emballagedigest.fr\/en\/wp-json\/wp\/v2\/posts"}],"about":[{"href":"https:\/\/www.emballagedigest.fr\/en\/wp-json\/wp\/v2\/types\/post"}],"author":[{"embeddable":true,"href":"https:\/\/www.emballagedigest.fr\/en\/wp-json\/wp\/v2\/users\/1"}],"replies":[{"embeddable":true,"href":"https:\/\/www.emballagedigest.fr\/en\/wp-json\/wp\/v2\/comments?post=24128"}],"version-history":[{"count":0,"href":"https:\/\/www.emballagedigest.fr\/en\/wp-json\/wp\/v2\/posts\/24128\/revisions"}],"wp:featuredmedia":[{"embeddable":true,"href":"https:\/\/www.emballagedigest.fr\/en\/wp-json\/wp\/v2\/media\/34128"}],"wp:attachment":[{"href":"https:\/\/www.emballagedigest.fr\/en\/wp-json\/wp\/v2\/media?parent=24128"}],"wp:term":[{"taxonomy":"category","embeddable":true,"href":"https:\/\/www.emballagedigest.fr\/en\/wp-json\/wp\/v2\/categories?post=24128"},{"taxonomy":"post_tag","embeddable":true,"href":"https:\/\/www.emballagedigest.fr\/en\/wp-json\/wp\/v2\/tags?post=24128"}],"curies":[{"name":"wp","href":"https:\/\/api.w.org\/{rel}","templated":true}]}}