{"id":24129,"date":"2022-07-04T07:15:59","date_gmt":"2022-07-04T07:15:59","guid":{"rendered":"https:\/\/www.emballagedigest.fr\/?p=24129"},"modified":"2022-07-04T07:15:59","modified_gmt":"2022-07-04T07:15:59","slug":"agriplas-sotralentz-packaging-lance-son-ecole-de-formation-interne","status":"publish","type":"post","link":"https:\/\/www.emballagedigest.fr\/en\/agriplas-sotralentz-packaging-lance-son-ecole-de-formation-interne\/","title":{"rendered":"Agriplas Sotralentz Packaging lance son \u00e9cole de formation interne"},"content":{"rendered":"<p>Afin de recruter ses futurs collaborateurs, Agriplas Sotralentz Packaging propose d\u00e8s la rentr\u00e9e d\u2019octobre 2022 une formation de six mois, alternant cours et s\u00e9jours en entreprise&nbsp;: les Plasti\u2019Classes. A la cl\u00e9&nbsp;? Un dipl\u00f4me reconnu par l\u2019Etat et une promesse d\u2019embauche en tant que Conducteur Machine en CDI sur l\u2019un des sites de l\u2019entreprise.<\/p>\n<p>\u00abL\u2019objectif est simple&nbsp;: recruter des candidats en recherche d\u2019emploi ou en reconversion professionnelle, et les former \u00e0 nos m\u00e9tiers et \u00e0 notre industrie\u00bb, explique Apolline Lecouvey, directrice RH chez Agriplas Sotralentz Packaging. L\u2019entreprise, sp\u00e9cialiste dans la fabrication d\u2019emballages industriels et pi\u00e8ces plastiques, ne manque en effet pas de postes \u00e0 pourvoir&nbsp;: \u00abnous cherchons une dizaine de profils pour int\u00e9grer ce parcours sur-mesure, jeunes ou moins jeunes, ayant un attrait pour les m\u00e9tiers techniques \u2013 m\u00e9caniques \u2013 industriels, et souhaitant rejoindre une entreprise solide, en plein d\u00e9veloppement, sur des m\u00e9tiers offrant des passerelles d\u2019\u00e9volutions professionnelles\u00bb, ajoute Apolline Lecouvey.<\/p>\n<p><img decoding=\"async\" src=\"https:\/\/www.emballagedigest.fr\/dotclear\/images\/2022\/BONUS\/juil\/agriplas_article2.jpg\" alt=\"Texte Alternatif\" style=\"float:left; margin: 0 1em 1em 0;\" \/><\/p>\n<p>Cette formation permettra aux \u00e9tudiants d\u2019obtenir un dipl\u00f4me reconnu par l\u2019Etat et les industriels&nbsp;: le CQP Plasturgie Conducteur d\u2019\u00e9quipement de fabrication. Elle se d\u00e9roulera sur une p\u00e9riode de six mois avec six semaines de cours et 18 semaines de formation en entreprise. Les cours, dispens\u00e9s par des intervenants de Via Industries et des experts m\u00e9tier Agriplas Sotralentz Packaging, auront lieu en itin\u00e9rance entre Alen\u00e7on, Oyonnax, Drulingen et Dinard, l\u2019entreprise prenant en charge les d\u00e9placements et l\u2019h\u00e9bergement. Les p\u00e9riodes en entreprise s\u2019effectueront sur l\u2019un des sites d\u2019Agriplas Sotralentz Packaging, \u00e0 Dinard, Bellegarde ou Drulingen, en fonction du lieu de r\u00e9sidence de chaque stagiaire. A la fin de la formation, celle-ci sera valid\u00e9e par un examen d\u2019une demi-journ\u00e9e en pr\u00e9sence d\u2019un \u00e9valuateur habilit\u00e9 par la Branche de la plasturgie et d\u2019un \u00e9valuateur interne Agriplas Sotralentz Packaging, avant qu\u2019un jury paritaire ne statue sur le dossier.<\/p>\n<p>Quel que soit leur \u00e2ge et leur parcours, les candidats int\u00e9ress\u00e9s peuvent envoyer leur candidature \u00e0 l\u2019adresse email suivante&nbsp;: <strong><a href=\"mailto:%63%65%6c%69%6e%65%2e%70%6c%61%6e%74%65%67%65%6e%65%73%74%40%72%6f%75%6c%6c%69%65%72%2e%63%6f%6d\">celine.plantegenest@roullier.com<\/a><\/strong><\/p>\n<p><em>Reproduction interdite sauf accord \u00e9crit d&rsquo;Emballage Digest ou mention du support<\/em><\/p>","protected":false},"excerpt":{"rendered":"<p>Afin de recruter ses futurs collaborateurs, Agriplas Sotralentz Packaging propose d\u00e8s la rentr\u00e9e d\u2019octobre 2022 une formation de six mois, alternant cours et s\u00e9jours en entreprise&nbsp;: les Plasti\u2019Classes. A la cl\u00e9&nbsp;? Un dipl\u00f4me reconnu par l\u2019Etat et une promesse d\u2019embauche en tant que Conducteur Machine en CDI sur l\u2019un des sites de l\u2019entreprise.<\/p>","protected":false},"author":1,"featured_media":34129,"comment_status":"closed","ping_status":"closed","sticky":false,"template":"","format":"standard","meta":{"_acf_changed":false,"inline_featured_image":false,"iawp_total_views":1,"footnotes":""},"categories":[],"tags":[],"class_list":["post-24129","post","type-post","status-publish","format-standard","has-post-thumbnail","hentry"],"acf":[],"yoast_head":"<!-- This site is optimized with the Yoast SEO plugin v24.4 - https:\/\/yoast.com\/wordpress\/plugins\/seo\/ -->\n<title>Agriplas Sotralentz Packaging lance son \u00e9cole de formation interne  - Emballage Digest<\/title>\n<meta name=\"robots\" content=\"index, follow, max-snippet:-1, max-image-preview:large, max-video-preview:-1\" \/>\n<link rel=\"canonical\" href=\"https:\/\/www.emballagedigest.fr\/en\/agriplas-sotralentz-packaging-lance-son-ecole-de-formation-interne\/\" \/>\n<meta property=\"og:locale\" content=\"en_GB\" \/>\n<meta property=\"og:type\" content=\"article\" \/>\n<meta property=\"og:title\" content=\"Agriplas Sotralentz Packaging lance son \u00e9cole de formation interne  - Emballage Digest\" \/>\n<meta property=\"og:description\" content=\"Afin de recruter ses futurs collaborateurs, Agriplas Sotralentz Packaging propose d\u00e8s la rentr\u00e9e d\u2019octobre 2022 une formation de six mois, alternant cours et s\u00e9jours en entreprise&nbsp;: les Plasti\u2019Classes. A la cl\u00e9&nbsp;? Un dipl\u00f4me reconnu par l\u2019Etat et une promesse d\u2019embauche en tant que Conducteur Machine en CDI sur l\u2019un des sites de l\u2019entreprise.\" \/>\n<meta property=\"og:url\" content=\"https:\/\/www.emballagedigest.fr\/en\/agriplas-sotralentz-packaging-lance-son-ecole-de-formation-interne\/\" \/>\n<meta property=\"og:site_name\" content=\"Emballage Digest\" \/>\n<meta property=\"article:published_time\" content=\"2022-07-04T07:15:59+00:00\" \/>\n<meta name=\"author\" content=\"admin_thopel\" \/>\n<meta name=\"twitter:card\" content=\"summary_large_image\" \/>\n<meta name=\"twitter:label1\" content=\"Written by\" \/>\n\t<meta name=\"twitter:data1\" content=\"admin_thopel\" \/>\n\t<meta name=\"twitter:label2\" content=\"Estimated reading time\" \/>\n\t<meta name=\"twitter:data2\" content=\"2 minutes\" \/>\n<script type=\"application\/ld+json\" class=\"yoast-schema-graph\">{\"@context\":\"https:\/\/schema.org\",\"@graph\":[{\"@type\":\"Article\",\"@id\":\"https:\/\/www.emballagedigest.fr\/agriplas-sotralentz-packaging-lance-son-ecole-de-formation-interne\/#article\",\"isPartOf\":{\"@id\":\"https:\/\/www.emballagedigest.fr\/agriplas-sotralentz-packaging-lance-son-ecole-de-formation-interne\/\"},\"author\":{\"name\":\"admin_thopel\",\"@id\":\"https:\/\/www.emballagedigest.fr\/#\/schema\/person\/d01fbac1f378e2f5e4096082cdf68ae5\"},\"headline\":\"Agriplas Sotralentz Packaging lance son \u00e9cole de formation interne\",\"datePublished\":\"2022-07-04T07:15:59+00:00\",\"mainEntityOfPage\":{\"@id\":\"https:\/\/www.emballagedigest.fr\/agriplas-sotralentz-packaging-lance-son-ecole-de-formation-interne\/\"},\"wordCount\":386,\"publisher\":{\"@id\":\"https:\/\/www.emballagedigest.fr\/#organization\"},\"image\":{\"@id\":\"https:\/\/www.emballagedigest.fr\/agriplas-sotralentz-packaging-lance-son-ecole-de-formation-interne\/#primaryimage\"},\"thumbnailUrl\":\"https:\/\/www.emballagedigest.fr\/wp-content\/uploads\/dotclear\/images\/2022\/BONUS\/juil\/agriplas_article1.jpg\",\"inLanguage\":\"en-GB\"},{\"@type\":\"WebPage\",\"@id\":\"https:\/\/www.emballagedigest.fr\/agriplas-sotralentz-packaging-lance-son-ecole-de-formation-interne\/\",\"url\":\"https:\/\/www.emballagedigest.fr\/agriplas-sotralentz-packaging-lance-son-ecole-de-formation-interne\/\",\"name\":\"Agriplas Sotralentz Packaging lance son \u00e9cole de formation interne - Emballage Digest\",\"isPartOf\":{\"@id\":\"https:\/\/www.emballagedigest.fr\/#website\"},\"primaryImageOfPage\":{\"@id\":\"https:\/\/www.emballagedigest.fr\/agriplas-sotralentz-packaging-lance-son-ecole-de-formation-interne\/#primaryimage\"},\"image\":{\"@id\":\"https:\/\/www.emballagedigest.fr\/agriplas-sotralentz-packaging-lance-son-ecole-de-formation-interne\/#primaryimage\"},\"thumbnailUrl\":\"https:\/\/www.emballagedigest.fr\/wp-content\/uploads\/dotclear\/images\/2022\/BONUS\/juil\/agriplas_article1.jpg\",\"datePublished\":\"2022-07-04T07:15:59+00:00\",\"breadcrumb\":{\"@id\":\"https:\/\/www.emballagedigest.fr\/agriplas-sotralentz-packaging-lance-son-ecole-de-formation-interne\/#breadcrumb\"},\"inLanguage\":\"en-GB\",\"potentialAction\":[{\"@type\":\"ReadAction\",\"target\":[\"https:\/\/www.emballagedigest.fr\/agriplas-sotralentz-packaging-lance-son-ecole-de-formation-interne\/\"]}]},{\"@type\":\"ImageObject\",\"inLanguage\":\"en-GB\",\"@id\":\"https:\/\/www.emballagedigest.fr\/agriplas-sotralentz-packaging-lance-son-ecole-de-formation-interne\/#primaryimage\",\"url\":\"https:\/\/www.emballagedigest.fr\/wp-content\/uploads\/dotclear\/images\/2022\/BONUS\/juil\/agriplas_article1.jpg\",\"contentUrl\":\"https:\/\/www.emballagedigest.fr\/wp-content\/uploads\/dotclear\/images\/2022\/BONUS\/juil\/agriplas_article1.jpg\"},{\"@type\":\"BreadcrumbList\",\"@id\":\"https:\/\/www.emballagedigest.fr\/agriplas-sotralentz-packaging-lance-son-ecole-de-formation-interne\/#breadcrumb\",\"itemListElement\":[{\"@type\":\"ListItem\",\"position\":1,\"name\":\"Accueil\",\"item\":\"https:\/\/www.emballagedigest.fr\/\"},{\"@type\":\"ListItem\",\"position\":2,\"name\":\"Agriplas Sotralentz Packaging lance son \u00e9cole de formation interne\"}]},{\"@type\":\"WebSite\",\"@id\":\"https:\/\/www.emballagedigest.fr\/#website\",\"url\":\"https:\/\/www.emballagedigest.fr\/\",\"name\":\"Emballage Digest\",\"description\":\"Revue professionnelle sur les emballages\",\"publisher\":{\"@id\":\"https:\/\/www.emballagedigest.fr\/#organization\"},\"potentialAction\":[{\"@type\":\"SearchAction\",\"target\":{\"@type\":\"EntryPoint\",\"urlTemplate\":\"https:\/\/www.emballagedigest.fr\/?s={search_term_string}\"},\"query-input\":{\"@type\":\"PropertyValueSpecification\",\"valueRequired\":true,\"valueName\":\"search_term_string\"}}],\"inLanguage\":\"en-GB\"},{\"@type\":\"Organization\",\"@id\":\"https:\/\/www.emballagedigest.fr\/#organization\",\"name\":\"Emballage Digest\",\"url\":\"https:\/\/www.emballagedigest.fr\/\",\"logo\":{\"@type\":\"ImageObject\",\"inLanguage\":\"en-GB\",\"@id\":\"https:\/\/www.emballagedigest.fr\/#\/schema\/logo\/image\/\",\"url\":\"https:\/\/www.emballagedigest.fr\/wp-content\/uploads\/2022\/07\/logo-ed.png\",\"contentUrl\":\"https:\/\/www.emballagedigest.fr\/wp-content\/uploads\/2022\/07\/logo-ed.png\",\"width\":379,\"height\":75,\"caption\":\"Emballage Digest\"},\"image\":{\"@id\":\"https:\/\/www.emballagedigest.fr\/#\/schema\/logo\/image\/\"}},{\"@type\":\"Person\",\"@id\":\"https:\/\/www.emballagedigest.fr\/#\/schema\/person\/d01fbac1f378e2f5e4096082cdf68ae5\",\"name\":\"admin_thopel\",\"image\":{\"@type\":\"ImageObject\",\"inLanguage\":\"en-GB\",\"@id\":\"https:\/\/www.emballagedigest.fr\/#\/schema\/person\/image\/\",\"url\":\"https:\/\/secure.gravatar.com\/avatar\/6cf644f6475359b596b81b10a64f989df38f1238649f7e33f97f69519e42dfbf?s=96&d=mm&r=g\",\"contentUrl\":\"https:\/\/secure.gravatar.com\/avatar\/6cf644f6475359b596b81b10a64f989df38f1238649f7e33f97f69519e42dfbf?s=96&d=mm&r=g\",\"caption\":\"admin_thopel\"},\"sameAs\":[\"http:\/\/localhost:8787\/emballage_digest\"],\"url\":\"https:\/\/www.emballagedigest.fr\/en\/author\/admin_thopel\/\"}]}<\/script>\n<!-- \/ Yoast SEO plugin. -->","yoast_head_json":{"title":"Agriplas Sotralentz Packaging lance son \u00e9cole de formation interne  - Emballage Digest","robots":{"index":"index","follow":"follow","max-snippet":"max-snippet:-1","max-image-preview":"max-image-preview:large","max-video-preview":"max-video-preview:-1"},"canonical":"https:\/\/www.emballagedigest.fr\/en\/agriplas-sotralentz-packaging-lance-son-ecole-de-formation-interne\/","og_locale":"en_GB","og_type":"article","og_title":"Agriplas Sotralentz Packaging lance son \u00e9cole de formation interne  - Emballage Digest","og_description":"Afin de recruter ses futurs collaborateurs, Agriplas Sotralentz Packaging propose d\u00e8s la rentr\u00e9e d\u2019octobre 2022 une formation de six mois, alternant cours et s\u00e9jours en entreprise&nbsp;: les Plasti\u2019Classes. A la cl\u00e9&nbsp;? Un dipl\u00f4me reconnu par l\u2019Etat et une promesse d\u2019embauche en tant que Conducteur Machine en CDI sur l\u2019un des sites de l\u2019entreprise.","og_url":"https:\/\/www.emballagedigest.fr\/en\/agriplas-sotralentz-packaging-lance-son-ecole-de-formation-interne\/","og_site_name":"Emballage Digest","article_published_time":"2022-07-04T07:15:59+00:00","author":"admin_thopel","twitter_card":"summary_large_image","twitter_misc":{"Written by":"admin_thopel","Estimated reading time":"2 minutes"},"schema":{"@context":"https:\/\/schema.org","@graph":[{"@type":"Article","@id":"https:\/\/www.emballagedigest.fr\/agriplas-sotralentz-packaging-lance-son-ecole-de-formation-interne\/#article","isPartOf":{"@id":"https:\/\/www.emballagedigest.fr\/agriplas-sotralentz-packaging-lance-son-ecole-de-formation-interne\/"},"author":{"name":"admin_thopel","@id":"https:\/\/www.emballagedigest.fr\/#\/schema\/person\/d01fbac1f378e2f5e4096082cdf68ae5"},"headline":"Agriplas Sotralentz Packaging lance son \u00e9cole de formation interne","datePublished":"2022-07-04T07:15:59+00:00","mainEntityOfPage":{"@id":"https:\/\/www.emballagedigest.fr\/agriplas-sotralentz-packaging-lance-son-ecole-de-formation-interne\/"},"wordCount":386,"publisher":{"@id":"https:\/\/www.emballagedigest.fr\/#organization"},"image":{"@id":"https:\/\/www.emballagedigest.fr\/agriplas-sotralentz-packaging-lance-son-ecole-de-formation-interne\/#primaryimage"},"thumbnailUrl":"https:\/\/www.emballagedigest.fr\/wp-content\/uploads\/dotclear\/images\/2022\/BONUS\/juil\/agriplas_article1.jpg","inLanguage":"en-GB"},{"@type":"WebPage","@id":"https:\/\/www.emballagedigest.fr\/agriplas-sotralentz-packaging-lance-son-ecole-de-formation-interne\/","url":"https:\/\/www.emballagedigest.fr\/agriplas-sotralentz-packaging-lance-son-ecole-de-formation-interne\/","name":"Agriplas Sotralentz Packaging lance son \u00e9cole de formation interne - Emballage Digest","isPartOf":{"@id":"https:\/\/www.emballagedigest.fr\/#website"},"primaryImageOfPage":{"@id":"https:\/\/www.emballagedigest.fr\/agriplas-sotralentz-packaging-lance-son-ecole-de-formation-interne\/#primaryimage"},"image":{"@id":"https:\/\/www.emballagedigest.fr\/agriplas-sotralentz-packaging-lance-son-ecole-de-formation-interne\/#primaryimage"},"thumbnailUrl":"https:\/\/www.emballagedigest.fr\/wp-content\/uploads\/dotclear\/images\/2022\/BONUS\/juil\/agriplas_article1.jpg","datePublished":"2022-07-04T07:15:59+00:00","breadcrumb":{"@id":"https:\/\/www.emballagedigest.fr\/agriplas-sotralentz-packaging-lance-son-ecole-de-formation-interne\/#breadcrumb"},"inLanguage":"en-GB","potentialAction":[{"@type":"ReadAction","target":["https:\/\/www.emballagedigest.fr\/agriplas-sotralentz-packaging-lance-son-ecole-de-formation-interne\/"]}]},{"@type":"ImageObject","inLanguage":"en-GB","@id":"https:\/\/www.emballagedigest.fr\/agriplas-sotralentz-packaging-lance-son-ecole-de-formation-interne\/#primaryimage","url":"https:\/\/www.emballagedigest.fr\/wp-content\/uploads\/dotclear\/images\/2022\/BONUS\/juil\/agriplas_article1.jpg","contentUrl":"https:\/\/www.emballagedigest.fr\/wp-content\/uploads\/dotclear\/images\/2022\/BONUS\/juil\/agriplas_article1.jpg"},{"@type":"BreadcrumbList","@id":"https:\/\/www.emballagedigest.fr\/agriplas-sotralentz-packaging-lance-son-ecole-de-formation-interne\/#breadcrumb","itemListElement":[{"@type":"ListItem","position":1,"name":"Accueil","item":"https:\/\/www.emballagedigest.fr\/"},{"@type":"ListItem","position":2,"name":"Agriplas Sotralentz Packaging lance son \u00e9cole de formation interne"}]},{"@type":"WebSite","@id":"https:\/\/www.emballagedigest.fr\/#website","url":"https:\/\/www.emballagedigest.fr\/","name":"Emballage Digest","description":"Revue professionnelle sur les emballages","publisher":{"@id":"https:\/\/www.emballagedigest.fr\/#organization"},"potentialAction":[{"@type":"SearchAction","target":{"@type":"EntryPoint","urlTemplate":"https:\/\/www.emballagedigest.fr\/?s={search_term_string}"},"query-input":{"@type":"PropertyValueSpecification","valueRequired":true,"valueName":"search_term_string"}}],"inLanguage":"en-GB"},{"@type":"Organization","@id":"https:\/\/www.emballagedigest.fr\/#organization","name":"Emballage Digest","url":"https:\/\/www.emballagedigest.fr\/","logo":{"@type":"ImageObject","inLanguage":"en-GB","@id":"https:\/\/www.emballagedigest.fr\/#\/schema\/logo\/image\/","url":"https:\/\/www.emballagedigest.fr\/wp-content\/uploads\/2022\/07\/logo-ed.png","contentUrl":"https:\/\/www.emballagedigest.fr\/wp-content\/uploads\/2022\/07\/logo-ed.png","width":379,"height":75,"caption":"Emballage Digest"},"image":{"@id":"https:\/\/www.emballagedigest.fr\/#\/schema\/logo\/image\/"}},{"@type":"Person","@id":"https:\/\/www.emballagedigest.fr\/#\/schema\/person\/d01fbac1f378e2f5e4096082cdf68ae5","name":"admin_thopel","image":{"@type":"ImageObject","inLanguage":"en-GB","@id":"https:\/\/www.emballagedigest.fr\/#\/schema\/person\/image\/","url":"https:\/\/secure.gravatar.com\/avatar\/6cf644f6475359b596b81b10a64f989df38f1238649f7e33f97f69519e42dfbf?s=96&d=mm&r=g","contentUrl":"https:\/\/secure.gravatar.com\/avatar\/6cf644f6475359b596b81b10a64f989df38f1238649f7e33f97f69519e42dfbf?s=96&d=mm&r=g","caption":"admin_thopel"},"sameAs":["http:\/\/localhost:8787\/emballage_digest"],"url":"https:\/\/www.emballagedigest.fr\/en\/author\/admin_thopel\/"}]}},"_links":{"self":[{"href":"https:\/\/www.emballagedigest.fr\/en\/wp-json\/wp\/v2\/posts\/24129","targetHints":{"allow":["GET"]}}],"collection":[{"href":"https:\/\/www.emballagedigest.fr\/en\/wp-json\/wp\/v2\/posts"}],"about":[{"href":"https:\/\/www.emballagedigest.fr\/en\/wp-json\/wp\/v2\/types\/post"}],"author":[{"embeddable":true,"href":"https:\/\/www.emballagedigest.fr\/en\/wp-json\/wp\/v2\/users\/1"}],"replies":[{"embeddable":true,"href":"https:\/\/www.emballagedigest.fr\/en\/wp-json\/wp\/v2\/comments?post=24129"}],"version-history":[{"count":0,"href":"https:\/\/www.emballagedigest.fr\/en\/wp-json\/wp\/v2\/posts\/24129\/revisions"}],"wp:featuredmedia":[{"embeddable":true,"href":"https:\/\/www.emballagedigest.fr\/en\/wp-json\/wp\/v2\/media\/34129"}],"wp:attachment":[{"href":"https:\/\/www.emballagedigest.fr\/en\/wp-json\/wp\/v2\/media?parent=24129"}],"wp:term":[{"taxonomy":"category","embeddable":true,"href":"https:\/\/www.emballagedigest.fr\/en\/wp-json\/wp\/v2\/categories?post=24129"},{"taxonomy":"post_tag","embeddable":true,"href":"https:\/\/www.emballagedigest.fr\/en\/wp-json\/wp\/v2\/tags?post=24129"}],"curies":[{"name":"wp","href":"https:\/\/api.w.org\/{rel}","templated":true}]}}