{"id":24131,"date":"2022-07-05T07:18:26","date_gmt":"2022-07-05T07:18:26","guid":{"rendered":"https:\/\/www.emballagedigest.fr\/?p=24131"},"modified":"2022-07-04T21:18:38","modified_gmt":"2022-07-04T21:18:38","slug":"teisseire-fait-appel-a-verallia-pour-sa-nouvelle-bouteille","status":"publish","type":"post","link":"https:\/\/www.emballagedigest.fr\/en\/teisseire-fait-appel-a-verallia-pour-sa-nouvelle-bouteille\/","title":{"rendered":"Teisseire fait appel \u00e0 Verallia pour sa nouvelle bouteille"},"content":{"rendered":"<p>Teisseire lance sa nouveaut\u00e9 2022 \u00ab&nbsp;Fruits \u00e0 Diluer \u00bb dans une bouteille en verre exclusive. Le nouveau design verrier se distingue par son allure \u00e9lanc\u00e9e et conique, le jable prononc\u00e9 est habill\u00e9 d\u2019une gravure qui rappelle les lignes du logo en forme de feuille Teisseire. La bouteille est le fruit du concept \u00ab&nbsp;Ideas by Verallia \u00bb, une collaboration entre Verallia et l\u2019agence de design Terre Neuve.<\/p>\n<p>Le contenant de 48 cl est produit en France \u00e0 l\u2019usine Verallia de Chalon-sur-Sa\u00f4ne, \u00e0 280 km seulement du site Teisseire de Crolles. Pour r\u00e9duire l\u2019empreinte CO2 de l\u2019emballage, la bouteille en verre blanc int\u00e8gre du calcin (verre recycl\u00e9) issu de la collecte de verre m\u00e9nager.<\/p>\n<p>Avec environ 10 000 collaborateurs et 32 usines verri\u00e8res dans 11 pays, Verallia produit plus de 16 milliards de bouteilles et pots en verre et a r\u00e9alis\u00e9 2,7 milliards d\u2019euros de chiffre d\u2019affaires en 2021.<\/p>\n<p><em>Reproduction interdite sauf accord \u00e9crit d&rsquo;Emballage Digest ou mention du support<\/em><\/p>","protected":false},"excerpt":{"rendered":"<p>Teisseire lance sa nouveaut\u00e9 2022 \u00ab&nbsp;Fruits \u00e0 Diluer \u00bb dans une bouteille en verre exclusive. Le nouveau design verrier se distingue par son allure \u00e9lanc\u00e9e et conique, le jable prononc\u00e9 est habill\u00e9 d\u2019une gravure qui rappelle les lignes du logo en forme de feuille Teisseire. La bouteille est le fruit du concept \u00ab&nbsp;Ideas by Verallia \u00bb, une collaboration entre Verallia et l\u2019agence de design Terre Neuve.<\/p>","protected":false},"author":1,"featured_media":34131,"comment_status":"closed","ping_status":"closed","sticky":false,"template":"","format":"standard","meta":{"_acf_changed":false,"inline_featured_image":false,"iawp_total_views":0,"footnotes":""},"categories":[],"tags":[],"class_list":["post-24131","post","type-post","status-publish","format-standard","has-post-thumbnail","hentry"],"acf":[],"yoast_head":"<!-- This site is optimized with the Yoast SEO plugin v24.4 - https:\/\/yoast.com\/wordpress\/plugins\/seo\/ -->\n<title>Teisseire fait appel \u00e0 Verallia pour sa nouvelle bouteille - Emballage Digest<\/title>\n<meta name=\"robots\" content=\"index, follow, max-snippet:-1, max-image-preview:large, max-video-preview:-1\" \/>\n<link rel=\"canonical\" href=\"https:\/\/www.emballagedigest.fr\/en\/teisseire-fait-appel-a-verallia-pour-sa-nouvelle-bouteille\/\" \/>\n<meta property=\"og:locale\" content=\"en_GB\" \/>\n<meta property=\"og:type\" content=\"article\" \/>\n<meta property=\"og:title\" content=\"Teisseire fait appel \u00e0 Verallia pour sa nouvelle bouteille - Emballage Digest\" \/>\n<meta property=\"og:description\" content=\"Teisseire lance sa nouveaut\u00e9 2022 \u00ab&nbsp;Fruits \u00e0 Diluer \u00bb dans une bouteille en verre exclusive. Le nouveau design verrier se distingue par son allure \u00e9lanc\u00e9e et conique, le jable prononc\u00e9 est habill\u00e9 d\u2019une gravure qui rappelle les lignes du logo en forme de feuille Teisseire. La bouteille est le fruit du concept \u00ab&nbsp;Ideas by Verallia \u00bb, une collaboration entre Verallia et l\u2019agence de design Terre Neuve.\" \/>\n<meta property=\"og:url\" content=\"https:\/\/www.emballagedigest.fr\/en\/teisseire-fait-appel-a-verallia-pour-sa-nouvelle-bouteille\/\" \/>\n<meta property=\"og:site_name\" content=\"Emballage Digest\" \/>\n<meta property=\"article:published_time\" content=\"2022-07-05T07:18:26+00:00\" \/>\n<meta name=\"author\" content=\"admin_thopel\" \/>\n<meta name=\"twitter:card\" content=\"summary_large_image\" \/>\n<meta name=\"twitter:label1\" content=\"Written by\" \/>\n\t<meta name=\"twitter:data1\" content=\"admin_thopel\" \/>\n\t<meta name=\"twitter:label2\" content=\"Estimated reading time\" \/>\n\t<meta name=\"twitter:data2\" content=\"1 minute\" \/>\n<script type=\"application\/ld+json\" class=\"yoast-schema-graph\">{\"@context\":\"https:\/\/schema.org\",\"@graph\":[{\"@type\":\"Article\",\"@id\":\"https:\/\/www.emballagedigest.fr\/teisseire-fait-appel-a-verallia-pour-sa-nouvelle-bouteille\/#article\",\"isPartOf\":{\"@id\":\"https:\/\/www.emballagedigest.fr\/teisseire-fait-appel-a-verallia-pour-sa-nouvelle-bouteille\/\"},\"author\":{\"name\":\"admin_thopel\",\"@id\":\"https:\/\/www.emballagedigest.fr\/#\/schema\/person\/d01fbac1f378e2f5e4096082cdf68ae5\"},\"headline\":\"Teisseire fait appel \u00e0 Verallia pour sa nouvelle bouteille\",\"datePublished\":\"2022-07-05T07:18:26+00:00\",\"mainEntityOfPage\":{\"@id\":\"https:\/\/www.emballagedigest.fr\/teisseire-fait-appel-a-verallia-pour-sa-nouvelle-bouteille\/\"},\"wordCount\":168,\"publisher\":{\"@id\":\"https:\/\/www.emballagedigest.fr\/#organization\"},\"image\":{\"@id\":\"https:\/\/www.emballagedigest.fr\/teisseire-fait-appel-a-verallia-pour-sa-nouvelle-bouteille\/#primaryimage\"},\"thumbnailUrl\":\"https:\/\/www.emballagedigest.fr\/wp-content\/uploads\/dotclear\/images\/2022\/BONUS\/juil\/teisseire_article.jpg\",\"inLanguage\":\"en-GB\"},{\"@type\":\"WebPage\",\"@id\":\"https:\/\/www.emballagedigest.fr\/teisseire-fait-appel-a-verallia-pour-sa-nouvelle-bouteille\/\",\"url\":\"https:\/\/www.emballagedigest.fr\/teisseire-fait-appel-a-verallia-pour-sa-nouvelle-bouteille\/\",\"name\":\"Teisseire fait appel \u00e0 Verallia pour sa nouvelle bouteille - Emballage Digest\",\"isPartOf\":{\"@id\":\"https:\/\/www.emballagedigest.fr\/#website\"},\"primaryImageOfPage\":{\"@id\":\"https:\/\/www.emballagedigest.fr\/teisseire-fait-appel-a-verallia-pour-sa-nouvelle-bouteille\/#primaryimage\"},\"image\":{\"@id\":\"https:\/\/www.emballagedigest.fr\/teisseire-fait-appel-a-verallia-pour-sa-nouvelle-bouteille\/#primaryimage\"},\"thumbnailUrl\":\"https:\/\/www.emballagedigest.fr\/wp-content\/uploads\/dotclear\/images\/2022\/BONUS\/juil\/teisseire_article.jpg\",\"datePublished\":\"2022-07-05T07:18:26+00:00\",\"breadcrumb\":{\"@id\":\"https:\/\/www.emballagedigest.fr\/teisseire-fait-appel-a-verallia-pour-sa-nouvelle-bouteille\/#breadcrumb\"},\"inLanguage\":\"en-GB\",\"potentialAction\":[{\"@type\":\"ReadAction\",\"target\":[\"https:\/\/www.emballagedigest.fr\/teisseire-fait-appel-a-verallia-pour-sa-nouvelle-bouteille\/\"]}]},{\"@type\":\"ImageObject\",\"inLanguage\":\"en-GB\",\"@id\":\"https:\/\/www.emballagedigest.fr\/teisseire-fait-appel-a-verallia-pour-sa-nouvelle-bouteille\/#primaryimage\",\"url\":\"https:\/\/www.emballagedigest.fr\/wp-content\/uploads\/dotclear\/images\/2022\/BONUS\/juil\/teisseire_article.jpg\",\"contentUrl\":\"https:\/\/www.emballagedigest.fr\/wp-content\/uploads\/dotclear\/images\/2022\/BONUS\/juil\/teisseire_article.jpg\"},{\"@type\":\"BreadcrumbList\",\"@id\":\"https:\/\/www.emballagedigest.fr\/teisseire-fait-appel-a-verallia-pour-sa-nouvelle-bouteille\/#breadcrumb\",\"itemListElement\":[{\"@type\":\"ListItem\",\"position\":1,\"name\":\"Accueil\",\"item\":\"https:\/\/www.emballagedigest.fr\/\"},{\"@type\":\"ListItem\",\"position\":2,\"name\":\"Teisseire fait appel \u00e0 Verallia pour sa nouvelle bouteille\"}]},{\"@type\":\"WebSite\",\"@id\":\"https:\/\/www.emballagedigest.fr\/#website\",\"url\":\"https:\/\/www.emballagedigest.fr\/\",\"name\":\"Emballage Digest\",\"description\":\"Revue professionnelle sur les emballages\",\"publisher\":{\"@id\":\"https:\/\/www.emballagedigest.fr\/#organization\"},\"potentialAction\":[{\"@type\":\"SearchAction\",\"target\":{\"@type\":\"EntryPoint\",\"urlTemplate\":\"https:\/\/www.emballagedigest.fr\/?s={search_term_string}\"},\"query-input\":{\"@type\":\"PropertyValueSpecification\",\"valueRequired\":true,\"valueName\":\"search_term_string\"}}],\"inLanguage\":\"en-GB\"},{\"@type\":\"Organization\",\"@id\":\"https:\/\/www.emballagedigest.fr\/#organization\",\"name\":\"Emballage Digest\",\"url\":\"https:\/\/www.emballagedigest.fr\/\",\"logo\":{\"@type\":\"ImageObject\",\"inLanguage\":\"en-GB\",\"@id\":\"https:\/\/www.emballagedigest.fr\/#\/schema\/logo\/image\/\",\"url\":\"https:\/\/www.emballagedigest.fr\/wp-content\/uploads\/2022\/07\/logo-ed.png\",\"contentUrl\":\"https:\/\/www.emballagedigest.fr\/wp-content\/uploads\/2022\/07\/logo-ed.png\",\"width\":379,\"height\":75,\"caption\":\"Emballage Digest\"},\"image\":{\"@id\":\"https:\/\/www.emballagedigest.fr\/#\/schema\/logo\/image\/\"}},{\"@type\":\"Person\",\"@id\":\"https:\/\/www.emballagedigest.fr\/#\/schema\/person\/d01fbac1f378e2f5e4096082cdf68ae5\",\"name\":\"admin_thopel\",\"image\":{\"@type\":\"ImageObject\",\"inLanguage\":\"en-GB\",\"@id\":\"https:\/\/www.emballagedigest.fr\/#\/schema\/person\/image\/\",\"url\":\"https:\/\/secure.gravatar.com\/avatar\/6cf644f6475359b596b81b10a64f989df38f1238649f7e33f97f69519e42dfbf?s=96&d=mm&r=g\",\"contentUrl\":\"https:\/\/secure.gravatar.com\/avatar\/6cf644f6475359b596b81b10a64f989df38f1238649f7e33f97f69519e42dfbf?s=96&d=mm&r=g\",\"caption\":\"admin_thopel\"},\"sameAs\":[\"http:\/\/localhost:8787\/emballage_digest\"],\"url\":\"https:\/\/www.emballagedigest.fr\/en\/author\/admin_thopel\/\"}]}<\/script>\n<!-- \/ Yoast SEO plugin. -->","yoast_head_json":{"title":"Teisseire fait appel \u00e0 Verallia pour sa nouvelle bouteille - Emballage Digest","robots":{"index":"index","follow":"follow","max-snippet":"max-snippet:-1","max-image-preview":"max-image-preview:large","max-video-preview":"max-video-preview:-1"},"canonical":"https:\/\/www.emballagedigest.fr\/en\/teisseire-fait-appel-a-verallia-pour-sa-nouvelle-bouteille\/","og_locale":"en_GB","og_type":"article","og_title":"Teisseire fait appel \u00e0 Verallia pour sa nouvelle bouteille - Emballage Digest","og_description":"Teisseire lance sa nouveaut\u00e9 2022 \u00ab&nbsp;Fruits \u00e0 Diluer \u00bb dans une bouteille en verre exclusive. Le nouveau design verrier se distingue par son allure \u00e9lanc\u00e9e et conique, le jable prononc\u00e9 est habill\u00e9 d\u2019une gravure qui rappelle les lignes du logo en forme de feuille Teisseire. La bouteille est le fruit du concept \u00ab&nbsp;Ideas by Verallia \u00bb, une collaboration entre Verallia et l\u2019agence de design Terre Neuve.","og_url":"https:\/\/www.emballagedigest.fr\/en\/teisseire-fait-appel-a-verallia-pour-sa-nouvelle-bouteille\/","og_site_name":"Emballage Digest","article_published_time":"2022-07-05T07:18:26+00:00","author":"admin_thopel","twitter_card":"summary_large_image","twitter_misc":{"Written by":"admin_thopel","Estimated reading time":"1 minute"},"schema":{"@context":"https:\/\/schema.org","@graph":[{"@type":"Article","@id":"https:\/\/www.emballagedigest.fr\/teisseire-fait-appel-a-verallia-pour-sa-nouvelle-bouteille\/#article","isPartOf":{"@id":"https:\/\/www.emballagedigest.fr\/teisseire-fait-appel-a-verallia-pour-sa-nouvelle-bouteille\/"},"author":{"name":"admin_thopel","@id":"https:\/\/www.emballagedigest.fr\/#\/schema\/person\/d01fbac1f378e2f5e4096082cdf68ae5"},"headline":"Teisseire fait appel \u00e0 Verallia pour sa nouvelle bouteille","datePublished":"2022-07-05T07:18:26+00:00","mainEntityOfPage":{"@id":"https:\/\/www.emballagedigest.fr\/teisseire-fait-appel-a-verallia-pour-sa-nouvelle-bouteille\/"},"wordCount":168,"publisher":{"@id":"https:\/\/www.emballagedigest.fr\/#organization"},"image":{"@id":"https:\/\/www.emballagedigest.fr\/teisseire-fait-appel-a-verallia-pour-sa-nouvelle-bouteille\/#primaryimage"},"thumbnailUrl":"https:\/\/www.emballagedigest.fr\/wp-content\/uploads\/dotclear\/images\/2022\/BONUS\/juil\/teisseire_article.jpg","inLanguage":"en-GB"},{"@type":"WebPage","@id":"https:\/\/www.emballagedigest.fr\/teisseire-fait-appel-a-verallia-pour-sa-nouvelle-bouteille\/","url":"https:\/\/www.emballagedigest.fr\/teisseire-fait-appel-a-verallia-pour-sa-nouvelle-bouteille\/","name":"Teisseire fait appel \u00e0 Verallia pour sa nouvelle bouteille - Emballage Digest","isPartOf":{"@id":"https:\/\/www.emballagedigest.fr\/#website"},"primaryImageOfPage":{"@id":"https:\/\/www.emballagedigest.fr\/teisseire-fait-appel-a-verallia-pour-sa-nouvelle-bouteille\/#primaryimage"},"image":{"@id":"https:\/\/www.emballagedigest.fr\/teisseire-fait-appel-a-verallia-pour-sa-nouvelle-bouteille\/#primaryimage"},"thumbnailUrl":"https:\/\/www.emballagedigest.fr\/wp-content\/uploads\/dotclear\/images\/2022\/BONUS\/juil\/teisseire_article.jpg","datePublished":"2022-07-05T07:18:26+00:00","breadcrumb":{"@id":"https:\/\/www.emballagedigest.fr\/teisseire-fait-appel-a-verallia-pour-sa-nouvelle-bouteille\/#breadcrumb"},"inLanguage":"en-GB","potentialAction":[{"@type":"ReadAction","target":["https:\/\/www.emballagedigest.fr\/teisseire-fait-appel-a-verallia-pour-sa-nouvelle-bouteille\/"]}]},{"@type":"ImageObject","inLanguage":"en-GB","@id":"https:\/\/www.emballagedigest.fr\/teisseire-fait-appel-a-verallia-pour-sa-nouvelle-bouteille\/#primaryimage","url":"https:\/\/www.emballagedigest.fr\/wp-content\/uploads\/dotclear\/images\/2022\/BONUS\/juil\/teisseire_article.jpg","contentUrl":"https:\/\/www.emballagedigest.fr\/wp-content\/uploads\/dotclear\/images\/2022\/BONUS\/juil\/teisseire_article.jpg"},{"@type":"BreadcrumbList","@id":"https:\/\/www.emballagedigest.fr\/teisseire-fait-appel-a-verallia-pour-sa-nouvelle-bouteille\/#breadcrumb","itemListElement":[{"@type":"ListItem","position":1,"name":"Accueil","item":"https:\/\/www.emballagedigest.fr\/"},{"@type":"ListItem","position":2,"name":"Teisseire fait appel \u00e0 Verallia pour sa nouvelle bouteille"}]},{"@type":"WebSite","@id":"https:\/\/www.emballagedigest.fr\/#website","url":"https:\/\/www.emballagedigest.fr\/","name":"Emballage Digest","description":"Revue professionnelle sur les emballages","publisher":{"@id":"https:\/\/www.emballagedigest.fr\/#organization"},"potentialAction":[{"@type":"SearchAction","target":{"@type":"EntryPoint","urlTemplate":"https:\/\/www.emballagedigest.fr\/?s={search_term_string}"},"query-input":{"@type":"PropertyValueSpecification","valueRequired":true,"valueName":"search_term_string"}}],"inLanguage":"en-GB"},{"@type":"Organization","@id":"https:\/\/www.emballagedigest.fr\/#organization","name":"Emballage Digest","url":"https:\/\/www.emballagedigest.fr\/","logo":{"@type":"ImageObject","inLanguage":"en-GB","@id":"https:\/\/www.emballagedigest.fr\/#\/schema\/logo\/image\/","url":"https:\/\/www.emballagedigest.fr\/wp-content\/uploads\/2022\/07\/logo-ed.png","contentUrl":"https:\/\/www.emballagedigest.fr\/wp-content\/uploads\/2022\/07\/logo-ed.png","width":379,"height":75,"caption":"Emballage Digest"},"image":{"@id":"https:\/\/www.emballagedigest.fr\/#\/schema\/logo\/image\/"}},{"@type":"Person","@id":"https:\/\/www.emballagedigest.fr\/#\/schema\/person\/d01fbac1f378e2f5e4096082cdf68ae5","name":"admin_thopel","image":{"@type":"ImageObject","inLanguage":"en-GB","@id":"https:\/\/www.emballagedigest.fr\/#\/schema\/person\/image\/","url":"https:\/\/secure.gravatar.com\/avatar\/6cf644f6475359b596b81b10a64f989df38f1238649f7e33f97f69519e42dfbf?s=96&d=mm&r=g","contentUrl":"https:\/\/secure.gravatar.com\/avatar\/6cf644f6475359b596b81b10a64f989df38f1238649f7e33f97f69519e42dfbf?s=96&d=mm&r=g","caption":"admin_thopel"},"sameAs":["http:\/\/localhost:8787\/emballage_digest"],"url":"https:\/\/www.emballagedigest.fr\/en\/author\/admin_thopel\/"}]}},"_links":{"self":[{"href":"https:\/\/www.emballagedigest.fr\/en\/wp-json\/wp\/v2\/posts\/24131","targetHints":{"allow":["GET"]}}],"collection":[{"href":"https:\/\/www.emballagedigest.fr\/en\/wp-json\/wp\/v2\/posts"}],"about":[{"href":"https:\/\/www.emballagedigest.fr\/en\/wp-json\/wp\/v2\/types\/post"}],"author":[{"embeddable":true,"href":"https:\/\/www.emballagedigest.fr\/en\/wp-json\/wp\/v2\/users\/1"}],"replies":[{"embeddable":true,"href":"https:\/\/www.emballagedigest.fr\/en\/wp-json\/wp\/v2\/comments?post=24131"}],"version-history":[{"count":0,"href":"https:\/\/www.emballagedigest.fr\/en\/wp-json\/wp\/v2\/posts\/24131\/revisions"}],"wp:featuredmedia":[{"embeddable":true,"href":"https:\/\/www.emballagedigest.fr\/en\/wp-json\/wp\/v2\/media\/34131"}],"wp:attachment":[{"href":"https:\/\/www.emballagedigest.fr\/en\/wp-json\/wp\/v2\/media?parent=24131"}],"wp:term":[{"taxonomy":"category","embeddable":true,"href":"https:\/\/www.emballagedigest.fr\/en\/wp-json\/wp\/v2\/categories?post=24131"},{"taxonomy":"post_tag","embeddable":true,"href":"https:\/\/www.emballagedigest.fr\/en\/wp-json\/wp\/v2\/tags?post=24131"}],"curies":[{"name":"wp","href":"https:\/\/api.w.org\/{rel}","templated":true}]}}