{"id":24132,"date":"2022-07-06T06:54:18","date_gmt":"2022-07-06T06:54:18","guid":{"rendered":"https:\/\/www.emballagedigest.fr\/?p=24132"},"modified":"2022-07-05T21:54:30","modified_gmt":"2022-07-05T21:54:30","slug":"nouvelle-co-presidence-pour-l-association-epal","status":"publish","type":"post","link":"https:\/\/www.emballagedigest.fr\/en\/nouvelle-co-presidence-pour-l-association-epal\/","title":{"rendered":"Nouvelle co-pr\u00e9sidence pour l\u2019association EPAL"},"content":{"rendered":"<p>Le 24 juin \u00e0 Zurich, l\u2019Assembl\u00e9e G\u00e9n\u00e9rale de l\u2019European Pallet Association (EPAL) a \u00e9lu Dirk Hoferer et Jarek Maci\u0105\u017cek en tant que nouveaux pr\u00e9sidents de l\u2019EPAL. Ils copr\u00e9sideront l\u2019EPAL pour les trois ann\u00e9es \u00e0 venir. Tous deux \u00e9taient d\u00e9j\u00e0 vice-pr\u00e9sidents de l\u2019EPAL et repr\u00e9sentants des Comit\u00e9s Nationaux de l\u2019Allemagne et de la Pologne au sein du Comit\u00e9 de Direction de l\u2019EPAL.<\/p>\n<p>D\u00e9sormais \u00e0 la t\u00eate de l\u2019EPAL, Jarek Maci\u0105\u017cek et Dirk Hoferer sont deux repr\u00e9sentants exp\u00e9riment\u00e9s du secteur des palettes. Jarek Maci\u0105\u017cek \u00e9tait, pendant de nombreuses ann\u00e9es, membre du comit\u00e9 de direction de la soci\u00e9t\u00e9 Palettenwerk en Pologne, l\u2019un des plus gros fabricants de palettes en Europe. Quant \u00e0 Dirk Hoferer, il est propri\u00e9taire et directeur g\u00e9n\u00e9ral de la soci\u00e9t\u00e9 Treyer Paletten en Allemagne, qui a \u00e9t\u00e9 l\u2019un des premiers titulaires de licence de l\u2019EPAL.<\/p>\n<p>Dirk Hoferer et Jarek Maci\u0105\u017cek succ\u00e8dent \u00e0 Robert Holliger, qui a effectu\u00e9 quatre mandats \u00e0 la pr\u00e9sidence de l\u2019EPAL, de 2010 \u00e0 2022. Durant cette p\u00e9riode, le nombre de palettes Europe EPAL neuves fabriqu\u00e9es annuellement est pass\u00e9 d\u2019environ 65 millions \u00e0 plus de 100 millions en 2021. <\/p>\n<p>\u00abSous la pr\u00e9sidence de Robert Holliger, le pool des palettes Europe EPAL est devenu le plus grand pool d\u2019\u00e9change de palettes ouvert au monde\u00bb, soulignent Dirk Hoferer et Jarek Maci\u0105\u017cek. \u00abNous voulons continuer sur cette voie et asseoir l\u2019EPAL en tant qu\u2019organisation moderne et pivot central de la logistique des transports et de marchandises. Au nom du Comit\u00e9 de Direction et de l\u2019ensemble des membres de l\u2019EPAL, nous remercions Robert Holliger pour ces longues ann\u00e9es d\u2019un engagement fort au service de l\u2019EPAL\u00bb.<\/p>\n<p><em>Reproduction interdite sauf accord \u00e9crit d&rsquo;Emballage Digest ou mention du support<\/em><\/p>","protected":false},"excerpt":{"rendered":"<p>Le 24 juin \u00e0 Zurich, l\u2019Assembl\u00e9e G\u00e9n\u00e9rale de l\u2019European Pallet Association (EPAL) a \u00e9lu Dirk Hoferer et Jarek Maci\u0105\u017cek en tant que nouveaux pr\u00e9sidents de l\u2019EPAL. Ils copr\u00e9sideront l\u2019EPAL pour les trois ann\u00e9es \u00e0 venir. Tous deux \u00e9taient d\u00e9j\u00e0 vice-pr\u00e9sidents de l\u2019EPAL et repr\u00e9sentants des Comit\u00e9s Nationaux de l\u2019Allemagne et de la Pologne au sein du Comit\u00e9 de Direction de l\u2019EPAL.<\/p>","protected":false},"author":1,"featured_media":34132,"comment_status":"closed","ping_status":"closed","sticky":false,"template":"","format":"standard","meta":{"_acf_changed":false,"inline_featured_image":false,"iawp_total_views":0,"footnotes":""},"categories":[],"tags":[],"class_list":["post-24132","post","type-post","status-publish","format-standard","has-post-thumbnail","hentry"],"acf":[],"yoast_head":"<!-- This site is optimized with the Yoast SEO plugin v24.4 - https:\/\/yoast.com\/wordpress\/plugins\/seo\/ -->\n<title>Nouvelle co-pr\u00e9sidence pour l\u2019association EPAL - Emballage Digest<\/title>\n<meta name=\"robots\" content=\"index, follow, max-snippet:-1, max-image-preview:large, max-video-preview:-1\" \/>\n<link rel=\"canonical\" href=\"https:\/\/www.emballagedigest.fr\/en\/nouvelle-co-presidence-pour-l-association-epal\/\" \/>\n<meta property=\"og:locale\" content=\"en_GB\" \/>\n<meta property=\"og:type\" content=\"article\" \/>\n<meta property=\"og:title\" content=\"Nouvelle co-pr\u00e9sidence pour l\u2019association EPAL - Emballage Digest\" \/>\n<meta property=\"og:description\" content=\"Le 24 juin \u00e0 Zurich, l\u2019Assembl\u00e9e G\u00e9n\u00e9rale de l\u2019European Pallet Association (EPAL) a \u00e9lu Dirk Hoferer et Jarek Maci\u0105\u017cek en tant que nouveaux pr\u00e9sidents de l\u2019EPAL. Ils copr\u00e9sideront l\u2019EPAL pour les trois ann\u00e9es \u00e0 venir. Tous deux \u00e9taient d\u00e9j\u00e0 vice-pr\u00e9sidents de l\u2019EPAL et repr\u00e9sentants des Comit\u00e9s Nationaux de l\u2019Allemagne et de la Pologne au sein du Comit\u00e9 de Direction de l\u2019EPAL.\" \/>\n<meta property=\"og:url\" content=\"https:\/\/www.emballagedigest.fr\/en\/nouvelle-co-presidence-pour-l-association-epal\/\" \/>\n<meta property=\"og:site_name\" content=\"Emballage Digest\" \/>\n<meta property=\"article:published_time\" content=\"2022-07-06T06:54:18+00:00\" \/>\n<meta name=\"author\" content=\"admin_thopel\" \/>\n<meta name=\"twitter:card\" content=\"summary_large_image\" \/>\n<meta name=\"twitter:label1\" content=\"Written by\" \/>\n\t<meta name=\"twitter:data1\" content=\"admin_thopel\" \/>\n\t<meta name=\"twitter:label2\" content=\"Estimated reading time\" \/>\n\t<meta name=\"twitter:data2\" content=\"2 minutes\" \/>\n<script type=\"application\/ld+json\" class=\"yoast-schema-graph\">{\"@context\":\"https:\/\/schema.org\",\"@graph\":[{\"@type\":\"Article\",\"@id\":\"https:\/\/www.emballagedigest.fr\/nouvelle-co-presidence-pour-l-association-epal\/#article\",\"isPartOf\":{\"@id\":\"https:\/\/www.emballagedigest.fr\/nouvelle-co-presidence-pour-l-association-epal\/\"},\"author\":{\"name\":\"admin_thopel\",\"@id\":\"https:\/\/www.emballagedigest.fr\/#\/schema\/person\/d01fbac1f378e2f5e4096082cdf68ae5\"},\"headline\":\"Nouvelle co-pr\u00e9sidence pour l\u2019association EPAL\",\"datePublished\":\"2022-07-06T06:54:18+00:00\",\"mainEntityOfPage\":{\"@id\":\"https:\/\/www.emballagedigest.fr\/nouvelle-co-presidence-pour-l-association-epal\/\"},\"wordCount\":321,\"publisher\":{\"@id\":\"https:\/\/www.emballagedigest.fr\/#organization\"},\"image\":{\"@id\":\"https:\/\/www.emballagedigest.fr\/nouvelle-co-presidence-pour-l-association-epal\/#primaryimage\"},\"thumbnailUrl\":\"https:\/\/www.emballagedigest.fr\/wp-content\/uploads\/dotclear\/images\/2022\/BONUS\/juil\/epal_article.jpg\",\"inLanguage\":\"en-GB\"},{\"@type\":\"WebPage\",\"@id\":\"https:\/\/www.emballagedigest.fr\/nouvelle-co-presidence-pour-l-association-epal\/\",\"url\":\"https:\/\/www.emballagedigest.fr\/nouvelle-co-presidence-pour-l-association-epal\/\",\"name\":\"Nouvelle co-pr\u00e9sidence pour l\u2019association EPAL - Emballage Digest\",\"isPartOf\":{\"@id\":\"https:\/\/www.emballagedigest.fr\/#website\"},\"primaryImageOfPage\":{\"@id\":\"https:\/\/www.emballagedigest.fr\/nouvelle-co-presidence-pour-l-association-epal\/#primaryimage\"},\"image\":{\"@id\":\"https:\/\/www.emballagedigest.fr\/nouvelle-co-presidence-pour-l-association-epal\/#primaryimage\"},\"thumbnailUrl\":\"https:\/\/www.emballagedigest.fr\/wp-content\/uploads\/dotclear\/images\/2022\/BONUS\/juil\/epal_article.jpg\",\"datePublished\":\"2022-07-06T06:54:18+00:00\",\"breadcrumb\":{\"@id\":\"https:\/\/www.emballagedigest.fr\/nouvelle-co-presidence-pour-l-association-epal\/#breadcrumb\"},\"inLanguage\":\"en-GB\",\"potentialAction\":[{\"@type\":\"ReadAction\",\"target\":[\"https:\/\/www.emballagedigest.fr\/nouvelle-co-presidence-pour-l-association-epal\/\"]}]},{\"@type\":\"ImageObject\",\"inLanguage\":\"en-GB\",\"@id\":\"https:\/\/www.emballagedigest.fr\/nouvelle-co-presidence-pour-l-association-epal\/#primaryimage\",\"url\":\"https:\/\/www.emballagedigest.fr\/wp-content\/uploads\/dotclear\/images\/2022\/BONUS\/juil\/epal_article.jpg\",\"contentUrl\":\"https:\/\/www.emballagedigest.fr\/wp-content\/uploads\/dotclear\/images\/2022\/BONUS\/juil\/epal_article.jpg\"},{\"@type\":\"BreadcrumbList\",\"@id\":\"https:\/\/www.emballagedigest.fr\/nouvelle-co-presidence-pour-l-association-epal\/#breadcrumb\",\"itemListElement\":[{\"@type\":\"ListItem\",\"position\":1,\"name\":\"Accueil\",\"item\":\"https:\/\/www.emballagedigest.fr\/\"},{\"@type\":\"ListItem\",\"position\":2,\"name\":\"Nouvelle co-pr\u00e9sidence pour l\u2019association EPAL\"}]},{\"@type\":\"WebSite\",\"@id\":\"https:\/\/www.emballagedigest.fr\/#website\",\"url\":\"https:\/\/www.emballagedigest.fr\/\",\"name\":\"Emballage Digest\",\"description\":\"Revue professionnelle sur les emballages\",\"publisher\":{\"@id\":\"https:\/\/www.emballagedigest.fr\/#organization\"},\"potentialAction\":[{\"@type\":\"SearchAction\",\"target\":{\"@type\":\"EntryPoint\",\"urlTemplate\":\"https:\/\/www.emballagedigest.fr\/?s={search_term_string}\"},\"query-input\":{\"@type\":\"PropertyValueSpecification\",\"valueRequired\":true,\"valueName\":\"search_term_string\"}}],\"inLanguage\":\"en-GB\"},{\"@type\":\"Organization\",\"@id\":\"https:\/\/www.emballagedigest.fr\/#organization\",\"name\":\"Emballage Digest\",\"url\":\"https:\/\/www.emballagedigest.fr\/\",\"logo\":{\"@type\":\"ImageObject\",\"inLanguage\":\"en-GB\",\"@id\":\"https:\/\/www.emballagedigest.fr\/#\/schema\/logo\/image\/\",\"url\":\"https:\/\/www.emballagedigest.fr\/wp-content\/uploads\/2022\/07\/logo-ed.png\",\"contentUrl\":\"https:\/\/www.emballagedigest.fr\/wp-content\/uploads\/2022\/07\/logo-ed.png\",\"width\":379,\"height\":75,\"caption\":\"Emballage Digest\"},\"image\":{\"@id\":\"https:\/\/www.emballagedigest.fr\/#\/schema\/logo\/image\/\"}},{\"@type\":\"Person\",\"@id\":\"https:\/\/www.emballagedigest.fr\/#\/schema\/person\/d01fbac1f378e2f5e4096082cdf68ae5\",\"name\":\"admin_thopel\",\"image\":{\"@type\":\"ImageObject\",\"inLanguage\":\"en-GB\",\"@id\":\"https:\/\/www.emballagedigest.fr\/#\/schema\/person\/image\/\",\"url\":\"https:\/\/secure.gravatar.com\/avatar\/6cf644f6475359b596b81b10a64f989df38f1238649f7e33f97f69519e42dfbf?s=96&d=mm&r=g\",\"contentUrl\":\"https:\/\/secure.gravatar.com\/avatar\/6cf644f6475359b596b81b10a64f989df38f1238649f7e33f97f69519e42dfbf?s=96&d=mm&r=g\",\"caption\":\"admin_thopel\"},\"sameAs\":[\"http:\/\/localhost:8787\/emballage_digest\"],\"url\":\"https:\/\/www.emballagedigest.fr\/en\/author\/admin_thopel\/\"}]}<\/script>\n<!-- \/ Yoast SEO plugin. -->","yoast_head_json":{"title":"Nouvelle co-pr\u00e9sidence pour l\u2019association EPAL - Emballage Digest","robots":{"index":"index","follow":"follow","max-snippet":"max-snippet:-1","max-image-preview":"max-image-preview:large","max-video-preview":"max-video-preview:-1"},"canonical":"https:\/\/www.emballagedigest.fr\/en\/nouvelle-co-presidence-pour-l-association-epal\/","og_locale":"en_GB","og_type":"article","og_title":"Nouvelle co-pr\u00e9sidence pour l\u2019association EPAL - Emballage Digest","og_description":"Le 24 juin \u00e0 Zurich, l\u2019Assembl\u00e9e G\u00e9n\u00e9rale de l\u2019European Pallet Association (EPAL) a \u00e9lu Dirk Hoferer et Jarek Maci\u0105\u017cek en tant que nouveaux pr\u00e9sidents de l\u2019EPAL. Ils copr\u00e9sideront l\u2019EPAL pour les trois ann\u00e9es \u00e0 venir. Tous deux \u00e9taient d\u00e9j\u00e0 vice-pr\u00e9sidents de l\u2019EPAL et repr\u00e9sentants des Comit\u00e9s Nationaux de l\u2019Allemagne et de la Pologne au sein du Comit\u00e9 de Direction de l\u2019EPAL.","og_url":"https:\/\/www.emballagedigest.fr\/en\/nouvelle-co-presidence-pour-l-association-epal\/","og_site_name":"Emballage Digest","article_published_time":"2022-07-06T06:54:18+00:00","author":"admin_thopel","twitter_card":"summary_large_image","twitter_misc":{"Written by":"admin_thopel","Estimated reading time":"2 minutes"},"schema":{"@context":"https:\/\/schema.org","@graph":[{"@type":"Article","@id":"https:\/\/www.emballagedigest.fr\/nouvelle-co-presidence-pour-l-association-epal\/#article","isPartOf":{"@id":"https:\/\/www.emballagedigest.fr\/nouvelle-co-presidence-pour-l-association-epal\/"},"author":{"name":"admin_thopel","@id":"https:\/\/www.emballagedigest.fr\/#\/schema\/person\/d01fbac1f378e2f5e4096082cdf68ae5"},"headline":"Nouvelle co-pr\u00e9sidence pour l\u2019association EPAL","datePublished":"2022-07-06T06:54:18+00:00","mainEntityOfPage":{"@id":"https:\/\/www.emballagedigest.fr\/nouvelle-co-presidence-pour-l-association-epal\/"},"wordCount":321,"publisher":{"@id":"https:\/\/www.emballagedigest.fr\/#organization"},"image":{"@id":"https:\/\/www.emballagedigest.fr\/nouvelle-co-presidence-pour-l-association-epal\/#primaryimage"},"thumbnailUrl":"https:\/\/www.emballagedigest.fr\/wp-content\/uploads\/dotclear\/images\/2022\/BONUS\/juil\/epal_article.jpg","inLanguage":"en-GB"},{"@type":"WebPage","@id":"https:\/\/www.emballagedigest.fr\/nouvelle-co-presidence-pour-l-association-epal\/","url":"https:\/\/www.emballagedigest.fr\/nouvelle-co-presidence-pour-l-association-epal\/","name":"Nouvelle co-pr\u00e9sidence pour l\u2019association EPAL - Emballage Digest","isPartOf":{"@id":"https:\/\/www.emballagedigest.fr\/#website"},"primaryImageOfPage":{"@id":"https:\/\/www.emballagedigest.fr\/nouvelle-co-presidence-pour-l-association-epal\/#primaryimage"},"image":{"@id":"https:\/\/www.emballagedigest.fr\/nouvelle-co-presidence-pour-l-association-epal\/#primaryimage"},"thumbnailUrl":"https:\/\/www.emballagedigest.fr\/wp-content\/uploads\/dotclear\/images\/2022\/BONUS\/juil\/epal_article.jpg","datePublished":"2022-07-06T06:54:18+00:00","breadcrumb":{"@id":"https:\/\/www.emballagedigest.fr\/nouvelle-co-presidence-pour-l-association-epal\/#breadcrumb"},"inLanguage":"en-GB","potentialAction":[{"@type":"ReadAction","target":["https:\/\/www.emballagedigest.fr\/nouvelle-co-presidence-pour-l-association-epal\/"]}]},{"@type":"ImageObject","inLanguage":"en-GB","@id":"https:\/\/www.emballagedigest.fr\/nouvelle-co-presidence-pour-l-association-epal\/#primaryimage","url":"https:\/\/www.emballagedigest.fr\/wp-content\/uploads\/dotclear\/images\/2022\/BONUS\/juil\/epal_article.jpg","contentUrl":"https:\/\/www.emballagedigest.fr\/wp-content\/uploads\/dotclear\/images\/2022\/BONUS\/juil\/epal_article.jpg"},{"@type":"BreadcrumbList","@id":"https:\/\/www.emballagedigest.fr\/nouvelle-co-presidence-pour-l-association-epal\/#breadcrumb","itemListElement":[{"@type":"ListItem","position":1,"name":"Accueil","item":"https:\/\/www.emballagedigest.fr\/"},{"@type":"ListItem","position":2,"name":"Nouvelle co-pr\u00e9sidence pour l\u2019association EPAL"}]},{"@type":"WebSite","@id":"https:\/\/www.emballagedigest.fr\/#website","url":"https:\/\/www.emballagedigest.fr\/","name":"Emballage Digest","description":"Revue professionnelle sur les emballages","publisher":{"@id":"https:\/\/www.emballagedigest.fr\/#organization"},"potentialAction":[{"@type":"SearchAction","target":{"@type":"EntryPoint","urlTemplate":"https:\/\/www.emballagedigest.fr\/?s={search_term_string}"},"query-input":{"@type":"PropertyValueSpecification","valueRequired":true,"valueName":"search_term_string"}}],"inLanguage":"en-GB"},{"@type":"Organization","@id":"https:\/\/www.emballagedigest.fr\/#organization","name":"Emballage Digest","url":"https:\/\/www.emballagedigest.fr\/","logo":{"@type":"ImageObject","inLanguage":"en-GB","@id":"https:\/\/www.emballagedigest.fr\/#\/schema\/logo\/image\/","url":"https:\/\/www.emballagedigest.fr\/wp-content\/uploads\/2022\/07\/logo-ed.png","contentUrl":"https:\/\/www.emballagedigest.fr\/wp-content\/uploads\/2022\/07\/logo-ed.png","width":379,"height":75,"caption":"Emballage Digest"},"image":{"@id":"https:\/\/www.emballagedigest.fr\/#\/schema\/logo\/image\/"}},{"@type":"Person","@id":"https:\/\/www.emballagedigest.fr\/#\/schema\/person\/d01fbac1f378e2f5e4096082cdf68ae5","name":"admin_thopel","image":{"@type":"ImageObject","inLanguage":"en-GB","@id":"https:\/\/www.emballagedigest.fr\/#\/schema\/person\/image\/","url":"https:\/\/secure.gravatar.com\/avatar\/6cf644f6475359b596b81b10a64f989df38f1238649f7e33f97f69519e42dfbf?s=96&d=mm&r=g","contentUrl":"https:\/\/secure.gravatar.com\/avatar\/6cf644f6475359b596b81b10a64f989df38f1238649f7e33f97f69519e42dfbf?s=96&d=mm&r=g","caption":"admin_thopel"},"sameAs":["http:\/\/localhost:8787\/emballage_digest"],"url":"https:\/\/www.emballagedigest.fr\/en\/author\/admin_thopel\/"}]}},"_links":{"self":[{"href":"https:\/\/www.emballagedigest.fr\/en\/wp-json\/wp\/v2\/posts\/24132","targetHints":{"allow":["GET"]}}],"collection":[{"href":"https:\/\/www.emballagedigest.fr\/en\/wp-json\/wp\/v2\/posts"}],"about":[{"href":"https:\/\/www.emballagedigest.fr\/en\/wp-json\/wp\/v2\/types\/post"}],"author":[{"embeddable":true,"href":"https:\/\/www.emballagedigest.fr\/en\/wp-json\/wp\/v2\/users\/1"}],"replies":[{"embeddable":true,"href":"https:\/\/www.emballagedigest.fr\/en\/wp-json\/wp\/v2\/comments?post=24132"}],"version-history":[{"count":0,"href":"https:\/\/www.emballagedigest.fr\/en\/wp-json\/wp\/v2\/posts\/24132\/revisions"}],"wp:featuredmedia":[{"embeddable":true,"href":"https:\/\/www.emballagedigest.fr\/en\/wp-json\/wp\/v2\/media\/34132"}],"wp:attachment":[{"href":"https:\/\/www.emballagedigest.fr\/en\/wp-json\/wp\/v2\/media?parent=24132"}],"wp:term":[{"taxonomy":"category","embeddable":true,"href":"https:\/\/www.emballagedigest.fr\/en\/wp-json\/wp\/v2\/categories?post=24132"},{"taxonomy":"post_tag","embeddable":true,"href":"https:\/\/www.emballagedigest.fr\/en\/wp-json\/wp\/v2\/tags?post=24132"}],"curies":[{"name":"wp","href":"https:\/\/api.w.org\/{rel}","templated":true}]}}