{"id":24136,"date":"2022-07-08T07:39:03","date_gmt":"2022-07-08T07:39:03","guid":{"rendered":"https:\/\/www.emballagedigest.fr\/?p=24136"},"modified":"2022-07-08T07:39:03","modified_gmt":"2022-07-08T07:39:03","slug":"prp-creation-place-sous-redressement-judiciaire","status":"publish","type":"post","link":"https:\/\/www.emballagedigest.fr\/en\/prp-creation-place-sous-redressement-judiciaire\/","title":{"rendered":"PRP Creation plac\u00e9 sous redressement judiciaire"},"content":{"rendered":"<p>Le Covid-19 aura eu raison de PRP Cr\u00e9ation \u00e0 Oyonnax. Forte baisse d\u2019activit\u00e9, ralentissement du plan d\u2019investissement et difficult\u00e9s d\u2019approvisionnement viennent perturber le business plan \u00ab&nbsp;Horizon 2025 \u00bb de la soci\u00e9t\u00e9, avec un impact fort sur sa tr\u00e9sorerie. Pour pr\u00e9server ses effectifs (150 salari\u00e9s) et poursuivre son activit\u00e9, la direction de PRP Creation a donc d\u00e9cid\u00e9 de placer, depuis le mercredi 6 juillet, l\u2019entreprise sous la protection du tribunal de commerce de Bourg-en-Bresse. Ceci dans un objectif de pr\u00e9senter tr\u00e8s rapidement un plan de redressement avec un \u00e9talement des dettes de l\u2019entreprise.<\/p>\n<p><img decoding=\"async\" src=\"https:\/\/www.emballagedigest.fr\/dotclear\/images\/2022\/BONUS\/juil\/prp_article2.jpg\" alt=\"Texte Alternatif\" style=\"float:right; margin: 0 0 1em 1em;\" \/>Une situation qualifi\u00e9e d\u2019ubuesque qui aurait pu \u00eatre \u00e9vit\u00e9e selon Jo\u00ebl Viry (photo), son pr\u00e9sident&nbsp;: \u00aben effet, l\u2019\u00c9tat a mis en place un certain nombre de dispositifs pertinents pour les soci\u00e9t\u00e9s traversant des difficult\u00e9s depuis la crise Covid-19. Force est de constater que les op\u00e9rateurs de ces aides, nonobstant les femmes et les hommes investis au sein de l\u2019entreprise, utilisent ces difficult\u00e9s comme un argument pour ne pas mettre en place les dispositifs. Pour autant, je suis fortement convaincu qu\u2019avec l\u2019appui de l\u2019ensemble de notre \u00e9cosyst\u00e8me et de nos \u00e9quipes, PRP Creation rebondira rapidement et r\u00e9 entamera une phase de croissance sur le march\u00e9 du luxe et du mass-tige\u00bb.<\/p>\n<p>Un optimisme port\u00e9 par la reconnaissance obtenue la semaine derni\u00e8re, sur le salon PCD \u00e0 Paris, d\u2019un certificat \u00abInnovation de l\u2019ann\u00e9e\u00bb pour sa pompe XTREM, laissant envisager de bonnes perspectives commerciales \u00e0 venir. PRP Creation affirme dans un communiqu\u00e9 que l\u2019ensemble des \u00e9quipes, inform\u00e9es de la situation, est motiv\u00e9 \u00e0 relever le challenge et compte sur la compr\u00e9hension de l\u2019ensemble de son \u00e9cosyst\u00e8me (clients, fournisseurs, \u2026) pour l\u2019accompagner activement.<\/p>\n<p>En effet, malgr\u00e9 ce contexte difficile ces derniers mois, PRP Creation a pu maintenir sa position sur le march\u00e9 cosm\u00e9tique, acc\u00e9l\u00e9rer ses d\u00e9veloppements dans le cadre de l\u2019\u00e9conomie circulaire (solutions 100% recyclables&nbsp;: Capsule XTrem et Pompe XTrem, utilisation de mati\u00e8re recycl\u00e9e et biosourc\u00e9e, \u2026) et participer \u00e0 l\u2019effort national en produisant et distribuant largement des flacons de gel hydroalcoolique (pharmacies, h\u00f4pitaux, entreprises du territoire, \u2026). <\/p>\n<p><em>Reproduction interdite sauf accord \u00e9crit d&rsquo;Emballage Digest ou mention du support<\/em><\/p>","protected":false},"excerpt":{"rendered":"<p>Le Covid-19 aura eu raison de PRP Cr\u00e9ation \u00e0 Oyonnax. Forte baisse d\u2019activit\u00e9, ralentissement du plan d\u2019investissement et difficult\u00e9s d\u2019approvisionnement viennent perturber le business plan \u00ab&nbsp;Horizon 2025 \u00bb de la soci\u00e9t\u00e9, avec un impact fort sur sa tr\u00e9sorerie. Pour pr\u00e9server ses effectifs (150 salari\u00e9s) et poursuivre son activit\u00e9, la direction de PRP Creation a donc d\u00e9cid\u00e9 de placer, depuis le mercredi 6 juillet, l\u2019entreprise sous la protection du tribunal de commerce de Bourg-en-Bresse. Ceci dans un objectif de pr\u00e9senter tr\u00e8s rapidement un plan de redressement avec un \u00e9talement des dettes de l\u2019entreprise.<\/p>","protected":false},"author":1,"featured_media":34136,"comment_status":"closed","ping_status":"closed","sticky":false,"template":"","format":"standard","meta":{"_acf_changed":false,"inline_featured_image":false,"iawp_total_views":0,"footnotes":""},"categories":[],"tags":[],"class_list":["post-24136","post","type-post","status-publish","format-standard","has-post-thumbnail","hentry"],"acf":[],"yoast_head":"<!-- This site is optimized with the Yoast SEO plugin v24.4 - https:\/\/yoast.com\/wordpress\/plugins\/seo\/ -->\n<title>PRP Creation plac\u00e9 sous redressement judiciaire - Emballage Digest<\/title>\n<meta name=\"robots\" content=\"index, follow, max-snippet:-1, max-image-preview:large, max-video-preview:-1\" \/>\n<link rel=\"canonical\" href=\"https:\/\/www.emballagedigest.fr\/en\/prp-creation-place-sous-redressement-judiciaire\/\" \/>\n<meta property=\"og:locale\" content=\"en_GB\" \/>\n<meta property=\"og:type\" content=\"article\" \/>\n<meta property=\"og:title\" content=\"PRP Creation plac\u00e9 sous redressement judiciaire - Emballage Digest\" \/>\n<meta property=\"og:description\" content=\"Le Covid-19 aura eu raison de PRP Cr\u00e9ation \u00e0 Oyonnax. Forte baisse d\u2019activit\u00e9, ralentissement du plan d\u2019investissement et difficult\u00e9s d\u2019approvisionnement viennent perturber le business plan \u00ab&nbsp;Horizon 2025 \u00bb de la soci\u00e9t\u00e9, avec un impact fort sur sa tr\u00e9sorerie. Pour pr\u00e9server ses effectifs (150 salari\u00e9s) et poursuivre son activit\u00e9, la direction de PRP Creation a donc d\u00e9cid\u00e9 de placer, depuis le mercredi 6 juillet, l\u2019entreprise sous la protection du tribunal de commerce de Bourg-en-Bresse. Ceci dans un objectif de pr\u00e9senter tr\u00e8s rapidement un plan de redressement avec un \u00e9talement des dettes de l\u2019entreprise.\" \/>\n<meta property=\"og:url\" content=\"https:\/\/www.emballagedigest.fr\/en\/prp-creation-place-sous-redressement-judiciaire\/\" \/>\n<meta property=\"og:site_name\" content=\"Emballage Digest\" \/>\n<meta property=\"article:published_time\" content=\"2022-07-08T07:39:03+00:00\" \/>\n<meta name=\"author\" content=\"admin_thopel\" \/>\n<meta name=\"twitter:card\" content=\"summary_large_image\" \/>\n<meta name=\"twitter:label1\" content=\"Written by\" \/>\n\t<meta name=\"twitter:data1\" content=\"admin_thopel\" \/>\n\t<meta name=\"twitter:label2\" content=\"Estimated reading time\" \/>\n\t<meta name=\"twitter:data2\" content=\"2 minutes\" \/>\n<script type=\"application\/ld+json\" class=\"yoast-schema-graph\">{\"@context\":\"https:\/\/schema.org\",\"@graph\":[{\"@type\":\"Article\",\"@id\":\"https:\/\/www.emballagedigest.fr\/prp-creation-place-sous-redressement-judiciaire\/#article\",\"isPartOf\":{\"@id\":\"https:\/\/www.emballagedigest.fr\/prp-creation-place-sous-redressement-judiciaire\/\"},\"author\":{\"name\":\"admin_thopel\",\"@id\":\"https:\/\/www.emballagedigest.fr\/#\/schema\/person\/d01fbac1f378e2f5e4096082cdf68ae5\"},\"headline\":\"PRP Creation plac\u00e9 sous redressement judiciaire\",\"datePublished\":\"2022-07-08T07:39:03+00:00\",\"mainEntityOfPage\":{\"@id\":\"https:\/\/www.emballagedigest.fr\/prp-creation-place-sous-redressement-judiciaire\/\"},\"wordCount\":393,\"publisher\":{\"@id\":\"https:\/\/www.emballagedigest.fr\/#organization\"},\"image\":{\"@id\":\"https:\/\/www.emballagedigest.fr\/prp-creation-place-sous-redressement-judiciaire\/#primaryimage\"},\"thumbnailUrl\":\"https:\/\/www.emballagedigest.fr\/wp-content\/uploads\/dotclear\/images\/2022\/BONUS\/juil\/prp_article1.jpg\",\"inLanguage\":\"en-GB\"},{\"@type\":\"WebPage\",\"@id\":\"https:\/\/www.emballagedigest.fr\/prp-creation-place-sous-redressement-judiciaire\/\",\"url\":\"https:\/\/www.emballagedigest.fr\/prp-creation-place-sous-redressement-judiciaire\/\",\"name\":\"PRP Creation plac\u00e9 sous redressement judiciaire - Emballage Digest\",\"isPartOf\":{\"@id\":\"https:\/\/www.emballagedigest.fr\/#website\"},\"primaryImageOfPage\":{\"@id\":\"https:\/\/www.emballagedigest.fr\/prp-creation-place-sous-redressement-judiciaire\/#primaryimage\"},\"image\":{\"@id\":\"https:\/\/www.emballagedigest.fr\/prp-creation-place-sous-redressement-judiciaire\/#primaryimage\"},\"thumbnailUrl\":\"https:\/\/www.emballagedigest.fr\/wp-content\/uploads\/dotclear\/images\/2022\/BONUS\/juil\/prp_article1.jpg\",\"datePublished\":\"2022-07-08T07:39:03+00:00\",\"breadcrumb\":{\"@id\":\"https:\/\/www.emballagedigest.fr\/prp-creation-place-sous-redressement-judiciaire\/#breadcrumb\"},\"inLanguage\":\"en-GB\",\"potentialAction\":[{\"@type\":\"ReadAction\",\"target\":[\"https:\/\/www.emballagedigest.fr\/prp-creation-place-sous-redressement-judiciaire\/\"]}]},{\"@type\":\"ImageObject\",\"inLanguage\":\"en-GB\",\"@id\":\"https:\/\/www.emballagedigest.fr\/prp-creation-place-sous-redressement-judiciaire\/#primaryimage\",\"url\":\"https:\/\/www.emballagedigest.fr\/wp-content\/uploads\/dotclear\/images\/2022\/BONUS\/juil\/prp_article1.jpg\",\"contentUrl\":\"https:\/\/www.emballagedigest.fr\/wp-content\/uploads\/dotclear\/images\/2022\/BONUS\/juil\/prp_article1.jpg\"},{\"@type\":\"BreadcrumbList\",\"@id\":\"https:\/\/www.emballagedigest.fr\/prp-creation-place-sous-redressement-judiciaire\/#breadcrumb\",\"itemListElement\":[{\"@type\":\"ListItem\",\"position\":1,\"name\":\"Accueil\",\"item\":\"https:\/\/www.emballagedigest.fr\/\"},{\"@type\":\"ListItem\",\"position\":2,\"name\":\"PRP Creation plac\u00e9 sous redressement judiciaire\"}]},{\"@type\":\"WebSite\",\"@id\":\"https:\/\/www.emballagedigest.fr\/#website\",\"url\":\"https:\/\/www.emballagedigest.fr\/\",\"name\":\"Emballage Digest\",\"description\":\"Revue professionnelle sur les emballages\",\"publisher\":{\"@id\":\"https:\/\/www.emballagedigest.fr\/#organization\"},\"potentialAction\":[{\"@type\":\"SearchAction\",\"target\":{\"@type\":\"EntryPoint\",\"urlTemplate\":\"https:\/\/www.emballagedigest.fr\/?s={search_term_string}\"},\"query-input\":{\"@type\":\"PropertyValueSpecification\",\"valueRequired\":true,\"valueName\":\"search_term_string\"}}],\"inLanguage\":\"en-GB\"},{\"@type\":\"Organization\",\"@id\":\"https:\/\/www.emballagedigest.fr\/#organization\",\"name\":\"Emballage Digest\",\"url\":\"https:\/\/www.emballagedigest.fr\/\",\"logo\":{\"@type\":\"ImageObject\",\"inLanguage\":\"en-GB\",\"@id\":\"https:\/\/www.emballagedigest.fr\/#\/schema\/logo\/image\/\",\"url\":\"https:\/\/www.emballagedigest.fr\/wp-content\/uploads\/2022\/07\/logo-ed.png\",\"contentUrl\":\"https:\/\/www.emballagedigest.fr\/wp-content\/uploads\/2022\/07\/logo-ed.png\",\"width\":379,\"height\":75,\"caption\":\"Emballage Digest\"},\"image\":{\"@id\":\"https:\/\/www.emballagedigest.fr\/#\/schema\/logo\/image\/\"}},{\"@type\":\"Person\",\"@id\":\"https:\/\/www.emballagedigest.fr\/#\/schema\/person\/d01fbac1f378e2f5e4096082cdf68ae5\",\"name\":\"admin_thopel\",\"image\":{\"@type\":\"ImageObject\",\"inLanguage\":\"en-GB\",\"@id\":\"https:\/\/www.emballagedigest.fr\/#\/schema\/person\/image\/\",\"url\":\"https:\/\/secure.gravatar.com\/avatar\/6cf644f6475359b596b81b10a64f989df38f1238649f7e33f97f69519e42dfbf?s=96&d=mm&r=g\",\"contentUrl\":\"https:\/\/secure.gravatar.com\/avatar\/6cf644f6475359b596b81b10a64f989df38f1238649f7e33f97f69519e42dfbf?s=96&d=mm&r=g\",\"caption\":\"admin_thopel\"},\"sameAs\":[\"http:\/\/localhost:8787\/emballage_digest\"],\"url\":\"https:\/\/www.emballagedigest.fr\/en\/author\/admin_thopel\/\"}]}<\/script>\n<!-- \/ Yoast SEO plugin. -->","yoast_head_json":{"title":"PRP Creation plac\u00e9 sous redressement judiciaire - Emballage Digest","robots":{"index":"index","follow":"follow","max-snippet":"max-snippet:-1","max-image-preview":"max-image-preview:large","max-video-preview":"max-video-preview:-1"},"canonical":"https:\/\/www.emballagedigest.fr\/en\/prp-creation-place-sous-redressement-judiciaire\/","og_locale":"en_GB","og_type":"article","og_title":"PRP Creation plac\u00e9 sous redressement judiciaire - Emballage Digest","og_description":"Le Covid-19 aura eu raison de PRP Cr\u00e9ation \u00e0 Oyonnax. Forte baisse d\u2019activit\u00e9, ralentissement du plan d\u2019investissement et difficult\u00e9s d\u2019approvisionnement viennent perturber le business plan \u00ab&nbsp;Horizon 2025 \u00bb de la soci\u00e9t\u00e9, avec un impact fort sur sa tr\u00e9sorerie. Pour pr\u00e9server ses effectifs (150 salari\u00e9s) et poursuivre son activit\u00e9, la direction de PRP Creation a donc d\u00e9cid\u00e9 de placer, depuis le mercredi 6 juillet, l\u2019entreprise sous la protection du tribunal de commerce de Bourg-en-Bresse. Ceci dans un objectif de pr\u00e9senter tr\u00e8s rapidement un plan de redressement avec un \u00e9talement des dettes de l\u2019entreprise.","og_url":"https:\/\/www.emballagedigest.fr\/en\/prp-creation-place-sous-redressement-judiciaire\/","og_site_name":"Emballage Digest","article_published_time":"2022-07-08T07:39:03+00:00","author":"admin_thopel","twitter_card":"summary_large_image","twitter_misc":{"Written by":"admin_thopel","Estimated reading time":"2 minutes"},"schema":{"@context":"https:\/\/schema.org","@graph":[{"@type":"Article","@id":"https:\/\/www.emballagedigest.fr\/prp-creation-place-sous-redressement-judiciaire\/#article","isPartOf":{"@id":"https:\/\/www.emballagedigest.fr\/prp-creation-place-sous-redressement-judiciaire\/"},"author":{"name":"admin_thopel","@id":"https:\/\/www.emballagedigest.fr\/#\/schema\/person\/d01fbac1f378e2f5e4096082cdf68ae5"},"headline":"PRP Creation plac\u00e9 sous redressement judiciaire","datePublished":"2022-07-08T07:39:03+00:00","mainEntityOfPage":{"@id":"https:\/\/www.emballagedigest.fr\/prp-creation-place-sous-redressement-judiciaire\/"},"wordCount":393,"publisher":{"@id":"https:\/\/www.emballagedigest.fr\/#organization"},"image":{"@id":"https:\/\/www.emballagedigest.fr\/prp-creation-place-sous-redressement-judiciaire\/#primaryimage"},"thumbnailUrl":"https:\/\/www.emballagedigest.fr\/wp-content\/uploads\/dotclear\/images\/2022\/BONUS\/juil\/prp_article1.jpg","inLanguage":"en-GB"},{"@type":"WebPage","@id":"https:\/\/www.emballagedigest.fr\/prp-creation-place-sous-redressement-judiciaire\/","url":"https:\/\/www.emballagedigest.fr\/prp-creation-place-sous-redressement-judiciaire\/","name":"PRP Creation plac\u00e9 sous redressement judiciaire - Emballage Digest","isPartOf":{"@id":"https:\/\/www.emballagedigest.fr\/#website"},"primaryImageOfPage":{"@id":"https:\/\/www.emballagedigest.fr\/prp-creation-place-sous-redressement-judiciaire\/#primaryimage"},"image":{"@id":"https:\/\/www.emballagedigest.fr\/prp-creation-place-sous-redressement-judiciaire\/#primaryimage"},"thumbnailUrl":"https:\/\/www.emballagedigest.fr\/wp-content\/uploads\/dotclear\/images\/2022\/BONUS\/juil\/prp_article1.jpg","datePublished":"2022-07-08T07:39:03+00:00","breadcrumb":{"@id":"https:\/\/www.emballagedigest.fr\/prp-creation-place-sous-redressement-judiciaire\/#breadcrumb"},"inLanguage":"en-GB","potentialAction":[{"@type":"ReadAction","target":["https:\/\/www.emballagedigest.fr\/prp-creation-place-sous-redressement-judiciaire\/"]}]},{"@type":"ImageObject","inLanguage":"en-GB","@id":"https:\/\/www.emballagedigest.fr\/prp-creation-place-sous-redressement-judiciaire\/#primaryimage","url":"https:\/\/www.emballagedigest.fr\/wp-content\/uploads\/dotclear\/images\/2022\/BONUS\/juil\/prp_article1.jpg","contentUrl":"https:\/\/www.emballagedigest.fr\/wp-content\/uploads\/dotclear\/images\/2022\/BONUS\/juil\/prp_article1.jpg"},{"@type":"BreadcrumbList","@id":"https:\/\/www.emballagedigest.fr\/prp-creation-place-sous-redressement-judiciaire\/#breadcrumb","itemListElement":[{"@type":"ListItem","position":1,"name":"Accueil","item":"https:\/\/www.emballagedigest.fr\/"},{"@type":"ListItem","position":2,"name":"PRP Creation plac\u00e9 sous redressement judiciaire"}]},{"@type":"WebSite","@id":"https:\/\/www.emballagedigest.fr\/#website","url":"https:\/\/www.emballagedigest.fr\/","name":"Emballage Digest","description":"Revue professionnelle sur les emballages","publisher":{"@id":"https:\/\/www.emballagedigest.fr\/#organization"},"potentialAction":[{"@type":"SearchAction","target":{"@type":"EntryPoint","urlTemplate":"https:\/\/www.emballagedigest.fr\/?s={search_term_string}"},"query-input":{"@type":"PropertyValueSpecification","valueRequired":true,"valueName":"search_term_string"}}],"inLanguage":"en-GB"},{"@type":"Organization","@id":"https:\/\/www.emballagedigest.fr\/#organization","name":"Emballage Digest","url":"https:\/\/www.emballagedigest.fr\/","logo":{"@type":"ImageObject","inLanguage":"en-GB","@id":"https:\/\/www.emballagedigest.fr\/#\/schema\/logo\/image\/","url":"https:\/\/www.emballagedigest.fr\/wp-content\/uploads\/2022\/07\/logo-ed.png","contentUrl":"https:\/\/www.emballagedigest.fr\/wp-content\/uploads\/2022\/07\/logo-ed.png","width":379,"height":75,"caption":"Emballage Digest"},"image":{"@id":"https:\/\/www.emballagedigest.fr\/#\/schema\/logo\/image\/"}},{"@type":"Person","@id":"https:\/\/www.emballagedigest.fr\/#\/schema\/person\/d01fbac1f378e2f5e4096082cdf68ae5","name":"admin_thopel","image":{"@type":"ImageObject","inLanguage":"en-GB","@id":"https:\/\/www.emballagedigest.fr\/#\/schema\/person\/image\/","url":"https:\/\/secure.gravatar.com\/avatar\/6cf644f6475359b596b81b10a64f989df38f1238649f7e33f97f69519e42dfbf?s=96&d=mm&r=g","contentUrl":"https:\/\/secure.gravatar.com\/avatar\/6cf644f6475359b596b81b10a64f989df38f1238649f7e33f97f69519e42dfbf?s=96&d=mm&r=g","caption":"admin_thopel"},"sameAs":["http:\/\/localhost:8787\/emballage_digest"],"url":"https:\/\/www.emballagedigest.fr\/en\/author\/admin_thopel\/"}]}},"_links":{"self":[{"href":"https:\/\/www.emballagedigest.fr\/en\/wp-json\/wp\/v2\/posts\/24136","targetHints":{"allow":["GET"]}}],"collection":[{"href":"https:\/\/www.emballagedigest.fr\/en\/wp-json\/wp\/v2\/posts"}],"about":[{"href":"https:\/\/www.emballagedigest.fr\/en\/wp-json\/wp\/v2\/types\/post"}],"author":[{"embeddable":true,"href":"https:\/\/www.emballagedigest.fr\/en\/wp-json\/wp\/v2\/users\/1"}],"replies":[{"embeddable":true,"href":"https:\/\/www.emballagedigest.fr\/en\/wp-json\/wp\/v2\/comments?post=24136"}],"version-history":[{"count":0,"href":"https:\/\/www.emballagedigest.fr\/en\/wp-json\/wp\/v2\/posts\/24136\/revisions"}],"wp:featuredmedia":[{"embeddable":true,"href":"https:\/\/www.emballagedigest.fr\/en\/wp-json\/wp\/v2\/media\/34136"}],"wp:attachment":[{"href":"https:\/\/www.emballagedigest.fr\/en\/wp-json\/wp\/v2\/media?parent=24136"}],"wp:term":[{"taxonomy":"category","embeddable":true,"href":"https:\/\/www.emballagedigest.fr\/en\/wp-json\/wp\/v2\/categories?post=24136"},{"taxonomy":"post_tag","embeddable":true,"href":"https:\/\/www.emballagedigest.fr\/en\/wp-json\/wp\/v2\/tags?post=24136"}],"curies":[{"name":"wp","href":"https:\/\/api.w.org\/{rel}","templated":true}]}}