{"id":24143,"date":"2022-07-11T07:35:11","date_gmt":"2022-07-11T07:35:11","guid":{"rendered":"https:\/\/www.emballagedigest.fr\/?p=24143"},"modified":"2022-07-11T07:35:29","modified_gmt":"2022-07-11T07:35:29","slug":"kuka-exposera-a-micronora-avec-une-cellule-d-assemblage-robotisee","status":"publish","type":"post","link":"https:\/\/www.emballagedigest.fr\/en\/kuka-exposera-a-micronora-avec-une-cellule-d-assemblage-robotisee\/","title":{"rendered":"Kuka exposera \u00e0 Micronora avec une cellule d\u2019assemblage robotis\u00e9e"},"content":{"rendered":"<p>Pr\u00e9sent sur le prochain salon Micronora des microtechniques et de la pr\u00e9cision \u00e0 Besan\u00e7on du 27 au 30 septembre 2022, Kuka exposera une cellule int\u00e9grant un robot Kuka dans une application d\u2019assemblage. Apr\u00e8s une chute al\u00e9atoire, le KR 3 Agilus est capable de relocaliser pr\u00e9cis\u00e9ment la pi\u00e8ce gr\u00e2ce au capteur de vision Sensopart. La pr\u00e9cision et la r\u00e9p\u00e9tabilit\u00e9 de ce petit robot est ensuite \u00e9prouv\u00e9e lors de l\u2019assemblage des cubes dans une structure \u00e9troite.<\/p>\n<p>Le sp\u00e9cialiste de la robotique souhaite ainsi partager sa vision de la robotique durable. Cette d\u00e9marche \u00e9coresponsable consiste \u00e0 limiter l\u2019impact sur l\u2019environnement, notamment en r\u00e9duisant la consommation d\u2019\u00e9nergie des nouvelles g\u00e9n\u00e9rations de produits. Kuka favorise \u00e9galement l\u2019\u00e9conomie circulaire en augmentant la r\u00e9parabilit\u00e9 et la recyclabilit\u00e9 gr\u00e2ce \u00e0 la reprise de robot d\u2019ancienne g\u00e9n\u00e9ration pour offrir une seconde vie \u00e0 ses produits sous forme de robots d\u2019occasion ou de pi\u00e8ces de rechange. <\/p>\n<p>Dans cette m\u00eame d\u00e9marche, le fabricant de solutions robotiques allemand a cr\u00e9\u00e9 le portail client my.KUKA.com, qui donne acc\u00e8s \u00e0 tout moment et de n\u2019importe o\u00f9 \u00e0 des informations et \u00e0 une assistance individuelle concernant les installations robotiques. Achat de robots ou de pi\u00e8ces de rechange, consultation de caract\u00e9ristiques techniques, gestion de licences logicielles comme KUKA.Sim et plus encore&nbsp;: my.KUKA rassemble un grand nombre de services en ligne sur une interface conviviale.<\/p>\n<p>Bas\u00e9 \u00e0 Augsbourg en Allemagne, Kuka expert des solutions d&rsquo;automatisation enregistre un chiffre d&rsquo;affaires d&rsquo;environ 3,3 milliards d&rsquo;euros et emploie pr\u00e8s de 14 000 personnes.<\/p>\n<p><em>Reproduction interdite sauf accord \u00e9crit d&rsquo;Emballage Digest ou mention du support<\/em><\/p>","protected":false},"excerpt":{"rendered":"<p>Pr\u00e9sent sur le prochain salon Micronora des microtechniques et de la pr\u00e9cision \u00e0 Besan\u00e7on du 27 au 30 septembre 2022, Kuka exposera une cellule int\u00e9grant un robot Kuka dans une application d\u2019assemblage. Apr\u00e8s une chute al\u00e9atoire, le KR 3 Agilus est capable de relocaliser pr\u00e9cis\u00e9ment la pi\u00e8ce gr\u00e2ce au capteur de vision Sensopart. La pr\u00e9cision et la r\u00e9p\u00e9tabilit\u00e9 de ce petit robot est ensuite \u00e9prouv\u00e9e lors de l\u2019assemblage des cubes dans une structure \u00e9troite.<\/p>","protected":false},"author":1,"featured_media":34143,"comment_status":"closed","ping_status":"closed","sticky":false,"template":"","format":"standard","meta":{"_acf_changed":false,"inline_featured_image":false,"iawp_total_views":0,"footnotes":""},"categories":[],"tags":[],"class_list":["post-24143","post","type-post","status-publish","format-standard","has-post-thumbnail","hentry"],"acf":[],"yoast_head":"<!-- This site is optimized with the Yoast SEO plugin v24.4 - https:\/\/yoast.com\/wordpress\/plugins\/seo\/ -->\n<title>Kuka exposera \u00e0 Micronora avec une cellule d\u2019assemblage robotis\u00e9e - Emballage Digest<\/title>\n<meta name=\"robots\" content=\"index, follow, max-snippet:-1, max-image-preview:large, max-video-preview:-1\" \/>\n<link rel=\"canonical\" href=\"https:\/\/www.emballagedigest.fr\/en\/kuka-exposera-a-micronora-avec-une-cellule-d-assemblage-robotisee\/\" \/>\n<meta property=\"og:locale\" content=\"en_GB\" \/>\n<meta property=\"og:type\" content=\"article\" \/>\n<meta property=\"og:title\" content=\"Kuka exposera \u00e0 Micronora avec une cellule d\u2019assemblage robotis\u00e9e - Emballage Digest\" \/>\n<meta property=\"og:description\" content=\"Pr\u00e9sent sur le prochain salon Micronora des microtechniques et de la pr\u00e9cision \u00e0 Besan\u00e7on du 27 au 30 septembre 2022, Kuka exposera une cellule int\u00e9grant un robot Kuka dans une application d\u2019assemblage. Apr\u00e8s une chute al\u00e9atoire, le KR 3 Agilus est capable de relocaliser pr\u00e9cis\u00e9ment la pi\u00e8ce gr\u00e2ce au capteur de vision Sensopart. La pr\u00e9cision et la r\u00e9p\u00e9tabilit\u00e9 de ce petit robot est ensuite \u00e9prouv\u00e9e lors de l\u2019assemblage des cubes dans une structure \u00e9troite.\" \/>\n<meta property=\"og:url\" content=\"https:\/\/www.emballagedigest.fr\/en\/kuka-exposera-a-micronora-avec-une-cellule-d-assemblage-robotisee\/\" \/>\n<meta property=\"og:site_name\" content=\"Emballage Digest\" \/>\n<meta property=\"article:published_time\" content=\"2022-07-11T07:35:11+00:00\" \/>\n<meta property=\"article:modified_time\" content=\"2022-07-11T07:35:29+00:00\" \/>\n<meta name=\"author\" content=\"admin_thopel\" \/>\n<meta name=\"twitter:card\" content=\"summary_large_image\" \/>\n<meta name=\"twitter:label1\" content=\"Written by\" \/>\n\t<meta name=\"twitter:data1\" content=\"admin_thopel\" \/>\n\t<meta name=\"twitter:label2\" content=\"Estimated reading time\" \/>\n\t<meta name=\"twitter:data2\" content=\"1 minute\" \/>\n<script type=\"application\/ld+json\" class=\"yoast-schema-graph\">{\"@context\":\"https:\/\/schema.org\",\"@graph\":[{\"@type\":\"Article\",\"@id\":\"https:\/\/www.emballagedigest.fr\/kuka-exposera-a-micronora-avec-une-cellule-d-assemblage-robotisee\/#article\",\"isPartOf\":{\"@id\":\"https:\/\/www.emballagedigest.fr\/kuka-exposera-a-micronora-avec-une-cellule-d-assemblage-robotisee\/\"},\"author\":{\"name\":\"admin_thopel\",\"@id\":\"https:\/\/www.emballagedigest.fr\/#\/schema\/person\/d01fbac1f378e2f5e4096082cdf68ae5\"},\"headline\":\"Kuka exposera \u00e0 Micronora avec une cellule d\u2019assemblage robotis\u00e9e\",\"datePublished\":\"2022-07-11T07:35:11+00:00\",\"dateModified\":\"2022-07-11T07:35:29+00:00\",\"mainEntityOfPage\":{\"@id\":\"https:\/\/www.emballagedigest.fr\/kuka-exposera-a-micronora-avec-une-cellule-d-assemblage-robotisee\/\"},\"wordCount\":298,\"publisher\":{\"@id\":\"https:\/\/www.emballagedigest.fr\/#organization\"},\"image\":{\"@id\":\"https:\/\/www.emballagedigest.fr\/kuka-exposera-a-micronora-avec-une-cellule-d-assemblage-robotisee\/#primaryimage\"},\"thumbnailUrl\":\"https:\/\/www.emballagedigest.fr\/wp-content\/uploads\/dotclear\/images\/2022\/BONUS\/juil\/kuka_article.jpg\",\"inLanguage\":\"en-GB\"},{\"@type\":\"WebPage\",\"@id\":\"https:\/\/www.emballagedigest.fr\/kuka-exposera-a-micronora-avec-une-cellule-d-assemblage-robotisee\/\",\"url\":\"https:\/\/www.emballagedigest.fr\/kuka-exposera-a-micronora-avec-une-cellule-d-assemblage-robotisee\/\",\"name\":\"Kuka exposera \u00e0 Micronora avec une cellule d\u2019assemblage robotis\u00e9e - Emballage Digest\",\"isPartOf\":{\"@id\":\"https:\/\/www.emballagedigest.fr\/#website\"},\"primaryImageOfPage\":{\"@id\":\"https:\/\/www.emballagedigest.fr\/kuka-exposera-a-micronora-avec-une-cellule-d-assemblage-robotisee\/#primaryimage\"},\"image\":{\"@id\":\"https:\/\/www.emballagedigest.fr\/kuka-exposera-a-micronora-avec-une-cellule-d-assemblage-robotisee\/#primaryimage\"},\"thumbnailUrl\":\"https:\/\/www.emballagedigest.fr\/wp-content\/uploads\/dotclear\/images\/2022\/BONUS\/juil\/kuka_article.jpg\",\"datePublished\":\"2022-07-11T07:35:11+00:00\",\"dateModified\":\"2022-07-11T07:35:29+00:00\",\"breadcrumb\":{\"@id\":\"https:\/\/www.emballagedigest.fr\/kuka-exposera-a-micronora-avec-une-cellule-d-assemblage-robotisee\/#breadcrumb\"},\"inLanguage\":\"en-GB\",\"potentialAction\":[{\"@type\":\"ReadAction\",\"target\":[\"https:\/\/www.emballagedigest.fr\/kuka-exposera-a-micronora-avec-une-cellule-d-assemblage-robotisee\/\"]}]},{\"@type\":\"ImageObject\",\"inLanguage\":\"en-GB\",\"@id\":\"https:\/\/www.emballagedigest.fr\/kuka-exposera-a-micronora-avec-une-cellule-d-assemblage-robotisee\/#primaryimage\",\"url\":\"https:\/\/www.emballagedigest.fr\/wp-content\/uploads\/dotclear\/images\/2022\/BONUS\/juil\/kuka_article.jpg\",\"contentUrl\":\"https:\/\/www.emballagedigest.fr\/wp-content\/uploads\/dotclear\/images\/2022\/BONUS\/juil\/kuka_article.jpg\"},{\"@type\":\"BreadcrumbList\",\"@id\":\"https:\/\/www.emballagedigest.fr\/kuka-exposera-a-micronora-avec-une-cellule-d-assemblage-robotisee\/#breadcrumb\",\"itemListElement\":[{\"@type\":\"ListItem\",\"position\":1,\"name\":\"Accueil\",\"item\":\"https:\/\/www.emballagedigest.fr\/\"},{\"@type\":\"ListItem\",\"position\":2,\"name\":\"Kuka exposera \u00e0 Micronora avec une cellule d\u2019assemblage robotis\u00e9e\"}]},{\"@type\":\"WebSite\",\"@id\":\"https:\/\/www.emballagedigest.fr\/#website\",\"url\":\"https:\/\/www.emballagedigest.fr\/\",\"name\":\"Emballage Digest\",\"description\":\"Revue professionnelle sur les emballages\",\"publisher\":{\"@id\":\"https:\/\/www.emballagedigest.fr\/#organization\"},\"potentialAction\":[{\"@type\":\"SearchAction\",\"target\":{\"@type\":\"EntryPoint\",\"urlTemplate\":\"https:\/\/www.emballagedigest.fr\/?s={search_term_string}\"},\"query-input\":{\"@type\":\"PropertyValueSpecification\",\"valueRequired\":true,\"valueName\":\"search_term_string\"}}],\"inLanguage\":\"en-GB\"},{\"@type\":\"Organization\",\"@id\":\"https:\/\/www.emballagedigest.fr\/#organization\",\"name\":\"Emballage Digest\",\"url\":\"https:\/\/www.emballagedigest.fr\/\",\"logo\":{\"@type\":\"ImageObject\",\"inLanguage\":\"en-GB\",\"@id\":\"https:\/\/www.emballagedigest.fr\/#\/schema\/logo\/image\/\",\"url\":\"https:\/\/www.emballagedigest.fr\/wp-content\/uploads\/2022\/07\/logo-ed.png\",\"contentUrl\":\"https:\/\/www.emballagedigest.fr\/wp-content\/uploads\/2022\/07\/logo-ed.png\",\"width\":379,\"height\":75,\"caption\":\"Emballage Digest\"},\"image\":{\"@id\":\"https:\/\/www.emballagedigest.fr\/#\/schema\/logo\/image\/\"}},{\"@type\":\"Person\",\"@id\":\"https:\/\/www.emballagedigest.fr\/#\/schema\/person\/d01fbac1f378e2f5e4096082cdf68ae5\",\"name\":\"admin_thopel\",\"image\":{\"@type\":\"ImageObject\",\"inLanguage\":\"en-GB\",\"@id\":\"https:\/\/www.emballagedigest.fr\/#\/schema\/person\/image\/\",\"url\":\"https:\/\/secure.gravatar.com\/avatar\/6cf644f6475359b596b81b10a64f989df38f1238649f7e33f97f69519e42dfbf?s=96&d=mm&r=g\",\"contentUrl\":\"https:\/\/secure.gravatar.com\/avatar\/6cf644f6475359b596b81b10a64f989df38f1238649f7e33f97f69519e42dfbf?s=96&d=mm&r=g\",\"caption\":\"admin_thopel\"},\"sameAs\":[\"http:\/\/localhost:8787\/emballage_digest\"],\"url\":\"https:\/\/www.emballagedigest.fr\/en\/author\/admin_thopel\/\"}]}<\/script>\n<!-- \/ Yoast SEO plugin. -->","yoast_head_json":{"title":"Kuka exposera \u00e0 Micronora avec une cellule d\u2019assemblage robotis\u00e9e - Emballage Digest","robots":{"index":"index","follow":"follow","max-snippet":"max-snippet:-1","max-image-preview":"max-image-preview:large","max-video-preview":"max-video-preview:-1"},"canonical":"https:\/\/www.emballagedigest.fr\/en\/kuka-exposera-a-micronora-avec-une-cellule-d-assemblage-robotisee\/","og_locale":"en_GB","og_type":"article","og_title":"Kuka exposera \u00e0 Micronora avec une cellule d\u2019assemblage robotis\u00e9e - Emballage Digest","og_description":"Pr\u00e9sent sur le prochain salon Micronora des microtechniques et de la pr\u00e9cision \u00e0 Besan\u00e7on du 27 au 30 septembre 2022, Kuka exposera une cellule int\u00e9grant un robot Kuka dans une application d\u2019assemblage. Apr\u00e8s une chute al\u00e9atoire, le KR 3 Agilus est capable de relocaliser pr\u00e9cis\u00e9ment la pi\u00e8ce gr\u00e2ce au capteur de vision Sensopart. La pr\u00e9cision et la r\u00e9p\u00e9tabilit\u00e9 de ce petit robot est ensuite \u00e9prouv\u00e9e lors de l\u2019assemblage des cubes dans une structure \u00e9troite.","og_url":"https:\/\/www.emballagedigest.fr\/en\/kuka-exposera-a-micronora-avec-une-cellule-d-assemblage-robotisee\/","og_site_name":"Emballage Digest","article_published_time":"2022-07-11T07:35:11+00:00","article_modified_time":"2022-07-11T07:35:29+00:00","author":"admin_thopel","twitter_card":"summary_large_image","twitter_misc":{"Written by":"admin_thopel","Estimated reading time":"1 minute"},"schema":{"@context":"https:\/\/schema.org","@graph":[{"@type":"Article","@id":"https:\/\/www.emballagedigest.fr\/kuka-exposera-a-micronora-avec-une-cellule-d-assemblage-robotisee\/#article","isPartOf":{"@id":"https:\/\/www.emballagedigest.fr\/kuka-exposera-a-micronora-avec-une-cellule-d-assemblage-robotisee\/"},"author":{"name":"admin_thopel","@id":"https:\/\/www.emballagedigest.fr\/#\/schema\/person\/d01fbac1f378e2f5e4096082cdf68ae5"},"headline":"Kuka exposera \u00e0 Micronora avec une cellule d\u2019assemblage robotis\u00e9e","datePublished":"2022-07-11T07:35:11+00:00","dateModified":"2022-07-11T07:35:29+00:00","mainEntityOfPage":{"@id":"https:\/\/www.emballagedigest.fr\/kuka-exposera-a-micronora-avec-une-cellule-d-assemblage-robotisee\/"},"wordCount":298,"publisher":{"@id":"https:\/\/www.emballagedigest.fr\/#organization"},"image":{"@id":"https:\/\/www.emballagedigest.fr\/kuka-exposera-a-micronora-avec-une-cellule-d-assemblage-robotisee\/#primaryimage"},"thumbnailUrl":"https:\/\/www.emballagedigest.fr\/wp-content\/uploads\/dotclear\/images\/2022\/BONUS\/juil\/kuka_article.jpg","inLanguage":"en-GB"},{"@type":"WebPage","@id":"https:\/\/www.emballagedigest.fr\/kuka-exposera-a-micronora-avec-une-cellule-d-assemblage-robotisee\/","url":"https:\/\/www.emballagedigest.fr\/kuka-exposera-a-micronora-avec-une-cellule-d-assemblage-robotisee\/","name":"Kuka exposera \u00e0 Micronora avec une cellule d\u2019assemblage robotis\u00e9e - Emballage Digest","isPartOf":{"@id":"https:\/\/www.emballagedigest.fr\/#website"},"primaryImageOfPage":{"@id":"https:\/\/www.emballagedigest.fr\/kuka-exposera-a-micronora-avec-une-cellule-d-assemblage-robotisee\/#primaryimage"},"image":{"@id":"https:\/\/www.emballagedigest.fr\/kuka-exposera-a-micronora-avec-une-cellule-d-assemblage-robotisee\/#primaryimage"},"thumbnailUrl":"https:\/\/www.emballagedigest.fr\/wp-content\/uploads\/dotclear\/images\/2022\/BONUS\/juil\/kuka_article.jpg","datePublished":"2022-07-11T07:35:11+00:00","dateModified":"2022-07-11T07:35:29+00:00","breadcrumb":{"@id":"https:\/\/www.emballagedigest.fr\/kuka-exposera-a-micronora-avec-une-cellule-d-assemblage-robotisee\/#breadcrumb"},"inLanguage":"en-GB","potentialAction":[{"@type":"ReadAction","target":["https:\/\/www.emballagedigest.fr\/kuka-exposera-a-micronora-avec-une-cellule-d-assemblage-robotisee\/"]}]},{"@type":"ImageObject","inLanguage":"en-GB","@id":"https:\/\/www.emballagedigest.fr\/kuka-exposera-a-micronora-avec-une-cellule-d-assemblage-robotisee\/#primaryimage","url":"https:\/\/www.emballagedigest.fr\/wp-content\/uploads\/dotclear\/images\/2022\/BONUS\/juil\/kuka_article.jpg","contentUrl":"https:\/\/www.emballagedigest.fr\/wp-content\/uploads\/dotclear\/images\/2022\/BONUS\/juil\/kuka_article.jpg"},{"@type":"BreadcrumbList","@id":"https:\/\/www.emballagedigest.fr\/kuka-exposera-a-micronora-avec-une-cellule-d-assemblage-robotisee\/#breadcrumb","itemListElement":[{"@type":"ListItem","position":1,"name":"Accueil","item":"https:\/\/www.emballagedigest.fr\/"},{"@type":"ListItem","position":2,"name":"Kuka exposera \u00e0 Micronora avec une cellule d\u2019assemblage robotis\u00e9e"}]},{"@type":"WebSite","@id":"https:\/\/www.emballagedigest.fr\/#website","url":"https:\/\/www.emballagedigest.fr\/","name":"Emballage Digest","description":"Revue professionnelle sur les emballages","publisher":{"@id":"https:\/\/www.emballagedigest.fr\/#organization"},"potentialAction":[{"@type":"SearchAction","target":{"@type":"EntryPoint","urlTemplate":"https:\/\/www.emballagedigest.fr\/?s={search_term_string}"},"query-input":{"@type":"PropertyValueSpecification","valueRequired":true,"valueName":"search_term_string"}}],"inLanguage":"en-GB"},{"@type":"Organization","@id":"https:\/\/www.emballagedigest.fr\/#organization","name":"Emballage Digest","url":"https:\/\/www.emballagedigest.fr\/","logo":{"@type":"ImageObject","inLanguage":"en-GB","@id":"https:\/\/www.emballagedigest.fr\/#\/schema\/logo\/image\/","url":"https:\/\/www.emballagedigest.fr\/wp-content\/uploads\/2022\/07\/logo-ed.png","contentUrl":"https:\/\/www.emballagedigest.fr\/wp-content\/uploads\/2022\/07\/logo-ed.png","width":379,"height":75,"caption":"Emballage Digest"},"image":{"@id":"https:\/\/www.emballagedigest.fr\/#\/schema\/logo\/image\/"}},{"@type":"Person","@id":"https:\/\/www.emballagedigest.fr\/#\/schema\/person\/d01fbac1f378e2f5e4096082cdf68ae5","name":"admin_thopel","image":{"@type":"ImageObject","inLanguage":"en-GB","@id":"https:\/\/www.emballagedigest.fr\/#\/schema\/person\/image\/","url":"https:\/\/secure.gravatar.com\/avatar\/6cf644f6475359b596b81b10a64f989df38f1238649f7e33f97f69519e42dfbf?s=96&d=mm&r=g","contentUrl":"https:\/\/secure.gravatar.com\/avatar\/6cf644f6475359b596b81b10a64f989df38f1238649f7e33f97f69519e42dfbf?s=96&d=mm&r=g","caption":"admin_thopel"},"sameAs":["http:\/\/localhost:8787\/emballage_digest"],"url":"https:\/\/www.emballagedigest.fr\/en\/author\/admin_thopel\/"}]}},"_links":{"self":[{"href":"https:\/\/www.emballagedigest.fr\/en\/wp-json\/wp\/v2\/posts\/24143","targetHints":{"allow":["GET"]}}],"collection":[{"href":"https:\/\/www.emballagedigest.fr\/en\/wp-json\/wp\/v2\/posts"}],"about":[{"href":"https:\/\/www.emballagedigest.fr\/en\/wp-json\/wp\/v2\/types\/post"}],"author":[{"embeddable":true,"href":"https:\/\/www.emballagedigest.fr\/en\/wp-json\/wp\/v2\/users\/1"}],"replies":[{"embeddable":true,"href":"https:\/\/www.emballagedigest.fr\/en\/wp-json\/wp\/v2\/comments?post=24143"}],"version-history":[{"count":0,"href":"https:\/\/www.emballagedigest.fr\/en\/wp-json\/wp\/v2\/posts\/24143\/revisions"}],"wp:featuredmedia":[{"embeddable":true,"href":"https:\/\/www.emballagedigest.fr\/en\/wp-json\/wp\/v2\/media\/34143"}],"wp:attachment":[{"href":"https:\/\/www.emballagedigest.fr\/en\/wp-json\/wp\/v2\/media?parent=24143"}],"wp:term":[{"taxonomy":"category","embeddable":true,"href":"https:\/\/www.emballagedigest.fr\/en\/wp-json\/wp\/v2\/categories?post=24143"},{"taxonomy":"post_tag","embeddable":true,"href":"https:\/\/www.emballagedigest.fr\/en\/wp-json\/wp\/v2\/tags?post=24143"}],"curies":[{"name":"wp","href":"https:\/\/api.w.org\/{rel}","templated":true}]}}