{"id":24145,"date":"2022-07-12T06:11:08","date_gmt":"2022-07-12T06:11:08","guid":{"rendered":"https:\/\/www.emballagedigest.fr\/?p=24145"},"modified":"2022-07-13T10:45:25","modified_gmt":"2022-07-13T10:45:25","slug":"un-nouveau-directeur-general-france-pour-international-paper","status":"publish","type":"post","link":"https:\/\/www.emballagedigest.fr\/en\/un-nouveau-directeur-general-france-pour-international-paper\/","title":{"rendered":"Un nouveau directeur g\u00e9n\u00e9ral France pour International Paper"},"content":{"rendered":"<p>Le transformateur et fabricant d\u2019emballages en carton ondul\u00e9 International Paper a confi\u00e9 depuis le mois de mai les manettes de la filiale fran\u00e7aise, bas\u00e9e \u00e0 Chalon-sur-Sa\u00f4ne, \u00e0 Hakim Serhir. Issu du s\u00e9rail, ce dernier a su forger une solide expertise du march\u00e9 et du management au cours des 13 derni\u00e8res ann\u00e9es pass\u00e9es au sein de groupe, que ce soit au Maroc, au Moyen-Orient et Afrique aux directions financi\u00e8re puis des op\u00e9rations.<\/p>\n<p>Avant sa prise de fonction, il dirigeait les trois usines du p\u00f4le Normandie d\u2019International Paper, \u00e0 savoir celles de Saint-Amand, Cabourg et Saint-Langis-L\u00e8s-Mortagne. Dans son nouveau poste de directeur g\u00e9n\u00e9ral France, il rapportera \u00e0 John Berry, directeur g\u00e9n\u00e9ral de la division packaging Europe du groupe. <\/p>\n<p><img decoding=\"async\" src=\"https:\/\/www.emballagedigest.fr\/dotclear\/images\/2022\/BONUS\/juil\/ip_article2.jpg\" alt=\"Texte Alternatif\" style=\"float:left; margin: 0 1em 1em 0;\" \/><\/p>\n<p>\u00abEn r\u00e9cr\u00e9ant une direction France \u2013 poste qui existait par le pass\u00e9 \u2013 le groupe a voulu apporter une coh\u00e9rence de strat\u00e9gie sur le territoire national et de la coh\u00e9sion autour des \u00e9quipes des cinq usines d\u2019emballage en carton ondul\u00e9\u00bb, explique Hakim Serhir. Ce dernier aura donc pour mission de piloter les \u00e9quipes de direction usine et de responsables fonctions support et de poursuivre le d\u00e9veloppement de la production d\u2019emballages en carton ondul\u00e9, et plus particuli\u00e8rement dans le secteur du e-commerce et de la logistique. Avec comme fil conducteur, une strat\u00e9gie ax\u00e9e sur la durabilit\u00e9 des proc\u00e9d\u00e9s et du mat\u00e9riau carton. Ainsi, dans son programme Vision 2030, le groupe ambitionne de r\u00e9duire de 35% ses \u00e9missions de gaz \u00e0 effet de serre ou encore de 25% sa consommation en eau par rapport \u00e0 2017. Ou encore, sur le plan social, d\u2019\u0153uvrer \u00e0 la f\u00e9minisation de ses m\u00e9tiers, et atteindre un haut degr\u00e9 de s\u00e9curisation de ses sites avec l\u2019objectif \u00abz\u00e9ro accident\u00bb pour ses employ\u00e9s.<\/p>\n<p><img decoding=\"async\" src=\"https:\/\/www.emballagedigest.fr\/dotclear\/images\/2022\/BONUS\/juil\/ip_article3.jpg\" alt=\"Texte Alternatif\" style=\"float:left; margin: 0 1em 1em 0;\" \/><\/p>\n<p>Sur le march\u00e9 fran\u00e7ais, IP fabrique des emballages industriels et alimentaires pour les segments des fruits et l\u00e9gumes, de la viande, volaille et fruits de mer, des boissons, mais s\u2019adresse \u00e9galement aux march\u00e9s de l\u2019hygi\u00e8ne\/beaut\u00e9 et des produits d\u2019entretien ainsi que du e-commerce et de la logistique. \u00abLe e-commerce est clairement une priorit\u00e9 pour le groupe qui a r\u00e9cemment investit 23 millions d\u2019euros sur les sites de Chalon et de Mortagne pour r\u00e9pondre \u00e0 la forte croissance du secteur en emballages carton\u00bb, indique le nouveau directeur France d\u2019IP. Objectif&nbsp;: l\u2019investissement r\u00e9alis\u00e9 pour le e-commerce vise \u00e0 augmenter la capacit\u00e9 de production de plus de 60% pour le site de Mortagne et de plus de 50% pour Chalon. \u00abLes premi\u00e8res machines ont d\u00e9marr\u00e9, nous pr\u00e9voyons une mont\u00e9e en puissance pour atteindre notre pleine capacit\u00e9 d\u2019ici fin 2023\u00bb, annonce Hakim Serhir. Un projet qui est accompagn\u00e9 d\u2019un recrutement d\u2019une cinquantaine de postes, dont des op\u00e9rateurs sur machines qui seront form\u00e9s en interne.<\/p>\n<p><img decoding=\"async\" src=\"https:\/\/www.emballagedigest.fr\/dotclear\/images\/2022\/BONUS\/juil\/ip_article4.jpg\" alt=\"Texte Alternatif\" style=\"float:left; margin: 0 1em 1em 0;\" \/><\/p>\n<p>International Paper emploie dans le monde 38 000 salari\u00e9s pour un chiffre d\u2019affaires net de 19 milliards de dollars en 2021 dont 17,2 milliards de dollars pour l\u2019Am\u00e9rique du Nord et 1,6 milliards d\u2019euros pour la r\u00e9gion EMEA. Il s\u2019appuie sur un r\u00e9seau mondial de 28 papeteries dont celles de Kenitra au Maroc et Madrid en Espagne pour le march\u00e9 EMEA et 221 cartonneries. 84% du CA est r\u00e9alis\u00e9 par l\u2019activit\u00e9 IP packaging industriel.<\/p>\n<p><em>Reproduction interdite sauf accord \u00e9crit d&rsquo;Emballage Digest ou mention du support<\/em><\/p>","protected":false},"excerpt":{"rendered":"<p>Le transformateur et fabricant d\u2019emballages en carton ondul\u00e9 International Paper a confi\u00e9 depuis le mois de mai les manettes de la filiale fran\u00e7aise, bas\u00e9e \u00e0 Chalon-sur-Sa\u00f4ne, \u00e0 Hakim Serhir. Issu du s\u00e9rail, ce dernier a su forger une solide expertise du march\u00e9 et du management au cours des 13 derni\u00e8res ann\u00e9es pass\u00e9es au sein de groupe, que ce soit au Maroc, au Moyen-Orient et Afrique aux directions financi\u00e8re puis des op\u00e9rations.<\/p>","protected":false},"author":1,"featured_media":34145,"comment_status":"closed","ping_status":"closed","sticky":false,"template":"","format":"standard","meta":{"_acf_changed":false,"inline_featured_image":false,"iawp_total_views":2,"footnotes":""},"categories":[5,11],"tags":[],"class_list":["post-24145","post","type-post","status-publish","format-standard","has-post-thumbnail","hentry","category-alimentaire","category-emballages"],"acf":[],"yoast_head":"<!-- This site is optimized with the Yoast SEO plugin v24.4 - https:\/\/yoast.com\/wordpress\/plugins\/seo\/ -->\n<title>Un nouveau directeur g\u00e9n\u00e9ral France pour International Paper - Emballage Digest<\/title>\n<meta name=\"robots\" content=\"index, follow, max-snippet:-1, max-image-preview:large, max-video-preview:-1\" \/>\n<link rel=\"canonical\" href=\"https:\/\/www.emballagedigest.fr\/en\/un-nouveau-directeur-general-france-pour-international-paper\/\" \/>\n<meta property=\"og:locale\" content=\"en_GB\" \/>\n<meta property=\"og:type\" content=\"article\" \/>\n<meta property=\"og:title\" content=\"Un nouveau directeur g\u00e9n\u00e9ral France pour International Paper - Emballage Digest\" \/>\n<meta property=\"og:description\" content=\"Le transformateur et fabricant d\u2019emballages en carton ondul\u00e9 International Paper a confi\u00e9 depuis le mois de mai les manettes de la filiale fran\u00e7aise, bas\u00e9e \u00e0 Chalon-sur-Sa\u00f4ne, \u00e0 Hakim Serhir. Issu du s\u00e9rail, ce dernier a su forger une solide expertise du march\u00e9 et du management au cours des 13 derni\u00e8res ann\u00e9es pass\u00e9es au sein de groupe, que ce soit au Maroc, au Moyen-Orient et Afrique aux directions financi\u00e8re puis des op\u00e9rations.\" \/>\n<meta property=\"og:url\" content=\"https:\/\/www.emballagedigest.fr\/en\/un-nouveau-directeur-general-france-pour-international-paper\/\" \/>\n<meta property=\"og:site_name\" content=\"Emballage Digest\" \/>\n<meta property=\"article:published_time\" content=\"2022-07-12T06:11:08+00:00\" \/>\n<meta property=\"article:modified_time\" content=\"2022-07-13T10:45:25+00:00\" \/>\n<meta name=\"author\" content=\"admin_thopel\" \/>\n<meta name=\"twitter:card\" content=\"summary_large_image\" \/>\n<meta name=\"twitter:label1\" content=\"Written by\" \/>\n\t<meta name=\"twitter:data1\" content=\"admin_thopel\" \/>\n\t<meta name=\"twitter:label2\" content=\"Estimated reading time\" \/>\n\t<meta name=\"twitter:data2\" content=\"3 minutes\" \/>\n<script type=\"application\/ld+json\" class=\"yoast-schema-graph\">{\"@context\":\"https:\/\/schema.org\",\"@graph\":[{\"@type\":\"Article\",\"@id\":\"https:\/\/www.emballagedigest.fr\/un-nouveau-directeur-general-france-pour-international-paper\/#article\",\"isPartOf\":{\"@id\":\"https:\/\/www.emballagedigest.fr\/un-nouveau-directeur-general-france-pour-international-paper\/\"},\"author\":{\"name\":\"admin_thopel\",\"@id\":\"https:\/\/www.emballagedigest.fr\/#\/schema\/person\/d01fbac1f378e2f5e4096082cdf68ae5\"},\"headline\":\"Un nouveau directeur g\u00e9n\u00e9ral France pour International Paper\",\"datePublished\":\"2022-07-12T06:11:08+00:00\",\"dateModified\":\"2022-07-13T10:45:25+00:00\",\"mainEntityOfPage\":{\"@id\":\"https:\/\/www.emballagedigest.fr\/un-nouveau-directeur-general-france-pour-international-paper\/\"},\"wordCount\":580,\"publisher\":{\"@id\":\"https:\/\/www.emballagedigest.fr\/#organization\"},\"image\":{\"@id\":\"https:\/\/www.emballagedigest.fr\/un-nouveau-directeur-general-france-pour-international-paper\/#primaryimage\"},\"thumbnailUrl\":\"https:\/\/www.emballagedigest.fr\/wp-content\/uploads\/dotclear\/images\/2022\/BONUS\/juil\/ip_article1.jpg\",\"articleSection\":[\"Alimentaire\",\"Emballages\"],\"inLanguage\":\"en-GB\"},{\"@type\":\"WebPage\",\"@id\":\"https:\/\/www.emballagedigest.fr\/un-nouveau-directeur-general-france-pour-international-paper\/\",\"url\":\"https:\/\/www.emballagedigest.fr\/un-nouveau-directeur-general-france-pour-international-paper\/\",\"name\":\"Un nouveau directeur g\u00e9n\u00e9ral France pour International Paper - Emballage Digest\",\"isPartOf\":{\"@id\":\"https:\/\/www.emballagedigest.fr\/#website\"},\"primaryImageOfPage\":{\"@id\":\"https:\/\/www.emballagedigest.fr\/un-nouveau-directeur-general-france-pour-international-paper\/#primaryimage\"},\"image\":{\"@id\":\"https:\/\/www.emballagedigest.fr\/un-nouveau-directeur-general-france-pour-international-paper\/#primaryimage\"},\"thumbnailUrl\":\"https:\/\/www.emballagedigest.fr\/wp-content\/uploads\/dotclear\/images\/2022\/BONUS\/juil\/ip_article1.jpg\",\"datePublished\":\"2022-07-12T06:11:08+00:00\",\"dateModified\":\"2022-07-13T10:45:25+00:00\",\"breadcrumb\":{\"@id\":\"https:\/\/www.emballagedigest.fr\/un-nouveau-directeur-general-france-pour-international-paper\/#breadcrumb\"},\"inLanguage\":\"en-GB\",\"potentialAction\":[{\"@type\":\"ReadAction\",\"target\":[\"https:\/\/www.emballagedigest.fr\/un-nouveau-directeur-general-france-pour-international-paper\/\"]}]},{\"@type\":\"ImageObject\",\"inLanguage\":\"en-GB\",\"@id\":\"https:\/\/www.emballagedigest.fr\/un-nouveau-directeur-general-france-pour-international-paper\/#primaryimage\",\"url\":\"https:\/\/www.emballagedigest.fr\/wp-content\/uploads\/dotclear\/images\/2022\/BONUS\/juil\/ip_article1.jpg\",\"contentUrl\":\"https:\/\/www.emballagedigest.fr\/wp-content\/uploads\/dotclear\/images\/2022\/BONUS\/juil\/ip_article1.jpg\"},{\"@type\":\"BreadcrumbList\",\"@id\":\"https:\/\/www.emballagedigest.fr\/un-nouveau-directeur-general-france-pour-international-paper\/#breadcrumb\",\"itemListElement\":[{\"@type\":\"ListItem\",\"position\":1,\"name\":\"Accueil\",\"item\":\"https:\/\/www.emballagedigest.fr\/\"},{\"@type\":\"ListItem\",\"position\":2,\"name\":\"Un nouveau directeur g\u00e9n\u00e9ral France pour International Paper\"}]},{\"@type\":\"WebSite\",\"@id\":\"https:\/\/www.emballagedigest.fr\/#website\",\"url\":\"https:\/\/www.emballagedigest.fr\/\",\"name\":\"Emballage Digest\",\"description\":\"Revue professionnelle sur les emballages\",\"publisher\":{\"@id\":\"https:\/\/www.emballagedigest.fr\/#organization\"},\"potentialAction\":[{\"@type\":\"SearchAction\",\"target\":{\"@type\":\"EntryPoint\",\"urlTemplate\":\"https:\/\/www.emballagedigest.fr\/?s={search_term_string}\"},\"query-input\":{\"@type\":\"PropertyValueSpecification\",\"valueRequired\":true,\"valueName\":\"search_term_string\"}}],\"inLanguage\":\"en-GB\"},{\"@type\":\"Organization\",\"@id\":\"https:\/\/www.emballagedigest.fr\/#organization\",\"name\":\"Emballage Digest\",\"url\":\"https:\/\/www.emballagedigest.fr\/\",\"logo\":{\"@type\":\"ImageObject\",\"inLanguage\":\"en-GB\",\"@id\":\"https:\/\/www.emballagedigest.fr\/#\/schema\/logo\/image\/\",\"url\":\"https:\/\/www.emballagedigest.fr\/wp-content\/uploads\/2022\/07\/logo-ed.png\",\"contentUrl\":\"https:\/\/www.emballagedigest.fr\/wp-content\/uploads\/2022\/07\/logo-ed.png\",\"width\":379,\"height\":75,\"caption\":\"Emballage Digest\"},\"image\":{\"@id\":\"https:\/\/www.emballagedigest.fr\/#\/schema\/logo\/image\/\"}},{\"@type\":\"Person\",\"@id\":\"https:\/\/www.emballagedigest.fr\/#\/schema\/person\/d01fbac1f378e2f5e4096082cdf68ae5\",\"name\":\"admin_thopel\",\"image\":{\"@type\":\"ImageObject\",\"inLanguage\":\"en-GB\",\"@id\":\"https:\/\/www.emballagedigest.fr\/#\/schema\/person\/image\/\",\"url\":\"https:\/\/secure.gravatar.com\/avatar\/6cf644f6475359b596b81b10a64f989df38f1238649f7e33f97f69519e42dfbf?s=96&d=mm&r=g\",\"contentUrl\":\"https:\/\/secure.gravatar.com\/avatar\/6cf644f6475359b596b81b10a64f989df38f1238649f7e33f97f69519e42dfbf?s=96&d=mm&r=g\",\"caption\":\"admin_thopel\"},\"sameAs\":[\"http:\/\/localhost:8787\/emballage_digest\"],\"url\":\"https:\/\/www.emballagedigest.fr\/en\/author\/admin_thopel\/\"}]}<\/script>\n<!-- \/ Yoast SEO plugin. -->","yoast_head_json":{"title":"Un nouveau directeur g\u00e9n\u00e9ral France pour International Paper - Emballage Digest","robots":{"index":"index","follow":"follow","max-snippet":"max-snippet:-1","max-image-preview":"max-image-preview:large","max-video-preview":"max-video-preview:-1"},"canonical":"https:\/\/www.emballagedigest.fr\/en\/un-nouveau-directeur-general-france-pour-international-paper\/","og_locale":"en_GB","og_type":"article","og_title":"Un nouveau directeur g\u00e9n\u00e9ral France pour International Paper - Emballage Digest","og_description":"Le transformateur et fabricant d\u2019emballages en carton ondul\u00e9 International Paper a confi\u00e9 depuis le mois de mai les manettes de la filiale fran\u00e7aise, bas\u00e9e \u00e0 Chalon-sur-Sa\u00f4ne, \u00e0 Hakim Serhir. Issu du s\u00e9rail, ce dernier a su forger une solide expertise du march\u00e9 et du management au cours des 13 derni\u00e8res ann\u00e9es pass\u00e9es au sein de groupe, que ce soit au Maroc, au Moyen-Orient et Afrique aux directions financi\u00e8re puis des op\u00e9rations.","og_url":"https:\/\/www.emballagedigest.fr\/en\/un-nouveau-directeur-general-france-pour-international-paper\/","og_site_name":"Emballage Digest","article_published_time":"2022-07-12T06:11:08+00:00","article_modified_time":"2022-07-13T10:45:25+00:00","author":"admin_thopel","twitter_card":"summary_large_image","twitter_misc":{"Written by":"admin_thopel","Estimated reading time":"3 minutes"},"schema":{"@context":"https:\/\/schema.org","@graph":[{"@type":"Article","@id":"https:\/\/www.emballagedigest.fr\/un-nouveau-directeur-general-france-pour-international-paper\/#article","isPartOf":{"@id":"https:\/\/www.emballagedigest.fr\/un-nouveau-directeur-general-france-pour-international-paper\/"},"author":{"name":"admin_thopel","@id":"https:\/\/www.emballagedigest.fr\/#\/schema\/person\/d01fbac1f378e2f5e4096082cdf68ae5"},"headline":"Un nouveau directeur g\u00e9n\u00e9ral France pour International Paper","datePublished":"2022-07-12T06:11:08+00:00","dateModified":"2022-07-13T10:45:25+00:00","mainEntityOfPage":{"@id":"https:\/\/www.emballagedigest.fr\/un-nouveau-directeur-general-france-pour-international-paper\/"},"wordCount":580,"publisher":{"@id":"https:\/\/www.emballagedigest.fr\/#organization"},"image":{"@id":"https:\/\/www.emballagedigest.fr\/un-nouveau-directeur-general-france-pour-international-paper\/#primaryimage"},"thumbnailUrl":"https:\/\/www.emballagedigest.fr\/wp-content\/uploads\/dotclear\/images\/2022\/BONUS\/juil\/ip_article1.jpg","articleSection":["Alimentaire","Emballages"],"inLanguage":"en-GB"},{"@type":"WebPage","@id":"https:\/\/www.emballagedigest.fr\/un-nouveau-directeur-general-france-pour-international-paper\/","url":"https:\/\/www.emballagedigest.fr\/un-nouveau-directeur-general-france-pour-international-paper\/","name":"Un nouveau directeur g\u00e9n\u00e9ral France pour International Paper - Emballage Digest","isPartOf":{"@id":"https:\/\/www.emballagedigest.fr\/#website"},"primaryImageOfPage":{"@id":"https:\/\/www.emballagedigest.fr\/un-nouveau-directeur-general-france-pour-international-paper\/#primaryimage"},"image":{"@id":"https:\/\/www.emballagedigest.fr\/un-nouveau-directeur-general-france-pour-international-paper\/#primaryimage"},"thumbnailUrl":"https:\/\/www.emballagedigest.fr\/wp-content\/uploads\/dotclear\/images\/2022\/BONUS\/juil\/ip_article1.jpg","datePublished":"2022-07-12T06:11:08+00:00","dateModified":"2022-07-13T10:45:25+00:00","breadcrumb":{"@id":"https:\/\/www.emballagedigest.fr\/un-nouveau-directeur-general-france-pour-international-paper\/#breadcrumb"},"inLanguage":"en-GB","potentialAction":[{"@type":"ReadAction","target":["https:\/\/www.emballagedigest.fr\/un-nouveau-directeur-general-france-pour-international-paper\/"]}]},{"@type":"ImageObject","inLanguage":"en-GB","@id":"https:\/\/www.emballagedigest.fr\/un-nouveau-directeur-general-france-pour-international-paper\/#primaryimage","url":"https:\/\/www.emballagedigest.fr\/wp-content\/uploads\/dotclear\/images\/2022\/BONUS\/juil\/ip_article1.jpg","contentUrl":"https:\/\/www.emballagedigest.fr\/wp-content\/uploads\/dotclear\/images\/2022\/BONUS\/juil\/ip_article1.jpg"},{"@type":"BreadcrumbList","@id":"https:\/\/www.emballagedigest.fr\/un-nouveau-directeur-general-france-pour-international-paper\/#breadcrumb","itemListElement":[{"@type":"ListItem","position":1,"name":"Accueil","item":"https:\/\/www.emballagedigest.fr\/"},{"@type":"ListItem","position":2,"name":"Un nouveau directeur g\u00e9n\u00e9ral France pour International Paper"}]},{"@type":"WebSite","@id":"https:\/\/www.emballagedigest.fr\/#website","url":"https:\/\/www.emballagedigest.fr\/","name":"Emballage Digest","description":"Revue professionnelle sur les emballages","publisher":{"@id":"https:\/\/www.emballagedigest.fr\/#organization"},"potentialAction":[{"@type":"SearchAction","target":{"@type":"EntryPoint","urlTemplate":"https:\/\/www.emballagedigest.fr\/?s={search_term_string}"},"query-input":{"@type":"PropertyValueSpecification","valueRequired":true,"valueName":"search_term_string"}}],"inLanguage":"en-GB"},{"@type":"Organization","@id":"https:\/\/www.emballagedigest.fr\/#organization","name":"Emballage Digest","url":"https:\/\/www.emballagedigest.fr\/","logo":{"@type":"ImageObject","inLanguage":"en-GB","@id":"https:\/\/www.emballagedigest.fr\/#\/schema\/logo\/image\/","url":"https:\/\/www.emballagedigest.fr\/wp-content\/uploads\/2022\/07\/logo-ed.png","contentUrl":"https:\/\/www.emballagedigest.fr\/wp-content\/uploads\/2022\/07\/logo-ed.png","width":379,"height":75,"caption":"Emballage Digest"},"image":{"@id":"https:\/\/www.emballagedigest.fr\/#\/schema\/logo\/image\/"}},{"@type":"Person","@id":"https:\/\/www.emballagedigest.fr\/#\/schema\/person\/d01fbac1f378e2f5e4096082cdf68ae5","name":"admin_thopel","image":{"@type":"ImageObject","inLanguage":"en-GB","@id":"https:\/\/www.emballagedigest.fr\/#\/schema\/person\/image\/","url":"https:\/\/secure.gravatar.com\/avatar\/6cf644f6475359b596b81b10a64f989df38f1238649f7e33f97f69519e42dfbf?s=96&d=mm&r=g","contentUrl":"https:\/\/secure.gravatar.com\/avatar\/6cf644f6475359b596b81b10a64f989df38f1238649f7e33f97f69519e42dfbf?s=96&d=mm&r=g","caption":"admin_thopel"},"sameAs":["http:\/\/localhost:8787\/emballage_digest"],"url":"https:\/\/www.emballagedigest.fr\/en\/author\/admin_thopel\/"}]}},"_links":{"self":[{"href":"https:\/\/www.emballagedigest.fr\/en\/wp-json\/wp\/v2\/posts\/24145","targetHints":{"allow":["GET"]}}],"collection":[{"href":"https:\/\/www.emballagedigest.fr\/en\/wp-json\/wp\/v2\/posts"}],"about":[{"href":"https:\/\/www.emballagedigest.fr\/en\/wp-json\/wp\/v2\/types\/post"}],"author":[{"embeddable":true,"href":"https:\/\/www.emballagedigest.fr\/en\/wp-json\/wp\/v2\/users\/1"}],"replies":[{"embeddable":true,"href":"https:\/\/www.emballagedigest.fr\/en\/wp-json\/wp\/v2\/comments?post=24145"}],"version-history":[{"count":0,"href":"https:\/\/www.emballagedigest.fr\/en\/wp-json\/wp\/v2\/posts\/24145\/revisions"}],"wp:featuredmedia":[{"embeddable":true,"href":"https:\/\/www.emballagedigest.fr\/en\/wp-json\/wp\/v2\/media\/34145"}],"wp:attachment":[{"href":"https:\/\/www.emballagedigest.fr\/en\/wp-json\/wp\/v2\/media?parent=24145"}],"wp:term":[{"taxonomy":"category","embeddable":true,"href":"https:\/\/www.emballagedigest.fr\/en\/wp-json\/wp\/v2\/categories?post=24145"},{"taxonomy":"post_tag","embeddable":true,"href":"https:\/\/www.emballagedigest.fr\/en\/wp-json\/wp\/v2\/tags?post=24145"}],"curies":[{"name":"wp","href":"https:\/\/api.w.org\/{rel}","templated":true}]}}