{"id":24251,"date":"2022-09-23T08:16:19","date_gmt":"2022-09-23T08:16:19","guid":{"rendered":"https:\/\/www.emballagedigest.fr\/?p=24251"},"modified":"2022-09-23T08:16:19","modified_gmt":"2022-09-23T08:16:19","slug":"all4pack-emballage-paris-decrypte-l-avenir-des-materiaux-de-demain","status":"publish","type":"post","link":"https:\/\/www.emballagedigest.fr\/en\/all4pack-emballage-paris-decrypte-l-avenir-des-materiaux-de-demain\/","title":{"rendered":"ALL4PACK Emballage Paris d\u00e9crypte l\u2019avenir des mat\u00e9riaux de demain"},"content":{"rendered":"<p>A quelques semaines de sa prochaine \u00e9dition, le salon international des solutions durables d\u2019emballage et d\u2019intralogistique, ALL4PACK Emballage Paris a souhait\u00e9 d\u00e9coder les mutations du march\u00e9. Afin d\u2019\u00eatre au c\u0153ur des r\u00e9flexions du secteur, les \u00e9quipes ont interrog\u00e9 en amont la communaut\u00e9 du salon (fournisseurs d\u2019emballages et industries utilisatrices) pour connaitre sa vision sur l\u2019\u00e9volution des mat\u00e9riaux d\u2019emballage.<\/p>\n<p>L\u2019ensemble de la fili\u00e8re est conscient de la n\u00e9cessit\u00e9 d\u2019une transition \u00e9cologique&nbsp;: 88% estiment comme enjeu prioritaire l\u2019utilisation d\u2019emballages plus respectueux de l\u2019environnement. Les principales raisons motivant cette transition sont les attentes des consommateurs (69%), les b\u00e9n\u00e9fices en termes d\u2019image (56%) et les changements de l\u00e9gislation (49%). A contrario, les freins exprim\u00e9s sont, sans surprise, le co\u00fbt \u00e0 l\u2019utilisation de mat\u00e9riaux d\u2019emballage respectueux de l\u2019environnement (63%) et plus loin la disponibilit\u00e9 (43%) et la qualit\u00e9 des mat\u00e9riaux (37%), freins davantage per\u00e7us par les industries utilisatrices (43%) que les fournisseurs (27%).<\/p>\n<p><img decoding=\"async\" src=\"https:\/\/www.emballagedigest.fr\/dotclear\/images\/2022\/BONUS\/sep\/all_article2.jpg\" alt=\"Texte Alternatif\" style=\"float:left; margin: 0 1em 1em 0;\" \/><\/p>\n<p>C\u00f4t\u00e9 mat\u00e9riaux, le papier\/carton (77%) et le plastique (73%) restent les principaux mat\u00e9riaux utilis\u00e9s pour les emballages. Les biomat\u00e9riaux sont encore peu utilis\u00e9s (18%). N\u00e9anmoins, interrog\u00e9e sur la nature des mat\u00e9riaux utilis\u00e9e dans les deux ans \u00e0 venir, les professionnels semblent avoir une vision pr\u00e9cise (seulement 0,5 % des sond\u00e9s r\u00e9pondent \u00abne savent pas\u00bb). L\u2019utilisation des biomat\u00e9riaux devrait progresser&nbsp;: 37% des sond\u00e9s d\u00e9clarent vouloir commencer \u00e0 utiliser des biomat\u00e9riaux dans les deux ans \u00e0 venir. Le papier et le carton devrait \u00e9galement sensiblement augmenter&nbsp;: 46% des d\u00e9cideurs interrog\u00e9s d\u00e9clarent vouloir en utiliser davantage. Une baisse r\u00e9elle de l\u2019utilisation du plastique devrait avoir lieu&nbsp;: 32% comptent diminuer leur recours \u00e0 cette ressource, n\u00e9anmoins peu pr\u00e9voit d\u2019arr\u00eater de l\u2019utiliser (5%). Quant \u00e0 l\u2019utilisation du m\u00e9tal, du verre et du bois, elle devrait rester relativement stable. <\/p>\n<p><em>*Enqu\u00eate men\u00e9e par ALL4PACK Emballage Paris entre le 11 avril et le 10 mai 2022, aupr\u00e8s de 211 d\u00e9cideurs appartenant aux secteurs des industries utilisatrices (60%) et des fournisseurs d\u2019emballages (40%) tous secteurs confondus, de toutes tailles et de diff\u00e9rents pays.<\/em> <\/p>\n<p><em>Reproduction interdite sauf accord \u00e9crit d&rsquo;Emballage Digest ou mention du support<\/em><\/p>","protected":false},"excerpt":{"rendered":"<p>A quelques semaines de sa prochaine \u00e9dition, le salon international des solutions durables d\u2019emballage et d\u2019intralogistique, ALL4PACK Emballage Paris a souhait\u00e9 d\u00e9coder les mutations du march\u00e9. Afin d\u2019\u00eatre au c\u0153ur des r\u00e9flexions du secteur, les \u00e9quipes ont interrog\u00e9 en amont la communaut\u00e9 du salon (fournisseurs d\u2019emballages et industries utilisatrices) pour connaitre sa vision sur l\u2019\u00e9volution des mat\u00e9riaux d\u2019emballage.<\/p>","protected":false},"author":1,"featured_media":34251,"comment_status":"closed","ping_status":"closed","sticky":false,"template":"","format":"standard","meta":{"_acf_changed":false,"inline_featured_image":false,"iawp_total_views":1,"footnotes":""},"categories":[11],"tags":[],"class_list":["post-24251","post","type-post","status-publish","format-standard","has-post-thumbnail","hentry","category-emballages"],"acf":[],"yoast_head":"<!-- This site is optimized with the Yoast SEO plugin v24.4 - https:\/\/yoast.com\/wordpress\/plugins\/seo\/ -->\n<title>ALL4PACK Emballage Paris d\u00e9crypte l\u2019avenir des mat\u00e9riaux de demain - Emballage Digest<\/title>\n<meta name=\"robots\" content=\"index, follow, max-snippet:-1, max-image-preview:large, max-video-preview:-1\" \/>\n<link rel=\"canonical\" href=\"https:\/\/www.emballagedigest.fr\/en\/all4pack-emballage-paris-decrypte-l-avenir-des-materiaux-de-demain\/\" \/>\n<meta property=\"og:locale\" content=\"en_GB\" \/>\n<meta property=\"og:type\" content=\"article\" \/>\n<meta property=\"og:title\" content=\"ALL4PACK Emballage Paris d\u00e9crypte l\u2019avenir des mat\u00e9riaux de demain - Emballage Digest\" \/>\n<meta property=\"og:description\" content=\"A quelques semaines de sa prochaine \u00e9dition, le salon international des solutions durables d\u2019emballage et d\u2019intralogistique, ALL4PACK Emballage Paris a souhait\u00e9 d\u00e9coder les mutations du march\u00e9. Afin d\u2019\u00eatre au c\u0153ur des r\u00e9flexions du secteur, les \u00e9quipes ont interrog\u00e9 en amont la communaut\u00e9 du salon (fournisseurs d\u2019emballages et industries utilisatrices) pour connaitre sa vision sur l\u2019\u00e9volution des mat\u00e9riaux d\u2019emballage.\" \/>\n<meta property=\"og:url\" content=\"https:\/\/www.emballagedigest.fr\/en\/all4pack-emballage-paris-decrypte-l-avenir-des-materiaux-de-demain\/\" \/>\n<meta property=\"og:site_name\" content=\"Emballage Digest\" \/>\n<meta property=\"article:published_time\" content=\"2022-09-23T08:16:19+00:00\" \/>\n<meta name=\"author\" content=\"admin_thopel\" \/>\n<meta name=\"twitter:card\" content=\"summary_large_image\" \/>\n<meta name=\"twitter:label1\" content=\"Written by\" \/>\n\t<meta name=\"twitter:data1\" content=\"admin_thopel\" \/>\n\t<meta name=\"twitter:label2\" content=\"Estimated reading time\" \/>\n\t<meta name=\"twitter:data2\" content=\"2 minutes\" \/>\n<script type=\"application\/ld+json\" class=\"yoast-schema-graph\">{\"@context\":\"https:\/\/schema.org\",\"@graph\":[{\"@type\":\"Article\",\"@id\":\"https:\/\/www.emballagedigest.fr\/all4pack-emballage-paris-decrypte-l-avenir-des-materiaux-de-demain\/#article\",\"isPartOf\":{\"@id\":\"https:\/\/www.emballagedigest.fr\/all4pack-emballage-paris-decrypte-l-avenir-des-materiaux-de-demain\/\"},\"author\":{\"name\":\"admin_thopel\",\"@id\":\"https:\/\/www.emballagedigest.fr\/#\/schema\/person\/d01fbac1f378e2f5e4096082cdf68ae5\"},\"headline\":\"ALL4PACK Emballage Paris d\u00e9crypte l\u2019avenir des mat\u00e9riaux de demain\",\"datePublished\":\"2022-09-23T08:16:19+00:00\",\"mainEntityOfPage\":{\"@id\":\"https:\/\/www.emballagedigest.fr\/all4pack-emballage-paris-decrypte-l-avenir-des-materiaux-de-demain\/\"},\"wordCount\":389,\"publisher\":{\"@id\":\"https:\/\/www.emballagedigest.fr\/#organization\"},\"image\":{\"@id\":\"https:\/\/www.emballagedigest.fr\/all4pack-emballage-paris-decrypte-l-avenir-des-materiaux-de-demain\/#primaryimage\"},\"thumbnailUrl\":\"https:\/\/www.emballagedigest.fr\/wp-content\/uploads\/dotclear\/images\/2022\/BONUS\/sep\/all_article1.jpg\",\"articleSection\":[\"Emballages\"],\"inLanguage\":\"en-GB\"},{\"@type\":\"WebPage\",\"@id\":\"https:\/\/www.emballagedigest.fr\/all4pack-emballage-paris-decrypte-l-avenir-des-materiaux-de-demain\/\",\"url\":\"https:\/\/www.emballagedigest.fr\/all4pack-emballage-paris-decrypte-l-avenir-des-materiaux-de-demain\/\",\"name\":\"ALL4PACK Emballage Paris d\u00e9crypte l\u2019avenir des mat\u00e9riaux de demain - Emballage Digest\",\"isPartOf\":{\"@id\":\"https:\/\/www.emballagedigest.fr\/#website\"},\"primaryImageOfPage\":{\"@id\":\"https:\/\/www.emballagedigest.fr\/all4pack-emballage-paris-decrypte-l-avenir-des-materiaux-de-demain\/#primaryimage\"},\"image\":{\"@id\":\"https:\/\/www.emballagedigest.fr\/all4pack-emballage-paris-decrypte-l-avenir-des-materiaux-de-demain\/#primaryimage\"},\"thumbnailUrl\":\"https:\/\/www.emballagedigest.fr\/wp-content\/uploads\/dotclear\/images\/2022\/BONUS\/sep\/all_article1.jpg\",\"datePublished\":\"2022-09-23T08:16:19+00:00\",\"breadcrumb\":{\"@id\":\"https:\/\/www.emballagedigest.fr\/all4pack-emballage-paris-decrypte-l-avenir-des-materiaux-de-demain\/#breadcrumb\"},\"inLanguage\":\"en-GB\",\"potentialAction\":[{\"@type\":\"ReadAction\",\"target\":[\"https:\/\/www.emballagedigest.fr\/all4pack-emballage-paris-decrypte-l-avenir-des-materiaux-de-demain\/\"]}]},{\"@type\":\"ImageObject\",\"inLanguage\":\"en-GB\",\"@id\":\"https:\/\/www.emballagedigest.fr\/all4pack-emballage-paris-decrypte-l-avenir-des-materiaux-de-demain\/#primaryimage\",\"url\":\"https:\/\/www.emballagedigest.fr\/wp-content\/uploads\/dotclear\/images\/2022\/BONUS\/sep\/all_article1.jpg\",\"contentUrl\":\"https:\/\/www.emballagedigest.fr\/wp-content\/uploads\/dotclear\/images\/2022\/BONUS\/sep\/all_article1.jpg\"},{\"@type\":\"BreadcrumbList\",\"@id\":\"https:\/\/www.emballagedigest.fr\/all4pack-emballage-paris-decrypte-l-avenir-des-materiaux-de-demain\/#breadcrumb\",\"itemListElement\":[{\"@type\":\"ListItem\",\"position\":1,\"name\":\"Accueil\",\"item\":\"https:\/\/www.emballagedigest.fr\/\"},{\"@type\":\"ListItem\",\"position\":2,\"name\":\"ALL4PACK Emballage Paris d\u00e9crypte l\u2019avenir des mat\u00e9riaux de demain\"}]},{\"@type\":\"WebSite\",\"@id\":\"https:\/\/www.emballagedigest.fr\/#website\",\"url\":\"https:\/\/www.emballagedigest.fr\/\",\"name\":\"Emballage Digest\",\"description\":\"Revue professionnelle sur les emballages\",\"publisher\":{\"@id\":\"https:\/\/www.emballagedigest.fr\/#organization\"},\"potentialAction\":[{\"@type\":\"SearchAction\",\"target\":{\"@type\":\"EntryPoint\",\"urlTemplate\":\"https:\/\/www.emballagedigest.fr\/?s={search_term_string}\"},\"query-input\":{\"@type\":\"PropertyValueSpecification\",\"valueRequired\":true,\"valueName\":\"search_term_string\"}}],\"inLanguage\":\"en-GB\"},{\"@type\":\"Organization\",\"@id\":\"https:\/\/www.emballagedigest.fr\/#organization\",\"name\":\"Emballage Digest\",\"url\":\"https:\/\/www.emballagedigest.fr\/\",\"logo\":{\"@type\":\"ImageObject\",\"inLanguage\":\"en-GB\",\"@id\":\"https:\/\/www.emballagedigest.fr\/#\/schema\/logo\/image\/\",\"url\":\"https:\/\/www.emballagedigest.fr\/wp-content\/uploads\/2022\/07\/logo-ed.png\",\"contentUrl\":\"https:\/\/www.emballagedigest.fr\/wp-content\/uploads\/2022\/07\/logo-ed.png\",\"width\":379,\"height\":75,\"caption\":\"Emballage Digest\"},\"image\":{\"@id\":\"https:\/\/www.emballagedigest.fr\/#\/schema\/logo\/image\/\"}},{\"@type\":\"Person\",\"@id\":\"https:\/\/www.emballagedigest.fr\/#\/schema\/person\/d01fbac1f378e2f5e4096082cdf68ae5\",\"name\":\"admin_thopel\",\"image\":{\"@type\":\"ImageObject\",\"inLanguage\":\"en-GB\",\"@id\":\"https:\/\/www.emballagedigest.fr\/#\/schema\/person\/image\/\",\"url\":\"https:\/\/secure.gravatar.com\/avatar\/6cf644f6475359b596b81b10a64f989df38f1238649f7e33f97f69519e42dfbf?s=96&d=mm&r=g\",\"contentUrl\":\"https:\/\/secure.gravatar.com\/avatar\/6cf644f6475359b596b81b10a64f989df38f1238649f7e33f97f69519e42dfbf?s=96&d=mm&r=g\",\"caption\":\"admin_thopel\"},\"sameAs\":[\"http:\/\/localhost:8787\/emballage_digest\"],\"url\":\"https:\/\/www.emballagedigest.fr\/en\/author\/admin_thopel\/\"}]}<\/script>\n<!-- \/ Yoast SEO plugin. -->","yoast_head_json":{"title":"ALL4PACK Emballage Paris d\u00e9crypte l\u2019avenir des mat\u00e9riaux de demain - Emballage Digest","robots":{"index":"index","follow":"follow","max-snippet":"max-snippet:-1","max-image-preview":"max-image-preview:large","max-video-preview":"max-video-preview:-1"},"canonical":"https:\/\/www.emballagedigest.fr\/en\/all4pack-emballage-paris-decrypte-l-avenir-des-materiaux-de-demain\/","og_locale":"en_GB","og_type":"article","og_title":"ALL4PACK Emballage Paris d\u00e9crypte l\u2019avenir des mat\u00e9riaux de demain - Emballage Digest","og_description":"A quelques semaines de sa prochaine \u00e9dition, le salon international des solutions durables d\u2019emballage et d\u2019intralogistique, ALL4PACK Emballage Paris a souhait\u00e9 d\u00e9coder les mutations du march\u00e9. Afin d\u2019\u00eatre au c\u0153ur des r\u00e9flexions du secteur, les \u00e9quipes ont interrog\u00e9 en amont la communaut\u00e9 du salon (fournisseurs d\u2019emballages et industries utilisatrices) pour connaitre sa vision sur l\u2019\u00e9volution des mat\u00e9riaux d\u2019emballage.","og_url":"https:\/\/www.emballagedigest.fr\/en\/all4pack-emballage-paris-decrypte-l-avenir-des-materiaux-de-demain\/","og_site_name":"Emballage Digest","article_published_time":"2022-09-23T08:16:19+00:00","author":"admin_thopel","twitter_card":"summary_large_image","twitter_misc":{"Written by":"admin_thopel","Estimated reading time":"2 minutes"},"schema":{"@context":"https:\/\/schema.org","@graph":[{"@type":"Article","@id":"https:\/\/www.emballagedigest.fr\/all4pack-emballage-paris-decrypte-l-avenir-des-materiaux-de-demain\/#article","isPartOf":{"@id":"https:\/\/www.emballagedigest.fr\/all4pack-emballage-paris-decrypte-l-avenir-des-materiaux-de-demain\/"},"author":{"name":"admin_thopel","@id":"https:\/\/www.emballagedigest.fr\/#\/schema\/person\/d01fbac1f378e2f5e4096082cdf68ae5"},"headline":"ALL4PACK Emballage Paris d\u00e9crypte l\u2019avenir des mat\u00e9riaux de demain","datePublished":"2022-09-23T08:16:19+00:00","mainEntityOfPage":{"@id":"https:\/\/www.emballagedigest.fr\/all4pack-emballage-paris-decrypte-l-avenir-des-materiaux-de-demain\/"},"wordCount":389,"publisher":{"@id":"https:\/\/www.emballagedigest.fr\/#organization"},"image":{"@id":"https:\/\/www.emballagedigest.fr\/all4pack-emballage-paris-decrypte-l-avenir-des-materiaux-de-demain\/#primaryimage"},"thumbnailUrl":"https:\/\/www.emballagedigest.fr\/wp-content\/uploads\/dotclear\/images\/2022\/BONUS\/sep\/all_article1.jpg","articleSection":["Emballages"],"inLanguage":"en-GB"},{"@type":"WebPage","@id":"https:\/\/www.emballagedigest.fr\/all4pack-emballage-paris-decrypte-l-avenir-des-materiaux-de-demain\/","url":"https:\/\/www.emballagedigest.fr\/all4pack-emballage-paris-decrypte-l-avenir-des-materiaux-de-demain\/","name":"ALL4PACK Emballage Paris d\u00e9crypte l\u2019avenir des mat\u00e9riaux de demain - Emballage Digest","isPartOf":{"@id":"https:\/\/www.emballagedigest.fr\/#website"},"primaryImageOfPage":{"@id":"https:\/\/www.emballagedigest.fr\/all4pack-emballage-paris-decrypte-l-avenir-des-materiaux-de-demain\/#primaryimage"},"image":{"@id":"https:\/\/www.emballagedigest.fr\/all4pack-emballage-paris-decrypte-l-avenir-des-materiaux-de-demain\/#primaryimage"},"thumbnailUrl":"https:\/\/www.emballagedigest.fr\/wp-content\/uploads\/dotclear\/images\/2022\/BONUS\/sep\/all_article1.jpg","datePublished":"2022-09-23T08:16:19+00:00","breadcrumb":{"@id":"https:\/\/www.emballagedigest.fr\/all4pack-emballage-paris-decrypte-l-avenir-des-materiaux-de-demain\/#breadcrumb"},"inLanguage":"en-GB","potentialAction":[{"@type":"ReadAction","target":["https:\/\/www.emballagedigest.fr\/all4pack-emballage-paris-decrypte-l-avenir-des-materiaux-de-demain\/"]}]},{"@type":"ImageObject","inLanguage":"en-GB","@id":"https:\/\/www.emballagedigest.fr\/all4pack-emballage-paris-decrypte-l-avenir-des-materiaux-de-demain\/#primaryimage","url":"https:\/\/www.emballagedigest.fr\/wp-content\/uploads\/dotclear\/images\/2022\/BONUS\/sep\/all_article1.jpg","contentUrl":"https:\/\/www.emballagedigest.fr\/wp-content\/uploads\/dotclear\/images\/2022\/BONUS\/sep\/all_article1.jpg"},{"@type":"BreadcrumbList","@id":"https:\/\/www.emballagedigest.fr\/all4pack-emballage-paris-decrypte-l-avenir-des-materiaux-de-demain\/#breadcrumb","itemListElement":[{"@type":"ListItem","position":1,"name":"Accueil","item":"https:\/\/www.emballagedigest.fr\/"},{"@type":"ListItem","position":2,"name":"ALL4PACK Emballage Paris d\u00e9crypte l\u2019avenir des mat\u00e9riaux de demain"}]},{"@type":"WebSite","@id":"https:\/\/www.emballagedigest.fr\/#website","url":"https:\/\/www.emballagedigest.fr\/","name":"Emballage Digest","description":"Revue professionnelle sur les emballages","publisher":{"@id":"https:\/\/www.emballagedigest.fr\/#organization"},"potentialAction":[{"@type":"SearchAction","target":{"@type":"EntryPoint","urlTemplate":"https:\/\/www.emballagedigest.fr\/?s={search_term_string}"},"query-input":{"@type":"PropertyValueSpecification","valueRequired":true,"valueName":"search_term_string"}}],"inLanguage":"en-GB"},{"@type":"Organization","@id":"https:\/\/www.emballagedigest.fr\/#organization","name":"Emballage Digest","url":"https:\/\/www.emballagedigest.fr\/","logo":{"@type":"ImageObject","inLanguage":"en-GB","@id":"https:\/\/www.emballagedigest.fr\/#\/schema\/logo\/image\/","url":"https:\/\/www.emballagedigest.fr\/wp-content\/uploads\/2022\/07\/logo-ed.png","contentUrl":"https:\/\/www.emballagedigest.fr\/wp-content\/uploads\/2022\/07\/logo-ed.png","width":379,"height":75,"caption":"Emballage Digest"},"image":{"@id":"https:\/\/www.emballagedigest.fr\/#\/schema\/logo\/image\/"}},{"@type":"Person","@id":"https:\/\/www.emballagedigest.fr\/#\/schema\/person\/d01fbac1f378e2f5e4096082cdf68ae5","name":"admin_thopel","image":{"@type":"ImageObject","inLanguage":"en-GB","@id":"https:\/\/www.emballagedigest.fr\/#\/schema\/person\/image\/","url":"https:\/\/secure.gravatar.com\/avatar\/6cf644f6475359b596b81b10a64f989df38f1238649f7e33f97f69519e42dfbf?s=96&d=mm&r=g","contentUrl":"https:\/\/secure.gravatar.com\/avatar\/6cf644f6475359b596b81b10a64f989df38f1238649f7e33f97f69519e42dfbf?s=96&d=mm&r=g","caption":"admin_thopel"},"sameAs":["http:\/\/localhost:8787\/emballage_digest"],"url":"https:\/\/www.emballagedigest.fr\/en\/author\/admin_thopel\/"}]}},"_links":{"self":[{"href":"https:\/\/www.emballagedigest.fr\/en\/wp-json\/wp\/v2\/posts\/24251","targetHints":{"allow":["GET"]}}],"collection":[{"href":"https:\/\/www.emballagedigest.fr\/en\/wp-json\/wp\/v2\/posts"}],"about":[{"href":"https:\/\/www.emballagedigest.fr\/en\/wp-json\/wp\/v2\/types\/post"}],"author":[{"embeddable":true,"href":"https:\/\/www.emballagedigest.fr\/en\/wp-json\/wp\/v2\/users\/1"}],"replies":[{"embeddable":true,"href":"https:\/\/www.emballagedigest.fr\/en\/wp-json\/wp\/v2\/comments?post=24251"}],"version-history":[{"count":0,"href":"https:\/\/www.emballagedigest.fr\/en\/wp-json\/wp\/v2\/posts\/24251\/revisions"}],"wp:featuredmedia":[{"embeddable":true,"href":"https:\/\/www.emballagedigest.fr\/en\/wp-json\/wp\/v2\/media\/34251"}],"wp:attachment":[{"href":"https:\/\/www.emballagedigest.fr\/en\/wp-json\/wp\/v2\/media?parent=24251"}],"wp:term":[{"taxonomy":"category","embeddable":true,"href":"https:\/\/www.emballagedigest.fr\/en\/wp-json\/wp\/v2\/categories?post=24251"},{"taxonomy":"post_tag","embeddable":true,"href":"https:\/\/www.emballagedigest.fr\/en\/wp-json\/wp\/v2\/tags?post=24251"}],"curies":[{"name":"wp","href":"https:\/\/api.w.org\/{rel}","templated":true}]}}