{"id":24257,"date":"2022-09-28T08:47:59","date_gmt":"2022-09-28T08:47:59","guid":{"rendered":"https:\/\/www.emballagedigest.fr\/?p=24257"},"modified":"2022-09-27T22:48:10","modified_gmt":"2022-09-27T22:48:10","slug":"schur-flexibles-change-de-nom-et-devient-adapa","status":"publish","type":"post","link":"https:\/\/www.emballagedigest.fr\/en\/schur-flexibles-change-de-nom-et-devient-adapa\/","title":{"rendered":"Schur Flexibles change de nom et devient adapa"},"content":{"rendered":"<p>C\u2019est en marge du salon Fachpack qui a ouvert ses portes hier \u00e0 Nuremberg (Allemagne), que l\u2019entreprise Schur Flexibles a annonc\u00e9 la d\u00e9cision de changer de nom pour devenir adapa. Une nouvelle appellation qui vient soutenir la strat\u00e9gie du groupe autrichien \u00e0 s\u2019orienter plus globalement vers des solutions d\u2019emballages durables.<\/p>\n<p>Fort de 2200 salari\u00e9s et 22 sites de production, le fabricant \u2013 jusqu\u2019alors connu pour son expertise dans les films d\u2019emballage sp\u00e9cialis\u00e9s \u2013 souhaite ainsi souligner la force de son r\u00e9seau de centres d\u2019innovation et son adaptabilit\u00e9. Celui-ci travaille en \u00e9troite collaboration pour fournir des solutions int\u00e9gr\u00e9es tout au long de la cha\u00eene de valeur pour les secteurs de l\u2019alimentation, de l\u2019hygi\u00e8ne, de la protection des ar\u00f4mes et de la pharmacie.<\/p>\n<p>\u00abNous tenons \u00e0 remercier nos clients, nos partenaires et nos employ\u00e9s. Ils font tous partie de notre histoire \u00e0 succ\u00e8s et nous ont aid\u00e9s \u00e0 arriver l\u00e0 o\u00f9 nous sommes aujourd&rsquo;hui malgr\u00e9 des temps difficiles. Le nouveau nom refl\u00e8te notre conviction qu&rsquo;ensemble nous pouvons construire une base solide et durable pour notre croissance future\u00bb, a comment\u00e9 Juan Luis Mart\u00ednez Arteaga, pdg d&rsquo;adapa.<\/p>\n<p>Le nouveau nom, adapa, d\u00e9riv\u00e9 de l\u2019expression \u00abadaptive packaging\u00bb, se fait \u00e9cho \u00e0 l\u2019une des valeurs fondamentales de la soci\u00e9t\u00e9, \u00e0 savoir l&rsquo;adaptation \u00e0 un monde en mutation. La nouvelle strat\u00e9gie comprend des mesures \u00e0 court et \u00e0 long terme ax\u00e9es sur la durabilit\u00e9, la croissance organique, l&rsquo;excellence op\u00e9rationnelle et l&rsquo;innovation\/la num\u00e9risation. <\/p>\n<p>La strat\u00e9gie de durabilit\u00e9 d&rsquo;adapa s&rsquo;efforcera de mettre en place une \u00e9conomie v\u00e9ritablement circulaire pour les emballages souples et de garantir l&rsquo;optimisation de l&#8217;empreinte carbone \u00e0 chaque \u00e9tape du processus. La croissance organique permettra \u00e0 l&rsquo;entreprise de s&rsquo;appuyer sur son r\u00f4le de leader sur les march\u00e9s r\u00e9gionaux et de gagner en flexibilit\u00e9. Objectif&nbsp;: offrir une expertise technique et des innovations sur-mesure aux clients de taille moyenne, sur des petites et moyennes s\u00e9ries ainsi que des grands comptes cl\u00e9s. <\/p>\n<p><em>Reproduction interdite sauf accord \u00e9crit d&rsquo;Emballage Digest ou mention du support<\/em><\/p>","protected":false},"excerpt":{"rendered":"<p>C\u2019est en marge du salon Fachpack qui a ouvert ses portes hier \u00e0 Nuremberg (Allemagne), que l\u2019entreprise Schur Flexibles a annonc\u00e9 la d\u00e9cision de changer de nom pour devenir adapa. Une nouvelle appellation qui vient soutenir la strat\u00e9gie du groupe autrichien \u00e0 s\u2019orienter plus globalement vers des solutions d\u2019emballages durables.<\/p>","protected":false},"author":1,"featured_media":34257,"comment_status":"closed","ping_status":"closed","sticky":false,"template":"","format":"standard","meta":{"_acf_changed":false,"inline_featured_image":false,"iawp_total_views":3,"footnotes":""},"categories":[11],"tags":[],"class_list":["post-24257","post","type-post","status-publish","format-standard","has-post-thumbnail","hentry","category-emballages"],"acf":[],"yoast_head":"<!-- This site is optimized with the Yoast SEO plugin v24.4 - https:\/\/yoast.com\/wordpress\/plugins\/seo\/ -->\n<title>Schur Flexibles change de nom et devient adapa - Emballage Digest<\/title>\n<meta name=\"robots\" content=\"index, follow, max-snippet:-1, max-image-preview:large, max-video-preview:-1\" \/>\n<link rel=\"canonical\" href=\"https:\/\/www.emballagedigest.fr\/en\/schur-flexibles-change-de-nom-et-devient-adapa\/\" \/>\n<meta property=\"og:locale\" content=\"en_GB\" \/>\n<meta property=\"og:type\" content=\"article\" \/>\n<meta property=\"og:title\" content=\"Schur Flexibles change de nom et devient adapa - Emballage Digest\" \/>\n<meta property=\"og:description\" content=\"C\u2019est en marge du salon Fachpack qui a ouvert ses portes hier \u00e0 Nuremberg (Allemagne), que l\u2019entreprise Schur Flexibles a annonc\u00e9 la d\u00e9cision de changer de nom pour devenir adapa. Une nouvelle appellation qui vient soutenir la strat\u00e9gie du groupe autrichien \u00e0 s\u2019orienter plus globalement vers des solutions d\u2019emballages durables.\" \/>\n<meta property=\"og:url\" content=\"https:\/\/www.emballagedigest.fr\/en\/schur-flexibles-change-de-nom-et-devient-adapa\/\" \/>\n<meta property=\"og:site_name\" content=\"Emballage Digest\" \/>\n<meta property=\"article:published_time\" content=\"2022-09-28T08:47:59+00:00\" \/>\n<meta name=\"author\" content=\"admin_thopel\" \/>\n<meta name=\"twitter:card\" content=\"summary_large_image\" \/>\n<meta name=\"twitter:label1\" content=\"Written by\" \/>\n\t<meta name=\"twitter:data1\" content=\"admin_thopel\" \/>\n\t<meta name=\"twitter:label2\" content=\"Estimated reading time\" \/>\n\t<meta name=\"twitter:data2\" content=\"2 minutes\" \/>\n<script type=\"application\/ld+json\" class=\"yoast-schema-graph\">{\"@context\":\"https:\/\/schema.org\",\"@graph\":[{\"@type\":\"Article\",\"@id\":\"https:\/\/www.emballagedigest.fr\/schur-flexibles-change-de-nom-et-devient-adapa\/#article\",\"isPartOf\":{\"@id\":\"https:\/\/www.emballagedigest.fr\/schur-flexibles-change-de-nom-et-devient-adapa\/\"},\"author\":{\"name\":\"admin_thopel\",\"@id\":\"https:\/\/www.emballagedigest.fr\/#\/schema\/person\/d01fbac1f378e2f5e4096082cdf68ae5\"},\"headline\":\"Schur Flexibles change de nom et devient adapa\",\"datePublished\":\"2022-09-28T08:47:59+00:00\",\"mainEntityOfPage\":{\"@id\":\"https:\/\/www.emballagedigest.fr\/schur-flexibles-change-de-nom-et-devient-adapa\/\"},\"wordCount\":371,\"publisher\":{\"@id\":\"https:\/\/www.emballagedigest.fr\/#organization\"},\"image\":{\"@id\":\"https:\/\/www.emballagedigest.fr\/schur-flexibles-change-de-nom-et-devient-adapa\/#primaryimage\"},\"thumbnailUrl\":\"https:\/\/www.emballagedigest.fr\/wp-content\/uploads\/dotclear\/images\/2022\/BONUS\/sep\/adapa_article.jpg\",\"articleSection\":[\"Emballages\"],\"inLanguage\":\"en-GB\"},{\"@type\":\"WebPage\",\"@id\":\"https:\/\/www.emballagedigest.fr\/schur-flexibles-change-de-nom-et-devient-adapa\/\",\"url\":\"https:\/\/www.emballagedigest.fr\/schur-flexibles-change-de-nom-et-devient-adapa\/\",\"name\":\"Schur Flexibles change de nom et devient adapa - Emballage Digest\",\"isPartOf\":{\"@id\":\"https:\/\/www.emballagedigest.fr\/#website\"},\"primaryImageOfPage\":{\"@id\":\"https:\/\/www.emballagedigest.fr\/schur-flexibles-change-de-nom-et-devient-adapa\/#primaryimage\"},\"image\":{\"@id\":\"https:\/\/www.emballagedigest.fr\/schur-flexibles-change-de-nom-et-devient-adapa\/#primaryimage\"},\"thumbnailUrl\":\"https:\/\/www.emballagedigest.fr\/wp-content\/uploads\/dotclear\/images\/2022\/BONUS\/sep\/adapa_article.jpg\",\"datePublished\":\"2022-09-28T08:47:59+00:00\",\"breadcrumb\":{\"@id\":\"https:\/\/www.emballagedigest.fr\/schur-flexibles-change-de-nom-et-devient-adapa\/#breadcrumb\"},\"inLanguage\":\"en-GB\",\"potentialAction\":[{\"@type\":\"ReadAction\",\"target\":[\"https:\/\/www.emballagedigest.fr\/schur-flexibles-change-de-nom-et-devient-adapa\/\"]}]},{\"@type\":\"ImageObject\",\"inLanguage\":\"en-GB\",\"@id\":\"https:\/\/www.emballagedigest.fr\/schur-flexibles-change-de-nom-et-devient-adapa\/#primaryimage\",\"url\":\"https:\/\/www.emballagedigest.fr\/wp-content\/uploads\/dotclear\/images\/2022\/BONUS\/sep\/adapa_article.jpg\",\"contentUrl\":\"https:\/\/www.emballagedigest.fr\/wp-content\/uploads\/dotclear\/images\/2022\/BONUS\/sep\/adapa_article.jpg\"},{\"@type\":\"BreadcrumbList\",\"@id\":\"https:\/\/www.emballagedigest.fr\/schur-flexibles-change-de-nom-et-devient-adapa\/#breadcrumb\",\"itemListElement\":[{\"@type\":\"ListItem\",\"position\":1,\"name\":\"Accueil\",\"item\":\"https:\/\/www.emballagedigest.fr\/\"},{\"@type\":\"ListItem\",\"position\":2,\"name\":\"Schur Flexibles change de nom et devient adapa\"}]},{\"@type\":\"WebSite\",\"@id\":\"https:\/\/www.emballagedigest.fr\/#website\",\"url\":\"https:\/\/www.emballagedigest.fr\/\",\"name\":\"Emballage Digest\",\"description\":\"Revue professionnelle sur les emballages\",\"publisher\":{\"@id\":\"https:\/\/www.emballagedigest.fr\/#organization\"},\"potentialAction\":[{\"@type\":\"SearchAction\",\"target\":{\"@type\":\"EntryPoint\",\"urlTemplate\":\"https:\/\/www.emballagedigest.fr\/?s={search_term_string}\"},\"query-input\":{\"@type\":\"PropertyValueSpecification\",\"valueRequired\":true,\"valueName\":\"search_term_string\"}}],\"inLanguage\":\"en-GB\"},{\"@type\":\"Organization\",\"@id\":\"https:\/\/www.emballagedigest.fr\/#organization\",\"name\":\"Emballage Digest\",\"url\":\"https:\/\/www.emballagedigest.fr\/\",\"logo\":{\"@type\":\"ImageObject\",\"inLanguage\":\"en-GB\",\"@id\":\"https:\/\/www.emballagedigest.fr\/#\/schema\/logo\/image\/\",\"url\":\"https:\/\/www.emballagedigest.fr\/wp-content\/uploads\/2022\/07\/logo-ed.png\",\"contentUrl\":\"https:\/\/www.emballagedigest.fr\/wp-content\/uploads\/2022\/07\/logo-ed.png\",\"width\":379,\"height\":75,\"caption\":\"Emballage Digest\"},\"image\":{\"@id\":\"https:\/\/www.emballagedigest.fr\/#\/schema\/logo\/image\/\"}},{\"@type\":\"Person\",\"@id\":\"https:\/\/www.emballagedigest.fr\/#\/schema\/person\/d01fbac1f378e2f5e4096082cdf68ae5\",\"name\":\"admin_thopel\",\"image\":{\"@type\":\"ImageObject\",\"inLanguage\":\"en-GB\",\"@id\":\"https:\/\/www.emballagedigest.fr\/#\/schema\/person\/image\/\",\"url\":\"https:\/\/secure.gravatar.com\/avatar\/6cf644f6475359b596b81b10a64f989df38f1238649f7e33f97f69519e42dfbf?s=96&d=mm&r=g\",\"contentUrl\":\"https:\/\/secure.gravatar.com\/avatar\/6cf644f6475359b596b81b10a64f989df38f1238649f7e33f97f69519e42dfbf?s=96&d=mm&r=g\",\"caption\":\"admin_thopel\"},\"sameAs\":[\"http:\/\/localhost:8787\/emballage_digest\"],\"url\":\"https:\/\/www.emballagedigest.fr\/en\/author\/admin_thopel\/\"}]}<\/script>\n<!-- \/ Yoast SEO plugin. -->","yoast_head_json":{"title":"Schur Flexibles change de nom et devient adapa - Emballage Digest","robots":{"index":"index","follow":"follow","max-snippet":"max-snippet:-1","max-image-preview":"max-image-preview:large","max-video-preview":"max-video-preview:-1"},"canonical":"https:\/\/www.emballagedigest.fr\/en\/schur-flexibles-change-de-nom-et-devient-adapa\/","og_locale":"en_GB","og_type":"article","og_title":"Schur Flexibles change de nom et devient adapa - Emballage Digest","og_description":"C\u2019est en marge du salon Fachpack qui a ouvert ses portes hier \u00e0 Nuremberg (Allemagne), que l\u2019entreprise Schur Flexibles a annonc\u00e9 la d\u00e9cision de changer de nom pour devenir adapa. Une nouvelle appellation qui vient soutenir la strat\u00e9gie du groupe autrichien \u00e0 s\u2019orienter plus globalement vers des solutions d\u2019emballages durables.","og_url":"https:\/\/www.emballagedigest.fr\/en\/schur-flexibles-change-de-nom-et-devient-adapa\/","og_site_name":"Emballage Digest","article_published_time":"2022-09-28T08:47:59+00:00","author":"admin_thopel","twitter_card":"summary_large_image","twitter_misc":{"Written by":"admin_thopel","Estimated reading time":"2 minutes"},"schema":{"@context":"https:\/\/schema.org","@graph":[{"@type":"Article","@id":"https:\/\/www.emballagedigest.fr\/schur-flexibles-change-de-nom-et-devient-adapa\/#article","isPartOf":{"@id":"https:\/\/www.emballagedigest.fr\/schur-flexibles-change-de-nom-et-devient-adapa\/"},"author":{"name":"admin_thopel","@id":"https:\/\/www.emballagedigest.fr\/#\/schema\/person\/d01fbac1f378e2f5e4096082cdf68ae5"},"headline":"Schur Flexibles change de nom et devient adapa","datePublished":"2022-09-28T08:47:59+00:00","mainEntityOfPage":{"@id":"https:\/\/www.emballagedigest.fr\/schur-flexibles-change-de-nom-et-devient-adapa\/"},"wordCount":371,"publisher":{"@id":"https:\/\/www.emballagedigest.fr\/#organization"},"image":{"@id":"https:\/\/www.emballagedigest.fr\/schur-flexibles-change-de-nom-et-devient-adapa\/#primaryimage"},"thumbnailUrl":"https:\/\/www.emballagedigest.fr\/wp-content\/uploads\/dotclear\/images\/2022\/BONUS\/sep\/adapa_article.jpg","articleSection":["Emballages"],"inLanguage":"en-GB"},{"@type":"WebPage","@id":"https:\/\/www.emballagedigest.fr\/schur-flexibles-change-de-nom-et-devient-adapa\/","url":"https:\/\/www.emballagedigest.fr\/schur-flexibles-change-de-nom-et-devient-adapa\/","name":"Schur Flexibles change de nom et devient adapa - Emballage Digest","isPartOf":{"@id":"https:\/\/www.emballagedigest.fr\/#website"},"primaryImageOfPage":{"@id":"https:\/\/www.emballagedigest.fr\/schur-flexibles-change-de-nom-et-devient-adapa\/#primaryimage"},"image":{"@id":"https:\/\/www.emballagedigest.fr\/schur-flexibles-change-de-nom-et-devient-adapa\/#primaryimage"},"thumbnailUrl":"https:\/\/www.emballagedigest.fr\/wp-content\/uploads\/dotclear\/images\/2022\/BONUS\/sep\/adapa_article.jpg","datePublished":"2022-09-28T08:47:59+00:00","breadcrumb":{"@id":"https:\/\/www.emballagedigest.fr\/schur-flexibles-change-de-nom-et-devient-adapa\/#breadcrumb"},"inLanguage":"en-GB","potentialAction":[{"@type":"ReadAction","target":["https:\/\/www.emballagedigest.fr\/schur-flexibles-change-de-nom-et-devient-adapa\/"]}]},{"@type":"ImageObject","inLanguage":"en-GB","@id":"https:\/\/www.emballagedigest.fr\/schur-flexibles-change-de-nom-et-devient-adapa\/#primaryimage","url":"https:\/\/www.emballagedigest.fr\/wp-content\/uploads\/dotclear\/images\/2022\/BONUS\/sep\/adapa_article.jpg","contentUrl":"https:\/\/www.emballagedigest.fr\/wp-content\/uploads\/dotclear\/images\/2022\/BONUS\/sep\/adapa_article.jpg"},{"@type":"BreadcrumbList","@id":"https:\/\/www.emballagedigest.fr\/schur-flexibles-change-de-nom-et-devient-adapa\/#breadcrumb","itemListElement":[{"@type":"ListItem","position":1,"name":"Accueil","item":"https:\/\/www.emballagedigest.fr\/"},{"@type":"ListItem","position":2,"name":"Schur Flexibles change de nom et devient adapa"}]},{"@type":"WebSite","@id":"https:\/\/www.emballagedigest.fr\/#website","url":"https:\/\/www.emballagedigest.fr\/","name":"Emballage Digest","description":"Revue professionnelle sur les emballages","publisher":{"@id":"https:\/\/www.emballagedigest.fr\/#organization"},"potentialAction":[{"@type":"SearchAction","target":{"@type":"EntryPoint","urlTemplate":"https:\/\/www.emballagedigest.fr\/?s={search_term_string}"},"query-input":{"@type":"PropertyValueSpecification","valueRequired":true,"valueName":"search_term_string"}}],"inLanguage":"en-GB"},{"@type":"Organization","@id":"https:\/\/www.emballagedigest.fr\/#organization","name":"Emballage Digest","url":"https:\/\/www.emballagedigest.fr\/","logo":{"@type":"ImageObject","inLanguage":"en-GB","@id":"https:\/\/www.emballagedigest.fr\/#\/schema\/logo\/image\/","url":"https:\/\/www.emballagedigest.fr\/wp-content\/uploads\/2022\/07\/logo-ed.png","contentUrl":"https:\/\/www.emballagedigest.fr\/wp-content\/uploads\/2022\/07\/logo-ed.png","width":379,"height":75,"caption":"Emballage Digest"},"image":{"@id":"https:\/\/www.emballagedigest.fr\/#\/schema\/logo\/image\/"}},{"@type":"Person","@id":"https:\/\/www.emballagedigest.fr\/#\/schema\/person\/d01fbac1f378e2f5e4096082cdf68ae5","name":"admin_thopel","image":{"@type":"ImageObject","inLanguage":"en-GB","@id":"https:\/\/www.emballagedigest.fr\/#\/schema\/person\/image\/","url":"https:\/\/secure.gravatar.com\/avatar\/6cf644f6475359b596b81b10a64f989df38f1238649f7e33f97f69519e42dfbf?s=96&d=mm&r=g","contentUrl":"https:\/\/secure.gravatar.com\/avatar\/6cf644f6475359b596b81b10a64f989df38f1238649f7e33f97f69519e42dfbf?s=96&d=mm&r=g","caption":"admin_thopel"},"sameAs":["http:\/\/localhost:8787\/emballage_digest"],"url":"https:\/\/www.emballagedigest.fr\/en\/author\/admin_thopel\/"}]}},"_links":{"self":[{"href":"https:\/\/www.emballagedigest.fr\/en\/wp-json\/wp\/v2\/posts\/24257","targetHints":{"allow":["GET"]}}],"collection":[{"href":"https:\/\/www.emballagedigest.fr\/en\/wp-json\/wp\/v2\/posts"}],"about":[{"href":"https:\/\/www.emballagedigest.fr\/en\/wp-json\/wp\/v2\/types\/post"}],"author":[{"embeddable":true,"href":"https:\/\/www.emballagedigest.fr\/en\/wp-json\/wp\/v2\/users\/1"}],"replies":[{"embeddable":true,"href":"https:\/\/www.emballagedigest.fr\/en\/wp-json\/wp\/v2\/comments?post=24257"}],"version-history":[{"count":0,"href":"https:\/\/www.emballagedigest.fr\/en\/wp-json\/wp\/v2\/posts\/24257\/revisions"}],"wp:featuredmedia":[{"embeddable":true,"href":"https:\/\/www.emballagedigest.fr\/en\/wp-json\/wp\/v2\/media\/34257"}],"wp:attachment":[{"href":"https:\/\/www.emballagedigest.fr\/en\/wp-json\/wp\/v2\/media?parent=24257"}],"wp:term":[{"taxonomy":"category","embeddable":true,"href":"https:\/\/www.emballagedigest.fr\/en\/wp-json\/wp\/v2\/categories?post=24257"},{"taxonomy":"post_tag","embeddable":true,"href":"https:\/\/www.emballagedigest.fr\/en\/wp-json\/wp\/v2\/tags?post=24257"}],"curies":[{"name":"wp","href":"https:\/\/api.w.org\/{rel}","templated":true}]}}