{"id":36225,"date":"2023-02-21T00:20:18","date_gmt":"2023-02-20T23:20:18","guid":{"rendered":"https:\/\/www.emballagedigest.fr\/?p=36225"},"modified":"2023-02-21T00:21:43","modified_gmt":"2023-02-20T23:21:43","slug":"un-cru-prometteur-pour-ledition-2023-du-concours-emballe-5-0","status":"publish","type":"post","link":"https:\/\/www.emballagedigest.fr\/en\/un-cru-prometteur-pour-ledition-2023-du-concours-emballe-5-0\/","title":{"rendered":"Un cru prometteur pour l\u2019\u00e9dition 2023 du concours Emball\u00e9 5.0."},"content":{"rendered":"<p><strong>Le Conseil National de l\u2019Emballage (CNE) a remis les prix de son concours Emball\u00e9 5.0 lors d\u2019une c\u00e9r\u00e9monie le 16 f\u00e9vrier dernier aux trois laur\u00e9ats de cette nouvelle \u00e9dition. Le jury de professionnels a retenu cinq dossiers que chaque \u00e9quipe d\u2019\u00e9tudiants a d\u00e9fendu devant le public en six minutes chrono. Trois laur\u00e9ats ont \u00e9t\u00e9 retenus.<\/strong><\/p>\n\n\n\n<figure class=\"wp-block-image size-full\"><img loading=\"lazy\" decoding=\"async\" width=\"800\" height=\"490\" src=\"https:\/\/www.emballagedigest.fr\/wp-content\/uploads\/2023\/02\/Laureats1.jpg\" alt=\"\" class=\"wp-image-36226\" srcset=\"https:\/\/www.emballagedigest.fr\/wp-content\/uploads\/2023\/02\/Laureats1.jpg 800w, https:\/\/www.emballagedigest.fr\/wp-content\/uploads\/2023\/02\/Laureats1-300x184.jpg 300w, https:\/\/www.emballagedigest.fr\/wp-content\/uploads\/2023\/02\/Laureats1-768x470.jpg 768w, https:\/\/www.emballagedigest.fr\/wp-content\/uploads\/2023\/02\/Laureats1-18x12.jpg 18w\" sizes=\"auto, (max-width: 800px) 100vw, 800px\" \/><\/figure>\n\n\n\n<p><strong>1<sup>er<\/sup> laur\u00e9at\u00a0:<\/strong> Innovcell (photo ci-dessus), de l\u2019IUT PEC de Chamb\u00e9ry (par Timotey Allart, Lila Gharbi-Jannaud, Ma\u00eble Jullien, Hajar Zennouhi\u00a0; responsable p\u00e9dagogique\u00a0: Florence Dubelley). Il s\u2019agit d\u2019une bo\u00eete en cellulose moul\u00e9e recyclable contenant et calant quatre brossettes pour brosse \u00e0 dents \u00e9lectrique.<\/p>\n\n\n\n<figure class=\"wp-block-image size-full\"><img loading=\"lazy\" decoding=\"async\" width=\"800\" height=\"535\" src=\"https:\/\/www.emballagedigest.fr\/wp-content\/uploads\/2023\/02\/Laureats2.jpg\" alt=\"\" class=\"wp-image-36227\" srcset=\"https:\/\/www.emballagedigest.fr\/wp-content\/uploads\/2023\/02\/Laureats2.jpg 800w, https:\/\/www.emballagedigest.fr\/wp-content\/uploads\/2023\/02\/Laureats2-300x201.jpg 300w, https:\/\/www.emballagedigest.fr\/wp-content\/uploads\/2023\/02\/Laureats2-768x514.jpg 768w, https:\/\/www.emballagedigest.fr\/wp-content\/uploads\/2023\/02\/Laureats2-18x12.jpg 18w\" sizes=\"auto, (max-width: 800px) 100vw, 800px\" \/><\/figure>\n\n\n\n<p><strong>2<sup>e<\/sup> laur\u00e9at\u00a0:<\/strong> Ycone (photo ci-dessus), de l\u2019ISIP d\u2019Angoul\u00eame (par Quentin Dumas, Pierre Moras, Ad\u00e8le Rambault\u00a0; responsables p\u00e9dagogiques\u00a0: Sandrine Jutan et J\u00e9r\u00f4me Fruchard). Ycone est une bouteille de savon liquide monomati\u00e8re, r\u00e9employable et rechargeable gr\u00e2ce \u00e0 des berlingots ; la recharge est facilit\u00e9e par l\u2019entonnoir int\u00e9gr\u00e9.<\/p>\n\n\n\n<figure class=\"wp-block-image size-full\"><img loading=\"lazy\" decoding=\"async\" width=\"800\" height=\"482\" src=\"https:\/\/www.emballagedigest.fr\/wp-content\/uploads\/2023\/02\/Laureats3.jpg\" alt=\"\" class=\"wp-image-36228\" srcset=\"https:\/\/www.emballagedigest.fr\/wp-content\/uploads\/2023\/02\/Laureats3.jpg 800w, https:\/\/www.emballagedigest.fr\/wp-content\/uploads\/2023\/02\/Laureats3-300x181.jpg 300w, https:\/\/www.emballagedigest.fr\/wp-content\/uploads\/2023\/02\/Laureats3-768x463.jpg 768w, https:\/\/www.emballagedigest.fr\/wp-content\/uploads\/2023\/02\/Laureats3-18x12.jpg 18w\" sizes=\"auto, (max-width: 800px) 100vw, 800px\" \/><\/figure>\n\n\n\n<p><strong>3<sup>e<\/sup> laur\u00e9at\u00a0:<\/strong> Gloupack (photo ci-dessus), de l\u2019ISIP d\u2019Angoul\u00eame (par L\u00e9ane Guilbert-Cholet, Juliette Joly, Maxime Villedary\u00a0; responsables p\u00e9dagogiques\u00a0: Sandrine Jutan et J\u00e9r\u00f4me Fruchard). Le concept est un emballage qui distribue la juste dose recommand\u00e9e de cacao (14 g) sous forme de billes. R\u00e9employable, il est associ\u00e9 \u00e0 des recharges type doypack\u00ae pour un moindre impact environnemental.<\/p>\n\n\n\n<p>Le Concours Emball\u00e9 5.0. r\u00e9compense ainsi l\u2019innovation du couple produit\/emballage, mettant en avant l\u2019\u00e9co-conception, en prenant en compte tout le cycle de vie du produit emball\u00e9 (de l\u2019extraction de la mati\u00e8re \u00e0 la valorisation en fin de vie). Le concours a re\u00e7u le soutien du Comit\u00e9 Fran\u00e7ais des A\u00e9rosols, du groupe Mets\u00e4, de Citeo et d\u2019ILEC.<\/p>","protected":false},"excerpt":{"rendered":"<p>Le Conseil National de l\u2019Emballage (CNE) a remis les prix de son concours Emball\u00e9 5.0 lors d\u2019une c\u00e9r\u00e9monie le 16 f\u00e9vrier dernier aux trois laur\u00e9ats de cette nouvelle \u00e9dition. Le jury de professionnels a retenu cinq dossiers que chaque \u00e9quipe d\u2019\u00e9tudiants a d\u00e9fendu devant le public en six minutes chrono. Trois laur\u00e9ats ont \u00e9t\u00e9 retenus. [&hellip;]<\/p>","protected":false},"author":2,"featured_media":36229,"comment_status":"closed","ping_status":"closed","sticky":false,"template":"","format":"standard","meta":{"_acf_changed":false,"inline_featured_image":false,"iawp_total_views":3,"footnotes":""},"categories":[5,28,22,6],"tags":[],"class_list":["post-36225","post","type-post","status-publish","format-standard","has-post-thumbnail","hentry","category-alimentaire","category-article-entier","category-packaging-evenement","category-parfumerie-cosmetique"],"acf":[],"yoast_head":"<!-- This site is optimized with the Yoast SEO plugin v24.4 - https:\/\/yoast.com\/wordpress\/plugins\/seo\/ -->\n<title>Un cru prometteur pour l\u2019\u00e9dition 2023 du concours Emball\u00e9 5.0. - Emballage Digest<\/title>\n<meta name=\"robots\" content=\"index, follow, max-snippet:-1, max-image-preview:large, max-video-preview:-1\" \/>\n<link rel=\"canonical\" href=\"https:\/\/www.emballagedigest.fr\/en\/un-cru-prometteur-pour-ledition-2023-du-concours-emballe-5-0\/\" \/>\n<meta property=\"og:locale\" content=\"en_GB\" \/>\n<meta property=\"og:type\" content=\"article\" \/>\n<meta property=\"og:title\" content=\"Un cru prometteur pour l\u2019\u00e9dition 2023 du concours Emball\u00e9 5.0. - Emballage Digest\" \/>\n<meta property=\"og:description\" content=\"Le Conseil National de l\u2019Emballage (CNE) a remis les prix de son concours Emball\u00e9 5.0 lors d\u2019une c\u00e9r\u00e9monie le 16 f\u00e9vrier dernier aux trois laur\u00e9ats de cette nouvelle \u00e9dition. Le jury de professionnels a retenu cinq dossiers que chaque \u00e9quipe d\u2019\u00e9tudiants a d\u00e9fendu devant le public en six minutes chrono. Trois laur\u00e9ats ont \u00e9t\u00e9 retenus. [&hellip;]\" \/>\n<meta property=\"og:url\" content=\"https:\/\/www.emballagedigest.fr\/en\/un-cru-prometteur-pour-ledition-2023-du-concours-emballe-5-0\/\" \/>\n<meta property=\"og:site_name\" content=\"Emballage Digest\" \/>\n<meta property=\"article:published_time\" content=\"2023-02-20T23:20:18+00:00\" \/>\n<meta property=\"article:modified_time\" content=\"2023-02-20T23:21:43+00:00\" \/>\n<meta property=\"og:image\" content=\"https:\/\/www.emballagedigest.fr\/wp-content\/uploads\/2023\/02\/logo_Emballe\u0301-5.0-880x1024-1.jpg\" \/>\n\t<meta property=\"og:image:width\" content=\"800\" \/>\n\t<meta property=\"og:image:height\" content=\"300\" \/>\n\t<meta property=\"og:image:type\" content=\"image\/jpeg\" \/>\n<meta name=\"author\" content=\"Karine Duval\" \/>\n<meta name=\"twitter:card\" content=\"summary_large_image\" \/>\n<meta name=\"twitter:label1\" content=\"Written by\" \/>\n\t<meta name=\"twitter:data1\" content=\"Karine Duval\" \/>\n\t<meta name=\"twitter:label2\" content=\"Estimated reading time\" \/>\n\t<meta name=\"twitter:data2\" content=\"2 minutes\" \/>\n<script type=\"application\/ld+json\" class=\"yoast-schema-graph\">{\"@context\":\"https:\/\/schema.org\",\"@graph\":[{\"@type\":\"Article\",\"@id\":\"https:\/\/www.emballagedigest.fr\/un-cru-prometteur-pour-ledition-2023-du-concours-emballe-5-0\/#article\",\"isPartOf\":{\"@id\":\"https:\/\/www.emballagedigest.fr\/un-cru-prometteur-pour-ledition-2023-du-concours-emballe-5-0\/\"},\"author\":{\"name\":\"Karine Duval\",\"@id\":\"https:\/\/www.emballagedigest.fr\/#\/schema\/person\/76abe9f2b2ee4d3d520594c7a35da59f\"},\"headline\":\"Un cru prometteur pour l\u2019\u00e9dition 2023 du concours Emball\u00e9 5.0.\",\"datePublished\":\"2023-02-20T23:20:18+00:00\",\"dateModified\":\"2023-02-20T23:21:43+00:00\",\"mainEntityOfPage\":{\"@id\":\"https:\/\/www.emballagedigest.fr\/un-cru-prometteur-pour-ledition-2023-du-concours-emballe-5-0\/\"},\"wordCount\":304,\"publisher\":{\"@id\":\"https:\/\/www.emballagedigest.fr\/#organization\"},\"image\":{\"@id\":\"https:\/\/www.emballagedigest.fr\/un-cru-prometteur-pour-ledition-2023-du-concours-emballe-5-0\/#primaryimage\"},\"thumbnailUrl\":\"https:\/\/www.emballagedigest.fr\/wp-content\/uploads\/2023\/02\/logo_Emballe\u0301-5.0-880x1024-1.jpg\",\"articleSection\":[\"Alimentaire\",\"Article entier\",\"Packaging\",\"Parfumerie &amp; Cosm\u00e9tique\"],\"inLanguage\":\"en-GB\"},{\"@type\":\"WebPage\",\"@id\":\"https:\/\/www.emballagedigest.fr\/un-cru-prometteur-pour-ledition-2023-du-concours-emballe-5-0\/\",\"url\":\"https:\/\/www.emballagedigest.fr\/un-cru-prometteur-pour-ledition-2023-du-concours-emballe-5-0\/\",\"name\":\"Un cru prometteur pour l\u2019\u00e9dition 2023 du concours Emball\u00e9 5.0. - Emballage Digest\",\"isPartOf\":{\"@id\":\"https:\/\/www.emballagedigest.fr\/#website\"},\"primaryImageOfPage\":{\"@id\":\"https:\/\/www.emballagedigest.fr\/un-cru-prometteur-pour-ledition-2023-du-concours-emballe-5-0\/#primaryimage\"},\"image\":{\"@id\":\"https:\/\/www.emballagedigest.fr\/un-cru-prometteur-pour-ledition-2023-du-concours-emballe-5-0\/#primaryimage\"},\"thumbnailUrl\":\"https:\/\/www.emballagedigest.fr\/wp-content\/uploads\/2023\/02\/logo_Emballe\u0301-5.0-880x1024-1.jpg\",\"datePublished\":\"2023-02-20T23:20:18+00:00\",\"dateModified\":\"2023-02-20T23:21:43+00:00\",\"breadcrumb\":{\"@id\":\"https:\/\/www.emballagedigest.fr\/un-cru-prometteur-pour-ledition-2023-du-concours-emballe-5-0\/#breadcrumb\"},\"inLanguage\":\"en-GB\",\"potentialAction\":[{\"@type\":\"ReadAction\",\"target\":[\"https:\/\/www.emballagedigest.fr\/un-cru-prometteur-pour-ledition-2023-du-concours-emballe-5-0\/\"]}]},{\"@type\":\"ImageObject\",\"inLanguage\":\"en-GB\",\"@id\":\"https:\/\/www.emballagedigest.fr\/un-cru-prometteur-pour-ledition-2023-du-concours-emballe-5-0\/#primaryimage\",\"url\":\"https:\/\/www.emballagedigest.fr\/wp-content\/uploads\/2023\/02\/logo_Emballe\u0301-5.0-880x1024-1.jpg\",\"contentUrl\":\"https:\/\/www.emballagedigest.fr\/wp-content\/uploads\/2023\/02\/logo_Emballe\u0301-5.0-880x1024-1.jpg\",\"width\":800,\"height\":300},{\"@type\":\"BreadcrumbList\",\"@id\":\"https:\/\/www.emballagedigest.fr\/un-cru-prometteur-pour-ledition-2023-du-concours-emballe-5-0\/#breadcrumb\",\"itemListElement\":[{\"@type\":\"ListItem\",\"position\":1,\"name\":\"Accueil\",\"item\":\"https:\/\/www.emballagedigest.fr\/\"},{\"@type\":\"ListItem\",\"position\":2,\"name\":\"Un cru prometteur pour l\u2019\u00e9dition 2023 du concours Emball\u00e9 5.0.\"}]},{\"@type\":\"WebSite\",\"@id\":\"https:\/\/www.emballagedigest.fr\/#website\",\"url\":\"https:\/\/www.emballagedigest.fr\/\",\"name\":\"Emballage Digest\",\"description\":\"Revue professionnelle sur les emballages\",\"publisher\":{\"@id\":\"https:\/\/www.emballagedigest.fr\/#organization\"},\"potentialAction\":[{\"@type\":\"SearchAction\",\"target\":{\"@type\":\"EntryPoint\",\"urlTemplate\":\"https:\/\/www.emballagedigest.fr\/?s={search_term_string}\"},\"query-input\":{\"@type\":\"PropertyValueSpecification\",\"valueRequired\":true,\"valueName\":\"search_term_string\"}}],\"inLanguage\":\"en-GB\"},{\"@type\":\"Organization\",\"@id\":\"https:\/\/www.emballagedigest.fr\/#organization\",\"name\":\"Emballage Digest\",\"url\":\"https:\/\/www.emballagedigest.fr\/\",\"logo\":{\"@type\":\"ImageObject\",\"inLanguage\":\"en-GB\",\"@id\":\"https:\/\/www.emballagedigest.fr\/#\/schema\/logo\/image\/\",\"url\":\"https:\/\/www.emballagedigest.fr\/wp-content\/uploads\/2022\/07\/logo-ed.png\",\"contentUrl\":\"https:\/\/www.emballagedigest.fr\/wp-content\/uploads\/2022\/07\/logo-ed.png\",\"width\":379,\"height\":75,\"caption\":\"Emballage Digest\"},\"image\":{\"@id\":\"https:\/\/www.emballagedigest.fr\/#\/schema\/logo\/image\/\"}},{\"@type\":\"Person\",\"@id\":\"https:\/\/www.emballagedigest.fr\/#\/schema\/person\/76abe9f2b2ee4d3d520594c7a35da59f\",\"name\":\"Karine Duval\",\"image\":{\"@type\":\"ImageObject\",\"inLanguage\":\"en-GB\",\"@id\":\"https:\/\/www.emballagedigest.fr\/#\/schema\/person\/image\/\",\"url\":\"https:\/\/secure.gravatar.com\/avatar\/f552799261cdd2e076e6677d780ef07bdb13aa4c196ab75b39abcbcdcae2d4e5?s=96&d=mm&r=g\",\"contentUrl\":\"https:\/\/secure.gravatar.com\/avatar\/f552799261cdd2e076e6677d780ef07bdb13aa4c196ab75b39abcbcdcae2d4e5?s=96&d=mm&r=g\",\"caption\":\"Karine Duval\"},\"url\":\"https:\/\/www.emballagedigest.fr\/en\/author\/admin_karduv\/\"}]}<\/script>\n<!-- \/ Yoast SEO plugin. -->","yoast_head_json":{"title":"Un cru prometteur pour l\u2019\u00e9dition 2023 du concours Emball\u00e9 5.0. - Emballage Digest","robots":{"index":"index","follow":"follow","max-snippet":"max-snippet:-1","max-image-preview":"max-image-preview:large","max-video-preview":"max-video-preview:-1"},"canonical":"https:\/\/www.emballagedigest.fr\/en\/un-cru-prometteur-pour-ledition-2023-du-concours-emballe-5-0\/","og_locale":"en_GB","og_type":"article","og_title":"Un cru prometteur pour l\u2019\u00e9dition 2023 du concours Emball\u00e9 5.0. - Emballage Digest","og_description":"Le Conseil National de l\u2019Emballage (CNE) a remis les prix de son concours Emball\u00e9 5.0 lors d\u2019une c\u00e9r\u00e9monie le 16 f\u00e9vrier dernier aux trois laur\u00e9ats de cette nouvelle \u00e9dition. Le jury de professionnels a retenu cinq dossiers que chaque \u00e9quipe d\u2019\u00e9tudiants a d\u00e9fendu devant le public en six minutes chrono. Trois laur\u00e9ats ont \u00e9t\u00e9 retenus. [&hellip;]","og_url":"https:\/\/www.emballagedigest.fr\/en\/un-cru-prometteur-pour-ledition-2023-du-concours-emballe-5-0\/","og_site_name":"Emballage Digest","article_published_time":"2023-02-20T23:20:18+00:00","article_modified_time":"2023-02-20T23:21:43+00:00","og_image":[{"width":800,"height":300,"url":"https:\/\/www.emballagedigest.fr\/wp-content\/uploads\/2023\/02\/logo_Emballe\u0301-5.0-880x1024-1.jpg","type":"image\/jpeg"}],"author":"Karine Duval","twitter_card":"summary_large_image","twitter_misc":{"Written by":"Karine Duval","Estimated reading time":"2 minutes"},"schema":{"@context":"https:\/\/schema.org","@graph":[{"@type":"Article","@id":"https:\/\/www.emballagedigest.fr\/un-cru-prometteur-pour-ledition-2023-du-concours-emballe-5-0\/#article","isPartOf":{"@id":"https:\/\/www.emballagedigest.fr\/un-cru-prometteur-pour-ledition-2023-du-concours-emballe-5-0\/"},"author":{"name":"Karine Duval","@id":"https:\/\/www.emballagedigest.fr\/#\/schema\/person\/76abe9f2b2ee4d3d520594c7a35da59f"},"headline":"Un cru prometteur pour l\u2019\u00e9dition 2023 du concours Emball\u00e9 5.0.","datePublished":"2023-02-20T23:20:18+00:00","dateModified":"2023-02-20T23:21:43+00:00","mainEntityOfPage":{"@id":"https:\/\/www.emballagedigest.fr\/un-cru-prometteur-pour-ledition-2023-du-concours-emballe-5-0\/"},"wordCount":304,"publisher":{"@id":"https:\/\/www.emballagedigest.fr\/#organization"},"image":{"@id":"https:\/\/www.emballagedigest.fr\/un-cru-prometteur-pour-ledition-2023-du-concours-emballe-5-0\/#primaryimage"},"thumbnailUrl":"https:\/\/www.emballagedigest.fr\/wp-content\/uploads\/2023\/02\/logo_Emballe\u0301-5.0-880x1024-1.jpg","articleSection":["Alimentaire","Article entier","Packaging","Parfumerie &amp; Cosm\u00e9tique"],"inLanguage":"en-GB"},{"@type":"WebPage","@id":"https:\/\/www.emballagedigest.fr\/un-cru-prometteur-pour-ledition-2023-du-concours-emballe-5-0\/","url":"https:\/\/www.emballagedigest.fr\/un-cru-prometteur-pour-ledition-2023-du-concours-emballe-5-0\/","name":"Un cru prometteur pour l\u2019\u00e9dition 2023 du concours Emball\u00e9 5.0. - Emballage Digest","isPartOf":{"@id":"https:\/\/www.emballagedigest.fr\/#website"},"primaryImageOfPage":{"@id":"https:\/\/www.emballagedigest.fr\/un-cru-prometteur-pour-ledition-2023-du-concours-emballe-5-0\/#primaryimage"},"image":{"@id":"https:\/\/www.emballagedigest.fr\/un-cru-prometteur-pour-ledition-2023-du-concours-emballe-5-0\/#primaryimage"},"thumbnailUrl":"https:\/\/www.emballagedigest.fr\/wp-content\/uploads\/2023\/02\/logo_Emballe\u0301-5.0-880x1024-1.jpg","datePublished":"2023-02-20T23:20:18+00:00","dateModified":"2023-02-20T23:21:43+00:00","breadcrumb":{"@id":"https:\/\/www.emballagedigest.fr\/un-cru-prometteur-pour-ledition-2023-du-concours-emballe-5-0\/#breadcrumb"},"inLanguage":"en-GB","potentialAction":[{"@type":"ReadAction","target":["https:\/\/www.emballagedigest.fr\/un-cru-prometteur-pour-ledition-2023-du-concours-emballe-5-0\/"]}]},{"@type":"ImageObject","inLanguage":"en-GB","@id":"https:\/\/www.emballagedigest.fr\/un-cru-prometteur-pour-ledition-2023-du-concours-emballe-5-0\/#primaryimage","url":"https:\/\/www.emballagedigest.fr\/wp-content\/uploads\/2023\/02\/logo_Emballe\u0301-5.0-880x1024-1.jpg","contentUrl":"https:\/\/www.emballagedigest.fr\/wp-content\/uploads\/2023\/02\/logo_Emballe\u0301-5.0-880x1024-1.jpg","width":800,"height":300},{"@type":"BreadcrumbList","@id":"https:\/\/www.emballagedigest.fr\/un-cru-prometteur-pour-ledition-2023-du-concours-emballe-5-0\/#breadcrumb","itemListElement":[{"@type":"ListItem","position":1,"name":"Accueil","item":"https:\/\/www.emballagedigest.fr\/"},{"@type":"ListItem","position":2,"name":"Un cru prometteur pour l\u2019\u00e9dition 2023 du concours Emball\u00e9 5.0."}]},{"@type":"WebSite","@id":"https:\/\/www.emballagedigest.fr\/#website","url":"https:\/\/www.emballagedigest.fr\/","name":"Emballage Digest","description":"Revue professionnelle sur les emballages","publisher":{"@id":"https:\/\/www.emballagedigest.fr\/#organization"},"potentialAction":[{"@type":"SearchAction","target":{"@type":"EntryPoint","urlTemplate":"https:\/\/www.emballagedigest.fr\/?s={search_term_string}"},"query-input":{"@type":"PropertyValueSpecification","valueRequired":true,"valueName":"search_term_string"}}],"inLanguage":"en-GB"},{"@type":"Organization","@id":"https:\/\/www.emballagedigest.fr\/#organization","name":"Emballage Digest","url":"https:\/\/www.emballagedigest.fr\/","logo":{"@type":"ImageObject","inLanguage":"en-GB","@id":"https:\/\/www.emballagedigest.fr\/#\/schema\/logo\/image\/","url":"https:\/\/www.emballagedigest.fr\/wp-content\/uploads\/2022\/07\/logo-ed.png","contentUrl":"https:\/\/www.emballagedigest.fr\/wp-content\/uploads\/2022\/07\/logo-ed.png","width":379,"height":75,"caption":"Emballage Digest"},"image":{"@id":"https:\/\/www.emballagedigest.fr\/#\/schema\/logo\/image\/"}},{"@type":"Person","@id":"https:\/\/www.emballagedigest.fr\/#\/schema\/person\/76abe9f2b2ee4d3d520594c7a35da59f","name":"Karine Duval","image":{"@type":"ImageObject","inLanguage":"en-GB","@id":"https:\/\/www.emballagedigest.fr\/#\/schema\/person\/image\/","url":"https:\/\/secure.gravatar.com\/avatar\/f552799261cdd2e076e6677d780ef07bdb13aa4c196ab75b39abcbcdcae2d4e5?s=96&d=mm&r=g","contentUrl":"https:\/\/secure.gravatar.com\/avatar\/f552799261cdd2e076e6677d780ef07bdb13aa4c196ab75b39abcbcdcae2d4e5?s=96&d=mm&r=g","caption":"Karine Duval"},"url":"https:\/\/www.emballagedigest.fr\/en\/author\/admin_karduv\/"}]}},"_links":{"self":[{"href":"https:\/\/www.emballagedigest.fr\/en\/wp-json\/wp\/v2\/posts\/36225","targetHints":{"allow":["GET"]}}],"collection":[{"href":"https:\/\/www.emballagedigest.fr\/en\/wp-json\/wp\/v2\/posts"}],"about":[{"href":"https:\/\/www.emballagedigest.fr\/en\/wp-json\/wp\/v2\/types\/post"}],"author":[{"embeddable":true,"href":"https:\/\/www.emballagedigest.fr\/en\/wp-json\/wp\/v2\/users\/2"}],"replies":[{"embeddable":true,"href":"https:\/\/www.emballagedigest.fr\/en\/wp-json\/wp\/v2\/comments?post=36225"}],"version-history":[{"count":2,"href":"https:\/\/www.emballagedigest.fr\/en\/wp-json\/wp\/v2\/posts\/36225\/revisions"}],"predecessor-version":[{"id":36232,"href":"https:\/\/www.emballagedigest.fr\/en\/wp-json\/wp\/v2\/posts\/36225\/revisions\/36232"}],"wp:featuredmedia":[{"embeddable":true,"href":"https:\/\/www.emballagedigest.fr\/en\/wp-json\/wp\/v2\/media\/36229"}],"wp:attachment":[{"href":"https:\/\/www.emballagedigest.fr\/en\/wp-json\/wp\/v2\/media?parent=36225"}],"wp:term":[{"taxonomy":"category","embeddable":true,"href":"https:\/\/www.emballagedigest.fr\/en\/wp-json\/wp\/v2\/categories?post=36225"},{"taxonomy":"post_tag","embeddable":true,"href":"https:\/\/www.emballagedigest.fr\/en\/wp-json\/wp\/v2\/tags?post=36225"}],"curies":[{"name":"wp","href":"https:\/\/api.w.org\/{rel}","templated":true}]}}