{"id":36233,"date":"2023-02-22T01:11:00","date_gmt":"2023-02-22T00:11:00","guid":{"rendered":"https:\/\/www.emballagedigest.fr\/?p=36233"},"modified":"2023-02-23T07:44:09","modified_gmt":"2023-02-23T06:44:09","slug":"dove-lance-son-premier-deodorant-rechargeable-et-reutilisable","status":"publish","type":"post","link":"https:\/\/www.emballagedigest.fr\/en\/dove-lance-son-premier-deodorant-rechargeable-et-reutilisable\/","title":{"rendered":"Dove lance son premier d\u00e9odorant rechargeable et r\u00e9utilisable"},"content":{"rendered":"<p><strong>Au Canada, Dove commercialise son nouveau d\u00e9odorant r\u00e9employable, con\u00e7u pour \u00eatre rechargeable \u00e0 vie, revendique la marque du groupe Unilever. Objectif\u00a0: r\u00e9duire l\u2019empreinte carbone du produit et lutter contre les d\u00e9chets plastique.<\/strong><\/p>\n\n\n\n<p>Le d\u00e9odorant combine un bo\u00eetier rechargeable en inox ultrar\u00e9sistant capable de supporter pr\u00e8s de 400&nbsp;kilos de pression, et du plastique recycl\u00e9 \u00e0 96 %, et 100 % recyclable. Sa formule soin sans aluminium et sans alcool a \u00e9t\u00e9 pour l\u2019occasion enrichie d&rsquo;un quart d&rsquo;agents hydratants.<\/p>\n\n\n\n<p>Quatre r\u00e9f\u00e9rences sont lanc\u00e9es pour le D\u00e9odorant rechargeable Dove 0 % aluminium, d\u00e9clin\u00e9 en versions&nbsp;: Concombre et th\u00e9 vert, Noix de coco et jasmin rose, Clean Touch et Feel Fresh.<\/p>\n\n\n\n<p>\u00ab&nbsp;Nous sommes ravis de contribuer \u00e0 l&rsquo;accessibilit\u00e9 des soins corporels durables avec le lancement du d\u00e9odorant rechargeable Dove \u00bb, a comment\u00e9 Firdaous&nbsp;El&nbsp;Honsali, vice-pr\u00e9sidente mondiale, communications et d\u00e9veloppement durable chez Unilever. \u00ab Et ce n&rsquo;est que le d\u00e9but. Nous repensons toutes les facettes de nos emballages et nous employons \u00e0 concr\u00e9tiser notre engagement visant \u00e0 rendre tous nos emballages en plastique r\u00e9utilisables, recyclables ou compostables d&rsquo;ici 2025&nbsp;\u00bb.<\/p>\n\n\n\n<p><em>*&nbsp;La garantie \u00e0 vie s&rsquo;applique uniquement au bo\u00eetier en inox (recharges exclues).<\/em><\/p>","protected":false},"excerpt":{"rendered":"<p>Au Canada, Dove commercialise son nouveau d\u00e9odorant r\u00e9employable, con\u00e7u pour \u00eatre rechargeable \u00e0 vie, revendique la marque du groupe Unilever. Objectif\u00a0: r\u00e9duire l\u2019empreinte carbone du produit et lutter contre les d\u00e9chets plastique. Le d\u00e9odorant combine un bo\u00eetier rechargeable en inox ultrar\u00e9sistant capable de supporter pr\u00e8s de 400&nbsp;kilos de pression, et du plastique recycl\u00e9 \u00e0 96 [&hellip;]<\/p>","protected":false},"author":2,"featured_media":36234,"comment_status":"closed","ping_status":"closed","sticky":false,"template":"","format":"standard","meta":{"_acf_changed":false,"inline_featured_image":false,"iawp_total_views":8,"footnotes":""},"categories":[28,4],"tags":[],"class_list":["post-36233","post","type-post","status-publish","format-standard","has-post-thumbnail","hentry","category-article-entier","category-lineaires"],"acf":[],"yoast_head":"<!-- This site is optimized with the Yoast SEO plugin v24.4 - https:\/\/yoast.com\/wordpress\/plugins\/seo\/ -->\n<title>Dove lance son premier d\u00e9odorant rechargeable et r\u00e9utilisable - Emballage Digest<\/title>\n<meta name=\"robots\" content=\"index, follow, max-snippet:-1, max-image-preview:large, max-video-preview:-1\" \/>\n<link rel=\"canonical\" href=\"https:\/\/www.emballagedigest.fr\/en\/dove-lance-son-premier-deodorant-rechargeable-et-reutilisable\/\" \/>\n<meta property=\"og:locale\" content=\"en_GB\" \/>\n<meta property=\"og:type\" content=\"article\" \/>\n<meta property=\"og:title\" content=\"Dove lance son premier d\u00e9odorant rechargeable et r\u00e9utilisable - Emballage Digest\" \/>\n<meta property=\"og:description\" content=\"Au Canada, Dove commercialise son nouveau d\u00e9odorant r\u00e9employable, con\u00e7u pour \u00eatre rechargeable \u00e0 vie, revendique la marque du groupe Unilever. Objectif\u00a0: r\u00e9duire l\u2019empreinte carbone du produit et lutter contre les d\u00e9chets plastique. Le d\u00e9odorant combine un bo\u00eetier rechargeable en inox ultrar\u00e9sistant capable de supporter pr\u00e8s de 400&nbsp;kilos de pression, et du plastique recycl\u00e9 \u00e0 96 [&hellip;]\" \/>\n<meta property=\"og:url\" content=\"https:\/\/www.emballagedigest.fr\/en\/dove-lance-son-premier-deodorant-rechargeable-et-reutilisable\/\" \/>\n<meta property=\"og:site_name\" content=\"Emballage Digest\" \/>\n<meta property=\"article:published_time\" content=\"2023-02-22T00:11:00+00:00\" \/>\n<meta property=\"article:modified_time\" content=\"2023-02-23T06:44:09+00:00\" \/>\n<meta property=\"og:image\" content=\"https:\/\/www.emballagedigest.fr\/wp-content\/uploads\/2023\/02\/dove.jpg\" \/>\n\t<meta property=\"og:image:width\" content=\"594\" \/>\n\t<meta property=\"og:image:height\" content=\"400\" \/>\n\t<meta property=\"og:image:type\" content=\"image\/jpeg\" \/>\n<meta name=\"author\" content=\"Karine Duval\" \/>\n<meta name=\"twitter:card\" content=\"summary_large_image\" \/>\n<meta name=\"twitter:label1\" content=\"Written by\" \/>\n\t<meta name=\"twitter:data1\" content=\"Karine Duval\" \/>\n\t<meta name=\"twitter:label2\" content=\"Estimated reading time\" \/>\n\t<meta name=\"twitter:data2\" content=\"1 minute\" \/>\n<script type=\"application\/ld+json\" class=\"yoast-schema-graph\">{\"@context\":\"https:\/\/schema.org\",\"@graph\":[{\"@type\":\"Article\",\"@id\":\"https:\/\/www.emballagedigest.fr\/dove-lance-son-premier-deodorant-rechargeable-et-reutilisable\/#article\",\"isPartOf\":{\"@id\":\"https:\/\/www.emballagedigest.fr\/dove-lance-son-premier-deodorant-rechargeable-et-reutilisable\/\"},\"author\":{\"name\":\"Karine Duval\",\"@id\":\"https:\/\/www.emballagedigest.fr\/#\/schema\/person\/76abe9f2b2ee4d3d520594c7a35da59f\"},\"headline\":\"Dove lance son premier d\u00e9odorant rechargeable et r\u00e9utilisable\",\"datePublished\":\"2023-02-22T00:11:00+00:00\",\"dateModified\":\"2023-02-23T06:44:09+00:00\",\"mainEntityOfPage\":{\"@id\":\"https:\/\/www.emballagedigest.fr\/dove-lance-son-premier-deodorant-rechargeable-et-reutilisable\/\"},\"wordCount\":218,\"publisher\":{\"@id\":\"https:\/\/www.emballagedigest.fr\/#organization\"},\"image\":{\"@id\":\"https:\/\/www.emballagedigest.fr\/dove-lance-son-premier-deodorant-rechargeable-et-reutilisable\/#primaryimage\"},\"thumbnailUrl\":\"https:\/\/www.emballagedigest.fr\/wp-content\/uploads\/2023\/02\/dove.jpg\",\"articleSection\":[\"Article entier\",\"Lin\u00e9aires\"],\"inLanguage\":\"en-GB\"},{\"@type\":\"WebPage\",\"@id\":\"https:\/\/www.emballagedigest.fr\/dove-lance-son-premier-deodorant-rechargeable-et-reutilisable\/\",\"url\":\"https:\/\/www.emballagedigest.fr\/dove-lance-son-premier-deodorant-rechargeable-et-reutilisable\/\",\"name\":\"Dove lance son premier d\u00e9odorant rechargeable et r\u00e9utilisable - Emballage Digest\",\"isPartOf\":{\"@id\":\"https:\/\/www.emballagedigest.fr\/#website\"},\"primaryImageOfPage\":{\"@id\":\"https:\/\/www.emballagedigest.fr\/dove-lance-son-premier-deodorant-rechargeable-et-reutilisable\/#primaryimage\"},\"image\":{\"@id\":\"https:\/\/www.emballagedigest.fr\/dove-lance-son-premier-deodorant-rechargeable-et-reutilisable\/#primaryimage\"},\"thumbnailUrl\":\"https:\/\/www.emballagedigest.fr\/wp-content\/uploads\/2023\/02\/dove.jpg\",\"datePublished\":\"2023-02-22T00:11:00+00:00\",\"dateModified\":\"2023-02-23T06:44:09+00:00\",\"breadcrumb\":{\"@id\":\"https:\/\/www.emballagedigest.fr\/dove-lance-son-premier-deodorant-rechargeable-et-reutilisable\/#breadcrumb\"},\"inLanguage\":\"en-GB\",\"potentialAction\":[{\"@type\":\"ReadAction\",\"target\":[\"https:\/\/www.emballagedigest.fr\/dove-lance-son-premier-deodorant-rechargeable-et-reutilisable\/\"]}]},{\"@type\":\"ImageObject\",\"inLanguage\":\"en-GB\",\"@id\":\"https:\/\/www.emballagedigest.fr\/dove-lance-son-premier-deodorant-rechargeable-et-reutilisable\/#primaryimage\",\"url\":\"https:\/\/www.emballagedigest.fr\/wp-content\/uploads\/2023\/02\/dove.jpg\",\"contentUrl\":\"https:\/\/www.emballagedigest.fr\/wp-content\/uploads\/2023\/02\/dove.jpg\",\"width\":594,\"height\":400},{\"@type\":\"BreadcrumbList\",\"@id\":\"https:\/\/www.emballagedigest.fr\/dove-lance-son-premier-deodorant-rechargeable-et-reutilisable\/#breadcrumb\",\"itemListElement\":[{\"@type\":\"ListItem\",\"position\":1,\"name\":\"Accueil\",\"item\":\"https:\/\/www.emballagedigest.fr\/\"},{\"@type\":\"ListItem\",\"position\":2,\"name\":\"Dove lance son premier d\u00e9odorant rechargeable et r\u00e9utilisable\"}]},{\"@type\":\"WebSite\",\"@id\":\"https:\/\/www.emballagedigest.fr\/#website\",\"url\":\"https:\/\/www.emballagedigest.fr\/\",\"name\":\"Emballage Digest\",\"description\":\"Revue professionnelle sur les emballages\",\"publisher\":{\"@id\":\"https:\/\/www.emballagedigest.fr\/#organization\"},\"potentialAction\":[{\"@type\":\"SearchAction\",\"target\":{\"@type\":\"EntryPoint\",\"urlTemplate\":\"https:\/\/www.emballagedigest.fr\/?s={search_term_string}\"},\"query-input\":{\"@type\":\"PropertyValueSpecification\",\"valueRequired\":true,\"valueName\":\"search_term_string\"}}],\"inLanguage\":\"en-GB\"},{\"@type\":\"Organization\",\"@id\":\"https:\/\/www.emballagedigest.fr\/#organization\",\"name\":\"Emballage Digest\",\"url\":\"https:\/\/www.emballagedigest.fr\/\",\"logo\":{\"@type\":\"ImageObject\",\"inLanguage\":\"en-GB\",\"@id\":\"https:\/\/www.emballagedigest.fr\/#\/schema\/logo\/image\/\",\"url\":\"https:\/\/www.emballagedigest.fr\/wp-content\/uploads\/2022\/07\/logo-ed.png\",\"contentUrl\":\"https:\/\/www.emballagedigest.fr\/wp-content\/uploads\/2022\/07\/logo-ed.png\",\"width\":379,\"height\":75,\"caption\":\"Emballage Digest\"},\"image\":{\"@id\":\"https:\/\/www.emballagedigest.fr\/#\/schema\/logo\/image\/\"}},{\"@type\":\"Person\",\"@id\":\"https:\/\/www.emballagedigest.fr\/#\/schema\/person\/76abe9f2b2ee4d3d520594c7a35da59f\",\"name\":\"Karine Duval\",\"image\":{\"@type\":\"ImageObject\",\"inLanguage\":\"en-GB\",\"@id\":\"https:\/\/www.emballagedigest.fr\/#\/schema\/person\/image\/\",\"url\":\"https:\/\/secure.gravatar.com\/avatar\/f552799261cdd2e076e6677d780ef07bdb13aa4c196ab75b39abcbcdcae2d4e5?s=96&d=mm&r=g\",\"contentUrl\":\"https:\/\/secure.gravatar.com\/avatar\/f552799261cdd2e076e6677d780ef07bdb13aa4c196ab75b39abcbcdcae2d4e5?s=96&d=mm&r=g\",\"caption\":\"Karine Duval\"},\"url\":\"https:\/\/www.emballagedigest.fr\/en\/author\/admin_karduv\/\"}]}<\/script>\n<!-- \/ Yoast SEO plugin. -->","yoast_head_json":{"title":"Dove lance son premier d\u00e9odorant rechargeable et r\u00e9utilisable - Emballage Digest","robots":{"index":"index","follow":"follow","max-snippet":"max-snippet:-1","max-image-preview":"max-image-preview:large","max-video-preview":"max-video-preview:-1"},"canonical":"https:\/\/www.emballagedigest.fr\/en\/dove-lance-son-premier-deodorant-rechargeable-et-reutilisable\/","og_locale":"en_GB","og_type":"article","og_title":"Dove lance son premier d\u00e9odorant rechargeable et r\u00e9utilisable - Emballage Digest","og_description":"Au Canada, Dove commercialise son nouveau d\u00e9odorant r\u00e9employable, con\u00e7u pour \u00eatre rechargeable \u00e0 vie, revendique la marque du groupe Unilever. Objectif\u00a0: r\u00e9duire l\u2019empreinte carbone du produit et lutter contre les d\u00e9chets plastique. Le d\u00e9odorant combine un bo\u00eetier rechargeable en inox ultrar\u00e9sistant capable de supporter pr\u00e8s de 400&nbsp;kilos de pression, et du plastique recycl\u00e9 \u00e0 96 [&hellip;]","og_url":"https:\/\/www.emballagedigest.fr\/en\/dove-lance-son-premier-deodorant-rechargeable-et-reutilisable\/","og_site_name":"Emballage Digest","article_published_time":"2023-02-22T00:11:00+00:00","article_modified_time":"2023-02-23T06:44:09+00:00","og_image":[{"width":594,"height":400,"url":"https:\/\/www.emballagedigest.fr\/wp-content\/uploads\/2023\/02\/dove.jpg","type":"image\/jpeg"}],"author":"Karine Duval","twitter_card":"summary_large_image","twitter_misc":{"Written by":"Karine Duval","Estimated reading time":"1 minute"},"schema":{"@context":"https:\/\/schema.org","@graph":[{"@type":"Article","@id":"https:\/\/www.emballagedigest.fr\/dove-lance-son-premier-deodorant-rechargeable-et-reutilisable\/#article","isPartOf":{"@id":"https:\/\/www.emballagedigest.fr\/dove-lance-son-premier-deodorant-rechargeable-et-reutilisable\/"},"author":{"name":"Karine Duval","@id":"https:\/\/www.emballagedigest.fr\/#\/schema\/person\/76abe9f2b2ee4d3d520594c7a35da59f"},"headline":"Dove lance son premier d\u00e9odorant rechargeable et r\u00e9utilisable","datePublished":"2023-02-22T00:11:00+00:00","dateModified":"2023-02-23T06:44:09+00:00","mainEntityOfPage":{"@id":"https:\/\/www.emballagedigest.fr\/dove-lance-son-premier-deodorant-rechargeable-et-reutilisable\/"},"wordCount":218,"publisher":{"@id":"https:\/\/www.emballagedigest.fr\/#organization"},"image":{"@id":"https:\/\/www.emballagedigest.fr\/dove-lance-son-premier-deodorant-rechargeable-et-reutilisable\/#primaryimage"},"thumbnailUrl":"https:\/\/www.emballagedigest.fr\/wp-content\/uploads\/2023\/02\/dove.jpg","articleSection":["Article entier","Lin\u00e9aires"],"inLanguage":"en-GB"},{"@type":"WebPage","@id":"https:\/\/www.emballagedigest.fr\/dove-lance-son-premier-deodorant-rechargeable-et-reutilisable\/","url":"https:\/\/www.emballagedigest.fr\/dove-lance-son-premier-deodorant-rechargeable-et-reutilisable\/","name":"Dove lance son premier d\u00e9odorant rechargeable et r\u00e9utilisable - Emballage Digest","isPartOf":{"@id":"https:\/\/www.emballagedigest.fr\/#website"},"primaryImageOfPage":{"@id":"https:\/\/www.emballagedigest.fr\/dove-lance-son-premier-deodorant-rechargeable-et-reutilisable\/#primaryimage"},"image":{"@id":"https:\/\/www.emballagedigest.fr\/dove-lance-son-premier-deodorant-rechargeable-et-reutilisable\/#primaryimage"},"thumbnailUrl":"https:\/\/www.emballagedigest.fr\/wp-content\/uploads\/2023\/02\/dove.jpg","datePublished":"2023-02-22T00:11:00+00:00","dateModified":"2023-02-23T06:44:09+00:00","breadcrumb":{"@id":"https:\/\/www.emballagedigest.fr\/dove-lance-son-premier-deodorant-rechargeable-et-reutilisable\/#breadcrumb"},"inLanguage":"en-GB","potentialAction":[{"@type":"ReadAction","target":["https:\/\/www.emballagedigest.fr\/dove-lance-son-premier-deodorant-rechargeable-et-reutilisable\/"]}]},{"@type":"ImageObject","inLanguage":"en-GB","@id":"https:\/\/www.emballagedigest.fr\/dove-lance-son-premier-deodorant-rechargeable-et-reutilisable\/#primaryimage","url":"https:\/\/www.emballagedigest.fr\/wp-content\/uploads\/2023\/02\/dove.jpg","contentUrl":"https:\/\/www.emballagedigest.fr\/wp-content\/uploads\/2023\/02\/dove.jpg","width":594,"height":400},{"@type":"BreadcrumbList","@id":"https:\/\/www.emballagedigest.fr\/dove-lance-son-premier-deodorant-rechargeable-et-reutilisable\/#breadcrumb","itemListElement":[{"@type":"ListItem","position":1,"name":"Accueil","item":"https:\/\/www.emballagedigest.fr\/"},{"@type":"ListItem","position":2,"name":"Dove lance son premier d\u00e9odorant rechargeable et r\u00e9utilisable"}]},{"@type":"WebSite","@id":"https:\/\/www.emballagedigest.fr\/#website","url":"https:\/\/www.emballagedigest.fr\/","name":"Emballage Digest","description":"Revue professionnelle sur les emballages","publisher":{"@id":"https:\/\/www.emballagedigest.fr\/#organization"},"potentialAction":[{"@type":"SearchAction","target":{"@type":"EntryPoint","urlTemplate":"https:\/\/www.emballagedigest.fr\/?s={search_term_string}"},"query-input":{"@type":"PropertyValueSpecification","valueRequired":true,"valueName":"search_term_string"}}],"inLanguage":"en-GB"},{"@type":"Organization","@id":"https:\/\/www.emballagedigest.fr\/#organization","name":"Emballage Digest","url":"https:\/\/www.emballagedigest.fr\/","logo":{"@type":"ImageObject","inLanguage":"en-GB","@id":"https:\/\/www.emballagedigest.fr\/#\/schema\/logo\/image\/","url":"https:\/\/www.emballagedigest.fr\/wp-content\/uploads\/2022\/07\/logo-ed.png","contentUrl":"https:\/\/www.emballagedigest.fr\/wp-content\/uploads\/2022\/07\/logo-ed.png","width":379,"height":75,"caption":"Emballage Digest"},"image":{"@id":"https:\/\/www.emballagedigest.fr\/#\/schema\/logo\/image\/"}},{"@type":"Person","@id":"https:\/\/www.emballagedigest.fr\/#\/schema\/person\/76abe9f2b2ee4d3d520594c7a35da59f","name":"Karine Duval","image":{"@type":"ImageObject","inLanguage":"en-GB","@id":"https:\/\/www.emballagedigest.fr\/#\/schema\/person\/image\/","url":"https:\/\/secure.gravatar.com\/avatar\/f552799261cdd2e076e6677d780ef07bdb13aa4c196ab75b39abcbcdcae2d4e5?s=96&d=mm&r=g","contentUrl":"https:\/\/secure.gravatar.com\/avatar\/f552799261cdd2e076e6677d780ef07bdb13aa4c196ab75b39abcbcdcae2d4e5?s=96&d=mm&r=g","caption":"Karine Duval"},"url":"https:\/\/www.emballagedigest.fr\/en\/author\/admin_karduv\/"}]}},"_links":{"self":[{"href":"https:\/\/www.emballagedigest.fr\/en\/wp-json\/wp\/v2\/posts\/36233","targetHints":{"allow":["GET"]}}],"collection":[{"href":"https:\/\/www.emballagedigest.fr\/en\/wp-json\/wp\/v2\/posts"}],"about":[{"href":"https:\/\/www.emballagedigest.fr\/en\/wp-json\/wp\/v2\/types\/post"}],"author":[{"embeddable":true,"href":"https:\/\/www.emballagedigest.fr\/en\/wp-json\/wp\/v2\/users\/2"}],"replies":[{"embeddable":true,"href":"https:\/\/www.emballagedigest.fr\/en\/wp-json\/wp\/v2\/comments?post=36233"}],"version-history":[{"count":1,"href":"https:\/\/www.emballagedigest.fr\/en\/wp-json\/wp\/v2\/posts\/36233\/revisions"}],"predecessor-version":[{"id":36235,"href":"https:\/\/www.emballagedigest.fr\/en\/wp-json\/wp\/v2\/posts\/36233\/revisions\/36235"}],"wp:featuredmedia":[{"embeddable":true,"href":"https:\/\/www.emballagedigest.fr\/en\/wp-json\/wp\/v2\/media\/36234"}],"wp:attachment":[{"href":"https:\/\/www.emballagedigest.fr\/en\/wp-json\/wp\/v2\/media?parent=36233"}],"wp:term":[{"taxonomy":"category","embeddable":true,"href":"https:\/\/www.emballagedigest.fr\/en\/wp-json\/wp\/v2\/categories?post=36233"},{"taxonomy":"post_tag","embeddable":true,"href":"https:\/\/www.emballagedigest.fr\/en\/wp-json\/wp\/v2\/tags?post=36233"}],"curies":[{"name":"wp","href":"https:\/\/api.w.org\/{rel}","templated":true}]}}