{"id":36241,"date":"2023-02-23T07:54:17","date_gmt":"2023-02-23T06:54:17","guid":{"rendered":"https:\/\/www.emballagedigest.fr\/?p=36241"},"modified":"2023-02-24T07:59:59","modified_gmt":"2023-02-24T06:59:59","slug":"cfia-rennes-2023-un-condense-dinnovations-en-avant-premiere","status":"publish","type":"post","link":"https:\/\/www.emballagedigest.fr\/en\/cfia-rennes-2023-un-condense-dinnovations-en-avant-premiere\/","title":{"rendered":"CFIA Rennes 2023 : un condens\u00e9 d\u2019innovations en avant-premi\u00e8re"},"content":{"rendered":"<p><strong>Du 14 au 16 mars 2023, se tiendra la 26e \u00e9dition du salon CFIA Rennes, le rendez-vous incontournable de l\u2019industrie agro-alimentaire. La r\u00e9daction vous propose un avant-go\u00fbt de son avant-premi\u00e8re papier, \u00e0 venir dans notre prochain magazine, dans cette \u00e9dition digitale. L\u2019occasion de d\u00e9couvrir les innovations machines et packagings de plusieurs exposants.<\/strong><\/p>\n\n\n\n<figure class=\"wp-block-image size-full\"><img loading=\"lazy\" decoding=\"async\" width=\"800\" height=\"400\" src=\"https:\/\/www.emballagedigest.fr\/wp-content\/uploads\/2023\/02\/astronova.jpg\" alt=\"\" class=\"wp-image-36243\" srcset=\"https:\/\/www.emballagedigest.fr\/wp-content\/uploads\/2023\/02\/astronova.jpg 800w, https:\/\/www.emballagedigest.fr\/wp-content\/uploads\/2023\/02\/astronova-300x150.jpg 300w, https:\/\/www.emballagedigest.fr\/wp-content\/uploads\/2023\/02\/astronova-768x384.jpg 768w, https:\/\/www.emballagedigest.fr\/wp-content\/uploads\/2023\/02\/astronova-18x9.jpg 18w\" sizes=\"auto, (max-width: 800px) 100vw, 800px\" \/><\/figure>\n\n\n\n<p><strong>AstroNova offre une impression premium pour \u00e9tiquettes<br><em>Hall 9 Stand C22<\/em><\/strong><br>L\u2019imprimante d\u2019\u00e9tiquettes 5 couleurs \u2013 CMJN+Blanc \u2013 d\u2019AstroNova est la premi\u00e8re imprimante de table \u00e9quip\u00e9e d\u2019un toner blanc. Elle permet d\u2019imprimer des \u00e9tiquettes de haute qualit\u00e9, r\u00e9sistantes dans le temps, et aptes \u00e0 capter l\u2019attention des consommateurs gr\u00e2ce \u00e0 des \u00e9tiquettes color\u00e9es. L\u2019impression sur des mati\u00e8res d\u2019\u00e9tiquettes teint\u00e9es, \u00e9co-responsables, v\u00e9g\u00e9tales, transparentes, argent\u00e9es ou dor\u00e9es donne \u00e0 la marque l\u2019image qu\u2019elle m\u00e9rite. Le visiteur peut d\u00e9couvrir l\u2019impression en rouleau et en un seul passage, pour des \u00e9tiquettes de qualit\u00e9 int\u00e9grant des images en haute r\u00e9solution et des donn\u00e9es variables tels que les codes-barres, DLC, DLUO, etc. Son co\u00fbt d\u2019acquisition et d\u2019entretien font de cette imprimante, \u00e0 base toner, l\u2019une des plus comp\u00e9titives du march\u00e9. <\/p>\n\n\n\n<figure class=\"wp-block-image size-full\"><img loading=\"lazy\" decoding=\"async\" width=\"800\" height=\"450\" src=\"https:\/\/www.emballagedigest.fr\/wp-content\/uploads\/2023\/02\/burban-palettes.jpg\" alt=\"\" class=\"wp-image-36244\" srcset=\"https:\/\/www.emballagedigest.fr\/wp-content\/uploads\/2023\/02\/burban-palettes.jpg 800w, https:\/\/www.emballagedigest.fr\/wp-content\/uploads\/2023\/02\/burban-palettes-300x169.jpg 300w, https:\/\/www.emballagedigest.fr\/wp-content\/uploads\/2023\/02\/burban-palettes-768x432.jpg 768w, https:\/\/www.emballagedigest.fr\/wp-content\/uploads\/2023\/02\/burban-palettes-18x10.jpg 18w\" sizes=\"auto, (max-width: 800px) 100vw, 800px\" \/><\/figure>\n\n\n\n<p><strong>Burban Palettes revalorise les palettes en bois<br><em>Hall 9 Stand E43<\/em><\/strong><br>Depuis plus de 30 ans, Burban Palettes r\u00e9cup\u00e8re, trie puis r\u00e9pare les palettes de manutention usag\u00e9es afin de leur donner une nouvelle vie dans un tr\u00e8s grand nombre de secteurs d\u2019activit\u00e9s (secteurs industriels, grande distribution, agroalimentaire, pharmaceutique, automobile, plateformes logistiques, e-commerce, etc.). De l\u2019audit technique et commercial, \u00e0 la collecte en allant jusqu\u2019au stockage des palettes, la soci\u00e9t\u00e9 a mis en place des processus m\u00e9thodiques pour accompagner ses clients au mieux dans leur d\u00e9marche d\u2019\u00e9conomie circulaire. Son stock de palettes neuves et d\u2019occasions regroupe des centaines de mod\u00e8les adapt\u00e9s \u00e0 un large \u00e9ventail de secteurs d\u2019activit\u00e9 sur ses 25 plateformes proches des usines de ses clients. <\/p>\n\n\n\n<figure class=\"wp-block-image size-full\"><img loading=\"lazy\" decoding=\"async\" width=\"800\" height=\"350\" src=\"https:\/\/www.emballagedigest.fr\/wp-content\/uploads\/2023\/02\/BURKERT_8653.jpg\" alt=\"\" class=\"wp-image-36245\" srcset=\"https:\/\/www.emballagedigest.fr\/wp-content\/uploads\/2023\/02\/BURKERT_8653.jpg 800w, https:\/\/www.emballagedigest.fr\/wp-content\/uploads\/2023\/02\/BURKERT_8653-300x131.jpg 300w, https:\/\/www.emballagedigest.fr\/wp-content\/uploads\/2023\/02\/BURKERT_8653-768x336.jpg 768w, https:\/\/www.emballagedigest.fr\/wp-content\/uploads\/2023\/02\/BURKERT_8653-18x8.jpg 18w\" sizes=\"auto, (max-width: 800px) 100vw, 800px\" \/><\/figure>\n\n\n\n<p><strong>Burkert pr\u00e9sente ses solutions IO-Link de d\u00e9tection de fuites<br><em>Hall 8 \u2013 stand B 29<\/em><\/strong><br>Burkert, leader des syst\u00e8mes de r\u00e9gulation de fluides, pr\u00e9sente ses solutions IO-Link de d\u00e9tection de fuites. L\u2019\u00eelot de vannes type 8653 AirLINE Field \u00e0 air comprim\u00e9 est compact et adapt\u00e9 \u00e0 un montage sur terrain. Il est \u00e9quip\u00e9 d\u2019un positionneur avec int\u00e9gration IO-Link type 8694 et d\u2019une t\u00eate de commande avec IO-Link pour une communication intelligente type 8681. <\/p>\n\n\n\n<figure class=\"wp-block-image size-full\"><img loading=\"lazy\" decoding=\"async\" width=\"800\" height=\"400\" src=\"https:\/\/www.emballagedigest.fr\/wp-content\/uploads\/2023\/02\/CHEP.jpg\" alt=\"\" class=\"wp-image-36246\" srcset=\"https:\/\/www.emballagedigest.fr\/wp-content\/uploads\/2023\/02\/CHEP.jpg 800w, https:\/\/www.emballagedigest.fr\/wp-content\/uploads\/2023\/02\/CHEP-300x150.jpg 300w, https:\/\/www.emballagedigest.fr\/wp-content\/uploads\/2023\/02\/CHEP-768x384.jpg 768w, https:\/\/www.emballagedigest.fr\/wp-content\/uploads\/2023\/02\/CHEP-18x9.jpg 18w\" sizes=\"auto, (max-width: 800px) 100vw, 800px\" \/><\/figure>\n\n\n\n<p><strong>CHEP partage ses solutions logistiques plus durables<br><em>Hall 9 Stand D45<\/em><\/strong><br>Depuis plus de 40 ans en France, CHEP est sp\u00e9cialis\u00e9 dans le partage &amp; la r\u00e9utilisation de palettes qui s\u2019appuie sur le mod\u00e8le d\u2019\u00e9conomie circulaire. Son syst\u00e8me de partage et de r\u00e9utilisation de palettes bleues en bois et en plastique, permet aux industriels et aux distributeurs partenaires de r\u00e9aliser d\u2019importantes \u00e9conomies financi\u00e8res et environnementales. Confront\u00e9 \u00e0 une pression contextuelle tr\u00e8s forte, le secteur doit faire preuve d\u2019agilit\u00e9 pour r\u00e9pondre aux demandes exponentielles de leurs propres clients et \u00e0 celles des consommateurs. Les acteurs doivent \u00eatre performants dans leurs op\u00e9rations logistiques face au manque de capacit\u00e9 transport, et au changement climatique. Un challenge qu\u2019il est difficile d\u2019affronter seul. Conscient que la collaboration au sein de la supply chain s\u2019av\u00e8re d\u00e9terminante, le groupe d\u00e9veloppe des solutions logistiques plus vertes et respectueuses de l\u2019environnement avec ses clients. <\/p>\n\n\n\n<figure class=\"wp-block-image size-full\"><img loading=\"lazy\" decoding=\"async\" width=\"800\" height=\"550\" src=\"https:\/\/www.emballagedigest.fr\/wp-content\/uploads\/2023\/02\/ecofeutre.jpg\" alt=\"\" class=\"wp-image-36247\" srcset=\"https:\/\/www.emballagedigest.fr\/wp-content\/uploads\/2023\/02\/ecofeutre.jpg 800w, https:\/\/www.emballagedigest.fr\/wp-content\/uploads\/2023\/02\/ecofeutre-300x206.jpg 300w, https:\/\/www.emballagedigest.fr\/wp-content\/uploads\/2023\/02\/ecofeutre-768x528.jpg 768w, https:\/\/www.emballagedigest.fr\/wp-content\/uploads\/2023\/02\/ecofeutre-18x12.jpg 18w\" sizes=\"auto, (max-width: 800px) 100vw, 800px\" \/><\/figure>\n\n\n\n<p><strong>Ecofeutre valorise la fibre vierge v\u00e9g\u00e9tale<br><em>Hall 9 Stand E22<\/em><\/strong><br>Depuis 2018, Ecofeutre valorise la fibre vierge v\u00e9g\u00e9tale (bols, barquettes, pr\u00e9sentoirs, etc.) tout en proposant des solutions pour optimiser la performance et la rentabilit\u00e9 des conditionnements. Son bureau d&rsquo;\u00e9tudes compl\u00e8te l\u2019accompagnement des clients en donnant vie aux emballages et en concr\u00e9tisant leur mise en production \u00e0 grande \u00e9chelle. La soci\u00e9t\u00e9 met \u00e0 dispositon un service sur-mesure et complet en collaborant avec des entreprises partenaires innovantes dans la m\u00eame optique de valorisation des packagings en efficacit\u00e9 et en performance environnementale. <\/p>\n\n\n\n<figure class=\"wp-block-image size-full\"><img loading=\"lazy\" decoding=\"async\" width=\"800\" height=\"479\" src=\"https:\/\/www.emballagedigest.fr\/wp-content\/uploads\/2023\/02\/endress.jpg\" alt=\"\" class=\"wp-image-36248\" srcset=\"https:\/\/www.emballagedigest.fr\/wp-content\/uploads\/2023\/02\/endress.jpg 800w, https:\/\/www.emballagedigest.fr\/wp-content\/uploads\/2023\/02\/endress-300x180.jpg 300w, https:\/\/www.emballagedigest.fr\/wp-content\/uploads\/2023\/02\/endress-768x460.jpg 768w, https:\/\/www.emballagedigest.fr\/wp-content\/uploads\/2023\/02\/endress-18x12.jpg 18w\" sizes=\"auto, (max-width: 800px) 100vw, 800px\" \/><\/figure>\n\n\n\n<p><strong>Endress+Hauser to showcase a new radar level sensor<\/strong><br><strong><em>Hall 8 Stand B9-C10<\/em><\/strong><br>The FMR63B radar sensor launched by Endress+Hauser is part of the new generation of 80 GHz radar level sensors. With its hygienic process connections, it is suitable for continuous non-contact level measurement in hygienic applications. Intuitive wizards guide the user through quick and easy set-up. On-board Heartbeat Technology provides monitoring and verification functions without process interruption, allowing anomalies to be identified for increased safety and productivity. This high-performance sensor features a stronger signal and shorter measurement intervals to achieve excellent measurement quality with unprecedented measurement accuracy in complex applications. <\/p>\n\n\n\n<figure class=\"wp-block-image size-full\"><img loading=\"lazy\" decoding=\"async\" width=\"800\" height=\"300\" src=\"https:\/\/www.emballagedigest.fr\/wp-content\/uploads\/2023\/02\/euchner.jpg\" alt=\"\" class=\"wp-image-36270\" srcset=\"https:\/\/www.emballagedigest.fr\/wp-content\/uploads\/2023\/02\/euchner.jpg 800w, https:\/\/www.emballagedigest.fr\/wp-content\/uploads\/2023\/02\/euchner-300x113.jpg 300w, https:\/\/www.emballagedigest.fr\/wp-content\/uploads\/2023\/02\/euchner-768x288.jpg 768w, https:\/\/www.emballagedigest.fr\/wp-content\/uploads\/2023\/02\/euchner-18x7.jpg 18w\" sizes=\"auto, (max-width: 800px) 100vw, 800px\" \/><\/figure>\n\n\n\n<p><strong>Euchner met au point un nouvel interrupteur de s\u00e9curit\u00e9<br><em>Hall 5 Stand D33<\/em><\/strong><br>Le nouvel interverrouillage CTS chez Euchner offre une flexibilit\u00e9 maximale. R\u00e9sultat : un interrupteur de s\u00e9curit\u00e9 compact dot\u00e9 d\u02bcune force de retenue \u00e9lev\u00e9e, qui, gr\u00e2ce \u00e0 ses possibilit\u00e9s de communication via IO-Link et un design bien pens\u00e9, permet une utilisation universelle pour diff\u00e9rentes positions et options de montage. L\u02bcinnovation essentielle de l\u02bcappareil est cependant la nouvelle \u00ab FlexFunction \u00bb du CTS, qui, avec un seul et m\u00eame appareil, autorise toute une gamme d\u02bcapplications n\u00e9cessitant habituellement diff\u00e9rentes variantes d\u02bcinterrupteurs. Les faibles dimensions de 135 x 31 x 31 mm, associ\u00e9es \u00e0 une force de retenue maximale de 3900 N, font du CTS une solution attrayante pour de nombreux domaines d\u2019utilisation. Quel que soit le type de porte, battante ou coulissante, ou pour les plus petits rayons de porte \u2013 gr\u00e2ce aux trois orientations de montage de l\u2019interrupteur et \u00e0 l\u2019actionneur universel mont\u00e9 sur rotule, le CTS se pr\u00eate \u00e0 presque toutes les applications. Le montage ult\u00e9rieur d\u2019un dispositif de d\u00e9verrouillage interne long avec m\u00e9canisme par pression est \u00e9galement possible \u00e0 tout moment. Malgr\u00e9 ses faibles dimensions, l\u2019interrupteur assure une s\u00e9curit\u00e9 maximale. Sur la base de la technologie par transpondeur \u00e9prouv\u00e9e, le CTS atteint la cat\u00e9gorie 4 \/PL e selon EN ISO 13849-1 et est conforme \u00e0 toutes les exigences de la norme EN ISO 14119. <\/p>\n\n\n\n<figure class=\"wp-block-image size-full\"><img loading=\"lazy\" decoding=\"async\" width=\"800\" height=\"466\" src=\"https:\/\/www.emballagedigest.fr\/wp-content\/uploads\/2023\/02\/francefil.jpg\" alt=\"\" class=\"wp-image-36249\" srcset=\"https:\/\/www.emballagedigest.fr\/wp-content\/uploads\/2023\/02\/francefil.jpg 800w, https:\/\/www.emballagedigest.fr\/wp-content\/uploads\/2023\/02\/francefil-300x175.jpg 300w, https:\/\/www.emballagedigest.fr\/wp-content\/uploads\/2023\/02\/francefil-768x447.jpg 768w, https:\/\/www.emballagedigest.fr\/wp-content\/uploads\/2023\/02\/francefil-18x10.jpg 18w\" sizes=\"auto, (max-width: 800px) 100vw, 800px\" \/><\/figure>\n\n\n\n<p><strong>France fil \u00e9quipe sa gamme Rolls de poign\u00e9es amovibles<br><em>Hall 9 Stand E13<\/em><\/strong><br>France fil international con\u00e7oit et fabrique des produits de stockage et manutention pour l&rsquo;industrie alimentaire depuis 1954. Leader sur le march\u00e9 du Roll-viande\u00ae, la soci\u00e9t\u00e9 a d\u00e9velopp\u00e9 une poign\u00e9e amovible compatible avec toute sa gamme de Rolls qu&rsquo;ils soient \u00e0 crocs ou \u00e0 \u00e9tag\u00e8res. Cette poign\u00e9e am\u00e9liore l&rsquo;ergonomie et la s\u00e9curit\u00e9 de la manutention des rolls (les mains sont prot\u00e9g\u00e9es). Elle peut \u00eatre achet\u00e9e s\u00e9par\u00e9ment d&rsquo;un roll, m\u00eame en compl\u00e9ment d&rsquo;un parc d\u00e9j\u00e0 existant. A noter, l&rsquo;option poign\u00e9es int\u00e9gr\u00e9es soud\u00e9es au Roll reste disponible. <\/p>\n\n\n\n<figure class=\"wp-block-image size-full\"><img loading=\"lazy\" decoding=\"async\" width=\"800\" height=\"453\" src=\"https:\/\/www.emballagedigest.fr\/wp-content\/uploads\/2023\/02\/IPP.jpg\" alt=\"\" class=\"wp-image-36250\" srcset=\"https:\/\/www.emballagedigest.fr\/wp-content\/uploads\/2023\/02\/IPP.jpg 800w, https:\/\/www.emballagedigest.fr\/wp-content\/uploads\/2023\/02\/IPP-300x170.jpg 300w, https:\/\/www.emballagedigest.fr\/wp-content\/uploads\/2023\/02\/IPP-768x435.jpg 768w, https:\/\/www.emballagedigest.fr\/wp-content\/uploads\/2023\/02\/IPP-18x10.jpg 18w\" sizes=\"auto, (max-width: 800px) 100vw, 800px\" \/><\/figure>\n\n\n\n<p><strong>IPP France d\u00e9croche une double certification<br><em>Hall 9 Stand D25<\/em><\/strong><br>L\u2019expert de la location de palettes et de caisses pour la supply chain, filiale de Faber Group, vient de se voir d\u00e9cerner les certifications ISO 9001 et ISO 14001 pour son management de la qualit\u00e9 et de l\u2019environnement. Pour ce faire, IPP a r\u00e9alis\u00e9 une cartographie compl\u00e8te et une analyse du cycle de vie de son activit\u00e9 allant de ses processus de management et d\u2019am\u00e9lioration continue, \u00e0 ceux li\u00e9s \u00e0 la commercialisation et la mise en \u0153uvre op\u00e9rationnelle de son service de location de palettes, aux processus supports (mat\u00e9riel, humain et financier), jusqu\u2019\u00e0 l\u2019objectif final : la satisfaction client. IPP a \u00e9galement apport\u00e9 les garanties d\u2019une d\u00e9marche environnementale d\u2019am\u00e9lioration continue dans le cadre de la norme ISO 14001. Chaque processus a ainsi fait l\u2019objet d\u2019une analyse approfondie afin de d\u00e9terminer les actions et axes de progr\u00e8s \u00e0 mettre en \u0153uvre pour r\u00e9duire l\u2019impact carbone de l\u2019entreprise : modes de transport, consommations \u00e9nerg\u00e9tiques, donn\u00e9es num\u00e9riques\u2026 Une d\u00e9marche environnementale pour laquelle le loueur a aussi \u00e9t\u00e9 distingu\u00e9 par la plateforme d\u2019\u00e9valuation EcoVadis avec le renouvellement cette ann\u00e9e de sa m\u00e9daille \u00ab Platinum \u00bb. <\/p>\n\n\n\n<figure class=\"wp-block-image size-full\"><img loading=\"lazy\" decoding=\"async\" width=\"800\" height=\"400\" src=\"https:\/\/www.emballagedigest.fr\/wp-content\/uploads\/2023\/02\/kriska-industrie.jpg\" alt=\"\" class=\"wp-image-36251\" srcset=\"https:\/\/www.emballagedigest.fr\/wp-content\/uploads\/2023\/02\/kriska-industrie.jpg 800w, https:\/\/www.emballagedigest.fr\/wp-content\/uploads\/2023\/02\/kriska-industrie-300x150.jpg 300w, https:\/\/www.emballagedigest.fr\/wp-content\/uploads\/2023\/02\/kriska-industrie-768x384.jpg 768w, https:\/\/www.emballagedigest.fr\/wp-content\/uploads\/2023\/02\/kriska-industrie-18x9.jpg 18w\" sizes=\"auto, (max-width: 800px) 100vw, 800px\" \/><\/figure>\n\n\n\n<p><strong>Kriska Industrie to showcase an affordable feeder<br><em>Hall 10 Stand A2<\/em><\/strong><br>The Kriska friction feeder helps to insert sheets, cardboards, leaflets, flyers, booklets, stickers plates, envelopes, and drop them off on a conveyor, a lug chain, into boxes or trays as well at a speed rate of 300 cycles per minute depending on the products and the way it has to be delivered. Kriska Industrie an adapt its feeders to the available space. The feeder handles products from 90gr\/m\u00b2 to 4mm thick. The magazine is 300mm high. Size changes are very easy to do. The loading height depends on the type of the products. The feeder is driven by a motor (Oriental Motor) with a speed variator device. The operator loads the leaflets in the feeder vertical stacker. Then they are taken out of the pile one by one thanks to belts and rollers and driven downwards into the exit. Ejection is set off by the detector cell or a signal. This affordable feeder is the best solution for counting, marking or bar code reading offline. <\/p>\n\n\n\n<figure class=\"wp-block-image size-full\"><img loading=\"lazy\" decoding=\"async\" width=\"800\" height=\"322\" src=\"https:\/\/www.emballagedigest.fr\/wp-content\/uploads\/2023\/02\/lebhar-2.jpg\" alt=\"\" class=\"wp-image-36252\" srcset=\"https:\/\/www.emballagedigest.fr\/wp-content\/uploads\/2023\/02\/lebhar-2.jpg 800w, https:\/\/www.emballagedigest.fr\/wp-content\/uploads\/2023\/02\/lebhar-2-300x121.jpg 300w, https:\/\/www.emballagedigest.fr\/wp-content\/uploads\/2023\/02\/lebhar-2-768x309.jpg 768w, https:\/\/www.emballagedigest.fr\/wp-content\/uploads\/2023\/02\/lebhar-2-18x7.jpg 18w\" sizes=\"auto, (max-width: 800px) 100vw, 800px\" \/><\/figure>\n\n\n\n<p><strong>Lebhar promeut le papier et le sans plastique<br><em>Hall 9 Stand A24<\/em><\/strong><br>Lebhar propose un nouveau papier ingraissable \u00e0 destination des enseignes de restauration rapide. Burger, pizza, tacos\u2026 pourront \u00eatre maintenus au chaud et bien conserv\u00e9s dans ce papier sans plastique, apte au passage au four \u00e0 micro-ondes et au four et personnalisable en une couleur. Par ailleurs, Lebhar poursuit le d\u00e9veloppement de son offre recyclable, avec sa gamme Z\u00e9ro plastique : Lebiotech. Assiettes et plateaux\u2026 la soci\u00e9t\u00e9 propose une gamme compl\u00e8te de supports 100% pure p\u00e2te de bois et naturelle. 100% recyclable, elle est apte au contact alimentaire et au contact avec les produits gras. <\/p>\n\n\n\n<figure class=\"wp-block-image size-full\"><img loading=\"lazy\" decoding=\"async\" width=\"800\" height=\"400\" src=\"https:\/\/www.emballagedigest.fr\/wp-content\/uploads\/2023\/02\/Manuvit-2022-37-4.jpg\" alt=\"\" class=\"wp-image-36253\" srcset=\"https:\/\/www.emballagedigest.fr\/wp-content\/uploads\/2023\/02\/Manuvit-2022-37-4.jpg 800w, https:\/\/www.emballagedigest.fr\/wp-content\/uploads\/2023\/02\/Manuvit-2022-37-4-300x150.jpg 300w, https:\/\/www.emballagedigest.fr\/wp-content\/uploads\/2023\/02\/Manuvit-2022-37-4-768x384.jpg 768w, https:\/\/www.emballagedigest.fr\/wp-content\/uploads\/2023\/02\/Manuvit-2022-37-4-18x9.jpg 18w\" sizes=\"auto, (max-width: 800px) 100vw, 800px\" \/><\/figure>\n\n\n\n<p><strong>Manuvit expose son nouveau gerbeur<br><em>Hall 8 Stand D3<\/em><\/strong><br>Adapt\u00e9 \u00e0 une utilisation en milieu industriel (agroalimentaire, pharmaceutique\u2026) et tertiaire, le gerbeur compact de 32 kg Astair de Manuvit, \u00e0 lev\u00e9e \u00e9lectrique, se distingue par sa l\u00e9g\u00e8ret\u00e9 et sa maniabilit\u00e9. Gr\u00e2ce \u00e0 ses diff\u00e9rents accessoires \u2013 plateau, \u00e9peron et fourches \u2013 il facilite la manutention quotidienne de cartons, bacs, bobines. Con\u00e7u pour durer, ce gerbeur fabriqu\u00e9 dans l\u2019usine normande du constructeur convient \u00e0 des utilisations intensives. Garanti trois ans hors pi\u00e8ces d&rsquo;usure, il r\u00e9pond \u00e0 la directive machine 2006\/42\/CE et aux recommandations de la CRAM R-367. Afin de garantir la s\u00e9curit\u00e9 des op\u00e9rateurs, un dispositif anti-basculement permet de pr\u00e9venir le renversement du gerbeur en cas d&rsquo;obstacles sur la course de descente. Disponible en trois hauteurs de m\u00e2t : 1950, 1500 et 1200 mm, il offre une autonomie jusqu\u2019\u00e0 10 h pour 10 cycles\/h pour une charge de 60 kg. Equip\u00e9 de roues en polyur\u00e9thane, le gerbeur se caract\u00e9rise par une excellente qualit\u00e9 de roulage sur tous types de sols, y compris sur moquette ou linoleum. <\/p>\n\n\n\n<figure class=\"wp-block-image size-full\"><img loading=\"lazy\" decoding=\"async\" width=\"800\" height=\"435\" src=\"https:\/\/www.emballagedigest.fr\/wp-content\/uploads\/2023\/02\/norelem.jpg\" alt=\"\" class=\"wp-image-36254\" srcset=\"https:\/\/www.emballagedigest.fr\/wp-content\/uploads\/2023\/02\/norelem.jpg 800w, https:\/\/www.emballagedigest.fr\/wp-content\/uploads\/2023\/02\/norelem-300x163.jpg 300w, https:\/\/www.emballagedigest.fr\/wp-content\/uploads\/2023\/02\/norelem-768x418.jpg 768w, https:\/\/www.emballagedigest.fr\/wp-content\/uploads\/2023\/02\/norelem-18x10.jpg 18w\" sizes=\"auto, (max-width: 800px) 100vw, 800px\" \/><\/figure>\n\n\n\n<p><strong>Norelem unveils its hygienic design concept<br><em>Hall 7 Stand A39<\/em><\/strong><br>The term \u00ab\u00a0Hygienic Design\u201d stands for standardised design specifications of respective machine components or elements. For example, the Norelem Hygienic Design standard and operating parts have smooth surfaces so that germs, product residues and dirt on these surfaces are particularly easy to clean. The advantages are: corrosion prevention; high protection against germs and bacteria; high grade stainless steel: production residues and contaminants can be easily cleaned off; radii, transitions and bevels are designed to hinder wetting; free from notches, gouges, indentations and cavities; and product residues and cleaning agents do not adhere. The products from the Hygienic Design range are therefore ideally suited for industries with high hygienic requirements. <\/p>\n\n\n\n<figure class=\"wp-block-image size-full\"><img loading=\"lazy\" decoding=\"async\" width=\"800\" height=\"486\" src=\"https:\/\/www.emballagedigest.fr\/wp-content\/uploads\/2023\/02\/paris-loire.jpg\" alt=\"\" class=\"wp-image-36255\" srcset=\"https:\/\/www.emballagedigest.fr\/wp-content\/uploads\/2023\/02\/paris-loire.jpg 800w, https:\/\/www.emballagedigest.fr\/wp-content\/uploads\/2023\/02\/paris-loire-300x182.jpg 300w, https:\/\/www.emballagedigest.fr\/wp-content\/uploads\/2023\/02\/paris-loire-768x467.jpg 768w, https:\/\/www.emballagedigest.fr\/wp-content\/uploads\/2023\/02\/paris-loire-18x12.jpg 18w\" sizes=\"auto, (max-width: 800px) 100vw, 800px\" \/><\/figure>\n\n\n\n<p><strong>Parisloire r\u00e9habilite les stocks dormants de bobines et de formats<br><em>Hall9 Stand B5<\/em><\/strong><br>Sur son stock ou sur les bobines de ses clients, Parisloire d\u00e9coupe selon le cahier des charges demand\u00e9. Laize, diam\u00e8tre, mandrin, \u00e0 fa\u00e7on, en galettes, en formats ou en rouleaux, c\u2019est le client qui d\u00e9cide. Produisant sous d\u00e9marche H.A.C.C.P. depuis 2015, d\u00e9marche valid\u00e9e et reconnue par les industriels alimentaires, Parisloire garantit l\u2019alimentarit\u00e9 des supports transform\u00e9s. Depuis peu, l\u2019entreprise r\u00e9habilite les stocks dormants de bobines et de formats. Surdimensionn\u00e9s ou endommag\u00e9s, les consommables \u2013 apr\u00e8s expertise et retraitement \u2013 peuvent \u00eatre r\u00e9int\u00e9gr\u00e9s dans les process de production. Parisloire est un sp\u00e9cialiste de la d\u00e9coupe sur mesure et vente de papier, carton et films alimentaires, pour contact alimentaire direct ou packaging. <\/p>\n\n\n\n<figure class=\"wp-block-image size-full\"><img loading=\"lazy\" decoding=\"async\" width=\"800\" height=\"561\" src=\"https:\/\/www.emballagedigest.fr\/wp-content\/uploads\/2023\/02\/PL-systems.jpg\" alt=\"\" class=\"wp-image-36256\" srcset=\"https:\/\/www.emballagedigest.fr\/wp-content\/uploads\/2023\/02\/PL-systems.jpg 800w, https:\/\/www.emballagedigest.fr\/wp-content\/uploads\/2023\/02\/PL-systems-300x210.jpg 300w, https:\/\/www.emballagedigest.fr\/wp-content\/uploads\/2023\/02\/PL-systems-768x539.jpg 768w, https:\/\/www.emballagedigest.fr\/wp-content\/uploads\/2023\/02\/PL-systems-18x12.jpg 18w\" sizes=\"auto, (max-width: 800px) 100vw, 800px\" \/><\/figure>\n\n\n\n<p><strong>PL Systems optimise la prise en main et le contr\u00f4le des machines<br><em>Hall 6 Stand A23<\/em><\/strong><br>PL Systems pr\u00e9sente UniCloud, une plateforme Cloud compl\u00e8te pour les int\u00e9grateurs, les constructeurs et les utilisateurs de syst\u00e8mes automatis\u00e9s. Avec UniCloud, il est possible de se connecter \u00e0 une machine en moins de 30 minutes et commencer \u00e0 exploiter ses donn\u00e9es pour gagner en efficacit\u00e9. Les avantages d&rsquo;UniCloud sont nombreux : r\u00e9duction des co\u00fbts, am\u00e9lioration de la disponibilit\u00e9 et de l&rsquo;accessibilit\u00e9 de la machine, surveillance et gestion de toutes les machines depuis un seul tableau de bord, possibilit\u00e9 de cr\u00e9er des tableaux de bord personnalis\u00e9s illimit\u00e9s, acc\u00e8s \u00e0 distance s\u00e9curis\u00e9 sans co\u00fbt d&rsquo;IP fixe, am\u00e9lioration de l&rsquo;efficacit\u00e9 et \u00e9limination des obstacles, d\u00e9ploiement d&rsquo;une strat\u00e9gie de maintenance pr\u00e9ventive, utilisation des donn\u00e9es de la machine pour optimiser la performance des futures machines, etc. Si l\u2019utilisateur n\u2019a pas son propre automate connect\u00e9 \u00e0 son compte UniCloud, des exemples sont automatiquement g\u00e9n\u00e9r\u00e9s lors de la cr\u00e9ation du compte pour un meilleure accompagnement. <\/p>\n\n\n\n<figure class=\"wp-block-image size-full\"><img loading=\"lazy\" decoding=\"async\" width=\"800\" height=\"559\" src=\"https:\/\/www.emballagedigest.fr\/wp-content\/uploads\/2023\/02\/psycle.jpg\" alt=\"\" class=\"wp-image-36257\" srcset=\"https:\/\/www.emballagedigest.fr\/wp-content\/uploads\/2023\/02\/psycle.jpg 800w, https:\/\/www.emballagedigest.fr\/wp-content\/uploads\/2023\/02\/psycle-300x210.jpg 300w, https:\/\/www.emballagedigest.fr\/wp-content\/uploads\/2023\/02\/psycle-768x537.jpg 768w, https:\/\/www.emballagedigest.fr\/wp-content\/uploads\/2023\/02\/psycle-18x12.jpg 18w\" sizes=\"auto, (max-width: 800px) 100vw, 800px\" \/><\/figure>\n\n\n\n<p><strong>Psycle implements visual inspection cell on production lines<br><em>Hall 10 Stand C1<\/em><\/strong><br>Psycle, a company based in Compi\u00e8gne (Hauts-de-France), designs industrial vision machines for quality control and process control of production lines, in partnership with a network of French integrators. The company adapts its systems to meet specific needs (robot communications, control paths, advanced statistics, etc.). The goal is to implement visual inspection cells on production lines, and to allow end users to be autonomous regarding the evolution of the machine with their line (addition of references, defect typologies, etc.). <\/p>\n\n\n\n<figure class=\"wp-block-image size-full\"><img loading=\"lazy\" decoding=\"async\" width=\"800\" height=\"492\" src=\"https:\/\/www.emballagedigest.fr\/wp-content\/uploads\/2023\/02\/Sairem.jpg\" alt=\"\" class=\"wp-image-36258\" srcset=\"https:\/\/www.emballagedigest.fr\/wp-content\/uploads\/2023\/02\/Sairem.jpg 800w, https:\/\/www.emballagedigest.fr\/wp-content\/uploads\/2023\/02\/Sairem-300x185.jpg 300w, https:\/\/www.emballagedigest.fr\/wp-content\/uploads\/2023\/02\/Sairem-768x472.jpg 768w, https:\/\/www.emballagedigest.fr\/wp-content\/uploads\/2023\/02\/Sairem-18x12.jpg 18w\" sizes=\"auto, (max-width: 800px) 100vw, 800px\" \/><\/figure>\n\n\n\n<p><strong>Sairem imagine des syst\u00e8mes d\u2019assainissement et de temp\u00e9rage micro-onde et haute fr\u00e9quence<br><em>Hall 5 Stand A5<\/em><\/strong><br>Sairem, groupe lyonnais sp\u00e9cialis\u00e9 dans les technologies micro-ondes (MO) et haute fr\u00e9quence (HF) adapt\u00e9es pour l\u2019industrie, pr\u00e9sente ses solutions d\u2019assainissement et de temp\u00e9rage. Les \u00e9quipements de d\u00e9contamination Sairem permettent une destruction compl\u00e8te des moisissures, levures et bact\u00e9ries sans l\u2019utilisation de produits chimiques. De la m\u00eame fa\u00e7on, les proc\u00e9d\u00e9s de d\u00e9sinsectisation propos\u00e9s par le fabricant d\u00e9sactivent les parasites et micro-organismes gr\u00e2ce \u00e0 une exposition courte et homog\u00e8ne \u00e0 un champs micro-onde. Dans tous les cas, les temps de traitements sont si courts que les propri\u00e9t\u00e9s organoleptiques des ingr\u00e9dients et produits de haute qualit\u00e9 trait\u00e9s sont parfaitement pr\u00e9serv\u00e9es. La technologie de temp\u00e9rage par MO et HF de Sairem permet de temp\u00e9rer et d\u00e9congeler des produits tr\u00e8s rapidement. Elle offre une temp\u00e9rature homog\u00e8ne tout en emp\u00eachant les bact\u00e9ries de se d\u00e9velopper. <\/p>\n\n\n\n<figure class=\"wp-block-image size-full\"><img loading=\"lazy\" decoding=\"async\" width=\"800\" height=\"457\" src=\"https:\/\/www.emballagedigest.fr\/wp-content\/uploads\/2023\/02\/samec.jpg\" alt=\"\" class=\"wp-image-36259\" srcset=\"https:\/\/www.emballagedigest.fr\/wp-content\/uploads\/2023\/02\/samec.jpg 800w, https:\/\/www.emballagedigest.fr\/wp-content\/uploads\/2023\/02\/samec-300x171.jpg 300w, https:\/\/www.emballagedigest.fr\/wp-content\/uploads\/2023\/02\/samec-768x439.jpg 768w, https:\/\/www.emballagedigest.fr\/wp-content\/uploads\/2023\/02\/samec-18x10.jpg 18w\" sizes=\"auto, (max-width: 800px) 100vw, 800px\" \/><\/figure>\n\n\n\n<p><strong>Samec Leducq : une large panoplie de sachets<br><em>Hall 9 Stand D4<\/em><\/strong><br>Leducq, fabricant fran\u00e7ais de sachets, propose toute une gamme de sachets transparents, brillants, r\u00e9sistants, avec ou sans barri\u00e8re. En biosourc\u00e9s, sans plastique \u00e0 base de cellulose, home compostable, ou en PLA \u00e0 base d\u2019amidon de ma\u00efs, compostable industriel. Des sachets avec barri\u00e8res et sans chlore, cette offre se d\u00e9cline en sachets plats, avec soufflets et SOS avec ou sans impression. La soci\u00e9t\u00e9 propose pour le conditionnement de ballotin de chocolats ou dans le domaine du poisson, feuilles en OPP ou cellophane, intercalaires transparents ou blancs. De son c\u00f4t\u00e9, Samec est sp\u00e9cialis\u00e9e dans la d\u00e9coupe en bobines de films flexibles polypropyl\u00e8nes pour le domaine artisanal et industriel. Elle se d\u00e9marque par sa qualit\u00e9 de d\u00e9coupe, sa r\u00e9activit\u00e9 et ses connaissances techniques. Samec inaugure toute une nouvelle gamme de films ultra barri\u00e8re sans chlore et recyclables destin\u00e9s \u00e0 la confiserie, chocolaterie, biscuiterie et snack. <\/p>\n\n\n\n<figure class=\"wp-block-image size-full\"><img loading=\"lazy\" decoding=\"async\" width=\"800\" height=\"523\" src=\"https:\/\/www.emballagedigest.fr\/wp-content\/uploads\/2023\/02\/scott-automation.jpg\" alt=\"\" class=\"wp-image-36260\" srcset=\"https:\/\/www.emballagedigest.fr\/wp-content\/uploads\/2023\/02\/scott-automation.jpg 800w, https:\/\/www.emballagedigest.fr\/wp-content\/uploads\/2023\/02\/scott-automation-300x196.jpg 300w, https:\/\/www.emballagedigest.fr\/wp-content\/uploads\/2023\/02\/scott-automation-768x502.jpg 768w, https:\/\/www.emballagedigest.fr\/wp-content\/uploads\/2023\/02\/scott-automation-18x12.jpg 18w\" sizes=\"auto, (max-width: 800px) 100vw, 800px\" \/><\/figure>\n\n\n\n<p><strong>Scott Automation con\u00e7oit un syst\u00e8me de palettisation fin de ligne<br><em>Hall 10 Stand G29<\/em><\/strong><br>Scott Automation a livr\u00e9 pour l\u2019un de ses clients, leader europ\u00e9en de l\u2019agroalimentaire, un syst\u00e8me de palettisation fin de ligne, con\u00e7u pour traiter automatiquement diff\u00e9rents produits, tels que caisses, barquettes, ou emballages sous film r\u00e9tractable avec une capacit\u00e9 totale pouvant atteindre 130 pi\u00e8ces par minute. Le client a choisi la solution Scott pour augmenter sa capacit\u00e9 de production, r\u00e9duire les interventions manuelles et augmenter la qualit\u00e9 des palettes. Un seul palettiseur Scott suffit, l\u00e0 o\u00f9 deux existaient pr\u00e9c\u00e9demment, d\u2019o\u00f9 une efficacit\u00e9 accrue de la ligne, un co\u00fbt de possession inf\u00e9rieur et un encombrement au sol r\u00e9duit. Le projet est bas\u00e9 sur le palettiseur Alvey 4.0 de derni\u00e8re g\u00e9n\u00e9ration, \u00e9quip\u00e9 d\u2019un syst\u00e8me de d\u00e9pose de feuilles intercalaires. Sa conception \u00e9pur\u00e9e et raffin\u00e9e rend le fonctionnement et la maintenance confortables et ais\u00e9s avec une consommation d&rsquo;\u00e9nergie optimis\u00e9e. <\/p>\n\n\n\n<figure class=\"wp-block-image size-full\"><img loading=\"lazy\" decoding=\"async\" width=\"800\" height=\"439\" src=\"https:\/\/www.emballagedigest.fr\/wp-content\/uploads\/2023\/02\/usocome.jpg\" alt=\"\" class=\"wp-image-36261\" srcset=\"https:\/\/www.emballagedigest.fr\/wp-content\/uploads\/2023\/02\/usocome.jpg 800w, https:\/\/www.emballagedigest.fr\/wp-content\/uploads\/2023\/02\/usocome-300x165.jpg 300w, https:\/\/www.emballagedigest.fr\/wp-content\/uploads\/2023\/02\/usocome-768x421.jpg 768w, https:\/\/www.emballagedigest.fr\/wp-content\/uploads\/2023\/02\/usocome-18x10.jpg 18w\" sizes=\"auto, (max-width: 800px) 100vw, 800px\" \/><\/figure>\n\n\n\n<p><strong>SEW Usocome lance une nouvelle gamme de motor\u00e9ducteurs inox<br><em>Hall 2 Stand A14<\/em><\/strong><br>SEW Usocome a con\u00e7u une toute nouvelle gamme de motor\u00e9ducteurs inox, sp\u00e9cialement adapt\u00e9s aux exigences de l\u2019industrie agroalimentaire. D\u2019ores et d\u00e9j\u00e0 disponibles dans diff\u00e9rentes tailles et configurations, ces solutions r\u00e9pondent \u00e0 de nombreuses applications. De la m\u00eame fa\u00e7on, les unit\u00e9s m\u00e9catroniques Movigear\u00ae sont maintenant dot\u00e9es d\u2019un rev\u00eatement HCP 200 option \u00ab Wet Area \u00bb particuli\u00e8rement r\u00e9sistant aux lavages avec des produits lessiviels agressifs. Les visseries inox compl\u00e8tent le dispositif. Un retour sur investissement rapide : elles r\u00e9pondent aux sp\u00e9cifications de la classe de rendement moteur IE5, un atout consid\u00e9rable dans le contexte de forte augmentation des co\u00fbts \u00e9nerg\u00e9tiques. <\/p>\n\n\n\n<figure class=\"wp-block-image size-full\"><img loading=\"lazy\" decoding=\"async\" width=\"800\" height=\"535\" src=\"https:\/\/www.emballagedigest.fr\/wp-content\/uploads\/2023\/02\/urschel.jpg\" alt=\"\" class=\"wp-image-36262\" srcset=\"https:\/\/www.emballagedigest.fr\/wp-content\/uploads\/2023\/02\/urschel.jpg 800w, https:\/\/www.emballagedigest.fr\/wp-content\/uploads\/2023\/02\/urschel-300x201.jpg 300w, https:\/\/www.emballagedigest.fr\/wp-content\/uploads\/2023\/02\/urschel-768x514.jpg 768w, https:\/\/www.emballagedigest.fr\/wp-content\/uploads\/2023\/02\/urschel-18x12.jpg 18w\" sizes=\"auto, (max-width: 800px) 100vw, 800px\" \/><\/figure>\n\n\n\n<p><strong>Urschel introduces the latest E TranSlicer\u00ae (ETRS) Cutter<br><em>Hall 5 Stand F35 E36<\/em><\/strong><br>The newly designed E TranSlicer Cutter by Urschel includes a built-in discharge conveyor. The discharge conveyor facilitates dispensing cut product into totes. The built-in conveyor assists in effectively capturing slivered, small cuts of leeks, onions, or peppers to promote complete discharge from the machine. The design streamlines processing with minimal elevation changes plus controlled and contained transfer points to ensure maximum product is processed. The belt-fed E TranSlicer Cutter is ideally suited for elongated food products. It employs different styles of 20&Prime; (508 mm) diameter cutting wheels to create flat or crinkle slices and julienne cuts. <\/p>\n\n\n\n<figure class=\"wp-block-image size-full\"><img loading=\"lazy\" decoding=\"async\" width=\"800\" height=\"494\" src=\"https:\/\/www.emballagedigest.fr\/wp-content\/uploads\/2023\/02\/varvel.jpg\" alt=\"\" class=\"wp-image-36263\" srcset=\"https:\/\/www.emballagedigest.fr\/wp-content\/uploads\/2023\/02\/varvel.jpg 800w, https:\/\/www.emballagedigest.fr\/wp-content\/uploads\/2023\/02\/varvel-300x185.jpg 300w, https:\/\/www.emballagedigest.fr\/wp-content\/uploads\/2023\/02\/varvel-768x474.jpg 768w, https:\/\/www.emballagedigest.fr\/wp-content\/uploads\/2023\/02\/varvel-18x12.jpg 18w\" sizes=\"auto, (max-width: 800px) 100vw, 800px\" \/><\/figure>\n\n\n\n<p><strong>Varvel: pour chaque typologie de moteur \u00e9lectrique sa bride<br><em>Hall 10 Stand G65<\/em><\/strong><br>Depuis 1955, le groupe Varvel con\u00e7oit et fabrique des r\u00e9ducteurs et variateurs m\u00e9caniques d\u00e9di\u00e9s \u00e0 la petite et moyenne industrie. Gr\u00e2ce \u00e0 une gamme de produits atteignant 3 400 Nm de couple transmissible sur l&rsquo;arbre lent et de 22 kW de puissance installable \u2013 avec plusieurs configurations possibles et une large gamme de brides pour les types les plus vari\u00e9s de moteurs et de servomoteurs que l\u2019on trouve sur le march\u00e9 \u2013 tout en offrant la possibilit\u00e9 de fournir des solutions compl\u00e8tes, avec des composants pr\u00eats \u00e0 \u00eatre impl\u00e9ment\u00e9s sur les \u00e9quipements, le groupe Varvel est aujourd&rsquo;hui un partenaire de premier plan dans le monde des machines automatiques et de l&#8217;emballage. En particulier dans l\u2019industrie agro-alimentaire, cosm\u00e9tique, pharmaceutique et chimie. L\u2019introduction des brides \u00ab carr\u00e9es \u00bb, pour l\u2019accouplement avec les moteurs pas \u00e0 pas et brushless, est possible gr\u00e2ce \u00e0 la modularit\u00e9 des produits Varvel. <\/p>","protected":false},"excerpt":{"rendered":"<p>Du 14 au 16 mars 2023, se tiendra la 26e \u00e9dition du salon CFIA Rennes, le rendez-vous incontournable de l\u2019industrie agro-alimentaire. La r\u00e9daction vous propose un avant-go\u00fbt de son avant-premi\u00e8re papier, \u00e0 venir dans notre prochain magazine, dans cette \u00e9dition digitale. L\u2019occasion de d\u00e9couvrir les innovations machines et packagings de plusieurs exposants. AstroNova offre une [&hellip;]<\/p>","protected":false},"author":2,"featured_media":36242,"comment_status":"closed","ping_status":"closed","sticky":false,"template":"","format":"standard","meta":{"_acf_changed":false,"inline_featured_image":false,"iawp_total_views":4,"footnotes":""},"categories":[5,28,68,22,72],"tags":[],"class_list":["post-36241","post","type-post","status-publish","format-standard","has-post-thumbnail","hentry","category-alimentaire","category-article-entier","category-machines","category-packaging-evenement","category-salon"],"acf":[],"yoast_head":"<!-- This site is optimized with the Yoast SEO plugin v24.4 - https:\/\/yoast.com\/wordpress\/plugins\/seo\/ -->\n<title>CFIA Rennes 2023 : un condens\u00e9 d\u2019innovations en avant-premi\u00e8re - Emballage Digest<\/title>\n<meta name=\"robots\" content=\"index, follow, max-snippet:-1, max-image-preview:large, max-video-preview:-1\" \/>\n<link rel=\"canonical\" href=\"https:\/\/www.emballagedigest.fr\/en\/cfia-rennes-2023-un-condense-dinnovations-en-avant-premiere\/\" \/>\n<meta property=\"og:locale\" content=\"en_GB\" \/>\n<meta property=\"og:type\" content=\"article\" \/>\n<meta property=\"og:title\" content=\"CFIA Rennes 2023 : un condens\u00e9 d\u2019innovations en avant-premi\u00e8re - Emballage Digest\" \/>\n<meta property=\"og:description\" content=\"Du 14 au 16 mars 2023, se tiendra la 26e \u00e9dition du salon CFIA Rennes, le rendez-vous incontournable de l\u2019industrie agro-alimentaire. La r\u00e9daction vous propose un avant-go\u00fbt de son avant-premi\u00e8re papier, \u00e0 venir dans notre prochain magazine, dans cette \u00e9dition digitale. L\u2019occasion de d\u00e9couvrir les innovations machines et packagings de plusieurs exposants. AstroNova offre une [&hellip;]\" \/>\n<meta property=\"og:url\" content=\"https:\/\/www.emballagedigest.fr\/en\/cfia-rennes-2023-un-condense-dinnovations-en-avant-premiere\/\" \/>\n<meta property=\"og:site_name\" content=\"Emballage Digest\" \/>\n<meta property=\"article:published_time\" content=\"2023-02-23T06:54:17+00:00\" \/>\n<meta property=\"article:modified_time\" content=\"2023-02-24T06:59:59+00:00\" \/>\n<meta property=\"og:image\" content=\"https:\/\/www.emballagedigest.fr\/wp-content\/uploads\/2023\/02\/CFIA1.jpg\" \/>\n\t<meta property=\"og:image:width\" content=\"800\" \/>\n\t<meta property=\"og:image:height\" content=\"445\" \/>\n\t<meta property=\"og:image:type\" content=\"image\/jpeg\" \/>\n<meta name=\"author\" content=\"Karine Duval\" \/>\n<meta name=\"twitter:card\" content=\"summary_large_image\" \/>\n<meta name=\"twitter:label1\" content=\"Written by\" \/>\n\t<meta name=\"twitter:data1\" content=\"Karine Duval\" \/>\n\t<meta name=\"twitter:label2\" content=\"Estimated reading time\" \/>\n\t<meta name=\"twitter:data2\" content=\"20 minutes\" \/>\n<script type=\"application\/ld+json\" class=\"yoast-schema-graph\">{\"@context\":\"https:\/\/schema.org\",\"@graph\":[{\"@type\":\"Article\",\"@id\":\"https:\/\/www.emballagedigest.fr\/cfia-rennes-2023-un-condense-dinnovations-en-avant-premiere\/#article\",\"isPartOf\":{\"@id\":\"https:\/\/www.emballagedigest.fr\/cfia-rennes-2023-un-condense-dinnovations-en-avant-premiere\/\"},\"author\":{\"name\":\"Karine Duval\",\"@id\":\"https:\/\/www.emballagedigest.fr\/#\/schema\/person\/76abe9f2b2ee4d3d520594c7a35da59f\"},\"headline\":\"CFIA Rennes 2023 : un condens\u00e9 d\u2019innovations en avant-premi\u00e8re\",\"datePublished\":\"2023-02-23T06:54:17+00:00\",\"dateModified\":\"2023-02-24T06:59:59+00:00\",\"mainEntityOfPage\":{\"@id\":\"https:\/\/www.emballagedigest.fr\/cfia-rennes-2023-un-condense-dinnovations-en-avant-premiere\/\"},\"wordCount\":3268,\"publisher\":{\"@id\":\"https:\/\/www.emballagedigest.fr\/#organization\"},\"image\":{\"@id\":\"https:\/\/www.emballagedigest.fr\/cfia-rennes-2023-un-condense-dinnovations-en-avant-premiere\/#primaryimage\"},\"thumbnailUrl\":\"https:\/\/www.emballagedigest.fr\/wp-content\/uploads\/2023\/02\/CFIA1.jpg\",\"articleSection\":[\"Alimentaire\",\"Article entier\",\"Machines\",\"Packaging\",\"Salon\"],\"inLanguage\":\"en-GB\"},{\"@type\":\"WebPage\",\"@id\":\"https:\/\/www.emballagedigest.fr\/cfia-rennes-2023-un-condense-dinnovations-en-avant-premiere\/\",\"url\":\"https:\/\/www.emballagedigest.fr\/cfia-rennes-2023-un-condense-dinnovations-en-avant-premiere\/\",\"name\":\"CFIA Rennes 2023 : un condens\u00e9 d\u2019innovations en avant-premi\u00e8re - Emballage Digest\",\"isPartOf\":{\"@id\":\"https:\/\/www.emballagedigest.fr\/#website\"},\"primaryImageOfPage\":{\"@id\":\"https:\/\/www.emballagedigest.fr\/cfia-rennes-2023-un-condense-dinnovations-en-avant-premiere\/#primaryimage\"},\"image\":{\"@id\":\"https:\/\/www.emballagedigest.fr\/cfia-rennes-2023-un-condense-dinnovations-en-avant-premiere\/#primaryimage\"},\"thumbnailUrl\":\"https:\/\/www.emballagedigest.fr\/wp-content\/uploads\/2023\/02\/CFIA1.jpg\",\"datePublished\":\"2023-02-23T06:54:17+00:00\",\"dateModified\":\"2023-02-24T06:59:59+00:00\",\"breadcrumb\":{\"@id\":\"https:\/\/www.emballagedigest.fr\/cfia-rennes-2023-un-condense-dinnovations-en-avant-premiere\/#breadcrumb\"},\"inLanguage\":\"en-GB\",\"potentialAction\":[{\"@type\":\"ReadAction\",\"target\":[\"https:\/\/www.emballagedigest.fr\/cfia-rennes-2023-un-condense-dinnovations-en-avant-premiere\/\"]}]},{\"@type\":\"ImageObject\",\"inLanguage\":\"en-GB\",\"@id\":\"https:\/\/www.emballagedigest.fr\/cfia-rennes-2023-un-condense-dinnovations-en-avant-premiere\/#primaryimage\",\"url\":\"https:\/\/www.emballagedigest.fr\/wp-content\/uploads\/2023\/02\/CFIA1.jpg\",\"contentUrl\":\"https:\/\/www.emballagedigest.fr\/wp-content\/uploads\/2023\/02\/CFIA1.jpg\",\"width\":800,\"height\":445},{\"@type\":\"BreadcrumbList\",\"@id\":\"https:\/\/www.emballagedigest.fr\/cfia-rennes-2023-un-condense-dinnovations-en-avant-premiere\/#breadcrumb\",\"itemListElement\":[{\"@type\":\"ListItem\",\"position\":1,\"name\":\"Accueil\",\"item\":\"https:\/\/www.emballagedigest.fr\/\"},{\"@type\":\"ListItem\",\"position\":2,\"name\":\"CFIA Rennes 2023 : un condens\u00e9 d\u2019innovations en avant-premi\u00e8re\"}]},{\"@type\":\"WebSite\",\"@id\":\"https:\/\/www.emballagedigest.fr\/#website\",\"url\":\"https:\/\/www.emballagedigest.fr\/\",\"name\":\"Emballage Digest\",\"description\":\"Revue professionnelle sur les emballages\",\"publisher\":{\"@id\":\"https:\/\/www.emballagedigest.fr\/#organization\"},\"potentialAction\":[{\"@type\":\"SearchAction\",\"target\":{\"@type\":\"EntryPoint\",\"urlTemplate\":\"https:\/\/www.emballagedigest.fr\/?s={search_term_string}\"},\"query-input\":{\"@type\":\"PropertyValueSpecification\",\"valueRequired\":true,\"valueName\":\"search_term_string\"}}],\"inLanguage\":\"en-GB\"},{\"@type\":\"Organization\",\"@id\":\"https:\/\/www.emballagedigest.fr\/#organization\",\"name\":\"Emballage Digest\",\"url\":\"https:\/\/www.emballagedigest.fr\/\",\"logo\":{\"@type\":\"ImageObject\",\"inLanguage\":\"en-GB\",\"@id\":\"https:\/\/www.emballagedigest.fr\/#\/schema\/logo\/image\/\",\"url\":\"https:\/\/www.emballagedigest.fr\/wp-content\/uploads\/2022\/07\/logo-ed.png\",\"contentUrl\":\"https:\/\/www.emballagedigest.fr\/wp-content\/uploads\/2022\/07\/logo-ed.png\",\"width\":379,\"height\":75,\"caption\":\"Emballage Digest\"},\"image\":{\"@id\":\"https:\/\/www.emballagedigest.fr\/#\/schema\/logo\/image\/\"}},{\"@type\":\"Person\",\"@id\":\"https:\/\/www.emballagedigest.fr\/#\/schema\/person\/76abe9f2b2ee4d3d520594c7a35da59f\",\"name\":\"Karine Duval\",\"image\":{\"@type\":\"ImageObject\",\"inLanguage\":\"en-GB\",\"@id\":\"https:\/\/www.emballagedigest.fr\/#\/schema\/person\/image\/\",\"url\":\"https:\/\/secure.gravatar.com\/avatar\/f552799261cdd2e076e6677d780ef07bdb13aa4c196ab75b39abcbcdcae2d4e5?s=96&d=mm&r=g\",\"contentUrl\":\"https:\/\/secure.gravatar.com\/avatar\/f552799261cdd2e076e6677d780ef07bdb13aa4c196ab75b39abcbcdcae2d4e5?s=96&d=mm&r=g\",\"caption\":\"Karine Duval\"},\"url\":\"https:\/\/www.emballagedigest.fr\/en\/author\/admin_karduv\/\"}]}<\/script>\n<!-- \/ Yoast SEO plugin. -->","yoast_head_json":{"title":"CFIA Rennes 2023 : un condens\u00e9 d\u2019innovations en avant-premi\u00e8re - Emballage Digest","robots":{"index":"index","follow":"follow","max-snippet":"max-snippet:-1","max-image-preview":"max-image-preview:large","max-video-preview":"max-video-preview:-1"},"canonical":"https:\/\/www.emballagedigest.fr\/en\/cfia-rennes-2023-un-condense-dinnovations-en-avant-premiere\/","og_locale":"en_GB","og_type":"article","og_title":"CFIA Rennes 2023 : un condens\u00e9 d\u2019innovations en avant-premi\u00e8re - Emballage Digest","og_description":"Du 14 au 16 mars 2023, se tiendra la 26e \u00e9dition du salon CFIA Rennes, le rendez-vous incontournable de l\u2019industrie agro-alimentaire. La r\u00e9daction vous propose un avant-go\u00fbt de son avant-premi\u00e8re papier, \u00e0 venir dans notre prochain magazine, dans cette \u00e9dition digitale. L\u2019occasion de d\u00e9couvrir les innovations machines et packagings de plusieurs exposants. AstroNova offre une [&hellip;]","og_url":"https:\/\/www.emballagedigest.fr\/en\/cfia-rennes-2023-un-condense-dinnovations-en-avant-premiere\/","og_site_name":"Emballage Digest","article_published_time":"2023-02-23T06:54:17+00:00","article_modified_time":"2023-02-24T06:59:59+00:00","og_image":[{"width":800,"height":445,"url":"https:\/\/www.emballagedigest.fr\/wp-content\/uploads\/2023\/02\/CFIA1.jpg","type":"image\/jpeg"}],"author":"Karine Duval","twitter_card":"summary_large_image","twitter_misc":{"Written by":"Karine Duval","Estimated reading time":"20 minutes"},"schema":{"@context":"https:\/\/schema.org","@graph":[{"@type":"Article","@id":"https:\/\/www.emballagedigest.fr\/cfia-rennes-2023-un-condense-dinnovations-en-avant-premiere\/#article","isPartOf":{"@id":"https:\/\/www.emballagedigest.fr\/cfia-rennes-2023-un-condense-dinnovations-en-avant-premiere\/"},"author":{"name":"Karine Duval","@id":"https:\/\/www.emballagedigest.fr\/#\/schema\/person\/76abe9f2b2ee4d3d520594c7a35da59f"},"headline":"CFIA Rennes 2023 : un condens\u00e9 d\u2019innovations en avant-premi\u00e8re","datePublished":"2023-02-23T06:54:17+00:00","dateModified":"2023-02-24T06:59:59+00:00","mainEntityOfPage":{"@id":"https:\/\/www.emballagedigest.fr\/cfia-rennes-2023-un-condense-dinnovations-en-avant-premiere\/"},"wordCount":3268,"publisher":{"@id":"https:\/\/www.emballagedigest.fr\/#organization"},"image":{"@id":"https:\/\/www.emballagedigest.fr\/cfia-rennes-2023-un-condense-dinnovations-en-avant-premiere\/#primaryimage"},"thumbnailUrl":"https:\/\/www.emballagedigest.fr\/wp-content\/uploads\/2023\/02\/CFIA1.jpg","articleSection":["Alimentaire","Article entier","Machines","Packaging","Salon"],"inLanguage":"en-GB"},{"@type":"WebPage","@id":"https:\/\/www.emballagedigest.fr\/cfia-rennes-2023-un-condense-dinnovations-en-avant-premiere\/","url":"https:\/\/www.emballagedigest.fr\/cfia-rennes-2023-un-condense-dinnovations-en-avant-premiere\/","name":"CFIA Rennes 2023 : un condens\u00e9 d\u2019innovations en avant-premi\u00e8re - Emballage Digest","isPartOf":{"@id":"https:\/\/www.emballagedigest.fr\/#website"},"primaryImageOfPage":{"@id":"https:\/\/www.emballagedigest.fr\/cfia-rennes-2023-un-condense-dinnovations-en-avant-premiere\/#primaryimage"},"image":{"@id":"https:\/\/www.emballagedigest.fr\/cfia-rennes-2023-un-condense-dinnovations-en-avant-premiere\/#primaryimage"},"thumbnailUrl":"https:\/\/www.emballagedigest.fr\/wp-content\/uploads\/2023\/02\/CFIA1.jpg","datePublished":"2023-02-23T06:54:17+00:00","dateModified":"2023-02-24T06:59:59+00:00","breadcrumb":{"@id":"https:\/\/www.emballagedigest.fr\/cfia-rennes-2023-un-condense-dinnovations-en-avant-premiere\/#breadcrumb"},"inLanguage":"en-GB","potentialAction":[{"@type":"ReadAction","target":["https:\/\/www.emballagedigest.fr\/cfia-rennes-2023-un-condense-dinnovations-en-avant-premiere\/"]}]},{"@type":"ImageObject","inLanguage":"en-GB","@id":"https:\/\/www.emballagedigest.fr\/cfia-rennes-2023-un-condense-dinnovations-en-avant-premiere\/#primaryimage","url":"https:\/\/www.emballagedigest.fr\/wp-content\/uploads\/2023\/02\/CFIA1.jpg","contentUrl":"https:\/\/www.emballagedigest.fr\/wp-content\/uploads\/2023\/02\/CFIA1.jpg","width":800,"height":445},{"@type":"BreadcrumbList","@id":"https:\/\/www.emballagedigest.fr\/cfia-rennes-2023-un-condense-dinnovations-en-avant-premiere\/#breadcrumb","itemListElement":[{"@type":"ListItem","position":1,"name":"Accueil","item":"https:\/\/www.emballagedigest.fr\/"},{"@type":"ListItem","position":2,"name":"CFIA Rennes 2023 : un condens\u00e9 d\u2019innovations en avant-premi\u00e8re"}]},{"@type":"WebSite","@id":"https:\/\/www.emballagedigest.fr\/#website","url":"https:\/\/www.emballagedigest.fr\/","name":"Emballage Digest","description":"Revue professionnelle sur les emballages","publisher":{"@id":"https:\/\/www.emballagedigest.fr\/#organization"},"potentialAction":[{"@type":"SearchAction","target":{"@type":"EntryPoint","urlTemplate":"https:\/\/www.emballagedigest.fr\/?s={search_term_string}"},"query-input":{"@type":"PropertyValueSpecification","valueRequired":true,"valueName":"search_term_string"}}],"inLanguage":"en-GB"},{"@type":"Organization","@id":"https:\/\/www.emballagedigest.fr\/#organization","name":"Emballage Digest","url":"https:\/\/www.emballagedigest.fr\/","logo":{"@type":"ImageObject","inLanguage":"en-GB","@id":"https:\/\/www.emballagedigest.fr\/#\/schema\/logo\/image\/","url":"https:\/\/www.emballagedigest.fr\/wp-content\/uploads\/2022\/07\/logo-ed.png","contentUrl":"https:\/\/www.emballagedigest.fr\/wp-content\/uploads\/2022\/07\/logo-ed.png","width":379,"height":75,"caption":"Emballage Digest"},"image":{"@id":"https:\/\/www.emballagedigest.fr\/#\/schema\/logo\/image\/"}},{"@type":"Person","@id":"https:\/\/www.emballagedigest.fr\/#\/schema\/person\/76abe9f2b2ee4d3d520594c7a35da59f","name":"Karine Duval","image":{"@type":"ImageObject","inLanguage":"en-GB","@id":"https:\/\/www.emballagedigest.fr\/#\/schema\/person\/image\/","url":"https:\/\/secure.gravatar.com\/avatar\/f552799261cdd2e076e6677d780ef07bdb13aa4c196ab75b39abcbcdcae2d4e5?s=96&d=mm&r=g","contentUrl":"https:\/\/secure.gravatar.com\/avatar\/f552799261cdd2e076e6677d780ef07bdb13aa4c196ab75b39abcbcdcae2d4e5?s=96&d=mm&r=g","caption":"Karine Duval"},"url":"https:\/\/www.emballagedigest.fr\/en\/author\/admin_karduv\/"}]}},"_links":{"self":[{"href":"https:\/\/www.emballagedigest.fr\/en\/wp-json\/wp\/v2\/posts\/36241","targetHints":{"allow":["GET"]}}],"collection":[{"href":"https:\/\/www.emballagedigest.fr\/en\/wp-json\/wp\/v2\/posts"}],"about":[{"href":"https:\/\/www.emballagedigest.fr\/en\/wp-json\/wp\/v2\/types\/post"}],"author":[{"embeddable":true,"href":"https:\/\/www.emballagedigest.fr\/en\/wp-json\/wp\/v2\/users\/2"}],"replies":[{"embeddable":true,"href":"https:\/\/www.emballagedigest.fr\/en\/wp-json\/wp\/v2\/comments?post=36241"}],"version-history":[{"count":8,"href":"https:\/\/www.emballagedigest.fr\/en\/wp-json\/wp\/v2\/posts\/36241\/revisions"}],"predecessor-version":[{"id":36278,"href":"https:\/\/www.emballagedigest.fr\/en\/wp-json\/wp\/v2\/posts\/36241\/revisions\/36278"}],"wp:featuredmedia":[{"embeddable":true,"href":"https:\/\/www.emballagedigest.fr\/en\/wp-json\/wp\/v2\/media\/36242"}],"wp:attachment":[{"href":"https:\/\/www.emballagedigest.fr\/en\/wp-json\/wp\/v2\/media?parent=36241"}],"wp:term":[{"taxonomy":"category","embeddable":true,"href":"https:\/\/www.emballagedigest.fr\/en\/wp-json\/wp\/v2\/categories?post=36241"},{"taxonomy":"post_tag","embeddable":true,"href":"https:\/\/www.emballagedigest.fr\/en\/wp-json\/wp\/v2\/tags?post=36241"}],"curies":[{"name":"wp","href":"https:\/\/api.w.org\/{rel}","templated":true}]}}