{"id":36280,"date":"2023-02-24T08:02:01","date_gmt":"2023-02-24T07:02:01","guid":{"rendered":"https:\/\/www.emballagedigest.fr\/?p=36280"},"modified":"2023-02-27T08:59:00","modified_gmt":"2023-02-27T07:59:00","slug":"prad-decore-le-verre-et-laluminium-pour-un-rendu-haut-de-gamme","status":"publish","type":"post","link":"https:\/\/www.emballagedigest.fr\/en\/prad-decore-le-verre-et-laluminium-pour-un-rendu-haut-de-gamme\/","title":{"rendered":"Prad d\u00e9core le verre et l\u2019aluminium pour un rendu haut de gamme"},"content":{"rendered":"<p><strong>Prad, sp\u00e9cialis\u00e9 dans le d\u00e9cor de contenants recyclables en verre et en aluminium, maitrise les technologies de m\u00e9tallisation liquide, laquage, finition laser, s\u00e9rigraphie, tampographie et marquage \u00e0 chaud. Utilis\u00e9es individuellement ou combin\u00e9es, elles permettent un large \u00e9ventail de rendus, de nuances, d\u2019effets de couleur et\/ou de mati\u00e8re,\u00a0et une extr\u00eame pr\u00e9cision des traits.<\/strong><\/p>\n\n\n\n<p>L\u2019entreprise s\u2019appuie sur ses nouveaux \u00e9quipements, ses pratiques et ses process industriels respectueux de l\u2019environnement. La soci\u00e9t\u00e9 adh\u00e8re au programme Industrie du futur 2.0 de la R\u00e9gion Auvergne-Rh\u00f4ne-Alpes et participe au Programme UN Global Compact. En 2022, Prad a \u00e9t\u00e9 \u00e9valu\u00e9 Ecovadis Or.<\/p>\n\n\n\n<figure class=\"wp-block-image size-full\"><img loading=\"lazy\" decoding=\"async\" width=\"800\" height=\"450\" src=\"https:\/\/www.emballagedigest.fr\/wp-content\/uploads\/2023\/02\/prad2.jpg\" alt=\"\" class=\"wp-image-36282\" srcset=\"https:\/\/www.emballagedigest.fr\/wp-content\/uploads\/2023\/02\/prad2.jpg 800w, https:\/\/www.emballagedigest.fr\/wp-content\/uploads\/2023\/02\/prad2-300x169.jpg 300w, https:\/\/www.emballagedigest.fr\/wp-content\/uploads\/2023\/02\/prad2-768x432.jpg 768w, https:\/\/www.emballagedigest.fr\/wp-content\/uploads\/2023\/02\/prad2-18x10.jpg 18w\" sizes=\"auto, (max-width: 800px) 100vw, 800px\" \/><\/figure>\n\n\n\n<p>Derni\u00e8re illustration&nbsp;: Prad a scell\u00e9 le chiffre embl\u00e9matique de Diptyque. La soci\u00e9t\u00e9 a s\u00e9rigraphi\u00e9 l\u2019ovale ton sur ton sur le verre 300 g de la bougie&nbsp;34 Boulevard Saint-Germain, senteur signature et chiffre embl\u00e9matique de Diptyque, dont la transparence opaline a \u00e9t\u00e9 obtenue par un process de laquage avec effet d\u00e9poli.&nbsp;<\/p>\n\n\n\n<p>Fond\u00e9e il y a 50 ans et dirig\u00e9e par Bruno Pierrain, son pdg et propri\u00e9taire depuis 2016, Prad est situ\u00e9 \u00e0 la Roche-de-Glun, au Sud de Lyon et emploie 45 salari\u00e9s.<\/p>","protected":false},"excerpt":{"rendered":"<p>Prad, sp\u00e9cialis\u00e9 dans le d\u00e9cor de contenants recyclables en verre et en aluminium, maitrise les technologies de m\u00e9tallisation liquide, laquage, finition laser, s\u00e9rigraphie, tampographie et marquage \u00e0 chaud. Utilis\u00e9es individuellement ou combin\u00e9es, elles permettent un large \u00e9ventail de rendus, de nuances, d\u2019effets de couleur et\/ou de mati\u00e8re,\u00a0et une extr\u00eame pr\u00e9cision des traits. L\u2019entreprise s\u2019appuie sur [&hellip;]<\/p>","protected":false},"author":2,"featured_media":36281,"comment_status":"closed","ping_status":"closed","sticky":false,"template":"","format":"standard","meta":{"_acf_changed":false,"inline_featured_image":false,"iawp_total_views":0,"footnotes":""},"categories":[28,22,6],"tags":[],"class_list":["post-36280","post","type-post","status-publish","format-standard","has-post-thumbnail","hentry","category-article-entier","category-packaging-evenement","category-parfumerie-cosmetique"],"acf":[],"yoast_head":"<!-- This site is optimized with the Yoast SEO plugin v24.4 - https:\/\/yoast.com\/wordpress\/plugins\/seo\/ -->\n<title>Prad d\u00e9core le verre et l\u2019aluminium pour un rendu haut de gamme - Emballage Digest<\/title>\n<meta name=\"robots\" content=\"index, follow, max-snippet:-1, max-image-preview:large, max-video-preview:-1\" \/>\n<link rel=\"canonical\" href=\"https:\/\/www.emballagedigest.fr\/en\/prad-decore-le-verre-et-laluminium-pour-un-rendu-haut-de-gamme\/\" \/>\n<meta property=\"og:locale\" content=\"en_GB\" \/>\n<meta property=\"og:type\" content=\"article\" \/>\n<meta property=\"og:title\" content=\"Prad d\u00e9core le verre et l\u2019aluminium pour un rendu haut de gamme - Emballage Digest\" \/>\n<meta property=\"og:description\" content=\"Prad, sp\u00e9cialis\u00e9 dans le d\u00e9cor de contenants recyclables en verre et en aluminium, maitrise les technologies de m\u00e9tallisation liquide, laquage, finition laser, s\u00e9rigraphie, tampographie et marquage \u00e0 chaud. Utilis\u00e9es individuellement ou combin\u00e9es, elles permettent un large \u00e9ventail de rendus, de nuances, d\u2019effets de couleur et\/ou de mati\u00e8re,\u00a0et une extr\u00eame pr\u00e9cision des traits. L\u2019entreprise s\u2019appuie sur [&hellip;]\" \/>\n<meta property=\"og:url\" content=\"https:\/\/www.emballagedigest.fr\/en\/prad-decore-le-verre-et-laluminium-pour-un-rendu-haut-de-gamme\/\" \/>\n<meta property=\"og:site_name\" content=\"Emballage Digest\" \/>\n<meta property=\"article:published_time\" content=\"2023-02-24T07:02:01+00:00\" \/>\n<meta property=\"article:modified_time\" content=\"2023-02-27T07:59:00+00:00\" \/>\n<meta property=\"og:image\" content=\"https:\/\/www.emballagedigest.fr\/wp-content\/uploads\/2023\/02\/prad1.jpg\" \/>\n\t<meta property=\"og:image:width\" content=\"800\" \/>\n\t<meta property=\"og:image:height\" content=\"300\" \/>\n\t<meta property=\"og:image:type\" content=\"image\/jpeg\" \/>\n<meta name=\"author\" content=\"Karine Duval\" \/>\n<meta name=\"twitter:card\" content=\"summary_large_image\" \/>\n<meta name=\"twitter:label1\" content=\"Written by\" \/>\n\t<meta name=\"twitter:data1\" content=\"Karine Duval\" \/>\n\t<meta name=\"twitter:label2\" content=\"Estimated reading time\" \/>\n\t<meta name=\"twitter:data2\" content=\"2 minutes\" \/>\n<script type=\"application\/ld+json\" class=\"yoast-schema-graph\">{\"@context\":\"https:\/\/schema.org\",\"@graph\":[{\"@type\":\"Article\",\"@id\":\"https:\/\/www.emballagedigest.fr\/prad-decore-le-verre-et-laluminium-pour-un-rendu-haut-de-gamme\/#article\",\"isPartOf\":{\"@id\":\"https:\/\/www.emballagedigest.fr\/prad-decore-le-verre-et-laluminium-pour-un-rendu-haut-de-gamme\/\"},\"author\":{\"name\":\"Karine Duval\",\"@id\":\"https:\/\/www.emballagedigest.fr\/#\/schema\/person\/76abe9f2b2ee4d3d520594c7a35da59f\"},\"headline\":\"Prad d\u00e9core le verre et l\u2019aluminium pour un rendu haut de gamme\",\"datePublished\":\"2023-02-24T07:02:01+00:00\",\"dateModified\":\"2023-02-27T07:59:00+00:00\",\"mainEntityOfPage\":{\"@id\":\"https:\/\/www.emballagedigest.fr\/prad-decore-le-verre-et-laluminium-pour-un-rendu-haut-de-gamme\/\"},\"wordCount\":215,\"publisher\":{\"@id\":\"https:\/\/www.emballagedigest.fr\/#organization\"},\"image\":{\"@id\":\"https:\/\/www.emballagedigest.fr\/prad-decore-le-verre-et-laluminium-pour-un-rendu-haut-de-gamme\/#primaryimage\"},\"thumbnailUrl\":\"https:\/\/www.emballagedigest.fr\/wp-content\/uploads\/2023\/02\/prad1.jpg\",\"articleSection\":[\"Article entier\",\"Packaging\",\"Parfumerie &amp; Cosm\u00e9tique\"],\"inLanguage\":\"en-GB\"},{\"@type\":\"WebPage\",\"@id\":\"https:\/\/www.emballagedigest.fr\/prad-decore-le-verre-et-laluminium-pour-un-rendu-haut-de-gamme\/\",\"url\":\"https:\/\/www.emballagedigest.fr\/prad-decore-le-verre-et-laluminium-pour-un-rendu-haut-de-gamme\/\",\"name\":\"Prad d\u00e9core le verre et l\u2019aluminium pour un rendu haut de gamme - Emballage Digest\",\"isPartOf\":{\"@id\":\"https:\/\/www.emballagedigest.fr\/#website\"},\"primaryImageOfPage\":{\"@id\":\"https:\/\/www.emballagedigest.fr\/prad-decore-le-verre-et-laluminium-pour-un-rendu-haut-de-gamme\/#primaryimage\"},\"image\":{\"@id\":\"https:\/\/www.emballagedigest.fr\/prad-decore-le-verre-et-laluminium-pour-un-rendu-haut-de-gamme\/#primaryimage\"},\"thumbnailUrl\":\"https:\/\/www.emballagedigest.fr\/wp-content\/uploads\/2023\/02\/prad1.jpg\",\"datePublished\":\"2023-02-24T07:02:01+00:00\",\"dateModified\":\"2023-02-27T07:59:00+00:00\",\"breadcrumb\":{\"@id\":\"https:\/\/www.emballagedigest.fr\/prad-decore-le-verre-et-laluminium-pour-un-rendu-haut-de-gamme\/#breadcrumb\"},\"inLanguage\":\"en-GB\",\"potentialAction\":[{\"@type\":\"ReadAction\",\"target\":[\"https:\/\/www.emballagedigest.fr\/prad-decore-le-verre-et-laluminium-pour-un-rendu-haut-de-gamme\/\"]}]},{\"@type\":\"ImageObject\",\"inLanguage\":\"en-GB\",\"@id\":\"https:\/\/www.emballagedigest.fr\/prad-decore-le-verre-et-laluminium-pour-un-rendu-haut-de-gamme\/#primaryimage\",\"url\":\"https:\/\/www.emballagedigest.fr\/wp-content\/uploads\/2023\/02\/prad1.jpg\",\"contentUrl\":\"https:\/\/www.emballagedigest.fr\/wp-content\/uploads\/2023\/02\/prad1.jpg\",\"width\":800,\"height\":300},{\"@type\":\"BreadcrumbList\",\"@id\":\"https:\/\/www.emballagedigest.fr\/prad-decore-le-verre-et-laluminium-pour-un-rendu-haut-de-gamme\/#breadcrumb\",\"itemListElement\":[{\"@type\":\"ListItem\",\"position\":1,\"name\":\"Accueil\",\"item\":\"https:\/\/www.emballagedigest.fr\/\"},{\"@type\":\"ListItem\",\"position\":2,\"name\":\"Prad d\u00e9core le verre et l\u2019aluminium pour un rendu haut de gamme\"}]},{\"@type\":\"WebSite\",\"@id\":\"https:\/\/www.emballagedigest.fr\/#website\",\"url\":\"https:\/\/www.emballagedigest.fr\/\",\"name\":\"Emballage Digest\",\"description\":\"Revue professionnelle sur les emballages\",\"publisher\":{\"@id\":\"https:\/\/www.emballagedigest.fr\/#organization\"},\"potentialAction\":[{\"@type\":\"SearchAction\",\"target\":{\"@type\":\"EntryPoint\",\"urlTemplate\":\"https:\/\/www.emballagedigest.fr\/?s={search_term_string}\"},\"query-input\":{\"@type\":\"PropertyValueSpecification\",\"valueRequired\":true,\"valueName\":\"search_term_string\"}}],\"inLanguage\":\"en-GB\"},{\"@type\":\"Organization\",\"@id\":\"https:\/\/www.emballagedigest.fr\/#organization\",\"name\":\"Emballage Digest\",\"url\":\"https:\/\/www.emballagedigest.fr\/\",\"logo\":{\"@type\":\"ImageObject\",\"inLanguage\":\"en-GB\",\"@id\":\"https:\/\/www.emballagedigest.fr\/#\/schema\/logo\/image\/\",\"url\":\"https:\/\/www.emballagedigest.fr\/wp-content\/uploads\/2022\/07\/logo-ed.png\",\"contentUrl\":\"https:\/\/www.emballagedigest.fr\/wp-content\/uploads\/2022\/07\/logo-ed.png\",\"width\":379,\"height\":75,\"caption\":\"Emballage Digest\"},\"image\":{\"@id\":\"https:\/\/www.emballagedigest.fr\/#\/schema\/logo\/image\/\"}},{\"@type\":\"Person\",\"@id\":\"https:\/\/www.emballagedigest.fr\/#\/schema\/person\/76abe9f2b2ee4d3d520594c7a35da59f\",\"name\":\"Karine Duval\",\"image\":{\"@type\":\"ImageObject\",\"inLanguage\":\"en-GB\",\"@id\":\"https:\/\/www.emballagedigest.fr\/#\/schema\/person\/image\/\",\"url\":\"https:\/\/secure.gravatar.com\/avatar\/f552799261cdd2e076e6677d780ef07bdb13aa4c196ab75b39abcbcdcae2d4e5?s=96&d=mm&r=g\",\"contentUrl\":\"https:\/\/secure.gravatar.com\/avatar\/f552799261cdd2e076e6677d780ef07bdb13aa4c196ab75b39abcbcdcae2d4e5?s=96&d=mm&r=g\",\"caption\":\"Karine Duval\"},\"url\":\"https:\/\/www.emballagedigest.fr\/en\/author\/admin_karduv\/\"}]}<\/script>\n<!-- \/ Yoast SEO plugin. -->","yoast_head_json":{"title":"Prad d\u00e9core le verre et l\u2019aluminium pour un rendu haut de gamme - Emballage Digest","robots":{"index":"index","follow":"follow","max-snippet":"max-snippet:-1","max-image-preview":"max-image-preview:large","max-video-preview":"max-video-preview:-1"},"canonical":"https:\/\/www.emballagedigest.fr\/en\/prad-decore-le-verre-et-laluminium-pour-un-rendu-haut-de-gamme\/","og_locale":"en_GB","og_type":"article","og_title":"Prad d\u00e9core le verre et l\u2019aluminium pour un rendu haut de gamme - Emballage Digest","og_description":"Prad, sp\u00e9cialis\u00e9 dans le d\u00e9cor de contenants recyclables en verre et en aluminium, maitrise les technologies de m\u00e9tallisation liquide, laquage, finition laser, s\u00e9rigraphie, tampographie et marquage \u00e0 chaud. Utilis\u00e9es individuellement ou combin\u00e9es, elles permettent un large \u00e9ventail de rendus, de nuances, d\u2019effets de couleur et\/ou de mati\u00e8re,\u00a0et une extr\u00eame pr\u00e9cision des traits. L\u2019entreprise s\u2019appuie sur [&hellip;]","og_url":"https:\/\/www.emballagedigest.fr\/en\/prad-decore-le-verre-et-laluminium-pour-un-rendu-haut-de-gamme\/","og_site_name":"Emballage Digest","article_published_time":"2023-02-24T07:02:01+00:00","article_modified_time":"2023-02-27T07:59:00+00:00","og_image":[{"width":800,"height":300,"url":"https:\/\/www.emballagedigest.fr\/wp-content\/uploads\/2023\/02\/prad1.jpg","type":"image\/jpeg"}],"author":"Karine Duval","twitter_card":"summary_large_image","twitter_misc":{"Written by":"Karine Duval","Estimated reading time":"2 minutes"},"schema":{"@context":"https:\/\/schema.org","@graph":[{"@type":"Article","@id":"https:\/\/www.emballagedigest.fr\/prad-decore-le-verre-et-laluminium-pour-un-rendu-haut-de-gamme\/#article","isPartOf":{"@id":"https:\/\/www.emballagedigest.fr\/prad-decore-le-verre-et-laluminium-pour-un-rendu-haut-de-gamme\/"},"author":{"name":"Karine Duval","@id":"https:\/\/www.emballagedigest.fr\/#\/schema\/person\/76abe9f2b2ee4d3d520594c7a35da59f"},"headline":"Prad d\u00e9core le verre et l\u2019aluminium pour un rendu haut de gamme","datePublished":"2023-02-24T07:02:01+00:00","dateModified":"2023-02-27T07:59:00+00:00","mainEntityOfPage":{"@id":"https:\/\/www.emballagedigest.fr\/prad-decore-le-verre-et-laluminium-pour-un-rendu-haut-de-gamme\/"},"wordCount":215,"publisher":{"@id":"https:\/\/www.emballagedigest.fr\/#organization"},"image":{"@id":"https:\/\/www.emballagedigest.fr\/prad-decore-le-verre-et-laluminium-pour-un-rendu-haut-de-gamme\/#primaryimage"},"thumbnailUrl":"https:\/\/www.emballagedigest.fr\/wp-content\/uploads\/2023\/02\/prad1.jpg","articleSection":["Article entier","Packaging","Parfumerie &amp; Cosm\u00e9tique"],"inLanguage":"en-GB"},{"@type":"WebPage","@id":"https:\/\/www.emballagedigest.fr\/prad-decore-le-verre-et-laluminium-pour-un-rendu-haut-de-gamme\/","url":"https:\/\/www.emballagedigest.fr\/prad-decore-le-verre-et-laluminium-pour-un-rendu-haut-de-gamme\/","name":"Prad d\u00e9core le verre et l\u2019aluminium pour un rendu haut de gamme - Emballage Digest","isPartOf":{"@id":"https:\/\/www.emballagedigest.fr\/#website"},"primaryImageOfPage":{"@id":"https:\/\/www.emballagedigest.fr\/prad-decore-le-verre-et-laluminium-pour-un-rendu-haut-de-gamme\/#primaryimage"},"image":{"@id":"https:\/\/www.emballagedigest.fr\/prad-decore-le-verre-et-laluminium-pour-un-rendu-haut-de-gamme\/#primaryimage"},"thumbnailUrl":"https:\/\/www.emballagedigest.fr\/wp-content\/uploads\/2023\/02\/prad1.jpg","datePublished":"2023-02-24T07:02:01+00:00","dateModified":"2023-02-27T07:59:00+00:00","breadcrumb":{"@id":"https:\/\/www.emballagedigest.fr\/prad-decore-le-verre-et-laluminium-pour-un-rendu-haut-de-gamme\/#breadcrumb"},"inLanguage":"en-GB","potentialAction":[{"@type":"ReadAction","target":["https:\/\/www.emballagedigest.fr\/prad-decore-le-verre-et-laluminium-pour-un-rendu-haut-de-gamme\/"]}]},{"@type":"ImageObject","inLanguage":"en-GB","@id":"https:\/\/www.emballagedigest.fr\/prad-decore-le-verre-et-laluminium-pour-un-rendu-haut-de-gamme\/#primaryimage","url":"https:\/\/www.emballagedigest.fr\/wp-content\/uploads\/2023\/02\/prad1.jpg","contentUrl":"https:\/\/www.emballagedigest.fr\/wp-content\/uploads\/2023\/02\/prad1.jpg","width":800,"height":300},{"@type":"BreadcrumbList","@id":"https:\/\/www.emballagedigest.fr\/prad-decore-le-verre-et-laluminium-pour-un-rendu-haut-de-gamme\/#breadcrumb","itemListElement":[{"@type":"ListItem","position":1,"name":"Accueil","item":"https:\/\/www.emballagedigest.fr\/"},{"@type":"ListItem","position":2,"name":"Prad d\u00e9core le verre et l\u2019aluminium pour un rendu haut de gamme"}]},{"@type":"WebSite","@id":"https:\/\/www.emballagedigest.fr\/#website","url":"https:\/\/www.emballagedigest.fr\/","name":"Emballage Digest","description":"Revue professionnelle sur les emballages","publisher":{"@id":"https:\/\/www.emballagedigest.fr\/#organization"},"potentialAction":[{"@type":"SearchAction","target":{"@type":"EntryPoint","urlTemplate":"https:\/\/www.emballagedigest.fr\/?s={search_term_string}"},"query-input":{"@type":"PropertyValueSpecification","valueRequired":true,"valueName":"search_term_string"}}],"inLanguage":"en-GB"},{"@type":"Organization","@id":"https:\/\/www.emballagedigest.fr\/#organization","name":"Emballage Digest","url":"https:\/\/www.emballagedigest.fr\/","logo":{"@type":"ImageObject","inLanguage":"en-GB","@id":"https:\/\/www.emballagedigest.fr\/#\/schema\/logo\/image\/","url":"https:\/\/www.emballagedigest.fr\/wp-content\/uploads\/2022\/07\/logo-ed.png","contentUrl":"https:\/\/www.emballagedigest.fr\/wp-content\/uploads\/2022\/07\/logo-ed.png","width":379,"height":75,"caption":"Emballage Digest"},"image":{"@id":"https:\/\/www.emballagedigest.fr\/#\/schema\/logo\/image\/"}},{"@type":"Person","@id":"https:\/\/www.emballagedigest.fr\/#\/schema\/person\/76abe9f2b2ee4d3d520594c7a35da59f","name":"Karine Duval","image":{"@type":"ImageObject","inLanguage":"en-GB","@id":"https:\/\/www.emballagedigest.fr\/#\/schema\/person\/image\/","url":"https:\/\/secure.gravatar.com\/avatar\/f552799261cdd2e076e6677d780ef07bdb13aa4c196ab75b39abcbcdcae2d4e5?s=96&d=mm&r=g","contentUrl":"https:\/\/secure.gravatar.com\/avatar\/f552799261cdd2e076e6677d780ef07bdb13aa4c196ab75b39abcbcdcae2d4e5?s=96&d=mm&r=g","caption":"Karine Duval"},"url":"https:\/\/www.emballagedigest.fr\/en\/author\/admin_karduv\/"}]}},"_links":{"self":[{"href":"https:\/\/www.emballagedigest.fr\/en\/wp-json\/wp\/v2\/posts\/36280","targetHints":{"allow":["GET"]}}],"collection":[{"href":"https:\/\/www.emballagedigest.fr\/en\/wp-json\/wp\/v2\/posts"}],"about":[{"href":"https:\/\/www.emballagedigest.fr\/en\/wp-json\/wp\/v2\/types\/post"}],"author":[{"embeddable":true,"href":"https:\/\/www.emballagedigest.fr\/en\/wp-json\/wp\/v2\/users\/2"}],"replies":[{"embeddable":true,"href":"https:\/\/www.emballagedigest.fr\/en\/wp-json\/wp\/v2\/comments?post=36280"}],"version-history":[{"count":1,"href":"https:\/\/www.emballagedigest.fr\/en\/wp-json\/wp\/v2\/posts\/36280\/revisions"}],"predecessor-version":[{"id":36283,"href":"https:\/\/www.emballagedigest.fr\/en\/wp-json\/wp\/v2\/posts\/36280\/revisions\/36283"}],"wp:featuredmedia":[{"embeddable":true,"href":"https:\/\/www.emballagedigest.fr\/en\/wp-json\/wp\/v2\/media\/36281"}],"wp:attachment":[{"href":"https:\/\/www.emballagedigest.fr\/en\/wp-json\/wp\/v2\/media?parent=36280"}],"wp:term":[{"taxonomy":"category","embeddable":true,"href":"https:\/\/www.emballagedigest.fr\/en\/wp-json\/wp\/v2\/categories?post=36280"},{"taxonomy":"post_tag","embeddable":true,"href":"https:\/\/www.emballagedigest.fr\/en\/wp-json\/wp\/v2\/tags?post=36280"}],"curies":[{"name":"wp","href":"https:\/\/api.w.org\/{rel}","templated":true}]}}