{"id":36316,"date":"2023-02-28T08:43:09","date_gmt":"2023-02-28T07:43:09","guid":{"rendered":"https:\/\/www.emballagedigest.fr\/?p=36316"},"modified":"2023-02-28T08:43:11","modified_gmt":"2023-02-28T07:43:11","slug":"terracycle-et-evreka-collaborent-en-france-pour-mieux-gerer-les-dechets","status":"publish","type":"post","link":"https:\/\/www.emballagedigest.fr\/en\/terracycle-et-evreka-collaborent-en-france-pour-mieux-gerer-les-dechets\/","title":{"rendered":"Terracycle et Evreka collaborent en France pour mieux g\u00e9rer les d\u00e9chets"},"content":{"rendered":"<p><strong>TerraCycle, expert du recyclage et Evreka, entreprise sp\u00e9cialis\u00e9e dans le suivi de la gestion des d\u00e9chets, annoncent la mise en \u0153uvre commune d&rsquo;une technologie de pointe en mati\u00e8re de gestion des d\u00e9chets dans les installations de r\u00e9cup\u00e9ration des mat\u00e9riaux (MRF) de TerraCycle en France.<\/strong><\/p>\n\n\n\n<p>Utilisant des donn\u00e9es optimis\u00e9es en temps r\u00e9el, cette technologie va optimiser les op\u00e9rations de collecte de tous les flux de d\u00e9chets de TerraCycle. Cette d\u00e9cision repr\u00e9sente la derni\u00e8re \u00e9tape du partenariat entre TerraCycle et Evreka, le logiciel \u00e9tant d\u00e9sormais d\u00e9ploy\u00e9 dans plusieurs MRF de TerraCycle en Europe et en Am\u00e9rique du Nord.&nbsp;<\/p>\n\n\n\n<p>\u00ab&nbsp;L&rsquo;enregistrement manuel ou semi-automatique des donn\u00e9es n\u00e9cessitait auparavant de longs processus de contr\u00f4le. Le logiciel d\u2019Evreka nous permet d\u00e9sormais d\u2019avoir une tra\u00e7abilit\u00e9 simplifi\u00e9e, et donc une encore meilleure transparence au sein de notre activit\u00e9&nbsp;\u00bb, explique Julien Tremblin, Directeur G\u00e9n\u00e9ral Europe de TerraCycle. \u00ab&nbsp;Le logiciel d\u2019Evreka nous donne la possibilit\u00e9 de centraliser et g\u00e9rer le suivi \u00e0 chaque \u00e9tape du traitement des d\u00e9chets re\u00e7us par TerraCycle, de la r\u00e9ception \u00e0 l\u2019\u00e9tape finale en passant par toutes les \u00e9tapes interm\u00e9diaires du recyclage. Les m\u00e9thodes de centralisation et de suivi permettent \u00e9galement la certification de nos activit\u00e9s par Bureau Veritas, au-del\u00e0 de toutes les normes que nous avons vues dans l&rsquo;industrie des d\u00e9chets jusqu\u2019\u00e0 pr\u00e9sent&nbsp;\u00bb, poursuit-il.<\/p>\n\n\n\n<p>Le logiciel d&rsquo;Evreka fournira des solutions de gestion d\u2019op\u00e9rations pour les installations de r\u00e9cup\u00e9ration des mat\u00e9riaux (MRF) de TerraCycle, et fonctionnera en tandem avec les syst\u00e8mes actuels de l\u2019entreprise. Les donn\u00e9es des MRF seront stock\u00e9es dans la plateforme de gestion d&rsquo;Evreka, qui pourra suivre les d\u00e9chets tout au long du processus de recyclage.<\/p>\n\n\n\n<p>Evreka esp\u00e8re aider \u00e0 r\u00e9soudre le probl\u00e8me mondial des d\u00e9chets et \u00e0 d\u00e9velopper des solutions durables inclusives en travaillant avec des partenaires des secteurs public et priv\u00e9 dans diff\u00e9rentes industries, y compris les producteurs de d\u00e9chets, les recycleurs, les entreprises de consommation et les l\u00e9gislateurs.<\/p>","protected":false},"excerpt":{"rendered":"<p>TerraCycle, expert du recyclage et Evreka, entreprise sp\u00e9cialis\u00e9e dans le suivi de la gestion des d\u00e9chets, annoncent la mise en \u0153uvre commune d&rsquo;une technologie de pointe en mati\u00e8re de gestion des d\u00e9chets dans les installations de r\u00e9cup\u00e9ration des mat\u00e9riaux (MRF) de TerraCycle en France. Utilisant des donn\u00e9es optimis\u00e9es en temps r\u00e9el, cette technologie va optimiser [&hellip;]<\/p>","protected":false},"author":2,"featured_media":36317,"comment_status":"closed","ping_status":"closed","sticky":false,"template":"","format":"standard","meta":{"_acf_changed":false,"inline_featured_image":false,"iawp_total_views":1,"footnotes":""},"categories":[28,10,22],"tags":[],"class_list":["post-36316","post","type-post","status-publish","format-standard","has-post-thumbnail","hentry","category-article-entier","category-materiaux","category-packaging-evenement"],"acf":[],"yoast_head":"<!-- This site is optimized with the Yoast SEO plugin v24.4 - https:\/\/yoast.com\/wordpress\/plugins\/seo\/ -->\n<title>Terracycle et Evreka collaborent en France pour mieux g\u00e9rer les d\u00e9chets - Emballage Digest<\/title>\n<meta name=\"robots\" content=\"index, follow, max-snippet:-1, max-image-preview:large, max-video-preview:-1\" \/>\n<link rel=\"canonical\" href=\"https:\/\/www.emballagedigest.fr\/en\/terracycle-et-evreka-collaborent-en-france-pour-mieux-gerer-les-dechets\/\" \/>\n<meta property=\"og:locale\" content=\"en_GB\" \/>\n<meta property=\"og:type\" content=\"article\" \/>\n<meta property=\"og:title\" content=\"Terracycle et Evreka collaborent en France pour mieux g\u00e9rer les d\u00e9chets - Emballage Digest\" \/>\n<meta property=\"og:description\" content=\"TerraCycle, expert du recyclage et Evreka, entreprise sp\u00e9cialis\u00e9e dans le suivi de la gestion des d\u00e9chets, annoncent la mise en \u0153uvre commune d&rsquo;une technologie de pointe en mati\u00e8re de gestion des d\u00e9chets dans les installations de r\u00e9cup\u00e9ration des mat\u00e9riaux (MRF) de TerraCycle en France. Utilisant des donn\u00e9es optimis\u00e9es en temps r\u00e9el, cette technologie va optimiser [&hellip;]\" \/>\n<meta property=\"og:url\" content=\"https:\/\/www.emballagedigest.fr\/en\/terracycle-et-evreka-collaborent-en-france-pour-mieux-gerer-les-dechets\/\" \/>\n<meta property=\"og:site_name\" content=\"Emballage Digest\" \/>\n<meta property=\"article:published_time\" content=\"2023-02-28T07:43:09+00:00\" \/>\n<meta property=\"article:modified_time\" content=\"2023-02-28T07:43:11+00:00\" \/>\n<meta property=\"og:image\" content=\"https:\/\/www.emballagedigest.fr\/wp-content\/uploads\/2023\/02\/evreka.jpg\" \/>\n\t<meta property=\"og:image:width\" content=\"800\" \/>\n\t<meta property=\"og:image:height\" content=\"469\" \/>\n\t<meta property=\"og:image:type\" content=\"image\/jpeg\" \/>\n<meta name=\"author\" content=\"Karine Duval\" \/>\n<meta name=\"twitter:card\" content=\"summary_large_image\" \/>\n<meta name=\"twitter:label1\" content=\"Written by\" \/>\n\t<meta name=\"twitter:data1\" content=\"Karine Duval\" \/>\n\t<meta name=\"twitter:label2\" content=\"Estimated reading time\" \/>\n\t<meta name=\"twitter:data2\" content=\"2 minutes\" \/>\n<script type=\"application\/ld+json\" class=\"yoast-schema-graph\">{\"@context\":\"https:\/\/schema.org\",\"@graph\":[{\"@type\":\"Article\",\"@id\":\"https:\/\/www.emballagedigest.fr\/terracycle-et-evreka-collaborent-en-france-pour-mieux-gerer-les-dechets\/#article\",\"isPartOf\":{\"@id\":\"https:\/\/www.emballagedigest.fr\/terracycle-et-evreka-collaborent-en-france-pour-mieux-gerer-les-dechets\/\"},\"author\":{\"name\":\"Karine Duval\",\"@id\":\"https:\/\/www.emballagedigest.fr\/#\/schema\/person\/76abe9f2b2ee4d3d520594c7a35da59f\"},\"headline\":\"Terracycle et Evreka collaborent en France pour mieux g\u00e9rer les d\u00e9chets\",\"datePublished\":\"2023-02-28T07:43:09+00:00\",\"dateModified\":\"2023-02-28T07:43:11+00:00\",\"mainEntityOfPage\":{\"@id\":\"https:\/\/www.emballagedigest.fr\/terracycle-et-evreka-collaborent-en-france-pour-mieux-gerer-les-dechets\/\"},\"wordCount\":384,\"publisher\":{\"@id\":\"https:\/\/www.emballagedigest.fr\/#organization\"},\"image\":{\"@id\":\"https:\/\/www.emballagedigest.fr\/terracycle-et-evreka-collaborent-en-france-pour-mieux-gerer-les-dechets\/#primaryimage\"},\"thumbnailUrl\":\"https:\/\/www.emballagedigest.fr\/wp-content\/uploads\/2023\/02\/evreka.jpg\",\"articleSection\":[\"Article entier\",\"Mat\u00e9riaux\",\"Packaging\"],\"inLanguage\":\"en-GB\"},{\"@type\":\"WebPage\",\"@id\":\"https:\/\/www.emballagedigest.fr\/terracycle-et-evreka-collaborent-en-france-pour-mieux-gerer-les-dechets\/\",\"url\":\"https:\/\/www.emballagedigest.fr\/terracycle-et-evreka-collaborent-en-france-pour-mieux-gerer-les-dechets\/\",\"name\":\"Terracycle et Evreka collaborent en France pour mieux g\u00e9rer les d\u00e9chets - Emballage Digest\",\"isPartOf\":{\"@id\":\"https:\/\/www.emballagedigest.fr\/#website\"},\"primaryImageOfPage\":{\"@id\":\"https:\/\/www.emballagedigest.fr\/terracycle-et-evreka-collaborent-en-france-pour-mieux-gerer-les-dechets\/#primaryimage\"},\"image\":{\"@id\":\"https:\/\/www.emballagedigest.fr\/terracycle-et-evreka-collaborent-en-france-pour-mieux-gerer-les-dechets\/#primaryimage\"},\"thumbnailUrl\":\"https:\/\/www.emballagedigest.fr\/wp-content\/uploads\/2023\/02\/evreka.jpg\",\"datePublished\":\"2023-02-28T07:43:09+00:00\",\"dateModified\":\"2023-02-28T07:43:11+00:00\",\"breadcrumb\":{\"@id\":\"https:\/\/www.emballagedigest.fr\/terracycle-et-evreka-collaborent-en-france-pour-mieux-gerer-les-dechets\/#breadcrumb\"},\"inLanguage\":\"en-GB\",\"potentialAction\":[{\"@type\":\"ReadAction\",\"target\":[\"https:\/\/www.emballagedigest.fr\/terracycle-et-evreka-collaborent-en-france-pour-mieux-gerer-les-dechets\/\"]}]},{\"@type\":\"ImageObject\",\"inLanguage\":\"en-GB\",\"@id\":\"https:\/\/www.emballagedigest.fr\/terracycle-et-evreka-collaborent-en-france-pour-mieux-gerer-les-dechets\/#primaryimage\",\"url\":\"https:\/\/www.emballagedigest.fr\/wp-content\/uploads\/2023\/02\/evreka.jpg\",\"contentUrl\":\"https:\/\/www.emballagedigest.fr\/wp-content\/uploads\/2023\/02\/evreka.jpg\",\"width\":800,\"height\":469},{\"@type\":\"BreadcrumbList\",\"@id\":\"https:\/\/www.emballagedigest.fr\/terracycle-et-evreka-collaborent-en-france-pour-mieux-gerer-les-dechets\/#breadcrumb\",\"itemListElement\":[{\"@type\":\"ListItem\",\"position\":1,\"name\":\"Accueil\",\"item\":\"https:\/\/www.emballagedigest.fr\/\"},{\"@type\":\"ListItem\",\"position\":2,\"name\":\"Terracycle et Evreka collaborent en France pour mieux g\u00e9rer les d\u00e9chets\"}]},{\"@type\":\"WebSite\",\"@id\":\"https:\/\/www.emballagedigest.fr\/#website\",\"url\":\"https:\/\/www.emballagedigest.fr\/\",\"name\":\"Emballage Digest\",\"description\":\"Revue professionnelle sur les emballages\",\"publisher\":{\"@id\":\"https:\/\/www.emballagedigest.fr\/#organization\"},\"potentialAction\":[{\"@type\":\"SearchAction\",\"target\":{\"@type\":\"EntryPoint\",\"urlTemplate\":\"https:\/\/www.emballagedigest.fr\/?s={search_term_string}\"},\"query-input\":{\"@type\":\"PropertyValueSpecification\",\"valueRequired\":true,\"valueName\":\"search_term_string\"}}],\"inLanguage\":\"en-GB\"},{\"@type\":\"Organization\",\"@id\":\"https:\/\/www.emballagedigest.fr\/#organization\",\"name\":\"Emballage Digest\",\"url\":\"https:\/\/www.emballagedigest.fr\/\",\"logo\":{\"@type\":\"ImageObject\",\"inLanguage\":\"en-GB\",\"@id\":\"https:\/\/www.emballagedigest.fr\/#\/schema\/logo\/image\/\",\"url\":\"https:\/\/www.emballagedigest.fr\/wp-content\/uploads\/2022\/07\/logo-ed.png\",\"contentUrl\":\"https:\/\/www.emballagedigest.fr\/wp-content\/uploads\/2022\/07\/logo-ed.png\",\"width\":379,\"height\":75,\"caption\":\"Emballage Digest\"},\"image\":{\"@id\":\"https:\/\/www.emballagedigest.fr\/#\/schema\/logo\/image\/\"}},{\"@type\":\"Person\",\"@id\":\"https:\/\/www.emballagedigest.fr\/#\/schema\/person\/76abe9f2b2ee4d3d520594c7a35da59f\",\"name\":\"Karine Duval\",\"image\":{\"@type\":\"ImageObject\",\"inLanguage\":\"en-GB\",\"@id\":\"https:\/\/www.emballagedigest.fr\/#\/schema\/person\/image\/\",\"url\":\"https:\/\/secure.gravatar.com\/avatar\/f552799261cdd2e076e6677d780ef07bdb13aa4c196ab75b39abcbcdcae2d4e5?s=96&d=mm&r=g\",\"contentUrl\":\"https:\/\/secure.gravatar.com\/avatar\/f552799261cdd2e076e6677d780ef07bdb13aa4c196ab75b39abcbcdcae2d4e5?s=96&d=mm&r=g\",\"caption\":\"Karine Duval\"},\"url\":\"https:\/\/www.emballagedigest.fr\/en\/author\/admin_karduv\/\"}]}<\/script>\n<!-- \/ Yoast SEO plugin. -->","yoast_head_json":{"title":"Terracycle et Evreka collaborent en France pour mieux g\u00e9rer les d\u00e9chets - Emballage Digest","robots":{"index":"index","follow":"follow","max-snippet":"max-snippet:-1","max-image-preview":"max-image-preview:large","max-video-preview":"max-video-preview:-1"},"canonical":"https:\/\/www.emballagedigest.fr\/en\/terracycle-et-evreka-collaborent-en-france-pour-mieux-gerer-les-dechets\/","og_locale":"en_GB","og_type":"article","og_title":"Terracycle et Evreka collaborent en France pour mieux g\u00e9rer les d\u00e9chets - Emballage Digest","og_description":"TerraCycle, expert du recyclage et Evreka, entreprise sp\u00e9cialis\u00e9e dans le suivi de la gestion des d\u00e9chets, annoncent la mise en \u0153uvre commune d&rsquo;une technologie de pointe en mati\u00e8re de gestion des d\u00e9chets dans les installations de r\u00e9cup\u00e9ration des mat\u00e9riaux (MRF) de TerraCycle en France. Utilisant des donn\u00e9es optimis\u00e9es en temps r\u00e9el, cette technologie va optimiser [&hellip;]","og_url":"https:\/\/www.emballagedigest.fr\/en\/terracycle-et-evreka-collaborent-en-france-pour-mieux-gerer-les-dechets\/","og_site_name":"Emballage Digest","article_published_time":"2023-02-28T07:43:09+00:00","article_modified_time":"2023-02-28T07:43:11+00:00","og_image":[{"width":800,"height":469,"url":"https:\/\/www.emballagedigest.fr\/wp-content\/uploads\/2023\/02\/evreka.jpg","type":"image\/jpeg"}],"author":"Karine Duval","twitter_card":"summary_large_image","twitter_misc":{"Written by":"Karine Duval","Estimated reading time":"2 minutes"},"schema":{"@context":"https:\/\/schema.org","@graph":[{"@type":"Article","@id":"https:\/\/www.emballagedigest.fr\/terracycle-et-evreka-collaborent-en-france-pour-mieux-gerer-les-dechets\/#article","isPartOf":{"@id":"https:\/\/www.emballagedigest.fr\/terracycle-et-evreka-collaborent-en-france-pour-mieux-gerer-les-dechets\/"},"author":{"name":"Karine Duval","@id":"https:\/\/www.emballagedigest.fr\/#\/schema\/person\/76abe9f2b2ee4d3d520594c7a35da59f"},"headline":"Terracycle et Evreka collaborent en France pour mieux g\u00e9rer les d\u00e9chets","datePublished":"2023-02-28T07:43:09+00:00","dateModified":"2023-02-28T07:43:11+00:00","mainEntityOfPage":{"@id":"https:\/\/www.emballagedigest.fr\/terracycle-et-evreka-collaborent-en-france-pour-mieux-gerer-les-dechets\/"},"wordCount":384,"publisher":{"@id":"https:\/\/www.emballagedigest.fr\/#organization"},"image":{"@id":"https:\/\/www.emballagedigest.fr\/terracycle-et-evreka-collaborent-en-france-pour-mieux-gerer-les-dechets\/#primaryimage"},"thumbnailUrl":"https:\/\/www.emballagedigest.fr\/wp-content\/uploads\/2023\/02\/evreka.jpg","articleSection":["Article entier","Mat\u00e9riaux","Packaging"],"inLanguage":"en-GB"},{"@type":"WebPage","@id":"https:\/\/www.emballagedigest.fr\/terracycle-et-evreka-collaborent-en-france-pour-mieux-gerer-les-dechets\/","url":"https:\/\/www.emballagedigest.fr\/terracycle-et-evreka-collaborent-en-france-pour-mieux-gerer-les-dechets\/","name":"Terracycle et Evreka collaborent en France pour mieux g\u00e9rer les d\u00e9chets - Emballage Digest","isPartOf":{"@id":"https:\/\/www.emballagedigest.fr\/#website"},"primaryImageOfPage":{"@id":"https:\/\/www.emballagedigest.fr\/terracycle-et-evreka-collaborent-en-france-pour-mieux-gerer-les-dechets\/#primaryimage"},"image":{"@id":"https:\/\/www.emballagedigest.fr\/terracycle-et-evreka-collaborent-en-france-pour-mieux-gerer-les-dechets\/#primaryimage"},"thumbnailUrl":"https:\/\/www.emballagedigest.fr\/wp-content\/uploads\/2023\/02\/evreka.jpg","datePublished":"2023-02-28T07:43:09+00:00","dateModified":"2023-02-28T07:43:11+00:00","breadcrumb":{"@id":"https:\/\/www.emballagedigest.fr\/terracycle-et-evreka-collaborent-en-france-pour-mieux-gerer-les-dechets\/#breadcrumb"},"inLanguage":"en-GB","potentialAction":[{"@type":"ReadAction","target":["https:\/\/www.emballagedigest.fr\/terracycle-et-evreka-collaborent-en-france-pour-mieux-gerer-les-dechets\/"]}]},{"@type":"ImageObject","inLanguage":"en-GB","@id":"https:\/\/www.emballagedigest.fr\/terracycle-et-evreka-collaborent-en-france-pour-mieux-gerer-les-dechets\/#primaryimage","url":"https:\/\/www.emballagedigest.fr\/wp-content\/uploads\/2023\/02\/evreka.jpg","contentUrl":"https:\/\/www.emballagedigest.fr\/wp-content\/uploads\/2023\/02\/evreka.jpg","width":800,"height":469},{"@type":"BreadcrumbList","@id":"https:\/\/www.emballagedigest.fr\/terracycle-et-evreka-collaborent-en-france-pour-mieux-gerer-les-dechets\/#breadcrumb","itemListElement":[{"@type":"ListItem","position":1,"name":"Accueil","item":"https:\/\/www.emballagedigest.fr\/"},{"@type":"ListItem","position":2,"name":"Terracycle et Evreka collaborent en France pour mieux g\u00e9rer les d\u00e9chets"}]},{"@type":"WebSite","@id":"https:\/\/www.emballagedigest.fr\/#website","url":"https:\/\/www.emballagedigest.fr\/","name":"Emballage Digest","description":"Revue professionnelle sur les emballages","publisher":{"@id":"https:\/\/www.emballagedigest.fr\/#organization"},"potentialAction":[{"@type":"SearchAction","target":{"@type":"EntryPoint","urlTemplate":"https:\/\/www.emballagedigest.fr\/?s={search_term_string}"},"query-input":{"@type":"PropertyValueSpecification","valueRequired":true,"valueName":"search_term_string"}}],"inLanguage":"en-GB"},{"@type":"Organization","@id":"https:\/\/www.emballagedigest.fr\/#organization","name":"Emballage Digest","url":"https:\/\/www.emballagedigest.fr\/","logo":{"@type":"ImageObject","inLanguage":"en-GB","@id":"https:\/\/www.emballagedigest.fr\/#\/schema\/logo\/image\/","url":"https:\/\/www.emballagedigest.fr\/wp-content\/uploads\/2022\/07\/logo-ed.png","contentUrl":"https:\/\/www.emballagedigest.fr\/wp-content\/uploads\/2022\/07\/logo-ed.png","width":379,"height":75,"caption":"Emballage Digest"},"image":{"@id":"https:\/\/www.emballagedigest.fr\/#\/schema\/logo\/image\/"}},{"@type":"Person","@id":"https:\/\/www.emballagedigest.fr\/#\/schema\/person\/76abe9f2b2ee4d3d520594c7a35da59f","name":"Karine Duval","image":{"@type":"ImageObject","inLanguage":"en-GB","@id":"https:\/\/www.emballagedigest.fr\/#\/schema\/person\/image\/","url":"https:\/\/secure.gravatar.com\/avatar\/f552799261cdd2e076e6677d780ef07bdb13aa4c196ab75b39abcbcdcae2d4e5?s=96&d=mm&r=g","contentUrl":"https:\/\/secure.gravatar.com\/avatar\/f552799261cdd2e076e6677d780ef07bdb13aa4c196ab75b39abcbcdcae2d4e5?s=96&d=mm&r=g","caption":"Karine Duval"},"url":"https:\/\/www.emballagedigest.fr\/en\/author\/admin_karduv\/"}]}},"_links":{"self":[{"href":"https:\/\/www.emballagedigest.fr\/en\/wp-json\/wp\/v2\/posts\/36316","targetHints":{"allow":["GET"]}}],"collection":[{"href":"https:\/\/www.emballagedigest.fr\/en\/wp-json\/wp\/v2\/posts"}],"about":[{"href":"https:\/\/www.emballagedigest.fr\/en\/wp-json\/wp\/v2\/types\/post"}],"author":[{"embeddable":true,"href":"https:\/\/www.emballagedigest.fr\/en\/wp-json\/wp\/v2\/users\/2"}],"replies":[{"embeddable":true,"href":"https:\/\/www.emballagedigest.fr\/en\/wp-json\/wp\/v2\/comments?post=36316"}],"version-history":[{"count":1,"href":"https:\/\/www.emballagedigest.fr\/en\/wp-json\/wp\/v2\/posts\/36316\/revisions"}],"predecessor-version":[{"id":36318,"href":"https:\/\/www.emballagedigest.fr\/en\/wp-json\/wp\/v2\/posts\/36316\/revisions\/36318"}],"wp:featuredmedia":[{"embeddable":true,"href":"https:\/\/www.emballagedigest.fr\/en\/wp-json\/wp\/v2\/media\/36317"}],"wp:attachment":[{"href":"https:\/\/www.emballagedigest.fr\/en\/wp-json\/wp\/v2\/media?parent=36316"}],"wp:term":[{"taxonomy":"category","embeddable":true,"href":"https:\/\/www.emballagedigest.fr\/en\/wp-json\/wp\/v2\/categories?post=36316"},{"taxonomy":"post_tag","embeddable":true,"href":"https:\/\/www.emballagedigest.fr\/en\/wp-json\/wp\/v2\/tags?post=36316"}],"curies":[{"name":"wp","href":"https:\/\/api.w.org\/{rel}","templated":true}]}}