{"id":36349,"date":"2023-02-28T10:12:00","date_gmt":"2023-02-28T09:12:00","guid":{"rendered":"https:\/\/www.emballagedigest.fr\/?p=36349"},"modified":"2023-03-02T10:25:55","modified_gmt":"2023-03-02T09:25:55","slug":"une-solution-demballage-automatisee-pour-faconner-les-colis","status":"publish","type":"post","link":"https:\/\/www.emballagedigest.fr\/en\/une-solution-demballage-automatisee-pour-faconner-les-colis\/","title":{"rendered":"Une solution d\u2019emballage automatis\u00e9e pour fa\u00e7onner les colis"},"content":{"rendered":"<p><strong>Pour accompagner sa croissance (+50%) en France et en Europe, le sp\u00e9cialiste lyonnais de la r\u00e9paration d\u2019appareils tech Utopya a choisi d\u2019installer la solution d\u2019emballage automatis\u00e9e sur-mesure CVP Impack de Sparck Technologies. En automatisant le fa\u00e7onnage de colis, la startup vise le niveau d\u2019efficacit\u00e9 des leaders du e-commerce.<\/strong><\/p>\n\n\n\n<p>Dix ans apr\u00e8s sa cr\u00e9ation, la startup exp\u00e9die depuis son entrep\u00f4t de 3000 m2 des milliers de pi\u00e8ces d\u00e9tach\u00e9es \u00e0 des professionnels et des centres de r\u00e9paration partout en France et en Europe pour redonner une seconde vie aux appareils \u00e9lectroniques.<\/p>\n\n\n\n<p>Pour am\u00e9liorer sa comp\u00e9titivit\u00e9, Utopya s\u2019est tourn\u00e9e vers Sparck Technologies et sa solution d\u2019emballage CVP Impack. Install\u00e9e depuis juillet 2021, la technologie CVP Impack permet de former en automatique 250 colis par heure. Un gain de temps consid\u00e9rable qui a permis \u00e0 la startup de passer d\u2019un cut-off \u00e0 17h, lorsque le formage de cartons \u00e9tait manuel, \u00e0 20h. \u00abCes 3h sont strat\u00e9giques pour notre activit\u00e9. Elles nous permettent de tenir la promesse client faite \u00e0 J+1. 70% de notre chiffre d\u2019affaires est r\u00e9alis\u00e9 sur ce laps de temps\u00bb, souligne Aldric Meneghel, pdg et fondateur.<\/p>\n\n\n\n<p>En automatisant de fa\u00e7onnage des colis, la CVP Impack de Sparck Technologies fiabilise la conception des cartons, diminuant de facto les taux de vol et de casse de produits tr\u00e8s fragiles, et \u00e9vite les sources d\u2019erreur li\u00e9es aux manipulations manuelles. Elle permet de surcro\u00eet de faire des colis sur-mesure, adapt\u00e9s \u00e0 la taille du contenant. A la cl\u00e9\u00a0: plus de suremballage gr\u00e2ce \u00e0 la suppression des calages en plastique et des chargements de camions optimis\u00e9s. Depuis l\u2019installation de la CVP Impack, Utopya a gagn\u00e9 30 heures journalier de travail effectif qui ne sont plus consacr\u00e9s au fa\u00e7onnage des cartons.<\/p>","protected":false},"excerpt":{"rendered":"<p>Pour accompagner sa croissance (+50%) en France et en Europe, le sp\u00e9cialiste lyonnais de la r\u00e9paration d\u2019appareils tech Utopya a choisi d\u2019installer la solution d\u2019emballage automatis\u00e9e sur-mesure CVP Impack de Sparck Technologies. En automatisant le fa\u00e7onnage de colis, la startup vise le niveau d\u2019efficacit\u00e9 des leaders du e-commerce. Dix ans apr\u00e8s sa cr\u00e9ation, la startup [&hellip;]<\/p>","protected":false},"author":2,"featured_media":36350,"comment_status":"closed","ping_status":"closed","sticky":false,"template":"","format":"standard","meta":{"_acf_changed":false,"inline_featured_image":false,"iawp_total_views":2,"footnotes":""},"categories":[28,26,11,8,65],"tags":[],"class_list":["post-36349","post","type-post","status-publish","format-standard","has-post-thumbnail","hentry","category-article-entier","category-laterale","category-emballages","category-industrie","category-vu-dans-le-mag"],"acf":[],"yoast_head":"<!-- This site is optimized with the Yoast SEO plugin v24.4 - https:\/\/yoast.com\/wordpress\/plugins\/seo\/ -->\n<title>Une solution d\u2019emballage automatis\u00e9e pour fa\u00e7onner les colis - Emballage Digest<\/title>\n<meta name=\"robots\" content=\"index, follow, max-snippet:-1, max-image-preview:large, max-video-preview:-1\" \/>\n<link rel=\"canonical\" href=\"https:\/\/www.emballagedigest.fr\/en\/une-solution-demballage-automatisee-pour-faconner-les-colis\/\" \/>\n<meta property=\"og:locale\" content=\"en_GB\" \/>\n<meta property=\"og:type\" content=\"article\" \/>\n<meta property=\"og:title\" content=\"Une solution d\u2019emballage automatis\u00e9e pour fa\u00e7onner les colis - Emballage Digest\" \/>\n<meta property=\"og:description\" content=\"Pour accompagner sa croissance (+50%) en France et en Europe, le sp\u00e9cialiste lyonnais de la r\u00e9paration d\u2019appareils tech Utopya a choisi d\u2019installer la solution d\u2019emballage automatis\u00e9e sur-mesure CVP Impack de Sparck Technologies. En automatisant le fa\u00e7onnage de colis, la startup vise le niveau d\u2019efficacit\u00e9 des leaders du e-commerce. Dix ans apr\u00e8s sa cr\u00e9ation, la startup [&hellip;]\" \/>\n<meta property=\"og:url\" content=\"https:\/\/www.emballagedigest.fr\/en\/une-solution-demballage-automatisee-pour-faconner-les-colis\/\" \/>\n<meta property=\"og:site_name\" content=\"Emballage Digest\" \/>\n<meta property=\"article:published_time\" content=\"2023-02-28T09:12:00+00:00\" \/>\n<meta property=\"article:modified_time\" content=\"2023-03-02T09:25:55+00:00\" \/>\n<meta property=\"og:image\" content=\"https:\/\/www.emballagedigest.fr\/wp-content\/uploads\/2023\/03\/utopya.jpg\" \/>\n\t<meta property=\"og:image:width\" content=\"800\" \/>\n\t<meta property=\"og:image:height\" content=\"450\" \/>\n\t<meta property=\"og:image:type\" content=\"image\/jpeg\" \/>\n<meta name=\"author\" content=\"Karine Duval\" \/>\n<meta name=\"twitter:card\" content=\"summary_large_image\" \/>\n<meta name=\"twitter:label1\" content=\"Written by\" \/>\n\t<meta name=\"twitter:data1\" content=\"Karine Duval\" \/>\n\t<meta name=\"twitter:label2\" content=\"Estimated reading time\" \/>\n\t<meta name=\"twitter:data2\" content=\"2 minutes\" \/>\n<script type=\"application\/ld+json\" class=\"yoast-schema-graph\">{\"@context\":\"https:\/\/schema.org\",\"@graph\":[{\"@type\":\"Article\",\"@id\":\"https:\/\/www.emballagedigest.fr\/une-solution-demballage-automatisee-pour-faconner-les-colis\/#article\",\"isPartOf\":{\"@id\":\"https:\/\/www.emballagedigest.fr\/une-solution-demballage-automatisee-pour-faconner-les-colis\/\"},\"author\":{\"name\":\"Karine Duval\",\"@id\":\"https:\/\/www.emballagedigest.fr\/#\/schema\/person\/76abe9f2b2ee4d3d520594c7a35da59f\"},\"headline\":\"Une solution d\u2019emballage automatis\u00e9e pour fa\u00e7onner les colis\",\"datePublished\":\"2023-02-28T09:12:00+00:00\",\"dateModified\":\"2023-03-02T09:25:55+00:00\",\"mainEntityOfPage\":{\"@id\":\"https:\/\/www.emballagedigest.fr\/une-solution-demballage-automatisee-pour-faconner-les-colis\/\"},\"wordCount\":319,\"publisher\":{\"@id\":\"https:\/\/www.emballagedigest.fr\/#organization\"},\"image\":{\"@id\":\"https:\/\/www.emballagedigest.fr\/une-solution-demballage-automatisee-pour-faconner-les-colis\/#primaryimage\"},\"thumbnailUrl\":\"https:\/\/www.emballagedigest.fr\/wp-content\/uploads\/2023\/03\/utopya.jpg\",\"articleSection\":[\"Article entier\",\"Barre lat\u00e9rale\",\"Emballages\",\"Industrie\",\"Vu dans le mag\"],\"inLanguage\":\"en-GB\"},{\"@type\":\"WebPage\",\"@id\":\"https:\/\/www.emballagedigest.fr\/une-solution-demballage-automatisee-pour-faconner-les-colis\/\",\"url\":\"https:\/\/www.emballagedigest.fr\/une-solution-demballage-automatisee-pour-faconner-les-colis\/\",\"name\":\"Une solution d\u2019emballage automatis\u00e9e pour fa\u00e7onner les colis - Emballage Digest\",\"isPartOf\":{\"@id\":\"https:\/\/www.emballagedigest.fr\/#website\"},\"primaryImageOfPage\":{\"@id\":\"https:\/\/www.emballagedigest.fr\/une-solution-demballage-automatisee-pour-faconner-les-colis\/#primaryimage\"},\"image\":{\"@id\":\"https:\/\/www.emballagedigest.fr\/une-solution-demballage-automatisee-pour-faconner-les-colis\/#primaryimage\"},\"thumbnailUrl\":\"https:\/\/www.emballagedigest.fr\/wp-content\/uploads\/2023\/03\/utopya.jpg\",\"datePublished\":\"2023-02-28T09:12:00+00:00\",\"dateModified\":\"2023-03-02T09:25:55+00:00\",\"breadcrumb\":{\"@id\":\"https:\/\/www.emballagedigest.fr\/une-solution-demballage-automatisee-pour-faconner-les-colis\/#breadcrumb\"},\"inLanguage\":\"en-GB\",\"potentialAction\":[{\"@type\":\"ReadAction\",\"target\":[\"https:\/\/www.emballagedigest.fr\/une-solution-demballage-automatisee-pour-faconner-les-colis\/\"]}]},{\"@type\":\"ImageObject\",\"inLanguage\":\"en-GB\",\"@id\":\"https:\/\/www.emballagedigest.fr\/une-solution-demballage-automatisee-pour-faconner-les-colis\/#primaryimage\",\"url\":\"https:\/\/www.emballagedigest.fr\/wp-content\/uploads\/2023\/03\/utopya.jpg\",\"contentUrl\":\"https:\/\/www.emballagedigest.fr\/wp-content\/uploads\/2023\/03\/utopya.jpg\",\"width\":800,\"height\":450},{\"@type\":\"BreadcrumbList\",\"@id\":\"https:\/\/www.emballagedigest.fr\/une-solution-demballage-automatisee-pour-faconner-les-colis\/#breadcrumb\",\"itemListElement\":[{\"@type\":\"ListItem\",\"position\":1,\"name\":\"Accueil\",\"item\":\"https:\/\/www.emballagedigest.fr\/\"},{\"@type\":\"ListItem\",\"position\":2,\"name\":\"Une solution d\u2019emballage automatis\u00e9e pour fa\u00e7onner les colis\"}]},{\"@type\":\"WebSite\",\"@id\":\"https:\/\/www.emballagedigest.fr\/#website\",\"url\":\"https:\/\/www.emballagedigest.fr\/\",\"name\":\"Emballage Digest\",\"description\":\"Revue professionnelle sur les emballages\",\"publisher\":{\"@id\":\"https:\/\/www.emballagedigest.fr\/#organization\"},\"potentialAction\":[{\"@type\":\"SearchAction\",\"target\":{\"@type\":\"EntryPoint\",\"urlTemplate\":\"https:\/\/www.emballagedigest.fr\/?s={search_term_string}\"},\"query-input\":{\"@type\":\"PropertyValueSpecification\",\"valueRequired\":true,\"valueName\":\"search_term_string\"}}],\"inLanguage\":\"en-GB\"},{\"@type\":\"Organization\",\"@id\":\"https:\/\/www.emballagedigest.fr\/#organization\",\"name\":\"Emballage Digest\",\"url\":\"https:\/\/www.emballagedigest.fr\/\",\"logo\":{\"@type\":\"ImageObject\",\"inLanguage\":\"en-GB\",\"@id\":\"https:\/\/www.emballagedigest.fr\/#\/schema\/logo\/image\/\",\"url\":\"https:\/\/www.emballagedigest.fr\/wp-content\/uploads\/2022\/07\/logo-ed.png\",\"contentUrl\":\"https:\/\/www.emballagedigest.fr\/wp-content\/uploads\/2022\/07\/logo-ed.png\",\"width\":379,\"height\":75,\"caption\":\"Emballage Digest\"},\"image\":{\"@id\":\"https:\/\/www.emballagedigest.fr\/#\/schema\/logo\/image\/\"}},{\"@type\":\"Person\",\"@id\":\"https:\/\/www.emballagedigest.fr\/#\/schema\/person\/76abe9f2b2ee4d3d520594c7a35da59f\",\"name\":\"Karine Duval\",\"image\":{\"@type\":\"ImageObject\",\"inLanguage\":\"en-GB\",\"@id\":\"https:\/\/www.emballagedigest.fr\/#\/schema\/person\/image\/\",\"url\":\"https:\/\/secure.gravatar.com\/avatar\/f552799261cdd2e076e6677d780ef07bdb13aa4c196ab75b39abcbcdcae2d4e5?s=96&d=mm&r=g\",\"contentUrl\":\"https:\/\/secure.gravatar.com\/avatar\/f552799261cdd2e076e6677d780ef07bdb13aa4c196ab75b39abcbcdcae2d4e5?s=96&d=mm&r=g\",\"caption\":\"Karine Duval\"},\"url\":\"https:\/\/www.emballagedigest.fr\/en\/author\/admin_karduv\/\"}]}<\/script>\n<!-- \/ Yoast SEO plugin. -->","yoast_head_json":{"title":"Une solution d\u2019emballage automatis\u00e9e pour fa\u00e7onner les colis - Emballage Digest","robots":{"index":"index","follow":"follow","max-snippet":"max-snippet:-1","max-image-preview":"max-image-preview:large","max-video-preview":"max-video-preview:-1"},"canonical":"https:\/\/www.emballagedigest.fr\/en\/une-solution-demballage-automatisee-pour-faconner-les-colis\/","og_locale":"en_GB","og_type":"article","og_title":"Une solution d\u2019emballage automatis\u00e9e pour fa\u00e7onner les colis - Emballage Digest","og_description":"Pour accompagner sa croissance (+50%) en France et en Europe, le sp\u00e9cialiste lyonnais de la r\u00e9paration d\u2019appareils tech Utopya a choisi d\u2019installer la solution d\u2019emballage automatis\u00e9e sur-mesure CVP Impack de Sparck Technologies. En automatisant le fa\u00e7onnage de colis, la startup vise le niveau d\u2019efficacit\u00e9 des leaders du e-commerce. Dix ans apr\u00e8s sa cr\u00e9ation, la startup [&hellip;]","og_url":"https:\/\/www.emballagedigest.fr\/en\/une-solution-demballage-automatisee-pour-faconner-les-colis\/","og_site_name":"Emballage Digest","article_published_time":"2023-02-28T09:12:00+00:00","article_modified_time":"2023-03-02T09:25:55+00:00","og_image":[{"width":800,"height":450,"url":"https:\/\/www.emballagedigest.fr\/wp-content\/uploads\/2023\/03\/utopya.jpg","type":"image\/jpeg"}],"author":"Karine Duval","twitter_card":"summary_large_image","twitter_misc":{"Written by":"Karine Duval","Estimated reading time":"2 minutes"},"schema":{"@context":"https:\/\/schema.org","@graph":[{"@type":"Article","@id":"https:\/\/www.emballagedigest.fr\/une-solution-demballage-automatisee-pour-faconner-les-colis\/#article","isPartOf":{"@id":"https:\/\/www.emballagedigest.fr\/une-solution-demballage-automatisee-pour-faconner-les-colis\/"},"author":{"name":"Karine Duval","@id":"https:\/\/www.emballagedigest.fr\/#\/schema\/person\/76abe9f2b2ee4d3d520594c7a35da59f"},"headline":"Une solution d\u2019emballage automatis\u00e9e pour fa\u00e7onner les colis","datePublished":"2023-02-28T09:12:00+00:00","dateModified":"2023-03-02T09:25:55+00:00","mainEntityOfPage":{"@id":"https:\/\/www.emballagedigest.fr\/une-solution-demballage-automatisee-pour-faconner-les-colis\/"},"wordCount":319,"publisher":{"@id":"https:\/\/www.emballagedigest.fr\/#organization"},"image":{"@id":"https:\/\/www.emballagedigest.fr\/une-solution-demballage-automatisee-pour-faconner-les-colis\/#primaryimage"},"thumbnailUrl":"https:\/\/www.emballagedigest.fr\/wp-content\/uploads\/2023\/03\/utopya.jpg","articleSection":["Article entier","Barre lat\u00e9rale","Emballages","Industrie","Vu dans le mag"],"inLanguage":"en-GB"},{"@type":"WebPage","@id":"https:\/\/www.emballagedigest.fr\/une-solution-demballage-automatisee-pour-faconner-les-colis\/","url":"https:\/\/www.emballagedigest.fr\/une-solution-demballage-automatisee-pour-faconner-les-colis\/","name":"Une solution d\u2019emballage automatis\u00e9e pour fa\u00e7onner les colis - Emballage Digest","isPartOf":{"@id":"https:\/\/www.emballagedigest.fr\/#website"},"primaryImageOfPage":{"@id":"https:\/\/www.emballagedigest.fr\/une-solution-demballage-automatisee-pour-faconner-les-colis\/#primaryimage"},"image":{"@id":"https:\/\/www.emballagedigest.fr\/une-solution-demballage-automatisee-pour-faconner-les-colis\/#primaryimage"},"thumbnailUrl":"https:\/\/www.emballagedigest.fr\/wp-content\/uploads\/2023\/03\/utopya.jpg","datePublished":"2023-02-28T09:12:00+00:00","dateModified":"2023-03-02T09:25:55+00:00","breadcrumb":{"@id":"https:\/\/www.emballagedigest.fr\/une-solution-demballage-automatisee-pour-faconner-les-colis\/#breadcrumb"},"inLanguage":"en-GB","potentialAction":[{"@type":"ReadAction","target":["https:\/\/www.emballagedigest.fr\/une-solution-demballage-automatisee-pour-faconner-les-colis\/"]}]},{"@type":"ImageObject","inLanguage":"en-GB","@id":"https:\/\/www.emballagedigest.fr\/une-solution-demballage-automatisee-pour-faconner-les-colis\/#primaryimage","url":"https:\/\/www.emballagedigest.fr\/wp-content\/uploads\/2023\/03\/utopya.jpg","contentUrl":"https:\/\/www.emballagedigest.fr\/wp-content\/uploads\/2023\/03\/utopya.jpg","width":800,"height":450},{"@type":"BreadcrumbList","@id":"https:\/\/www.emballagedigest.fr\/une-solution-demballage-automatisee-pour-faconner-les-colis\/#breadcrumb","itemListElement":[{"@type":"ListItem","position":1,"name":"Accueil","item":"https:\/\/www.emballagedigest.fr\/"},{"@type":"ListItem","position":2,"name":"Une solution d\u2019emballage automatis\u00e9e pour fa\u00e7onner les colis"}]},{"@type":"WebSite","@id":"https:\/\/www.emballagedigest.fr\/#website","url":"https:\/\/www.emballagedigest.fr\/","name":"Emballage Digest","description":"Revue professionnelle sur les emballages","publisher":{"@id":"https:\/\/www.emballagedigest.fr\/#organization"},"potentialAction":[{"@type":"SearchAction","target":{"@type":"EntryPoint","urlTemplate":"https:\/\/www.emballagedigest.fr\/?s={search_term_string}"},"query-input":{"@type":"PropertyValueSpecification","valueRequired":true,"valueName":"search_term_string"}}],"inLanguage":"en-GB"},{"@type":"Organization","@id":"https:\/\/www.emballagedigest.fr\/#organization","name":"Emballage Digest","url":"https:\/\/www.emballagedigest.fr\/","logo":{"@type":"ImageObject","inLanguage":"en-GB","@id":"https:\/\/www.emballagedigest.fr\/#\/schema\/logo\/image\/","url":"https:\/\/www.emballagedigest.fr\/wp-content\/uploads\/2022\/07\/logo-ed.png","contentUrl":"https:\/\/www.emballagedigest.fr\/wp-content\/uploads\/2022\/07\/logo-ed.png","width":379,"height":75,"caption":"Emballage Digest"},"image":{"@id":"https:\/\/www.emballagedigest.fr\/#\/schema\/logo\/image\/"}},{"@type":"Person","@id":"https:\/\/www.emballagedigest.fr\/#\/schema\/person\/76abe9f2b2ee4d3d520594c7a35da59f","name":"Karine Duval","image":{"@type":"ImageObject","inLanguage":"en-GB","@id":"https:\/\/www.emballagedigest.fr\/#\/schema\/person\/image\/","url":"https:\/\/secure.gravatar.com\/avatar\/f552799261cdd2e076e6677d780ef07bdb13aa4c196ab75b39abcbcdcae2d4e5?s=96&d=mm&r=g","contentUrl":"https:\/\/secure.gravatar.com\/avatar\/f552799261cdd2e076e6677d780ef07bdb13aa4c196ab75b39abcbcdcae2d4e5?s=96&d=mm&r=g","caption":"Karine Duval"},"url":"https:\/\/www.emballagedigest.fr\/en\/author\/admin_karduv\/"}]}},"_links":{"self":[{"href":"https:\/\/www.emballagedigest.fr\/en\/wp-json\/wp\/v2\/posts\/36349","targetHints":{"allow":["GET"]}}],"collection":[{"href":"https:\/\/www.emballagedigest.fr\/en\/wp-json\/wp\/v2\/posts"}],"about":[{"href":"https:\/\/www.emballagedigest.fr\/en\/wp-json\/wp\/v2\/types\/post"}],"author":[{"embeddable":true,"href":"https:\/\/www.emballagedigest.fr\/en\/wp-json\/wp\/v2\/users\/2"}],"replies":[{"embeddable":true,"href":"https:\/\/www.emballagedigest.fr\/en\/wp-json\/wp\/v2\/comments?post=36349"}],"version-history":[{"count":1,"href":"https:\/\/www.emballagedigest.fr\/en\/wp-json\/wp\/v2\/posts\/36349\/revisions"}],"predecessor-version":[{"id":36351,"href":"https:\/\/www.emballagedigest.fr\/en\/wp-json\/wp\/v2\/posts\/36349\/revisions\/36351"}],"wp:featuredmedia":[{"embeddable":true,"href":"https:\/\/www.emballagedigest.fr\/en\/wp-json\/wp\/v2\/media\/36350"}],"wp:attachment":[{"href":"https:\/\/www.emballagedigest.fr\/en\/wp-json\/wp\/v2\/media?parent=36349"}],"wp:term":[{"taxonomy":"category","embeddable":true,"href":"https:\/\/www.emballagedigest.fr\/en\/wp-json\/wp\/v2\/categories?post=36349"},{"taxonomy":"post_tag","embeddable":true,"href":"https:\/\/www.emballagedigest.fr\/en\/wp-json\/wp\/v2\/tags?post=36349"}],"curies":[{"name":"wp","href":"https:\/\/api.w.org\/{rel}","templated":true}]}}