{"id":36408,"date":"2023-02-28T14:50:00","date_gmt":"2023-02-28T13:50:00","guid":{"rendered":"https:\/\/www.emballagedigest.fr\/?p=36408"},"modified":"2023-03-02T14:52:33","modified_gmt":"2023-03-02T13:52:33","slug":"vers-des-blisters-plus-responsables-et-fonctionnels","status":"publish","type":"post","link":"https:\/\/www.emballagedigest.fr\/en\/vers-des-blisters-plus-responsables-et-fonctionnels\/","title":{"rendered":"Vers des blisters plus responsables et fonctionnels"},"content":{"rendered":"<p><strong>Le blister est l\u2019emballage primaire de m\u00e9dicament le plus utilis\u00e9. Avec de nombreux avantages\u00a0li\u00e9s \u00e0 la d\u00e9livrance d\u2019une dose individuelle (observance), l\u2019inviolabilit\u00e9 et un co\u00fbt \u00e9conomique int\u00e9ressant. Le plus gros probl\u00e8me reste son recyclage, \u00e9tant constitu\u00e9 d\u2019une coque en plastique, dans 90% des cas en PVC, avec une couche en aluminium. Face aux exigences de durabilit\u00e9, les fabricants explorent plusieurs axes (biomat\u00e9riaux, blisters mono-mat\u00e9riaux) pour d\u00e9velopper des blisters plus responsables et fonctionnels \u2013 avec le d\u00e9fi de rester abordables.<\/strong><\/p>\n\n\n\n<p>Plusieurs initiatives voient le jour autour des biomat\u00e9riaux&nbsp;: des mati\u00e8res innovantes biosourc\u00e9es, issues de la biomasse v\u00e9g\u00e9tale ou animale, c\u2019est-\u00e0-dire \u00e0 l\u2019origine enti\u00e8rement biologique. C\u2019est par exemple le cas d\u2019Astellas Pharma, qui a mis sur le march\u00e9 il y a deux ans un blister compos\u00e9 \u00e0 50% de bioplastique, \u00e0 savoir du poly\u00e9thyl\u00e8ne d\u00e9riv\u00e9 de la canne \u00e0 sucre, pour son m\u00e9dicament \u00abIrribow\u00ae Tablet 5\u03bcg\u00bb (chlorhydrate de ramos\u00e9tron, indiqu\u00e9 dans les cas de diarrh\u00e9e \u2013 syndrome du c\u00f4lon irritable). Il s\u2019agit \u00abd\u2019un emballage vertueux pour l\u2019environnement, \u00e0 partir de ressources v\u00e9g\u00e9tales enti\u00e8rement renouvelables, et bas\u00e9 sur le concept de la neutralit\u00e9 carbone qui vise \u00e0 \u00e9quilibrer les \u00e9missions et l\u2019absorption des gaz \u00e0 effet de serre\u00bb, souligne Astellas, qui a commenc\u00e9 ainsi \u00e0 diminuer le PVC dans ses blisters, tout en r\u00e9duisant son empreinte industrielle.<\/p>\n\n\n\n<p>Am\u00e9liorer le recyclage<br>Au-del\u00e0 de r\u00e9duire les d\u00e9chets plastiques, les fabricants de films travaillent \u00e0 am\u00e9liorer la recyclabilit\u00e9 du blister, un sujet de pr\u00e9occupation de longue date. L\u2019allemand Liveo Research a r\u00e9cemment ajout\u00e9 une solution compl\u00e8te de blister A-PET \u00e0 son portefeuille. \u00abCelle-ci se compose d\u2019un film blister A-PET sans halog\u00e8ne (BlisForm MA) et d\u2019un opercule en PET (BlisLid MA) pelable d\u00e9velopp\u00e9 avec adapa Danemark (ex-Danapak Flexibles)\u00bb, d\u00e9crit Isabelle Unseld, sa directrice marketing. La solution A-PET, hautement transparente, est transformable sur des lignes de blisters PVC standards et recyclable dans les flux RIC1 existants. \u00abCes blisters mono-mat\u00e9riaux sont une bonne option pour le recyclage m\u00e9canique et chimique, car ils \u00e9vitent les \u00e9tapes de s\u00e9paration des mat\u00e9riaux et les risques de contamination li\u00e9s aux blisters conventionnels\u00bb, explique-t-elle. L\u2019entreprise s\u2019est pour l\u2019instant concentr\u00e9e sur des blisters mono-mat\u00e9riaux \u00e0 faibles barri\u00e8res,&nbsp;mais les travaux en cours s\u2019orientent vers des solutions \u00e0 moyennes et hautes barri\u00e8res.<\/p>\n\n\n\n<p>Premier pas vers la circularit\u00e9<br>Une autre innovation dans le secteur est le blister transparent, \u00e0 barri\u00e8re interm\u00e9diaire, de Tekniplex Healthcare, certifi\u00e9 recyclable dans les flux de polypropyl\u00e8ne europ\u00e9ens \u2013 \u00abun premier pas vers la circularit\u00e9 des mat\u00e9riaux en sant\u00e9\u00bb, selon Melissa Green, sa responsable marketing mondiale. L\u2019emballage recyclable associe un film blister en polyol\u00e9fine \u00e0 un film d\u2019operculage en PP barri\u00e8re. L\u2019une de ses principales caract\u00e9ristiques est sa transparence pour que \u00able patient voit \u00e0 travers\u00bb. C\u2019est aussi un avantage, selon elle, pour faciliter l\u2019inspection visuelle manuelle et automatis\u00e9e du m\u00e9dicament sur les lignes de fabrication. Le blister a \u00e9t\u00e9 lanc\u00e9, dans un premier temps, avec une option d\u2019opercule pelable. D\u2019autres options seront disponibles en 2024. A noter&nbsp;: Tekniplex met \u00e9galement \u00e0 disposition une combinaison blister et opercule mono-mat\u00e9riaux en polyester, enti\u00e8rement recyclable, pour les comprim\u00e9s et g\u00e9lules qui ne n\u00e9cessitent pas de protection barri\u00e8re. Les deux types de blisters recyclables ont \u00e9t\u00e9 test\u00e9s avec succ\u00e8s dans plusieurs essais \u00e0 petite et grande \u00e9chelle sur diff\u00e9rents \u00e9quipements de fabrication. \u00abDes \u00e9valuations sont en cours \u00e9galement avec les clients\u00bb, ajoute-t-elle. En outre, Tekniplex met \u00e0 disposition un nouveau papier couch\u00e9 renforc\u00e9 \u00e0 faible grammage pour la protection des dispositifs m\u00e9dicaux tels que les seringues, les tubes intraveineux, les cath\u00e9ters\u2026&nbsp;Ces innovations s\u2019inscrivent dans sa strat\u00e9gie de \u00abrepenser de mani\u00e8re responsable\u00bb les emballages.<\/p>\n\n\n\n<p>Blister cellulose<br>D\u2019autres fabricants vont plus loin dans leur engagement d\u2019\u00e9liminer les plastiques \u00e0 usage unique et, au-del\u00e0, le PVC des blisters. C\u2019est pour y arriver que le cabinet de conseil PA Consulting et PulPac ont cr\u00e9\u00e9 le collectif Blister Pack Collective. Un premier cap est de commercialiser leur blister en fibre moul\u00e9e \u00e0 sec, issu de la technologie DMF du fabricant su\u00e9dois, qui a \u00e9t\u00e9 lanc\u00e9 et pr\u00e9sent\u00e9 sur Pharmapack Europe 2023. L\u2019id\u00e9e ambitieuse est d\u2019utiliser des ressources renouvelables de p\u00e2tes et de celluloses pour produire des emballages \u00e0 base de fibres, \u00e0 faible co\u00fbt et \u00e0 haute performance, et qui seraient trait\u00e9s de mani\u00e8re circulaire dans les flux de papier. \u00abLe processus de fabrication exclusif utilise moins de CO2 et tr\u00e8s peu d\u2019eau pour cr\u00e9er des matrices de comprim\u00e9s tr\u00e8s polyvalentes, correspondant \u00e0 la conception et au nombre de comprim\u00e9s du blister PVC de base, offrant une solution \u00e9volutive pour les laboratoires\u00bb, explique Tony Perrotta, expert durabilit\u00e9 et \u00e9conomie r\u00e9g\u00e9n\u00e9rative chez PA Consulting. En 2022, un premier prototype a \u00e9t\u00e9 r\u00e9alis\u00e9 pour d\u00e9montrer la faisabilit\u00e9. Cette ann\u00e9e, la collaboration avec l\u2019industrie sera cl\u00e9 pour faire la d\u00e9monstration de la solution sur ses \u00e9quipements et int\u00e9grer les fonctions barri\u00e8res. 2024 devrait \u00eatre l\u2019ann\u00e9e du d\u00e9veloppement r\u00e9glementaire et de la mise \u00e0 l\u2019\u00e9chelle de la production.&nbsp;\u00abCe partenariat avec PulPac et le collectif avec les industriels devrait se traduire par un apprentissage et une croissance acc\u00e9l\u00e9r\u00e9e\u00bb, esp\u00e8re-t-il.<\/p>","protected":false},"excerpt":{"rendered":"<p>Le blister est l\u2019emballage primaire de m\u00e9dicament le plus utilis\u00e9. Avec de nombreux avantages\u00a0li\u00e9s \u00e0 la d\u00e9livrance d\u2019une dose individuelle (observance), l\u2019inviolabilit\u00e9 et un co\u00fbt \u00e9conomique int\u00e9ressant. Le plus gros probl\u00e8me reste son recyclage, \u00e9tant constitu\u00e9 d\u2019une coque en plastique, dans 90% des cas en PVC, avec une couche en aluminium. Face aux exigences de [&hellip;]<\/p>","protected":false},"author":2,"featured_media":36409,"comment_status":"closed","ping_status":"closed","sticky":false,"template":"","format":"standard","meta":{"_acf_changed":false,"inline_featured_image":false,"iawp_total_views":2,"footnotes":""},"categories":[26,81,7,65],"tags":[],"class_list":["post-36408","post","type-post","status-publish","format-standard","has-post-thumbnail","hentry","category-laterale","category-packaging","category-pharmacie","category-vu-dans-le-mag"],"acf":[],"yoast_head":"<!-- This site is optimized with the Yoast SEO plugin v24.4 - https:\/\/yoast.com\/wordpress\/plugins\/seo\/ -->\n<title>Vers des blisters plus responsables et fonctionnels - Emballage Digest<\/title>\n<meta name=\"robots\" content=\"index, follow, max-snippet:-1, max-image-preview:large, max-video-preview:-1\" \/>\n<link rel=\"canonical\" href=\"https:\/\/www.emballagedigest.fr\/en\/vers-des-blisters-plus-responsables-et-fonctionnels\/\" \/>\n<meta property=\"og:locale\" content=\"en_GB\" \/>\n<meta property=\"og:type\" content=\"article\" \/>\n<meta property=\"og:title\" content=\"Vers des blisters plus responsables et fonctionnels - Emballage Digest\" \/>\n<meta property=\"og:description\" content=\"Le blister est l\u2019emballage primaire de m\u00e9dicament le plus utilis\u00e9. Avec de nombreux avantages\u00a0li\u00e9s \u00e0 la d\u00e9livrance d\u2019une dose individuelle (observance), l\u2019inviolabilit\u00e9 et un co\u00fbt \u00e9conomique int\u00e9ressant. Le plus gros probl\u00e8me reste son recyclage, \u00e9tant constitu\u00e9 d\u2019une coque en plastique, dans 90% des cas en PVC, avec une couche en aluminium. Face aux exigences de [&hellip;]\" \/>\n<meta property=\"og:url\" content=\"https:\/\/www.emballagedigest.fr\/en\/vers-des-blisters-plus-responsables-et-fonctionnels\/\" \/>\n<meta property=\"og:site_name\" content=\"Emballage Digest\" \/>\n<meta property=\"article:published_time\" content=\"2023-02-28T13:50:00+00:00\" \/>\n<meta property=\"article:modified_time\" content=\"2023-03-02T13:52:33+00:00\" \/>\n<meta property=\"og:image\" content=\"https:\/\/www.emballagedigest.fr\/wp-content\/uploads\/2023\/03\/liveo.jpg\" \/>\n\t<meta property=\"og:image:width\" content=\"800\" \/>\n\t<meta property=\"og:image:height\" content=\"270\" \/>\n\t<meta property=\"og:image:type\" content=\"image\/jpeg\" \/>\n<meta name=\"author\" content=\"Karine Duval\" \/>\n<meta name=\"twitter:card\" content=\"summary_large_image\" \/>\n<meta name=\"twitter:label1\" content=\"Written by\" \/>\n\t<meta name=\"twitter:data1\" content=\"Karine Duval\" \/>\n\t<meta name=\"twitter:label2\" content=\"Estimated reading time\" \/>\n\t<meta name=\"twitter:data2\" content=\"5 minutes\" \/>\n<script type=\"application\/ld+json\" class=\"yoast-schema-graph\">{\"@context\":\"https:\/\/schema.org\",\"@graph\":[{\"@type\":\"Article\",\"@id\":\"https:\/\/www.emballagedigest.fr\/vers-des-blisters-plus-responsables-et-fonctionnels\/#article\",\"isPartOf\":{\"@id\":\"https:\/\/www.emballagedigest.fr\/vers-des-blisters-plus-responsables-et-fonctionnels\/\"},\"author\":{\"name\":\"Karine Duval\",\"@id\":\"https:\/\/www.emballagedigest.fr\/#\/schema\/person\/76abe9f2b2ee4d3d520594c7a35da59f\"},\"headline\":\"Vers des blisters plus responsables et fonctionnels\",\"datePublished\":\"2023-02-28T13:50:00+00:00\",\"dateModified\":\"2023-03-02T13:52:33+00:00\",\"mainEntityOfPage\":{\"@id\":\"https:\/\/www.emballagedigest.fr\/vers-des-blisters-plus-responsables-et-fonctionnels\/\"},\"wordCount\":935,\"publisher\":{\"@id\":\"https:\/\/www.emballagedigest.fr\/#organization\"},\"image\":{\"@id\":\"https:\/\/www.emballagedigest.fr\/vers-des-blisters-plus-responsables-et-fonctionnels\/#primaryimage\"},\"thumbnailUrl\":\"https:\/\/www.emballagedigest.fr\/wp-content\/uploads\/2023\/03\/liveo.jpg\",\"articleSection\":[\"Barre lat\u00e9rale\",\"Packaging\",\"Pharmacie\",\"Vu dans le mag\"],\"inLanguage\":\"en-GB\"},{\"@type\":\"WebPage\",\"@id\":\"https:\/\/www.emballagedigest.fr\/vers-des-blisters-plus-responsables-et-fonctionnels\/\",\"url\":\"https:\/\/www.emballagedigest.fr\/vers-des-blisters-plus-responsables-et-fonctionnels\/\",\"name\":\"Vers des blisters plus responsables et fonctionnels - Emballage Digest\",\"isPartOf\":{\"@id\":\"https:\/\/www.emballagedigest.fr\/#website\"},\"primaryImageOfPage\":{\"@id\":\"https:\/\/www.emballagedigest.fr\/vers-des-blisters-plus-responsables-et-fonctionnels\/#primaryimage\"},\"image\":{\"@id\":\"https:\/\/www.emballagedigest.fr\/vers-des-blisters-plus-responsables-et-fonctionnels\/#primaryimage\"},\"thumbnailUrl\":\"https:\/\/www.emballagedigest.fr\/wp-content\/uploads\/2023\/03\/liveo.jpg\",\"datePublished\":\"2023-02-28T13:50:00+00:00\",\"dateModified\":\"2023-03-02T13:52:33+00:00\",\"breadcrumb\":{\"@id\":\"https:\/\/www.emballagedigest.fr\/vers-des-blisters-plus-responsables-et-fonctionnels\/#breadcrumb\"},\"inLanguage\":\"en-GB\",\"potentialAction\":[{\"@type\":\"ReadAction\",\"target\":[\"https:\/\/www.emballagedigest.fr\/vers-des-blisters-plus-responsables-et-fonctionnels\/\"]}]},{\"@type\":\"ImageObject\",\"inLanguage\":\"en-GB\",\"@id\":\"https:\/\/www.emballagedigest.fr\/vers-des-blisters-plus-responsables-et-fonctionnels\/#primaryimage\",\"url\":\"https:\/\/www.emballagedigest.fr\/wp-content\/uploads\/2023\/03\/liveo.jpg\",\"contentUrl\":\"https:\/\/www.emballagedigest.fr\/wp-content\/uploads\/2023\/03\/liveo.jpg\",\"width\":800,\"height\":270},{\"@type\":\"BreadcrumbList\",\"@id\":\"https:\/\/www.emballagedigest.fr\/vers-des-blisters-plus-responsables-et-fonctionnels\/#breadcrumb\",\"itemListElement\":[{\"@type\":\"ListItem\",\"position\":1,\"name\":\"Accueil\",\"item\":\"https:\/\/www.emballagedigest.fr\/\"},{\"@type\":\"ListItem\",\"position\":2,\"name\":\"Vers des blisters plus responsables et fonctionnels\"}]},{\"@type\":\"WebSite\",\"@id\":\"https:\/\/www.emballagedigest.fr\/#website\",\"url\":\"https:\/\/www.emballagedigest.fr\/\",\"name\":\"Emballage Digest\",\"description\":\"Revue professionnelle sur les emballages\",\"publisher\":{\"@id\":\"https:\/\/www.emballagedigest.fr\/#organization\"},\"potentialAction\":[{\"@type\":\"SearchAction\",\"target\":{\"@type\":\"EntryPoint\",\"urlTemplate\":\"https:\/\/www.emballagedigest.fr\/?s={search_term_string}\"},\"query-input\":{\"@type\":\"PropertyValueSpecification\",\"valueRequired\":true,\"valueName\":\"search_term_string\"}}],\"inLanguage\":\"en-GB\"},{\"@type\":\"Organization\",\"@id\":\"https:\/\/www.emballagedigest.fr\/#organization\",\"name\":\"Emballage Digest\",\"url\":\"https:\/\/www.emballagedigest.fr\/\",\"logo\":{\"@type\":\"ImageObject\",\"inLanguage\":\"en-GB\",\"@id\":\"https:\/\/www.emballagedigest.fr\/#\/schema\/logo\/image\/\",\"url\":\"https:\/\/www.emballagedigest.fr\/wp-content\/uploads\/2022\/07\/logo-ed.png\",\"contentUrl\":\"https:\/\/www.emballagedigest.fr\/wp-content\/uploads\/2022\/07\/logo-ed.png\",\"width\":379,\"height\":75,\"caption\":\"Emballage Digest\"},\"image\":{\"@id\":\"https:\/\/www.emballagedigest.fr\/#\/schema\/logo\/image\/\"}},{\"@type\":\"Person\",\"@id\":\"https:\/\/www.emballagedigest.fr\/#\/schema\/person\/76abe9f2b2ee4d3d520594c7a35da59f\",\"name\":\"Karine Duval\",\"image\":{\"@type\":\"ImageObject\",\"inLanguage\":\"en-GB\",\"@id\":\"https:\/\/www.emballagedigest.fr\/#\/schema\/person\/image\/\",\"url\":\"https:\/\/secure.gravatar.com\/avatar\/f552799261cdd2e076e6677d780ef07bdb13aa4c196ab75b39abcbcdcae2d4e5?s=96&d=mm&r=g\",\"contentUrl\":\"https:\/\/secure.gravatar.com\/avatar\/f552799261cdd2e076e6677d780ef07bdb13aa4c196ab75b39abcbcdcae2d4e5?s=96&d=mm&r=g\",\"caption\":\"Karine Duval\"},\"url\":\"https:\/\/www.emballagedigest.fr\/en\/author\/admin_karduv\/\"}]}<\/script>\n<!-- \/ Yoast SEO plugin. -->","yoast_head_json":{"title":"Vers des blisters plus responsables et fonctionnels - Emballage Digest","robots":{"index":"index","follow":"follow","max-snippet":"max-snippet:-1","max-image-preview":"max-image-preview:large","max-video-preview":"max-video-preview:-1"},"canonical":"https:\/\/www.emballagedigest.fr\/en\/vers-des-blisters-plus-responsables-et-fonctionnels\/","og_locale":"en_GB","og_type":"article","og_title":"Vers des blisters plus responsables et fonctionnels - Emballage Digest","og_description":"Le blister est l\u2019emballage primaire de m\u00e9dicament le plus utilis\u00e9. Avec de nombreux avantages\u00a0li\u00e9s \u00e0 la d\u00e9livrance d\u2019une dose individuelle (observance), l\u2019inviolabilit\u00e9 et un co\u00fbt \u00e9conomique int\u00e9ressant. Le plus gros probl\u00e8me reste son recyclage, \u00e9tant constitu\u00e9 d\u2019une coque en plastique, dans 90% des cas en PVC, avec une couche en aluminium. Face aux exigences de [&hellip;]","og_url":"https:\/\/www.emballagedigest.fr\/en\/vers-des-blisters-plus-responsables-et-fonctionnels\/","og_site_name":"Emballage Digest","article_published_time":"2023-02-28T13:50:00+00:00","article_modified_time":"2023-03-02T13:52:33+00:00","og_image":[{"width":800,"height":270,"url":"https:\/\/www.emballagedigest.fr\/wp-content\/uploads\/2023\/03\/liveo.jpg","type":"image\/jpeg"}],"author":"Karine Duval","twitter_card":"summary_large_image","twitter_misc":{"Written by":"Karine Duval","Estimated reading time":"5 minutes"},"schema":{"@context":"https:\/\/schema.org","@graph":[{"@type":"Article","@id":"https:\/\/www.emballagedigest.fr\/vers-des-blisters-plus-responsables-et-fonctionnels\/#article","isPartOf":{"@id":"https:\/\/www.emballagedigest.fr\/vers-des-blisters-plus-responsables-et-fonctionnels\/"},"author":{"name":"Karine Duval","@id":"https:\/\/www.emballagedigest.fr\/#\/schema\/person\/76abe9f2b2ee4d3d520594c7a35da59f"},"headline":"Vers des blisters plus responsables et fonctionnels","datePublished":"2023-02-28T13:50:00+00:00","dateModified":"2023-03-02T13:52:33+00:00","mainEntityOfPage":{"@id":"https:\/\/www.emballagedigest.fr\/vers-des-blisters-plus-responsables-et-fonctionnels\/"},"wordCount":935,"publisher":{"@id":"https:\/\/www.emballagedigest.fr\/#organization"},"image":{"@id":"https:\/\/www.emballagedigest.fr\/vers-des-blisters-plus-responsables-et-fonctionnels\/#primaryimage"},"thumbnailUrl":"https:\/\/www.emballagedigest.fr\/wp-content\/uploads\/2023\/03\/liveo.jpg","articleSection":["Barre lat\u00e9rale","Packaging","Pharmacie","Vu dans le mag"],"inLanguage":"en-GB"},{"@type":"WebPage","@id":"https:\/\/www.emballagedigest.fr\/vers-des-blisters-plus-responsables-et-fonctionnels\/","url":"https:\/\/www.emballagedigest.fr\/vers-des-blisters-plus-responsables-et-fonctionnels\/","name":"Vers des blisters plus responsables et fonctionnels - Emballage Digest","isPartOf":{"@id":"https:\/\/www.emballagedigest.fr\/#website"},"primaryImageOfPage":{"@id":"https:\/\/www.emballagedigest.fr\/vers-des-blisters-plus-responsables-et-fonctionnels\/#primaryimage"},"image":{"@id":"https:\/\/www.emballagedigest.fr\/vers-des-blisters-plus-responsables-et-fonctionnels\/#primaryimage"},"thumbnailUrl":"https:\/\/www.emballagedigest.fr\/wp-content\/uploads\/2023\/03\/liveo.jpg","datePublished":"2023-02-28T13:50:00+00:00","dateModified":"2023-03-02T13:52:33+00:00","breadcrumb":{"@id":"https:\/\/www.emballagedigest.fr\/vers-des-blisters-plus-responsables-et-fonctionnels\/#breadcrumb"},"inLanguage":"en-GB","potentialAction":[{"@type":"ReadAction","target":["https:\/\/www.emballagedigest.fr\/vers-des-blisters-plus-responsables-et-fonctionnels\/"]}]},{"@type":"ImageObject","inLanguage":"en-GB","@id":"https:\/\/www.emballagedigest.fr\/vers-des-blisters-plus-responsables-et-fonctionnels\/#primaryimage","url":"https:\/\/www.emballagedigest.fr\/wp-content\/uploads\/2023\/03\/liveo.jpg","contentUrl":"https:\/\/www.emballagedigest.fr\/wp-content\/uploads\/2023\/03\/liveo.jpg","width":800,"height":270},{"@type":"BreadcrumbList","@id":"https:\/\/www.emballagedigest.fr\/vers-des-blisters-plus-responsables-et-fonctionnels\/#breadcrumb","itemListElement":[{"@type":"ListItem","position":1,"name":"Accueil","item":"https:\/\/www.emballagedigest.fr\/"},{"@type":"ListItem","position":2,"name":"Vers des blisters plus responsables et fonctionnels"}]},{"@type":"WebSite","@id":"https:\/\/www.emballagedigest.fr\/#website","url":"https:\/\/www.emballagedigest.fr\/","name":"Emballage Digest","description":"Revue professionnelle sur les emballages","publisher":{"@id":"https:\/\/www.emballagedigest.fr\/#organization"},"potentialAction":[{"@type":"SearchAction","target":{"@type":"EntryPoint","urlTemplate":"https:\/\/www.emballagedigest.fr\/?s={search_term_string}"},"query-input":{"@type":"PropertyValueSpecification","valueRequired":true,"valueName":"search_term_string"}}],"inLanguage":"en-GB"},{"@type":"Organization","@id":"https:\/\/www.emballagedigest.fr\/#organization","name":"Emballage Digest","url":"https:\/\/www.emballagedigest.fr\/","logo":{"@type":"ImageObject","inLanguage":"en-GB","@id":"https:\/\/www.emballagedigest.fr\/#\/schema\/logo\/image\/","url":"https:\/\/www.emballagedigest.fr\/wp-content\/uploads\/2022\/07\/logo-ed.png","contentUrl":"https:\/\/www.emballagedigest.fr\/wp-content\/uploads\/2022\/07\/logo-ed.png","width":379,"height":75,"caption":"Emballage Digest"},"image":{"@id":"https:\/\/www.emballagedigest.fr\/#\/schema\/logo\/image\/"}},{"@type":"Person","@id":"https:\/\/www.emballagedigest.fr\/#\/schema\/person\/76abe9f2b2ee4d3d520594c7a35da59f","name":"Karine Duval","image":{"@type":"ImageObject","inLanguage":"en-GB","@id":"https:\/\/www.emballagedigest.fr\/#\/schema\/person\/image\/","url":"https:\/\/secure.gravatar.com\/avatar\/f552799261cdd2e076e6677d780ef07bdb13aa4c196ab75b39abcbcdcae2d4e5?s=96&d=mm&r=g","contentUrl":"https:\/\/secure.gravatar.com\/avatar\/f552799261cdd2e076e6677d780ef07bdb13aa4c196ab75b39abcbcdcae2d4e5?s=96&d=mm&r=g","caption":"Karine Duval"},"url":"https:\/\/www.emballagedigest.fr\/en\/author\/admin_karduv\/"}]}},"_links":{"self":[{"href":"https:\/\/www.emballagedigest.fr\/en\/wp-json\/wp\/v2\/posts\/36408","targetHints":{"allow":["GET"]}}],"collection":[{"href":"https:\/\/www.emballagedigest.fr\/en\/wp-json\/wp\/v2\/posts"}],"about":[{"href":"https:\/\/www.emballagedigest.fr\/en\/wp-json\/wp\/v2\/types\/post"}],"author":[{"embeddable":true,"href":"https:\/\/www.emballagedigest.fr\/en\/wp-json\/wp\/v2\/users\/2"}],"replies":[{"embeddable":true,"href":"https:\/\/www.emballagedigest.fr\/en\/wp-json\/wp\/v2\/comments?post=36408"}],"version-history":[{"count":1,"href":"https:\/\/www.emballagedigest.fr\/en\/wp-json\/wp\/v2\/posts\/36408\/revisions"}],"predecessor-version":[{"id":36410,"href":"https:\/\/www.emballagedigest.fr\/en\/wp-json\/wp\/v2\/posts\/36408\/revisions\/36410"}],"wp:featuredmedia":[{"embeddable":true,"href":"https:\/\/www.emballagedigest.fr\/en\/wp-json\/wp\/v2\/media\/36409"}],"wp:attachment":[{"href":"https:\/\/www.emballagedigest.fr\/en\/wp-json\/wp\/v2\/media?parent=36408"}],"wp:term":[{"taxonomy":"category","embeddable":true,"href":"https:\/\/www.emballagedigest.fr\/en\/wp-json\/wp\/v2\/categories?post=36408"},{"taxonomy":"post_tag","embeddable":true,"href":"https:\/\/www.emballagedigest.fr\/en\/wp-json\/wp\/v2\/tags?post=36408"}],"curies":[{"name":"wp","href":"https:\/\/api.w.org\/{rel}","templated":true}]}}