{"id":36414,"date":"2023-02-28T14:55:00","date_gmt":"2023-02-28T13:55:00","guid":{"rendered":"https:\/\/www.emballagedigest.fr\/?p=36414"},"modified":"2023-03-02T14:58:39","modified_gmt":"2023-03-02T13:58:39","slug":"de-la-vaisselle-reutilisable-pour-la-restauration-a-emporter","status":"publish","type":"post","link":"https:\/\/www.emballagedigest.fr\/en\/de-la-vaisselle-reutilisable-pour-la-restauration-a-emporter\/","title":{"rendered":"De la vaisselle r\u00e9utilisable pour la restauration \u00e0 emporter"},"content":{"rendered":"<p><strong>Re-uz\u00ae, marque d\u2019Impact Group, d\u00e9ploie une offre de contenants r\u00e9employables made in France, r\u00e9pondant aux besoins du secteur de la CHD (Consommation Hors Domicile) afin de r\u00e9pondre \u00e0 la loi AGEC, qui depuis le 1er janvier 2023, interdit les emballages jetables dans les cha\u00eenes de restauration rapide.<\/strong><br><\/p>\n\n\n\n<p>Gr\u00e2ce \u00e0 ses marques historiques Ecocup\u00ae et GreenCup\u00ae, pionni\u00e8res sur le march\u00e9 de l\u2019\u00e9v\u00e9nementiel, Re-uz\u00ae b\u00e9n\u00e9ficie aujourd\u2019hui d\u2019une solide notori\u00e9t\u00e9. Achat ou location de gobelets r\u00e9employables, personnalisation ou lavage, un large choix de prestations sont offertes. Starbucks a d\u2019ailleurs choisi Re-uz\u00ae pour le lancement de la phase exp\u00e9rimentale de son programme de gobelets consign\u00e9s en France. Forte de plus de 200 partenaires en Belgique, Re-uz\u00ae et ses gobelets Billie Cup\u00ae, quant \u00e0 eux, se d\u00e9ploient en France comme l\u2019illustre leur partenariat avec les caf\u00e9s de la Vall\u00e9e de Chamonix.<\/p>\n\n\n\n<figure class=\"wp-block-image size-full\"><img loading=\"lazy\" decoding=\"async\" width=\"800\" height=\"450\" src=\"https:\/\/www.emballagedigest.fr\/wp-content\/uploads\/2023\/03\/Kiobox-2.jpg\" alt=\"\" class=\"wp-image-36416\" srcset=\"https:\/\/www.emballagedigest.fr\/wp-content\/uploads\/2023\/03\/Kiobox-2.jpg 800w, https:\/\/www.emballagedigest.fr\/wp-content\/uploads\/2023\/03\/Kiobox-2-300x169.jpg 300w, https:\/\/www.emballagedigest.fr\/wp-content\/uploads\/2023\/03\/Kiobox-2-768x432.jpg 768w, https:\/\/www.emballagedigest.fr\/wp-content\/uploads\/2023\/03\/Kiobox-2-18x10.jpg 18w\" sizes=\"auto, (max-width: 800px) 100vw, 800px\" \/><\/figure>\n\n\n\n<p>Disponibles en trois tailles diff\u00e9rentes, ils peuvent \u00eatre utilis\u00e9s jusqu\u2019\u00e0 1 000 fois. Le fonctionnement est simple : contre une caution, les clients des \u00e9tablissements partenaires obtiennent un gobelet r\u00e9employable, qu\u2019ils peuvent ensuite restituer. Ce service est con\u00e7u pour ne pas faire peser de co\u00fbt additionnel aux entreprises participantes, par rapport aux emballages jetables.<\/p>\n\n\n\n<p>Derni\u00e8rement, la gamme Re-uz\u00ae s\u2019est \u00e9largie pour accueillir Kiobox\u00ae. Cette gamme de vaisselle, fabriqu\u00e9e en France, se compose de neuf types de contenants avec couvercles, r\u00e9sistants et r\u00e9employables, l\u00e9gers, empilables et herm\u00e9tiques, tous pens\u00e9s pour valoriser les plats. Pratiques, ils ont \u00e9t\u00e9 con\u00e7us pour passer au lave-vaisselle, au cong\u00e9lateur, au micro-ondes et peuvent \u00eatre utilis\u00e9s au moins 500 fois. La r\u00e9f\u00e9rence a \u00e9t\u00e9 adopt\u00e9e par la cha\u00eene Thai Caf\u00e9.<\/p>","protected":false},"excerpt":{"rendered":"<p>Re-uz\u00ae, marque d\u2019Impact Group, d\u00e9ploie une offre de contenants r\u00e9employables made in France, r\u00e9pondant aux besoins du secteur de la CHD (Consommation Hors Domicile) afin de r\u00e9pondre \u00e0 la loi AGEC, qui depuis le 1er janvier 2023, interdit les emballages jetables dans les cha\u00eenes de restauration rapide. Gr\u00e2ce \u00e0 ses marques historiques Ecocup\u00ae et GreenCup\u00ae, [&hellip;]<\/p>","protected":false},"author":2,"featured_media":36415,"comment_status":"closed","ping_status":"closed","sticky":false,"template":"","format":"standard","meta":{"_acf_changed":false,"inline_featured_image":false,"iawp_total_views":4,"footnotes":""},"categories":[5,26,81,65],"tags":[],"class_list":["post-36414","post","type-post","status-publish","format-standard","has-post-thumbnail","hentry","category-alimentaire","category-laterale","category-packaging","category-vu-dans-le-mag"],"acf":[],"yoast_head":"<!-- This site is optimized with the Yoast SEO plugin v24.4 - https:\/\/yoast.com\/wordpress\/plugins\/seo\/ -->\n<title>De la vaisselle r\u00e9utilisable pour la restauration \u00e0 emporter - Emballage Digest<\/title>\n<meta name=\"robots\" content=\"index, follow, max-snippet:-1, max-image-preview:large, max-video-preview:-1\" \/>\n<link rel=\"canonical\" href=\"https:\/\/www.emballagedigest.fr\/en\/de-la-vaisselle-reutilisable-pour-la-restauration-a-emporter\/\" \/>\n<meta property=\"og:locale\" content=\"en_GB\" \/>\n<meta property=\"og:type\" content=\"article\" \/>\n<meta property=\"og:title\" content=\"De la vaisselle r\u00e9utilisable pour la restauration \u00e0 emporter - Emballage Digest\" \/>\n<meta property=\"og:description\" content=\"Re-uz\u00ae, marque d\u2019Impact Group, d\u00e9ploie une offre de contenants r\u00e9employables made in France, r\u00e9pondant aux besoins du secteur de la CHD (Consommation Hors Domicile) afin de r\u00e9pondre \u00e0 la loi AGEC, qui depuis le 1er janvier 2023, interdit les emballages jetables dans les cha\u00eenes de restauration rapide. Gr\u00e2ce \u00e0 ses marques historiques Ecocup\u00ae et GreenCup\u00ae, [&hellip;]\" \/>\n<meta property=\"og:url\" content=\"https:\/\/www.emballagedigest.fr\/en\/de-la-vaisselle-reutilisable-pour-la-restauration-a-emporter\/\" \/>\n<meta property=\"og:site_name\" content=\"Emballage Digest\" \/>\n<meta property=\"article:published_time\" content=\"2023-02-28T13:55:00+00:00\" \/>\n<meta property=\"article:modified_time\" content=\"2023-03-02T13:58:39+00:00\" \/>\n<meta property=\"og:image\" content=\"https:\/\/www.emballagedigest.fr\/wp-content\/uploads\/2023\/03\/Kiobox-1.jpg\" \/>\n\t<meta property=\"og:image:width\" content=\"800\" \/>\n\t<meta property=\"og:image:height\" content=\"420\" \/>\n\t<meta property=\"og:image:type\" content=\"image\/jpeg\" \/>\n<meta name=\"author\" content=\"Karine Duval\" \/>\n<meta name=\"twitter:card\" content=\"summary_large_image\" \/>\n<meta name=\"twitter:label1\" content=\"Written by\" \/>\n\t<meta name=\"twitter:data1\" content=\"Karine Duval\" \/>\n\t<meta name=\"twitter:label2\" content=\"Estimated reading time\" \/>\n\t<meta name=\"twitter:data2\" content=\"2 minutes\" \/>\n<script type=\"application\/ld+json\" class=\"yoast-schema-graph\">{\"@context\":\"https:\/\/schema.org\",\"@graph\":[{\"@type\":\"Article\",\"@id\":\"https:\/\/www.emballagedigest.fr\/de-la-vaisselle-reutilisable-pour-la-restauration-a-emporter\/#article\",\"isPartOf\":{\"@id\":\"https:\/\/www.emballagedigest.fr\/de-la-vaisselle-reutilisable-pour-la-restauration-a-emporter\/\"},\"author\":{\"name\":\"Karine Duval\",\"@id\":\"https:\/\/www.emballagedigest.fr\/#\/schema\/person\/76abe9f2b2ee4d3d520594c7a35da59f\"},\"headline\":\"De la vaisselle r\u00e9utilisable pour la restauration \u00e0 emporter\",\"datePublished\":\"2023-02-28T13:55:00+00:00\",\"dateModified\":\"2023-03-02T13:58:39+00:00\",\"mainEntityOfPage\":{\"@id\":\"https:\/\/www.emballagedigest.fr\/de-la-vaisselle-reutilisable-pour-la-restauration-a-emporter\/\"},\"wordCount\":303,\"publisher\":{\"@id\":\"https:\/\/www.emballagedigest.fr\/#organization\"},\"image\":{\"@id\":\"https:\/\/www.emballagedigest.fr\/de-la-vaisselle-reutilisable-pour-la-restauration-a-emporter\/#primaryimage\"},\"thumbnailUrl\":\"https:\/\/www.emballagedigest.fr\/wp-content\/uploads\/2023\/03\/Kiobox-1.jpg\",\"articleSection\":[\"Alimentaire\",\"Barre lat\u00e9rale\",\"Packaging\",\"Vu dans le mag\"],\"inLanguage\":\"en-GB\"},{\"@type\":\"WebPage\",\"@id\":\"https:\/\/www.emballagedigest.fr\/de-la-vaisselle-reutilisable-pour-la-restauration-a-emporter\/\",\"url\":\"https:\/\/www.emballagedigest.fr\/de-la-vaisselle-reutilisable-pour-la-restauration-a-emporter\/\",\"name\":\"De la vaisselle r\u00e9utilisable pour la restauration \u00e0 emporter - Emballage Digest\",\"isPartOf\":{\"@id\":\"https:\/\/www.emballagedigest.fr\/#website\"},\"primaryImageOfPage\":{\"@id\":\"https:\/\/www.emballagedigest.fr\/de-la-vaisselle-reutilisable-pour-la-restauration-a-emporter\/#primaryimage\"},\"image\":{\"@id\":\"https:\/\/www.emballagedigest.fr\/de-la-vaisselle-reutilisable-pour-la-restauration-a-emporter\/#primaryimage\"},\"thumbnailUrl\":\"https:\/\/www.emballagedigest.fr\/wp-content\/uploads\/2023\/03\/Kiobox-1.jpg\",\"datePublished\":\"2023-02-28T13:55:00+00:00\",\"dateModified\":\"2023-03-02T13:58:39+00:00\",\"breadcrumb\":{\"@id\":\"https:\/\/www.emballagedigest.fr\/de-la-vaisselle-reutilisable-pour-la-restauration-a-emporter\/#breadcrumb\"},\"inLanguage\":\"en-GB\",\"potentialAction\":[{\"@type\":\"ReadAction\",\"target\":[\"https:\/\/www.emballagedigest.fr\/de-la-vaisselle-reutilisable-pour-la-restauration-a-emporter\/\"]}]},{\"@type\":\"ImageObject\",\"inLanguage\":\"en-GB\",\"@id\":\"https:\/\/www.emballagedigest.fr\/de-la-vaisselle-reutilisable-pour-la-restauration-a-emporter\/#primaryimage\",\"url\":\"https:\/\/www.emballagedigest.fr\/wp-content\/uploads\/2023\/03\/Kiobox-1.jpg\",\"contentUrl\":\"https:\/\/www.emballagedigest.fr\/wp-content\/uploads\/2023\/03\/Kiobox-1.jpg\",\"width\":800,\"height\":420},{\"@type\":\"BreadcrumbList\",\"@id\":\"https:\/\/www.emballagedigest.fr\/de-la-vaisselle-reutilisable-pour-la-restauration-a-emporter\/#breadcrumb\",\"itemListElement\":[{\"@type\":\"ListItem\",\"position\":1,\"name\":\"Accueil\",\"item\":\"https:\/\/www.emballagedigest.fr\/\"},{\"@type\":\"ListItem\",\"position\":2,\"name\":\"De la vaisselle r\u00e9utilisable pour la restauration \u00e0 emporter\"}]},{\"@type\":\"WebSite\",\"@id\":\"https:\/\/www.emballagedigest.fr\/#website\",\"url\":\"https:\/\/www.emballagedigest.fr\/\",\"name\":\"Emballage Digest\",\"description\":\"Revue professionnelle sur les emballages\",\"publisher\":{\"@id\":\"https:\/\/www.emballagedigest.fr\/#organization\"},\"potentialAction\":[{\"@type\":\"SearchAction\",\"target\":{\"@type\":\"EntryPoint\",\"urlTemplate\":\"https:\/\/www.emballagedigest.fr\/?s={search_term_string}\"},\"query-input\":{\"@type\":\"PropertyValueSpecification\",\"valueRequired\":true,\"valueName\":\"search_term_string\"}}],\"inLanguage\":\"en-GB\"},{\"@type\":\"Organization\",\"@id\":\"https:\/\/www.emballagedigest.fr\/#organization\",\"name\":\"Emballage Digest\",\"url\":\"https:\/\/www.emballagedigest.fr\/\",\"logo\":{\"@type\":\"ImageObject\",\"inLanguage\":\"en-GB\",\"@id\":\"https:\/\/www.emballagedigest.fr\/#\/schema\/logo\/image\/\",\"url\":\"https:\/\/www.emballagedigest.fr\/wp-content\/uploads\/2022\/07\/logo-ed.png\",\"contentUrl\":\"https:\/\/www.emballagedigest.fr\/wp-content\/uploads\/2022\/07\/logo-ed.png\",\"width\":379,\"height\":75,\"caption\":\"Emballage Digest\"},\"image\":{\"@id\":\"https:\/\/www.emballagedigest.fr\/#\/schema\/logo\/image\/\"}},{\"@type\":\"Person\",\"@id\":\"https:\/\/www.emballagedigest.fr\/#\/schema\/person\/76abe9f2b2ee4d3d520594c7a35da59f\",\"name\":\"Karine Duval\",\"image\":{\"@type\":\"ImageObject\",\"inLanguage\":\"en-GB\",\"@id\":\"https:\/\/www.emballagedigest.fr\/#\/schema\/person\/image\/\",\"url\":\"https:\/\/secure.gravatar.com\/avatar\/f552799261cdd2e076e6677d780ef07bdb13aa4c196ab75b39abcbcdcae2d4e5?s=96&d=mm&r=g\",\"contentUrl\":\"https:\/\/secure.gravatar.com\/avatar\/f552799261cdd2e076e6677d780ef07bdb13aa4c196ab75b39abcbcdcae2d4e5?s=96&d=mm&r=g\",\"caption\":\"Karine Duval\"},\"url\":\"https:\/\/www.emballagedigest.fr\/en\/author\/admin_karduv\/\"}]}<\/script>\n<!-- \/ Yoast SEO plugin. -->","yoast_head_json":{"title":"De la vaisselle r\u00e9utilisable pour la restauration \u00e0 emporter - Emballage Digest","robots":{"index":"index","follow":"follow","max-snippet":"max-snippet:-1","max-image-preview":"max-image-preview:large","max-video-preview":"max-video-preview:-1"},"canonical":"https:\/\/www.emballagedigest.fr\/en\/de-la-vaisselle-reutilisable-pour-la-restauration-a-emporter\/","og_locale":"en_GB","og_type":"article","og_title":"De la vaisselle r\u00e9utilisable pour la restauration \u00e0 emporter - Emballage Digest","og_description":"Re-uz\u00ae, marque d\u2019Impact Group, d\u00e9ploie une offre de contenants r\u00e9employables made in France, r\u00e9pondant aux besoins du secteur de la CHD (Consommation Hors Domicile) afin de r\u00e9pondre \u00e0 la loi AGEC, qui depuis le 1er janvier 2023, interdit les emballages jetables dans les cha\u00eenes de restauration rapide. Gr\u00e2ce \u00e0 ses marques historiques Ecocup\u00ae et GreenCup\u00ae, [&hellip;]","og_url":"https:\/\/www.emballagedigest.fr\/en\/de-la-vaisselle-reutilisable-pour-la-restauration-a-emporter\/","og_site_name":"Emballage Digest","article_published_time":"2023-02-28T13:55:00+00:00","article_modified_time":"2023-03-02T13:58:39+00:00","og_image":[{"width":800,"height":420,"url":"https:\/\/www.emballagedigest.fr\/wp-content\/uploads\/2023\/03\/Kiobox-1.jpg","type":"image\/jpeg"}],"author":"Karine Duval","twitter_card":"summary_large_image","twitter_misc":{"Written by":"Karine Duval","Estimated reading time":"2 minutes"},"schema":{"@context":"https:\/\/schema.org","@graph":[{"@type":"Article","@id":"https:\/\/www.emballagedigest.fr\/de-la-vaisselle-reutilisable-pour-la-restauration-a-emporter\/#article","isPartOf":{"@id":"https:\/\/www.emballagedigest.fr\/de-la-vaisselle-reutilisable-pour-la-restauration-a-emporter\/"},"author":{"name":"Karine Duval","@id":"https:\/\/www.emballagedigest.fr\/#\/schema\/person\/76abe9f2b2ee4d3d520594c7a35da59f"},"headline":"De la vaisselle r\u00e9utilisable pour la restauration \u00e0 emporter","datePublished":"2023-02-28T13:55:00+00:00","dateModified":"2023-03-02T13:58:39+00:00","mainEntityOfPage":{"@id":"https:\/\/www.emballagedigest.fr\/de-la-vaisselle-reutilisable-pour-la-restauration-a-emporter\/"},"wordCount":303,"publisher":{"@id":"https:\/\/www.emballagedigest.fr\/#organization"},"image":{"@id":"https:\/\/www.emballagedigest.fr\/de-la-vaisselle-reutilisable-pour-la-restauration-a-emporter\/#primaryimage"},"thumbnailUrl":"https:\/\/www.emballagedigest.fr\/wp-content\/uploads\/2023\/03\/Kiobox-1.jpg","articleSection":["Alimentaire","Barre lat\u00e9rale","Packaging","Vu dans le mag"],"inLanguage":"en-GB"},{"@type":"WebPage","@id":"https:\/\/www.emballagedigest.fr\/de-la-vaisselle-reutilisable-pour-la-restauration-a-emporter\/","url":"https:\/\/www.emballagedigest.fr\/de-la-vaisselle-reutilisable-pour-la-restauration-a-emporter\/","name":"De la vaisselle r\u00e9utilisable pour la restauration \u00e0 emporter - Emballage Digest","isPartOf":{"@id":"https:\/\/www.emballagedigest.fr\/#website"},"primaryImageOfPage":{"@id":"https:\/\/www.emballagedigest.fr\/de-la-vaisselle-reutilisable-pour-la-restauration-a-emporter\/#primaryimage"},"image":{"@id":"https:\/\/www.emballagedigest.fr\/de-la-vaisselle-reutilisable-pour-la-restauration-a-emporter\/#primaryimage"},"thumbnailUrl":"https:\/\/www.emballagedigest.fr\/wp-content\/uploads\/2023\/03\/Kiobox-1.jpg","datePublished":"2023-02-28T13:55:00+00:00","dateModified":"2023-03-02T13:58:39+00:00","breadcrumb":{"@id":"https:\/\/www.emballagedigest.fr\/de-la-vaisselle-reutilisable-pour-la-restauration-a-emporter\/#breadcrumb"},"inLanguage":"en-GB","potentialAction":[{"@type":"ReadAction","target":["https:\/\/www.emballagedigest.fr\/de-la-vaisselle-reutilisable-pour-la-restauration-a-emporter\/"]}]},{"@type":"ImageObject","inLanguage":"en-GB","@id":"https:\/\/www.emballagedigest.fr\/de-la-vaisselle-reutilisable-pour-la-restauration-a-emporter\/#primaryimage","url":"https:\/\/www.emballagedigest.fr\/wp-content\/uploads\/2023\/03\/Kiobox-1.jpg","contentUrl":"https:\/\/www.emballagedigest.fr\/wp-content\/uploads\/2023\/03\/Kiobox-1.jpg","width":800,"height":420},{"@type":"BreadcrumbList","@id":"https:\/\/www.emballagedigest.fr\/de-la-vaisselle-reutilisable-pour-la-restauration-a-emporter\/#breadcrumb","itemListElement":[{"@type":"ListItem","position":1,"name":"Accueil","item":"https:\/\/www.emballagedigest.fr\/"},{"@type":"ListItem","position":2,"name":"De la vaisselle r\u00e9utilisable pour la restauration \u00e0 emporter"}]},{"@type":"WebSite","@id":"https:\/\/www.emballagedigest.fr\/#website","url":"https:\/\/www.emballagedigest.fr\/","name":"Emballage Digest","description":"Revue professionnelle sur les emballages","publisher":{"@id":"https:\/\/www.emballagedigest.fr\/#organization"},"potentialAction":[{"@type":"SearchAction","target":{"@type":"EntryPoint","urlTemplate":"https:\/\/www.emballagedigest.fr\/?s={search_term_string}"},"query-input":{"@type":"PropertyValueSpecification","valueRequired":true,"valueName":"search_term_string"}}],"inLanguage":"en-GB"},{"@type":"Organization","@id":"https:\/\/www.emballagedigest.fr\/#organization","name":"Emballage Digest","url":"https:\/\/www.emballagedigest.fr\/","logo":{"@type":"ImageObject","inLanguage":"en-GB","@id":"https:\/\/www.emballagedigest.fr\/#\/schema\/logo\/image\/","url":"https:\/\/www.emballagedigest.fr\/wp-content\/uploads\/2022\/07\/logo-ed.png","contentUrl":"https:\/\/www.emballagedigest.fr\/wp-content\/uploads\/2022\/07\/logo-ed.png","width":379,"height":75,"caption":"Emballage Digest"},"image":{"@id":"https:\/\/www.emballagedigest.fr\/#\/schema\/logo\/image\/"}},{"@type":"Person","@id":"https:\/\/www.emballagedigest.fr\/#\/schema\/person\/76abe9f2b2ee4d3d520594c7a35da59f","name":"Karine Duval","image":{"@type":"ImageObject","inLanguage":"en-GB","@id":"https:\/\/www.emballagedigest.fr\/#\/schema\/person\/image\/","url":"https:\/\/secure.gravatar.com\/avatar\/f552799261cdd2e076e6677d780ef07bdb13aa4c196ab75b39abcbcdcae2d4e5?s=96&d=mm&r=g","contentUrl":"https:\/\/secure.gravatar.com\/avatar\/f552799261cdd2e076e6677d780ef07bdb13aa4c196ab75b39abcbcdcae2d4e5?s=96&d=mm&r=g","caption":"Karine Duval"},"url":"https:\/\/www.emballagedigest.fr\/en\/author\/admin_karduv\/"}]}},"_links":{"self":[{"href":"https:\/\/www.emballagedigest.fr\/en\/wp-json\/wp\/v2\/posts\/36414","targetHints":{"allow":["GET"]}}],"collection":[{"href":"https:\/\/www.emballagedigest.fr\/en\/wp-json\/wp\/v2\/posts"}],"about":[{"href":"https:\/\/www.emballagedigest.fr\/en\/wp-json\/wp\/v2\/types\/post"}],"author":[{"embeddable":true,"href":"https:\/\/www.emballagedigest.fr\/en\/wp-json\/wp\/v2\/users\/2"}],"replies":[{"embeddable":true,"href":"https:\/\/www.emballagedigest.fr\/en\/wp-json\/wp\/v2\/comments?post=36414"}],"version-history":[{"count":1,"href":"https:\/\/www.emballagedigest.fr\/en\/wp-json\/wp\/v2\/posts\/36414\/revisions"}],"predecessor-version":[{"id":36417,"href":"https:\/\/www.emballagedigest.fr\/en\/wp-json\/wp\/v2\/posts\/36414\/revisions\/36417"}],"wp:featuredmedia":[{"embeddable":true,"href":"https:\/\/www.emballagedigest.fr\/en\/wp-json\/wp\/v2\/media\/36415"}],"wp:attachment":[{"href":"https:\/\/www.emballagedigest.fr\/en\/wp-json\/wp\/v2\/media?parent=36414"}],"wp:term":[{"taxonomy":"category","embeddable":true,"href":"https:\/\/www.emballagedigest.fr\/en\/wp-json\/wp\/v2\/categories?post=36414"},{"taxonomy":"post_tag","embeddable":true,"href":"https:\/\/www.emballagedigest.fr\/en\/wp-json\/wp\/v2\/tags?post=36414"}],"curies":[{"name":"wp","href":"https:\/\/api.w.org\/{rel}","templated":true}]}}