{"id":36799,"date":"2023-04-03T09:11:17","date_gmt":"2023-04-03T07:11:17","guid":{"rendered":"https:\/\/www.emballagedigest.fr\/?p=36799"},"modified":"2023-04-04T08:07:56","modified_gmt":"2023-04-04T06:07:56","slug":"cce-international-inprint-munich-et-ice-europe-cloturent-ledition-2023-en-beaute","status":"publish","type":"post","link":"https:\/\/www.emballagedigest.fr\/en\/cce-international-inprint-munich-et-ice-europe-cloturent-ledition-2023-en-beaute\/","title":{"rendered":"CCE International, InPrint Munich et ICE Europe cl\u00f4turent l\u2019\u00e9dition 2023 en beaut\u00e9"},"content":{"rendered":"<p><strong>Du 14 au 16 mars, les trois salons ICE Europe, CCE International et InPrint Munich ont attir\u00e9 6944 visiteurs professionnels de 78 pays, soit une hausse de fr\u00e9quentation de 23% par rapport \u00e0 2022.<\/strong><\/p>\n\n\n\n<p>Couvrant l&rsquo;industrie du carton ondul\u00e9, de l&rsquo;impression industrielle et de la transformation, 438 exposants de 24 pays ont pu mettre en avant leurs produits et services sur une surface d&rsquo;exposition de plus de 11 300 m<sup>2<\/sup>.&nbsp; Les visiteurs provenaient d&rsquo;Allemagne, d&rsquo;Italie, d&rsquo;Autriche, de Suisse, du Royaume-Uni, de Pologne, d&rsquo;Espagne, de R\u00e9publique tch\u00e8que, de France, de Turquie et des Pays-Bas.<\/p>\n\n\n\n<p><strong>Plusieurs secteurs \u00e9taient repr\u00e9sent\u00e9s\u00a0: \u00a0<\/strong><\/p>\n\n\n\n<p>\u2022 Impression, emballage, usines de carton ondul\u00e9 et usines de feuilles, conception et sp\u00e9cification d&#8217;emballages, transformateurs de bo\u00eetes pliantes, margeurs de feuilles ondul\u00e9es, imagerie de surface, automobile, appareils \u00e9lectriques et \u00e9lectroniques, fabricants de bo\u00eetes rigides (CCE International \/ InPrint Munich).<\/p>\n\n\n\n<p>\u2022 Emballage, ing\u00e9nierie, impression, plastique, papier, chimie, automobile, textile\/non-tiss\u00e9, \u00e9lectronique, pharmacie\/sant\u00e9\/m\u00e9dical, et autres (ICE Europe).<\/p>\n\n\n\n<p>C\u00f4t\u00e9 prix, la c\u00e9r\u00e9monie des ICE Awards a r\u00e9compens\u00e9 trois exposants du salon lors d\u2019une c\u00e9r\u00e9monie de remise des prix organis\u00e9e par RX et, pour la premi\u00e8re fois, en coop\u00e9ration avec C2 Magazines. Dienes Werke f\u00fcr Maschinenteile a obtenu la majorit\u00e9 des votes dans la cat\u00e9gorie \u00ab&nbsp;Digital Converting Solutions&nbsp;\u00bb et a remport\u00e9 un ICE Award pour son TEOC (\u00ab\u00a0The End of Coincidences\u00a0\u00bb). Dans la cat\u00e9gorie \u00ab&nbsp;Produits et processus de transformation durables&nbsp;\u00bb, la soci\u00e9t\u00e9 Inometa a remport\u00e9 le prix ICE pour son rouleau chauffant. Enfin, la soci\u00e9t\u00e9 tesa SE a remport\u00e9 le prix ICE dans la cat\u00e9gorie \u00ab&nbsp;Solutions de production efficaces&nbsp;\u00bb pour son rouleau d&#8217;emballage tr\u00e8s r\u00e9sistant (tesa Printer&rsquo;s Friend 4863).<\/p>\n\n\n\n<p>La prochaine \u00e9dition des ICE Europe \/ CCE International et InPrint Munich se tiendra \u00e0 nouveau du 11 au 13 mars 2025, au parc des expositions de Munich.<\/p>","protected":false},"excerpt":{"rendered":"<p>Du 14 au 16 mars, les trois salons ICE Europe, CCE International et InPrint Munich ont attir\u00e9 6944 visiteurs professionnels de 78 pays, soit une hausse de fr\u00e9quentation de 23% par rapport \u00e0 2022. Couvrant l&rsquo;industrie du carton ondul\u00e9, de l&rsquo;impression industrielle et de la transformation, 438 exposants de 24 pays ont pu mettre en [&hellip;]<\/p>","protected":false},"author":2,"featured_media":36800,"comment_status":"closed","ping_status":"closed","sticky":false,"template":"","format":"standard","meta":{"_acf_changed":false,"inline_featured_image":false,"iawp_total_views":0,"footnotes":""},"categories":[28,9,72],"tags":[],"class_list":["post-36799","post","type-post","status-publish","format-standard","has-post-thumbnail","hentry","category-article-entier","category-materiel","category-salon"],"acf":[],"yoast_head":"<!-- This site is optimized with the Yoast SEO plugin v24.4 - https:\/\/yoast.com\/wordpress\/plugins\/seo\/ -->\n<title>CCE International, InPrint Munich et ICE Europe cl\u00f4turent l\u2019\u00e9dition 2023 en beaut\u00e9 - Emballage Digest<\/title>\n<meta name=\"robots\" content=\"index, follow, max-snippet:-1, max-image-preview:large, max-video-preview:-1\" \/>\n<link rel=\"canonical\" href=\"https:\/\/www.emballagedigest.fr\/en\/cce-international-inprint-munich-et-ice-europe-cloturent-ledition-2023-en-beaute\/\" \/>\n<meta property=\"og:locale\" content=\"en_GB\" \/>\n<meta property=\"og:type\" content=\"article\" \/>\n<meta property=\"og:title\" content=\"CCE International, InPrint Munich et ICE Europe cl\u00f4turent l\u2019\u00e9dition 2023 en beaut\u00e9 - Emballage Digest\" \/>\n<meta property=\"og:description\" content=\"Du 14 au 16 mars, les trois salons ICE Europe, CCE International et InPrint Munich ont attir\u00e9 6944 visiteurs professionnels de 78 pays, soit une hausse de fr\u00e9quentation de 23% par rapport \u00e0 2022. Couvrant l&rsquo;industrie du carton ondul\u00e9, de l&rsquo;impression industrielle et de la transformation, 438 exposants de 24 pays ont pu mettre en [&hellip;]\" \/>\n<meta property=\"og:url\" content=\"https:\/\/www.emballagedigest.fr\/en\/cce-international-inprint-munich-et-ice-europe-cloturent-ledition-2023-en-beaute\/\" \/>\n<meta property=\"og:site_name\" content=\"Emballage Digest\" \/>\n<meta property=\"article:published_time\" content=\"2023-04-03T07:11:17+00:00\" \/>\n<meta property=\"article:modified_time\" content=\"2023-04-04T06:07:56+00:00\" \/>\n<meta property=\"og:image\" content=\"https:\/\/www.emballagedigest.fr\/wp-content\/uploads\/2023\/04\/ICE.jpg\" \/>\n\t<meta property=\"og:image:width\" content=\"800\" \/>\n\t<meta property=\"og:image:height\" content=\"453\" \/>\n\t<meta property=\"og:image:type\" content=\"image\/jpeg\" \/>\n<meta name=\"author\" content=\"Karine Duval\" \/>\n<meta name=\"twitter:card\" content=\"summary_large_image\" \/>\n<meta name=\"twitter:label1\" content=\"Written by\" \/>\n\t<meta name=\"twitter:data1\" content=\"Karine Duval\" \/>\n\t<meta name=\"twitter:label2\" content=\"Estimated reading time\" \/>\n\t<meta name=\"twitter:data2\" content=\"2 minutes\" \/>\n<script type=\"application\/ld+json\" class=\"yoast-schema-graph\">{\"@context\":\"https:\/\/schema.org\",\"@graph\":[{\"@type\":\"Article\",\"@id\":\"https:\/\/www.emballagedigest.fr\/cce-international-inprint-munich-et-ice-europe-cloturent-ledition-2023-en-beaute\/#article\",\"isPartOf\":{\"@id\":\"https:\/\/www.emballagedigest.fr\/cce-international-inprint-munich-et-ice-europe-cloturent-ledition-2023-en-beaute\/\"},\"author\":{\"name\":\"Karine Duval\",\"@id\":\"https:\/\/www.emballagedigest.fr\/#\/schema\/person\/76abe9f2b2ee4d3d520594c7a35da59f\"},\"headline\":\"CCE International, InPrint Munich et ICE Europe cl\u00f4turent l\u2019\u00e9dition 2023 en beaut\u00e9\",\"datePublished\":\"2023-04-03T07:11:17+00:00\",\"dateModified\":\"2023-04-04T06:07:56+00:00\",\"mainEntityOfPage\":{\"@id\":\"https:\/\/www.emballagedigest.fr\/cce-international-inprint-munich-et-ice-europe-cloturent-ledition-2023-en-beaute\/\"},\"wordCount\":332,\"publisher\":{\"@id\":\"https:\/\/www.emballagedigest.fr\/#organization\"},\"image\":{\"@id\":\"https:\/\/www.emballagedigest.fr\/cce-international-inprint-munich-et-ice-europe-cloturent-ledition-2023-en-beaute\/#primaryimage\"},\"thumbnailUrl\":\"https:\/\/www.emballagedigest.fr\/wp-content\/uploads\/2023\/04\/ICE.jpg\",\"articleSection\":[\"Article entier\",\"Mat\u00e9riel\",\"Salon\"],\"inLanguage\":\"en-GB\"},{\"@type\":\"WebPage\",\"@id\":\"https:\/\/www.emballagedigest.fr\/cce-international-inprint-munich-et-ice-europe-cloturent-ledition-2023-en-beaute\/\",\"url\":\"https:\/\/www.emballagedigest.fr\/cce-international-inprint-munich-et-ice-europe-cloturent-ledition-2023-en-beaute\/\",\"name\":\"CCE International, InPrint Munich et ICE Europe cl\u00f4turent l\u2019\u00e9dition 2023 en beaut\u00e9 - Emballage Digest\",\"isPartOf\":{\"@id\":\"https:\/\/www.emballagedigest.fr\/#website\"},\"primaryImageOfPage\":{\"@id\":\"https:\/\/www.emballagedigest.fr\/cce-international-inprint-munich-et-ice-europe-cloturent-ledition-2023-en-beaute\/#primaryimage\"},\"image\":{\"@id\":\"https:\/\/www.emballagedigest.fr\/cce-international-inprint-munich-et-ice-europe-cloturent-ledition-2023-en-beaute\/#primaryimage\"},\"thumbnailUrl\":\"https:\/\/www.emballagedigest.fr\/wp-content\/uploads\/2023\/04\/ICE.jpg\",\"datePublished\":\"2023-04-03T07:11:17+00:00\",\"dateModified\":\"2023-04-04T06:07:56+00:00\",\"breadcrumb\":{\"@id\":\"https:\/\/www.emballagedigest.fr\/cce-international-inprint-munich-et-ice-europe-cloturent-ledition-2023-en-beaute\/#breadcrumb\"},\"inLanguage\":\"en-GB\",\"potentialAction\":[{\"@type\":\"ReadAction\",\"target\":[\"https:\/\/www.emballagedigest.fr\/cce-international-inprint-munich-et-ice-europe-cloturent-ledition-2023-en-beaute\/\"]}]},{\"@type\":\"ImageObject\",\"inLanguage\":\"en-GB\",\"@id\":\"https:\/\/www.emballagedigest.fr\/cce-international-inprint-munich-et-ice-europe-cloturent-ledition-2023-en-beaute\/#primaryimage\",\"url\":\"https:\/\/www.emballagedigest.fr\/wp-content\/uploads\/2023\/04\/ICE.jpg\",\"contentUrl\":\"https:\/\/www.emballagedigest.fr\/wp-content\/uploads\/2023\/04\/ICE.jpg\",\"width\":800,\"height\":453},{\"@type\":\"BreadcrumbList\",\"@id\":\"https:\/\/www.emballagedigest.fr\/cce-international-inprint-munich-et-ice-europe-cloturent-ledition-2023-en-beaute\/#breadcrumb\",\"itemListElement\":[{\"@type\":\"ListItem\",\"position\":1,\"name\":\"Accueil\",\"item\":\"https:\/\/www.emballagedigest.fr\/\"},{\"@type\":\"ListItem\",\"position\":2,\"name\":\"CCE International, InPrint Munich et ICE Europe cl\u00f4turent l\u2019\u00e9dition 2023 en beaut\u00e9\"}]},{\"@type\":\"WebSite\",\"@id\":\"https:\/\/www.emballagedigest.fr\/#website\",\"url\":\"https:\/\/www.emballagedigest.fr\/\",\"name\":\"Emballage Digest\",\"description\":\"Revue professionnelle sur les emballages\",\"publisher\":{\"@id\":\"https:\/\/www.emballagedigest.fr\/#organization\"},\"potentialAction\":[{\"@type\":\"SearchAction\",\"target\":{\"@type\":\"EntryPoint\",\"urlTemplate\":\"https:\/\/www.emballagedigest.fr\/?s={search_term_string}\"},\"query-input\":{\"@type\":\"PropertyValueSpecification\",\"valueRequired\":true,\"valueName\":\"search_term_string\"}}],\"inLanguage\":\"en-GB\"},{\"@type\":\"Organization\",\"@id\":\"https:\/\/www.emballagedigest.fr\/#organization\",\"name\":\"Emballage Digest\",\"url\":\"https:\/\/www.emballagedigest.fr\/\",\"logo\":{\"@type\":\"ImageObject\",\"inLanguage\":\"en-GB\",\"@id\":\"https:\/\/www.emballagedigest.fr\/#\/schema\/logo\/image\/\",\"url\":\"https:\/\/www.emballagedigest.fr\/wp-content\/uploads\/2022\/07\/logo-ed.png\",\"contentUrl\":\"https:\/\/www.emballagedigest.fr\/wp-content\/uploads\/2022\/07\/logo-ed.png\",\"width\":379,\"height\":75,\"caption\":\"Emballage Digest\"},\"image\":{\"@id\":\"https:\/\/www.emballagedigest.fr\/#\/schema\/logo\/image\/\"}},{\"@type\":\"Person\",\"@id\":\"https:\/\/www.emballagedigest.fr\/#\/schema\/person\/76abe9f2b2ee4d3d520594c7a35da59f\",\"name\":\"Karine Duval\",\"image\":{\"@type\":\"ImageObject\",\"inLanguage\":\"en-GB\",\"@id\":\"https:\/\/www.emballagedigest.fr\/#\/schema\/person\/image\/\",\"url\":\"https:\/\/secure.gravatar.com\/avatar\/f552799261cdd2e076e6677d780ef07bdb13aa4c196ab75b39abcbcdcae2d4e5?s=96&d=mm&r=g\",\"contentUrl\":\"https:\/\/secure.gravatar.com\/avatar\/f552799261cdd2e076e6677d780ef07bdb13aa4c196ab75b39abcbcdcae2d4e5?s=96&d=mm&r=g\",\"caption\":\"Karine Duval\"},\"url\":\"https:\/\/www.emballagedigest.fr\/en\/author\/admin_karduv\/\"}]}<\/script>\n<!-- \/ Yoast SEO plugin. -->","yoast_head_json":{"title":"CCE International, InPrint Munich et ICE Europe cl\u00f4turent l\u2019\u00e9dition 2023 en beaut\u00e9 - Emballage Digest","robots":{"index":"index","follow":"follow","max-snippet":"max-snippet:-1","max-image-preview":"max-image-preview:large","max-video-preview":"max-video-preview:-1"},"canonical":"https:\/\/www.emballagedigest.fr\/en\/cce-international-inprint-munich-et-ice-europe-cloturent-ledition-2023-en-beaute\/","og_locale":"en_GB","og_type":"article","og_title":"CCE International, InPrint Munich et ICE Europe cl\u00f4turent l\u2019\u00e9dition 2023 en beaut\u00e9 - Emballage Digest","og_description":"Du 14 au 16 mars, les trois salons ICE Europe, CCE International et InPrint Munich ont attir\u00e9 6944 visiteurs professionnels de 78 pays, soit une hausse de fr\u00e9quentation de 23% par rapport \u00e0 2022. Couvrant l&rsquo;industrie du carton ondul\u00e9, de l&rsquo;impression industrielle et de la transformation, 438 exposants de 24 pays ont pu mettre en [&hellip;]","og_url":"https:\/\/www.emballagedigest.fr\/en\/cce-international-inprint-munich-et-ice-europe-cloturent-ledition-2023-en-beaute\/","og_site_name":"Emballage Digest","article_published_time":"2023-04-03T07:11:17+00:00","article_modified_time":"2023-04-04T06:07:56+00:00","og_image":[{"width":800,"height":453,"url":"https:\/\/www.emballagedigest.fr\/wp-content\/uploads\/2023\/04\/ICE.jpg","type":"image\/jpeg"}],"author":"Karine Duval","twitter_card":"summary_large_image","twitter_misc":{"Written by":"Karine Duval","Estimated reading time":"2 minutes"},"schema":{"@context":"https:\/\/schema.org","@graph":[{"@type":"Article","@id":"https:\/\/www.emballagedigest.fr\/cce-international-inprint-munich-et-ice-europe-cloturent-ledition-2023-en-beaute\/#article","isPartOf":{"@id":"https:\/\/www.emballagedigest.fr\/cce-international-inprint-munich-et-ice-europe-cloturent-ledition-2023-en-beaute\/"},"author":{"name":"Karine Duval","@id":"https:\/\/www.emballagedigest.fr\/#\/schema\/person\/76abe9f2b2ee4d3d520594c7a35da59f"},"headline":"CCE International, InPrint Munich et ICE Europe cl\u00f4turent l\u2019\u00e9dition 2023 en beaut\u00e9","datePublished":"2023-04-03T07:11:17+00:00","dateModified":"2023-04-04T06:07:56+00:00","mainEntityOfPage":{"@id":"https:\/\/www.emballagedigest.fr\/cce-international-inprint-munich-et-ice-europe-cloturent-ledition-2023-en-beaute\/"},"wordCount":332,"publisher":{"@id":"https:\/\/www.emballagedigest.fr\/#organization"},"image":{"@id":"https:\/\/www.emballagedigest.fr\/cce-international-inprint-munich-et-ice-europe-cloturent-ledition-2023-en-beaute\/#primaryimage"},"thumbnailUrl":"https:\/\/www.emballagedigest.fr\/wp-content\/uploads\/2023\/04\/ICE.jpg","articleSection":["Article entier","Mat\u00e9riel","Salon"],"inLanguage":"en-GB"},{"@type":"WebPage","@id":"https:\/\/www.emballagedigest.fr\/cce-international-inprint-munich-et-ice-europe-cloturent-ledition-2023-en-beaute\/","url":"https:\/\/www.emballagedigest.fr\/cce-international-inprint-munich-et-ice-europe-cloturent-ledition-2023-en-beaute\/","name":"CCE International, InPrint Munich et ICE Europe cl\u00f4turent l\u2019\u00e9dition 2023 en beaut\u00e9 - Emballage Digest","isPartOf":{"@id":"https:\/\/www.emballagedigest.fr\/#website"},"primaryImageOfPage":{"@id":"https:\/\/www.emballagedigest.fr\/cce-international-inprint-munich-et-ice-europe-cloturent-ledition-2023-en-beaute\/#primaryimage"},"image":{"@id":"https:\/\/www.emballagedigest.fr\/cce-international-inprint-munich-et-ice-europe-cloturent-ledition-2023-en-beaute\/#primaryimage"},"thumbnailUrl":"https:\/\/www.emballagedigest.fr\/wp-content\/uploads\/2023\/04\/ICE.jpg","datePublished":"2023-04-03T07:11:17+00:00","dateModified":"2023-04-04T06:07:56+00:00","breadcrumb":{"@id":"https:\/\/www.emballagedigest.fr\/cce-international-inprint-munich-et-ice-europe-cloturent-ledition-2023-en-beaute\/#breadcrumb"},"inLanguage":"en-GB","potentialAction":[{"@type":"ReadAction","target":["https:\/\/www.emballagedigest.fr\/cce-international-inprint-munich-et-ice-europe-cloturent-ledition-2023-en-beaute\/"]}]},{"@type":"ImageObject","inLanguage":"en-GB","@id":"https:\/\/www.emballagedigest.fr\/cce-international-inprint-munich-et-ice-europe-cloturent-ledition-2023-en-beaute\/#primaryimage","url":"https:\/\/www.emballagedigest.fr\/wp-content\/uploads\/2023\/04\/ICE.jpg","contentUrl":"https:\/\/www.emballagedigest.fr\/wp-content\/uploads\/2023\/04\/ICE.jpg","width":800,"height":453},{"@type":"BreadcrumbList","@id":"https:\/\/www.emballagedigest.fr\/cce-international-inprint-munich-et-ice-europe-cloturent-ledition-2023-en-beaute\/#breadcrumb","itemListElement":[{"@type":"ListItem","position":1,"name":"Accueil","item":"https:\/\/www.emballagedigest.fr\/"},{"@type":"ListItem","position":2,"name":"CCE International, InPrint Munich et ICE Europe cl\u00f4turent l\u2019\u00e9dition 2023 en beaut\u00e9"}]},{"@type":"WebSite","@id":"https:\/\/www.emballagedigest.fr\/#website","url":"https:\/\/www.emballagedigest.fr\/","name":"Emballage Digest","description":"Revue professionnelle sur les emballages","publisher":{"@id":"https:\/\/www.emballagedigest.fr\/#organization"},"potentialAction":[{"@type":"SearchAction","target":{"@type":"EntryPoint","urlTemplate":"https:\/\/www.emballagedigest.fr\/?s={search_term_string}"},"query-input":{"@type":"PropertyValueSpecification","valueRequired":true,"valueName":"search_term_string"}}],"inLanguage":"en-GB"},{"@type":"Organization","@id":"https:\/\/www.emballagedigest.fr\/#organization","name":"Emballage Digest","url":"https:\/\/www.emballagedigest.fr\/","logo":{"@type":"ImageObject","inLanguage":"en-GB","@id":"https:\/\/www.emballagedigest.fr\/#\/schema\/logo\/image\/","url":"https:\/\/www.emballagedigest.fr\/wp-content\/uploads\/2022\/07\/logo-ed.png","contentUrl":"https:\/\/www.emballagedigest.fr\/wp-content\/uploads\/2022\/07\/logo-ed.png","width":379,"height":75,"caption":"Emballage Digest"},"image":{"@id":"https:\/\/www.emballagedigest.fr\/#\/schema\/logo\/image\/"}},{"@type":"Person","@id":"https:\/\/www.emballagedigest.fr\/#\/schema\/person\/76abe9f2b2ee4d3d520594c7a35da59f","name":"Karine Duval","image":{"@type":"ImageObject","inLanguage":"en-GB","@id":"https:\/\/www.emballagedigest.fr\/#\/schema\/person\/image\/","url":"https:\/\/secure.gravatar.com\/avatar\/f552799261cdd2e076e6677d780ef07bdb13aa4c196ab75b39abcbcdcae2d4e5?s=96&d=mm&r=g","contentUrl":"https:\/\/secure.gravatar.com\/avatar\/f552799261cdd2e076e6677d780ef07bdb13aa4c196ab75b39abcbcdcae2d4e5?s=96&d=mm&r=g","caption":"Karine Duval"},"url":"https:\/\/www.emballagedigest.fr\/en\/author\/admin_karduv\/"}]}},"_links":{"self":[{"href":"https:\/\/www.emballagedigest.fr\/en\/wp-json\/wp\/v2\/posts\/36799","targetHints":{"allow":["GET"]}}],"collection":[{"href":"https:\/\/www.emballagedigest.fr\/en\/wp-json\/wp\/v2\/posts"}],"about":[{"href":"https:\/\/www.emballagedigest.fr\/en\/wp-json\/wp\/v2\/types\/post"}],"author":[{"embeddable":true,"href":"https:\/\/www.emballagedigest.fr\/en\/wp-json\/wp\/v2\/users\/2"}],"replies":[{"embeddable":true,"href":"https:\/\/www.emballagedigest.fr\/en\/wp-json\/wp\/v2\/comments?post=36799"}],"version-history":[{"count":1,"href":"https:\/\/www.emballagedigest.fr\/en\/wp-json\/wp\/v2\/posts\/36799\/revisions"}],"predecessor-version":[{"id":36801,"href":"https:\/\/www.emballagedigest.fr\/en\/wp-json\/wp\/v2\/posts\/36799\/revisions\/36801"}],"wp:featuredmedia":[{"embeddable":true,"href":"https:\/\/www.emballagedigest.fr\/en\/wp-json\/wp\/v2\/media\/36800"}],"wp:attachment":[{"href":"https:\/\/www.emballagedigest.fr\/en\/wp-json\/wp\/v2\/media?parent=36799"}],"wp:term":[{"taxonomy":"category","embeddable":true,"href":"https:\/\/www.emballagedigest.fr\/en\/wp-json\/wp\/v2\/categories?post=36799"},{"taxonomy":"post_tag","embeddable":true,"href":"https:\/\/www.emballagedigest.fr\/en\/wp-json\/wp\/v2\/tags?post=36799"}],"curies":[{"name":"wp","href":"https:\/\/api.w.org\/{rel}","templated":true}]}}