{"id":37104,"date":"2023-04-26T15:59:00","date_gmt":"2023-04-26T13:59:00","guid":{"rendered":"https:\/\/www.emballagedigest.fr\/?p=37104"},"modified":"2023-04-27T16:02:28","modified_gmt":"2023-04-27T14:02:28","slug":"multivac-france-inaugure-son-nouveau-siege-social","status":"publish","type":"post","link":"https:\/\/www.emballagedigest.fr\/en\/multivac-france-inaugure-son-nouveau-siege-social\/","title":{"rendered":"Multivac France inaugure son nouveau si\u00e8ge social"},"content":{"rendered":"<p><strong>D\u00e9but avril, Multivac France inaugurait \u2013 en pr\u00e9sence de la direction allemande du groupe dont le pdg Christian Traumann, de ses partenaires et clients \u2013 son nouveau si\u00e8ge social bas\u00e9, au c\u0153ur de Val d\u2019Europe, \u00e0 Bailly-Romainvilliers, en r\u00e9gion parisienne. L\u2019occasion de faire le point sur l\u2019activit\u00e9 de la filiale fran\u00e7aise.<\/strong><\/p>\n\n\n\n<p>Quelques mois apr\u00e8s avoir c\u00e9l\u00e9br\u00e9 son 50<sup>e<\/sup> anniversaire, Multivac France inaugurait \u2013 non sans fiert\u00e9 \u2013 ses locaux flambant neufs\u00e0 Bailly-Romainvilliers (Seine-et-Marne). Le nouveau si\u00e8ge social \u2013 sur une superficie de plus de 3000 m\u00b2 \u2013 accueille d\u00e9sormais services administratifs, support technique et commercial de la filiale, bas\u00e9s depuis 1992, \u00e0 quelques kilom\u00e8tres de l\u00e0, sur le site de Saint-Thibault-Vignes. Un an et demi de travaux auront \u00e9t\u00e9 n\u00e9cessaires \u00e0 la construction du b\u00e2timent pour lequel une enveloppe de 7 millions d\u2019euros a \u00e9t\u00e9 d\u00e9bloqu\u00e9e par le constructeur allemand. \u00abNous avons voulu un site moderne, \u00e9quip\u00e9 d\u2019un mobilier ergonomique avec tables \u00e9lectroniques, afin d\u2019offrir les meilleures conditions de travail possibles \u00e0 nos \u00e9quipes. Multivac France pilote, pour rappel, une \u00e9quipe de dix ing\u00e9nieurs commerciaux et une cinquantaine de techniciens\u00bb, indique Christophe Charoy, pr\u00e9sident de Multivac France. Le site abrite \u00e9galement un nouveau showroom, une cuisineet des laboratoires de test ainsi qu\u2019un centre de formation. En effet, la filiale fran\u00e7aise \u2013 certifi\u00e9e Qualiopi \u2013 forme chaque ann\u00e9e 300 apprenants sur ses machines Multivac.<\/p>\n\n\n\n<p><strong>Un showroom, vitrine du savoir-faire technique Multivac<\/strong><br>Sur une centaine de m\u00e8tres carr\u00e9s, l\u2019espace showroomaccueille plusieurs lignes du portefeuille du constructeur, des machines \u00e0 cloche aux thermoformeuses en passant par des operculeuses. En \u00abguest star\u00bb, la thermoformeuse RX 4.0 se fait \u00e9cho de la nouvelle g\u00e9n\u00e9ration de machines baptis\u00e9e X-line. Equip\u00e9e du syst\u00e8me Multi Sensor Control et de capteurs assurant une d\u00e9tection de param\u00e8tres cl\u00e9s comme le formage, la mise sous vide ou encore la soudure, la machine gagne en \u00abintelligence\u00bb\u00a0: en effet, les \u00e9carts dus au produit ou au syst\u00e8me sont automatiquement compens\u00e9s ; les erreurs de r\u00e9glage faites par l\u2019op\u00e9rateur d\u00e9tect\u00e9es et affich\u00e9es. \u00abAutre point fort\u00a0: tous les composants d\u2019outillage sont cod\u00e9s et peuvent \u00eatre identifi\u00e9s par la machine. Des capteurs garantissent que le format utilis\u00e9 est le bon lors du changement d\u2019outil. Une fois l\u2019outillage correctement install\u00e9, la machine se param\u00e8tre automatiquement\u00bb, d\u00e9crit Jean-Fran\u00e7ois Germain, Multivac France.<br>Avec ce nouveau showroom, la filiale souhaite mettre \u00e0 disposition de ses clients un espace de d\u00e9monstration mais aussi de test de leurs produits, en grandeur r\u00e9elle. \u00abL\u2019espace illustre l\u2019\u00e9tendue de notre portefeuille. Multivac promeut les solutions compl\u00e8tes, du trancheur \u00e0 la palettisation en passant par l\u2019emballage, le marquage ou encore l\u2019encaissement automatique. Avec le plus important nombre de brevets par an dans le secteur, nous avons pour ambition de d\u00e9passer l\u2019image d\u2019un simple fabricant de machines pour nous positionner comme un fournisseur de solutions globales dans les secteurs de l\u2019alimentaire, du m\u00e9dical, de la pharmacie et des biens industriels\u00bb, explique Christophe Charoy.<\/p>\n\n\n\n<p><strong>Privil\u00e9gier les services clients de proximit\u00e9<\/strong><br>Fort d\u2019un effectif de 120 personnes, Multivac France a fait de sa pr\u00e9sence r\u00e9gionale, une priorit\u00e9. \u00abTrois quarts de nos employ\u00e9s sont d\u00e9ploy\u00e9s en r\u00e9gions, pr\u00e8s de nos clients, pour r\u00e9pondre \u00e0 leurs besoins de fa\u00e7on r\u00e9active\u00bb, explique Martin Taube, fraichement nomm\u00e9 au poste de directeur g\u00e9n\u00e9ral de Multivac France, et amen\u00e9 \u00e0 prendre la succession de Christophe Charoy, dont le d\u00e9part \u00e0 la retraite est pr\u00e9vu en 2024. En 2020, un centre de services a, dans cette optique, \u00e9t\u00e9 inaugur\u00e9 \u00e0 Saint-Jacques-de-la-Lande, pr\u00e8s de Rennes. Il accueille notamment un atelier de r\u00e9paration des plaques de soudure usag\u00e9es. Gr\u00e2ce \u00e0 ce service de r\u00e9fection, les plaques sont remises \u00e0 neuf \u2013 lors d\u2019\u00e9tapes de d\u00e9montage, pyrolyse, sablage, usinage, r\u00e9paration et c\u00e2blage \u2013 et r\u00e9exp\u00e9di\u00e9es chez les clients. Une offre appr\u00e9ci\u00e9e puisqu\u2019elle permet une \u00e9conomie de 50% par rapport au prix de revient de plaques neuves.<\/p>\n\n\n\n<p>\u00abD\u2019autres ouvertures d\u2019agences sont en r\u00e9flexion pour les ann\u00e9es \u00e0 venir, l\u2019objectif \u00e9tant de renforcer encore notre pr\u00e9sence localement\u00bb, partage Martin Taube. Le dirigeant confie s\u2019attendre \u00e0 une forte croissance pour 2024. \u00abSi le march\u00e9 fran\u00e7ais est en mode \u00abobservation\u00bb, les prises de d\u00e9cision vont s\u2019acc\u00e9l\u00e9rer d\u2019ici l\u2019ann\u00e9e prochaine. Le secteur des plats pr\u00e9par\u00e9s est dynamique et fortement repr\u00e9sent\u00e9. Les industriels y r\u00e9clament des li`gnes flexibles. La France repr\u00e9sente ainsi le 2e march\u00e9 le plus important pour Multivac en termes de ventes d\u2019operculeuses\u00bb. Le constat est d\u2019autant plus amusant que Christian Traumann, pdg du constructeur allemand, rappelait lors du discours d\u2019inauguration que la premi\u00e8re operculeuse du groupe a vu le jour au sein de Multivac France en 1984, contre l\u2019avis de la maison m\u00e8re. Fruit de l\u2019obstination d\u2019une \u00e9quipe fran\u00e7aise alors dirig\u00e9e par Bernard Leveau, l\u2019operculeuse a su depuis faire sa place aupr\u00e8s des machines \u00e0 cloches et thermoformeuses, technologies historiques de Multivac.<br>Toujours tourn\u00e9e vers l\u2019avenir, la filiale fran\u00e7aise conserve son regard visionnaire du march\u00e9 et songe \u00e0 \u00e9toffer son panel de services&nbsp;: de nouvelles prestations commerciales voire des offres de financement pour l\u2019achat de machines sont \u00e0 l\u2019\u00e9tude. \u00abNos objectifs de croissance sont ambitieux&nbsp;: de 54 M\u20ac de chiffre d\u2019affaires actuellement, l\u2019id\u00e9e est d\u2019atteindre les 70 M\u20ac d\u2019ici trois ans et la barre des 100 M\u20ac d\u2019ici cinq \u00e0 dix ans\u00bb, projette Martin Taube.<\/p>\n\n\n\n<p><strong>Porter le chantier de la num\u00e9risation<\/strong><br>Cette croissance ne pourra passer que par un coup d\u2019acc\u00e9l\u00e9rateur donn\u00e9 \u00e0 l\u2019offre digitale du groupe, estime Martin Taube, que ce soit avec les outils MyMultivac ou Smart Services et bien d\u2019autres services num\u00e9riques \u00e0 venir. Objectifs\u00a0: rendre les machines plus intelligentes, connect\u00e9es et communicantes, tout en offrant aux utilisateurs un guichet unique de type \u00abone stop shopping\u00bb. Ainsi, MyMultivac se d\u00e9finit comme une plateforme en ligne d\u2019achat de pi\u00e8ces. \u00abL\u2019interface est gratuite et peut \u00eatre personnalis\u00e9e selon le profil utilisateur. L\u2019ensemble du parc machines d\u2019un client et les documents techniques centralis\u00e9s ont pour but de faciliter la recherche et l\u2019achat de pi\u00e8ces d\u00e9tach\u00e9es\u00bb, d\u00e9crit Thomas Farelle, adjoint au services pi\u00e8ces de rechange et produits de services chez Multivac France. Le groupe garantit une livraison en 24h des pi\u00e8ces gr\u00e2ce \u00e0 un stock robotis\u00e9 situ\u00e9 en Allemagne, qui doit faire l\u2019objet d\u2019une prochaine extension dans les mois \u00e0 venir.<br>C\u00f4t\u00e9 machines, l\u2019outil Smart Services \u2013 constitu\u00e9 de sept applications web dont un Dashboard production \u2013 permet une lecture instantan\u00e9e des lignes en fonctionnement afin d\u2019augmenter la disponibilit\u00e9, les performances, la qualit\u00e9 et l\u2019efficacit\u00e9 des machines. \u00abSmart Services permet d\u2019am\u00e9liorer la rentabilit\u00e9 des installations gr\u00e2ce \u00e0 des donn\u00e9es trait\u00e9es en temps r\u00e9el mais \u00e9galement leur tra\u00e7abilit\u00e9 pour aller vers de la maintenance pr\u00e9dictive\u00bb, ajoute Jean-Fran\u00e7ois Germain. Disponible sur tous les sites, partout dans le monde et consultable sur n\u2019importe quel appareil via le cloud, Smart Services est en cours de labellisation. Aujourd\u2019hui gratuite, la plateforme sera \u00e0 terme accessible via un abonnement.<\/p>\n\n\n\n<p>Compos\u00e9 des soci\u00e9t\u00e9s Multivac, TVI et Fritsch, le groupe Multivac regroupe 14 sites de production et s\u2019appuie sur un r\u00e9seau de 84 soci\u00e9t\u00e9s de vente pour un effectif de 7000 salari\u00e9s et un chiffre d\u2019affaires de 1,5 Mrd d\u2019euros. Le groupe allemand est sp\u00e9cialis\u00e9 dans la conception et fabrication de solutions d\u2019emballage, de marquage\/inspection, d\u2019automatisation et de transformation.<\/p>","protected":false},"excerpt":{"rendered":"<p>D\u00e9but avril, Multivac France inaugurait \u2013 en pr\u00e9sence de la direction allemande du groupe dont le pdg Christian Traumann, de ses partenaires et clients \u2013 son nouveau si\u00e8ge social bas\u00e9, au c\u0153ur de Val d\u2019Europe, \u00e0 Bailly-Romainvilliers, en r\u00e9gion parisienne. L\u2019occasion de faire le point sur l\u2019activit\u00e9 de la filiale fran\u00e7aise. Quelques mois apr\u00e8s avoir [&hellip;]<\/p>","protected":false},"author":2,"featured_media":37105,"comment_status":"closed","ping_status":"closed","sticky":false,"template":"","format":"standard","meta":{"_acf_changed":false,"inline_featured_image":false,"iawp_total_views":9,"footnotes":""},"categories":[5,26,35,65],"tags":[],"class_list":["post-37104","post","type-post","status-publish","format-standard","has-post-thumbnail","hentry","category-alimentaire","category-laterale","category-machines-fr","category-vu-dans-le-mag"],"acf":[],"yoast_head":"<!-- This site is optimized with the Yoast SEO plugin v24.4 - https:\/\/yoast.com\/wordpress\/plugins\/seo\/ -->\n<title>Multivac France inaugure son nouveau si\u00e8ge social - Emballage Digest<\/title>\n<meta name=\"robots\" content=\"index, follow, max-snippet:-1, max-image-preview:large, max-video-preview:-1\" \/>\n<link rel=\"canonical\" href=\"https:\/\/www.emballagedigest.fr\/en\/multivac-france-inaugure-son-nouveau-siege-social\/\" \/>\n<meta property=\"og:locale\" content=\"en_GB\" \/>\n<meta property=\"og:type\" content=\"article\" \/>\n<meta property=\"og:title\" content=\"Multivac France inaugure son nouveau si\u00e8ge social - Emballage Digest\" \/>\n<meta property=\"og:description\" content=\"D\u00e9but avril, Multivac France inaugurait \u2013 en pr\u00e9sence de la direction allemande du groupe dont le pdg Christian Traumann, de ses partenaires et clients \u2013 son nouveau si\u00e8ge social bas\u00e9, au c\u0153ur de Val d\u2019Europe, \u00e0 Bailly-Romainvilliers, en r\u00e9gion parisienne. L\u2019occasion de faire le point sur l\u2019activit\u00e9 de la filiale fran\u00e7aise. Quelques mois apr\u00e8s avoir [&hellip;]\" \/>\n<meta property=\"og:url\" content=\"https:\/\/www.emballagedigest.fr\/en\/multivac-france-inaugure-son-nouveau-siege-social\/\" \/>\n<meta property=\"og:site_name\" content=\"Emballage Digest\" \/>\n<meta property=\"article:published_time\" content=\"2023-04-26T13:59:00+00:00\" \/>\n<meta property=\"article:modified_time\" content=\"2023-04-27T14:02:28+00:00\" \/>\n<meta property=\"og:image\" content=\"https:\/\/www.emballagedigest.fr\/wp-content\/uploads\/2023\/04\/Multivac.jpg\" \/>\n\t<meta property=\"og:image:width\" content=\"800\" \/>\n\t<meta property=\"og:image:height\" content=\"518\" \/>\n\t<meta property=\"og:image:type\" content=\"image\/jpeg\" \/>\n<meta name=\"author\" content=\"Karine Duval\" \/>\n<meta name=\"twitter:card\" content=\"summary_large_image\" \/>\n<meta name=\"twitter:label1\" content=\"Written by\" \/>\n\t<meta name=\"twitter:data1\" content=\"Karine Duval\" \/>\n\t<meta name=\"twitter:label2\" content=\"Estimated reading time\" \/>\n\t<meta name=\"twitter:data2\" content=\"6 minutes\" \/>\n<script type=\"application\/ld+json\" class=\"yoast-schema-graph\">{\"@context\":\"https:\/\/schema.org\",\"@graph\":[{\"@type\":\"Article\",\"@id\":\"https:\/\/www.emballagedigest.fr\/multivac-france-inaugure-son-nouveau-siege-social\/#article\",\"isPartOf\":{\"@id\":\"https:\/\/www.emballagedigest.fr\/multivac-france-inaugure-son-nouveau-siege-social\/\"},\"author\":{\"name\":\"Karine Duval\",\"@id\":\"https:\/\/www.emballagedigest.fr\/#\/schema\/person\/76abe9f2b2ee4d3d520594c7a35da59f\"},\"headline\":\"Multivac France inaugure son nouveau si\u00e8ge social\",\"datePublished\":\"2023-04-26T13:59:00+00:00\",\"dateModified\":\"2023-04-27T14:02:28+00:00\",\"mainEntityOfPage\":{\"@id\":\"https:\/\/www.emballagedigest.fr\/multivac-france-inaugure-son-nouveau-siege-social\/\"},\"wordCount\":1320,\"publisher\":{\"@id\":\"https:\/\/www.emballagedigest.fr\/#organization\"},\"image\":{\"@id\":\"https:\/\/www.emballagedigest.fr\/multivac-france-inaugure-son-nouveau-siege-social\/#primaryimage\"},\"thumbnailUrl\":\"https:\/\/www.emballagedigest.fr\/wp-content\/uploads\/2023\/04\/Multivac.jpg\",\"articleSection\":[\"Alimentaire\",\"Barre lat\u00e9rale\",\"Machines\",\"Vu dans le mag\"],\"inLanguage\":\"en-GB\"},{\"@type\":\"WebPage\",\"@id\":\"https:\/\/www.emballagedigest.fr\/multivac-france-inaugure-son-nouveau-siege-social\/\",\"url\":\"https:\/\/www.emballagedigest.fr\/multivac-france-inaugure-son-nouveau-siege-social\/\",\"name\":\"Multivac France inaugure son nouveau si\u00e8ge social - Emballage Digest\",\"isPartOf\":{\"@id\":\"https:\/\/www.emballagedigest.fr\/#website\"},\"primaryImageOfPage\":{\"@id\":\"https:\/\/www.emballagedigest.fr\/multivac-france-inaugure-son-nouveau-siege-social\/#primaryimage\"},\"image\":{\"@id\":\"https:\/\/www.emballagedigest.fr\/multivac-france-inaugure-son-nouveau-siege-social\/#primaryimage\"},\"thumbnailUrl\":\"https:\/\/www.emballagedigest.fr\/wp-content\/uploads\/2023\/04\/Multivac.jpg\",\"datePublished\":\"2023-04-26T13:59:00+00:00\",\"dateModified\":\"2023-04-27T14:02:28+00:00\",\"breadcrumb\":{\"@id\":\"https:\/\/www.emballagedigest.fr\/multivac-france-inaugure-son-nouveau-siege-social\/#breadcrumb\"},\"inLanguage\":\"en-GB\",\"potentialAction\":[{\"@type\":\"ReadAction\",\"target\":[\"https:\/\/www.emballagedigest.fr\/multivac-france-inaugure-son-nouveau-siege-social\/\"]}]},{\"@type\":\"ImageObject\",\"inLanguage\":\"en-GB\",\"@id\":\"https:\/\/www.emballagedigest.fr\/multivac-france-inaugure-son-nouveau-siege-social\/#primaryimage\",\"url\":\"https:\/\/www.emballagedigest.fr\/wp-content\/uploads\/2023\/04\/Multivac.jpg\",\"contentUrl\":\"https:\/\/www.emballagedigest.fr\/wp-content\/uploads\/2023\/04\/Multivac.jpg\",\"width\":800,\"height\":518},{\"@type\":\"BreadcrumbList\",\"@id\":\"https:\/\/www.emballagedigest.fr\/multivac-france-inaugure-son-nouveau-siege-social\/#breadcrumb\",\"itemListElement\":[{\"@type\":\"ListItem\",\"position\":1,\"name\":\"Accueil\",\"item\":\"https:\/\/www.emballagedigest.fr\/\"},{\"@type\":\"ListItem\",\"position\":2,\"name\":\"Multivac France inaugure son nouveau si\u00e8ge social\"}]},{\"@type\":\"WebSite\",\"@id\":\"https:\/\/www.emballagedigest.fr\/#website\",\"url\":\"https:\/\/www.emballagedigest.fr\/\",\"name\":\"Emballage Digest\",\"description\":\"Revue professionnelle sur les emballages\",\"publisher\":{\"@id\":\"https:\/\/www.emballagedigest.fr\/#organization\"},\"potentialAction\":[{\"@type\":\"SearchAction\",\"target\":{\"@type\":\"EntryPoint\",\"urlTemplate\":\"https:\/\/www.emballagedigest.fr\/?s={search_term_string}\"},\"query-input\":{\"@type\":\"PropertyValueSpecification\",\"valueRequired\":true,\"valueName\":\"search_term_string\"}}],\"inLanguage\":\"en-GB\"},{\"@type\":\"Organization\",\"@id\":\"https:\/\/www.emballagedigest.fr\/#organization\",\"name\":\"Emballage Digest\",\"url\":\"https:\/\/www.emballagedigest.fr\/\",\"logo\":{\"@type\":\"ImageObject\",\"inLanguage\":\"en-GB\",\"@id\":\"https:\/\/www.emballagedigest.fr\/#\/schema\/logo\/image\/\",\"url\":\"https:\/\/www.emballagedigest.fr\/wp-content\/uploads\/2022\/07\/logo-ed.png\",\"contentUrl\":\"https:\/\/www.emballagedigest.fr\/wp-content\/uploads\/2022\/07\/logo-ed.png\",\"width\":379,\"height\":75,\"caption\":\"Emballage Digest\"},\"image\":{\"@id\":\"https:\/\/www.emballagedigest.fr\/#\/schema\/logo\/image\/\"}},{\"@type\":\"Person\",\"@id\":\"https:\/\/www.emballagedigest.fr\/#\/schema\/person\/76abe9f2b2ee4d3d520594c7a35da59f\",\"name\":\"Karine Duval\",\"image\":{\"@type\":\"ImageObject\",\"inLanguage\":\"en-GB\",\"@id\":\"https:\/\/www.emballagedigest.fr\/#\/schema\/person\/image\/\",\"url\":\"https:\/\/secure.gravatar.com\/avatar\/f552799261cdd2e076e6677d780ef07bdb13aa4c196ab75b39abcbcdcae2d4e5?s=96&d=mm&r=g\",\"contentUrl\":\"https:\/\/secure.gravatar.com\/avatar\/f552799261cdd2e076e6677d780ef07bdb13aa4c196ab75b39abcbcdcae2d4e5?s=96&d=mm&r=g\",\"caption\":\"Karine Duval\"},\"url\":\"https:\/\/www.emballagedigest.fr\/en\/author\/admin_karduv\/\"}]}<\/script>\n<!-- \/ Yoast SEO plugin. -->","yoast_head_json":{"title":"Multivac France inaugure son nouveau si\u00e8ge social - Emballage Digest","robots":{"index":"index","follow":"follow","max-snippet":"max-snippet:-1","max-image-preview":"max-image-preview:large","max-video-preview":"max-video-preview:-1"},"canonical":"https:\/\/www.emballagedigest.fr\/en\/multivac-france-inaugure-son-nouveau-siege-social\/","og_locale":"en_GB","og_type":"article","og_title":"Multivac France inaugure son nouveau si\u00e8ge social - Emballage Digest","og_description":"D\u00e9but avril, Multivac France inaugurait \u2013 en pr\u00e9sence de la direction allemande du groupe dont le pdg Christian Traumann, de ses partenaires et clients \u2013 son nouveau si\u00e8ge social bas\u00e9, au c\u0153ur de Val d\u2019Europe, \u00e0 Bailly-Romainvilliers, en r\u00e9gion parisienne. L\u2019occasion de faire le point sur l\u2019activit\u00e9 de la filiale fran\u00e7aise. Quelques mois apr\u00e8s avoir [&hellip;]","og_url":"https:\/\/www.emballagedigest.fr\/en\/multivac-france-inaugure-son-nouveau-siege-social\/","og_site_name":"Emballage Digest","article_published_time":"2023-04-26T13:59:00+00:00","article_modified_time":"2023-04-27T14:02:28+00:00","og_image":[{"width":800,"height":518,"url":"https:\/\/www.emballagedigest.fr\/wp-content\/uploads\/2023\/04\/Multivac.jpg","type":"image\/jpeg"}],"author":"Karine Duval","twitter_card":"summary_large_image","twitter_misc":{"Written by":"Karine Duval","Estimated reading time":"6 minutes"},"schema":{"@context":"https:\/\/schema.org","@graph":[{"@type":"Article","@id":"https:\/\/www.emballagedigest.fr\/multivac-france-inaugure-son-nouveau-siege-social\/#article","isPartOf":{"@id":"https:\/\/www.emballagedigest.fr\/multivac-france-inaugure-son-nouveau-siege-social\/"},"author":{"name":"Karine Duval","@id":"https:\/\/www.emballagedigest.fr\/#\/schema\/person\/76abe9f2b2ee4d3d520594c7a35da59f"},"headline":"Multivac France inaugure son nouveau si\u00e8ge social","datePublished":"2023-04-26T13:59:00+00:00","dateModified":"2023-04-27T14:02:28+00:00","mainEntityOfPage":{"@id":"https:\/\/www.emballagedigest.fr\/multivac-france-inaugure-son-nouveau-siege-social\/"},"wordCount":1320,"publisher":{"@id":"https:\/\/www.emballagedigest.fr\/#organization"},"image":{"@id":"https:\/\/www.emballagedigest.fr\/multivac-france-inaugure-son-nouveau-siege-social\/#primaryimage"},"thumbnailUrl":"https:\/\/www.emballagedigest.fr\/wp-content\/uploads\/2023\/04\/Multivac.jpg","articleSection":["Alimentaire","Barre lat\u00e9rale","Machines","Vu dans le mag"],"inLanguage":"en-GB"},{"@type":"WebPage","@id":"https:\/\/www.emballagedigest.fr\/multivac-france-inaugure-son-nouveau-siege-social\/","url":"https:\/\/www.emballagedigest.fr\/multivac-france-inaugure-son-nouveau-siege-social\/","name":"Multivac France inaugure son nouveau si\u00e8ge social - Emballage Digest","isPartOf":{"@id":"https:\/\/www.emballagedigest.fr\/#website"},"primaryImageOfPage":{"@id":"https:\/\/www.emballagedigest.fr\/multivac-france-inaugure-son-nouveau-siege-social\/#primaryimage"},"image":{"@id":"https:\/\/www.emballagedigest.fr\/multivac-france-inaugure-son-nouveau-siege-social\/#primaryimage"},"thumbnailUrl":"https:\/\/www.emballagedigest.fr\/wp-content\/uploads\/2023\/04\/Multivac.jpg","datePublished":"2023-04-26T13:59:00+00:00","dateModified":"2023-04-27T14:02:28+00:00","breadcrumb":{"@id":"https:\/\/www.emballagedigest.fr\/multivac-france-inaugure-son-nouveau-siege-social\/#breadcrumb"},"inLanguage":"en-GB","potentialAction":[{"@type":"ReadAction","target":["https:\/\/www.emballagedigest.fr\/multivac-france-inaugure-son-nouveau-siege-social\/"]}]},{"@type":"ImageObject","inLanguage":"en-GB","@id":"https:\/\/www.emballagedigest.fr\/multivac-france-inaugure-son-nouveau-siege-social\/#primaryimage","url":"https:\/\/www.emballagedigest.fr\/wp-content\/uploads\/2023\/04\/Multivac.jpg","contentUrl":"https:\/\/www.emballagedigest.fr\/wp-content\/uploads\/2023\/04\/Multivac.jpg","width":800,"height":518},{"@type":"BreadcrumbList","@id":"https:\/\/www.emballagedigest.fr\/multivac-france-inaugure-son-nouveau-siege-social\/#breadcrumb","itemListElement":[{"@type":"ListItem","position":1,"name":"Accueil","item":"https:\/\/www.emballagedigest.fr\/"},{"@type":"ListItem","position":2,"name":"Multivac France inaugure son nouveau si\u00e8ge social"}]},{"@type":"WebSite","@id":"https:\/\/www.emballagedigest.fr\/#website","url":"https:\/\/www.emballagedigest.fr\/","name":"Emballage Digest","description":"Revue professionnelle sur les emballages","publisher":{"@id":"https:\/\/www.emballagedigest.fr\/#organization"},"potentialAction":[{"@type":"SearchAction","target":{"@type":"EntryPoint","urlTemplate":"https:\/\/www.emballagedigest.fr\/?s={search_term_string}"},"query-input":{"@type":"PropertyValueSpecification","valueRequired":true,"valueName":"search_term_string"}}],"inLanguage":"en-GB"},{"@type":"Organization","@id":"https:\/\/www.emballagedigest.fr\/#organization","name":"Emballage Digest","url":"https:\/\/www.emballagedigest.fr\/","logo":{"@type":"ImageObject","inLanguage":"en-GB","@id":"https:\/\/www.emballagedigest.fr\/#\/schema\/logo\/image\/","url":"https:\/\/www.emballagedigest.fr\/wp-content\/uploads\/2022\/07\/logo-ed.png","contentUrl":"https:\/\/www.emballagedigest.fr\/wp-content\/uploads\/2022\/07\/logo-ed.png","width":379,"height":75,"caption":"Emballage Digest"},"image":{"@id":"https:\/\/www.emballagedigest.fr\/#\/schema\/logo\/image\/"}},{"@type":"Person","@id":"https:\/\/www.emballagedigest.fr\/#\/schema\/person\/76abe9f2b2ee4d3d520594c7a35da59f","name":"Karine Duval","image":{"@type":"ImageObject","inLanguage":"en-GB","@id":"https:\/\/www.emballagedigest.fr\/#\/schema\/person\/image\/","url":"https:\/\/secure.gravatar.com\/avatar\/f552799261cdd2e076e6677d780ef07bdb13aa4c196ab75b39abcbcdcae2d4e5?s=96&d=mm&r=g","contentUrl":"https:\/\/secure.gravatar.com\/avatar\/f552799261cdd2e076e6677d780ef07bdb13aa4c196ab75b39abcbcdcae2d4e5?s=96&d=mm&r=g","caption":"Karine Duval"},"url":"https:\/\/www.emballagedigest.fr\/en\/author\/admin_karduv\/"}]}},"_links":{"self":[{"href":"https:\/\/www.emballagedigest.fr\/en\/wp-json\/wp\/v2\/posts\/37104","targetHints":{"allow":["GET"]}}],"collection":[{"href":"https:\/\/www.emballagedigest.fr\/en\/wp-json\/wp\/v2\/posts"}],"about":[{"href":"https:\/\/www.emballagedigest.fr\/en\/wp-json\/wp\/v2\/types\/post"}],"author":[{"embeddable":true,"href":"https:\/\/www.emballagedigest.fr\/en\/wp-json\/wp\/v2\/users\/2"}],"replies":[{"embeddable":true,"href":"https:\/\/www.emballagedigest.fr\/en\/wp-json\/wp\/v2\/comments?post=37104"}],"version-history":[{"count":1,"href":"https:\/\/www.emballagedigest.fr\/en\/wp-json\/wp\/v2\/posts\/37104\/revisions"}],"predecessor-version":[{"id":37106,"href":"https:\/\/www.emballagedigest.fr\/en\/wp-json\/wp\/v2\/posts\/37104\/revisions\/37106"}],"wp:featuredmedia":[{"embeddable":true,"href":"https:\/\/www.emballagedigest.fr\/en\/wp-json\/wp\/v2\/media\/37105"}],"wp:attachment":[{"href":"https:\/\/www.emballagedigest.fr\/en\/wp-json\/wp\/v2\/media?parent=37104"}],"wp:term":[{"taxonomy":"category","embeddable":true,"href":"https:\/\/www.emballagedigest.fr\/en\/wp-json\/wp\/v2\/categories?post=37104"},{"taxonomy":"post_tag","embeddable":true,"href":"https:\/\/www.emballagedigest.fr\/en\/wp-json\/wp\/v2\/tags?post=37104"}],"curies":[{"name":"wp","href":"https:\/\/api.w.org\/{rel}","templated":true}]}}