{"id":37107,"date":"2023-04-26T16:02:00","date_gmt":"2023-04-26T14:02:00","guid":{"rendered":"https:\/\/www.emballagedigest.fr\/?p=37107"},"modified":"2023-04-27T16:05:03","modified_gmt":"2023-04-27T14:05:03","slug":"logistique-automatisation-et-tracabilite-a-lhonneur","status":"publish","type":"post","link":"https:\/\/www.emballagedigest.fr\/en\/logistique-automatisation-et-tracabilite-a-lhonneur\/","title":{"rendered":"Logistique : automatisation et tra\u00e7abilit\u00e9 \u00e0 l\u2019honneur"},"content":{"rendered":"<p><strong>Pour accompagner les industriels dans la modernisation de leurs entrep\u00f4ts et la recherche d\u2019optimisation des rendements, les solutions mobiles et connect\u00e9es ont la cote. Automatisation, lecture et traitement des donn\u00e9es en temps r\u00e9el, traitement \u00e0 haute cadence, sont autant d\u2019attentes du secteur logistique. Revue de presse sur les derni\u00e8res solutions d\u00e9ploy\u00e9es dans le secteur.<\/strong><\/p>\n\n\n\n<p><strong>Zebra Technologies promeut l\u2019entreposage intelligent<\/strong><br>Sur le dernier salon SITL, Zebra Technologies partageait ses derni\u00e8res innovations pour accompagner ses clients dans la transformation et la modernisation des op\u00e9rations d\u2019entreposage et de distribution dans toute l\u2019Europe. Priorit\u00e9 est donc donn\u00e9e \u00e0 l\u2019automatisation des flux op\u00e9rationnels. Pour le fournisseur, l\u2019avenir fera la part belle \u00e0 l\u2019utilisation d\u2019appareils transportables, de tablettes durcies et d\u2019imprimantes mobiles au cours des prochaines ann\u00e9es, de m\u00eame que les logiciels de mobile dimensioning qui automatisent les mesures des colis et des cartons. Ainsi, une \u00e9tude men\u00e9e par Zebra r\u00e9v\u00e8le que 80% des d\u00e9cideurs du secteur dans le monde pr\u00e9voient d\u2019impl\u00e9menter la vision industrielle d\u2019ici \u00e0\u00a02025. A cet effet, la solution logicielle de num\u00e9risation Zebra Aurora\u2122 y trouve toute sa place, afin d\u2019am\u00e9liorer la pr\u00e9cision des op\u00e9rations intensives \u00e0 grande vitesse.<br>Fort des rachats de Fetch Robotics, fabricant d\u2019AMRet de Matrox, sp\u00e9cialiste de la capture d\u2019images \u00e0 tr\u00e8s haute vitesse, Zebra pr\u00e9sentait ses nouveaux produits ainsi que des solutions compl\u00e9mentaires<br>telles que les scanners fixes industriels, les syst\u00e8mes de vision industrielle, les armoires intelligentes et le logiciel VisibilityIQ Foresight, qui aident \u00e0 cr\u00e9er et \u00e0 maintenir les cha\u00eenes d\u2019approvisionnement connect\u00e9es, \u00e0 maximiser l\u2019efficacit\u00e9 op\u00e9rationnelle et \u00e0 gagner en productivit\u00e9. \u00abNos solutions scanners industriels \u00e9quipent ainsi les lignes de convoyage. Combin\u00e9s \u00e0 notre solution logicielle Zebra Aurora\u2122, ils permettent une lecture \u00e0 des cadences tr\u00e8s \u00e9lev\u00e9es, lors du tri, de l\u2019emballage ou du transport des colis sur des chariots. Ils peuvent \u00e9quiper aussi des AGV, des portiques, des totems sur des quais de chargement de palettes, ou encore des tables de tri en reverse logistique pour g\u00e9rer les retours de colis en e-commerce\u00bb, explique St\u00e9phane Loyer, directeur commercial supply chain chez Zebra Technologies.<br>C\u00f4t\u00e9 PDA, le mobile dimensioning\u00e9tait \u00e9galement \u00e0 l\u2019honneur. Plusieurs mod\u00e8les sont disponibles dans le portefeuille de l\u2019entreprise (TC53, TC58, TC73 et TC78) selon le niveau de durcissement\u00a0: ils permettent un dimensionnement parfait du carton, avec plusieurs modes jusqu\u2019\u00e0 la certification. Chez Matrox, une solution de capture de texte \u00e0 la vol\u00e9e sur chenillard \u00e9tait en d\u00e9monstration sur le stand. \u00abNous compl\u00e9tons notre offre avec des armoires intelligentes capables d\u2019accueillir de 10 \u00e0 40 terminaux, pour une meilleure gestion du parc, de leur chargement et mise \u00e0 jour. Elles offrent un gage de s\u00e9curisation suppl\u00e9mentaire, une attente forte et r\u00e9currente chez nos clients\u00bb, constate St\u00e9phane Loyer.<br>Et de conclure\u00a0: \u00abl\u2019enjeu de demain sera de rendre un colis, un produit ou une palette, communicant, lorsque l\u2019entrep\u00f4t aura atteint son mod\u00e8le de maturit\u00e9. Les tag RFID sont une solution parmi d\u2019autres. L\u2019id\u00e9e n\u2019est pas de d\u00e9ployer un mod\u00e8le full RFID, mais de l\u2019impl\u00e9menter \u00e0 des endroits strat\u00e9giques et sensibles pour pallier le manque d\u2019op\u00e9rateurs, par exemple. Et tendre ainsi, dans les prochaines ann\u00e9es, vers une s\u00e9rialisation de la logistique\u00bb.<\/p>\n\n\n\n<p><strong>Savoye d\u00e9ploie sa solution X-PTS\u00ae dans les grands entrep\u00f4ts<\/strong><br>Adapt\u00e9 aux diff\u00e9rentes tailles d\u2019entrep\u00f4ts dont il optimise le volume de stockage, et dot\u00e9 de postes GTP (goods-to-person) haute performance, le syst\u00e8me X-PTSde Savoye est particuli\u00e8rement pris\u00e9 des grandes enseignes \u00e0 la recherche de productivit\u00e9. Ainsi, en 2022, l\u2019entreprise a d\u00e9velopp\u00e9 ses ventes de solutions X-PTS en Europe et aux Etats-Unis, pour des syst\u00e8mes allant de 6 \u00e0 12 all\u00e9es, comprenant de 200 jusqu\u2019\u00e0 400 navettes et ce, jusqu\u2019\u00e0 20 m\u00e8tres de hauteur. Ces installations d\u2019envergure permettent de g\u00e9rer plusieurs centaines de milliers de r\u00e9f\u00e9rences chez des acteurs majeurs de la distribution et de la production. L\u2019adaptabilit\u00e9 des syst\u00e8mes X-PTS permet de r\u00e9pondre aux besoins applicatifs de clients tr\u00e8s diff\u00e9rents\u00a0: des centres logistiques n\u00e9cessitant une pr\u00e9paration de commandes compacte et productive, aux industriels n\u00e9cessitant des buffers de palettisation ou int\u00e9gr\u00e9s aux processus de production. C\u2019est pourquoi les syst\u00e8mes X-PTS combinent g\u00e9n\u00e9ralement plusieurs technologies Savoye\u00a0: des syst\u00e8mes de pr\u00e9paration \u00e0 gares, des convoyeurs, des machines d\u2019emballages notamment pour former, r\u00e9duire la hauteur et fermer les cartons, des buffers de palettisation\u2026 Mais ils s\u2019associent aussi avec des technologies de partenaires tiers pour la palettisation robotis\u00e9e par exemple, des miniloads ou des trieurs haute cadence. Pour les solutions de pr\u00e9paration goods-to-person, l\u2019un des atouts majeurs est la conception du poste X-PTS Pick Station, qui combine une tr\u00e8s haute productivit\u00e9 avec une excellente ergonomie pour les op\u00e9rateurs, gr\u00e2ce \u00e0 son fonctionnement en mode \u00ab1 contenant de prise vers 1 contenant de d\u00e9pose\u00bb. Autre avantage\u00a0: sa flexibilit\u00e9, aussi bien sur les formats et poids maximum admissibles que dans la capacit\u00e9 \u00e0 fonctionner \u00e0 temp\u00e9rature ambiante, dans des environnements frais et froid n\u00e9gatif, jusqu\u2019\u00e0 -25\u00b0C. \u00abNos clients adoptent le syst\u00e8me X-PTS pour sa modularit\u00e9 et sa performance, et ils finissent par acheter une solution compl\u00e8te d\u2019\u00e9quipements et de logiciel pour la simplicit\u00e9 d\u2019impl\u00e9mentation et le pilotage moderne de leur centre logistique\u00bb, indique Fr\u00e9d\u00e9ric Zielinski, directeur Business Unit EMEA de Savoye.<\/p>\n\n\n\n<p><strong>Relais Colis acc\u00e9l\u00e8re son d\u00e9ploiement<\/strong><br>Repris en 2022 par le logisticien fran\u00e7ais Walden dirig\u00e9 par St\u00e9phane Baudry, Relais Colis est depuis int\u00e9gr\u00e9 au sein de la division Ciblex du groupe. L\u2019enseigne de livraison BtoC, n\u00e9e en 1983 pour assurer les livraisons de La Redoute, a depuis 2014 pris son ind\u00e9pendance et compte un portefeuille de 200 grands comptes. Elle s\u2019appuie sur un r\u00e9seau de 25 agences locales en France, de 7000 points de livraison, quatre grands hubs logistiques, et livre 40 millions de colis par an, que ce soit en points de proximit\u00e9, en pas de porte pour les colis encombrants ou en drive pour les meubles et appareils \u00e9lectrom\u00e9nagers. Son r\u00e9cent rachat par Walden vient finaliser cinq ans de transformation des infrastructures\u00a0: m\u00e9canisation des lignes, ouverture et agrandissement des agences, refonte totale de l\u2019offre, d\u00e9veloppement du r\u00e9seau logistique, modernisation des \u00e9quipements de tra\u00e7abilit\u00e9, le chantier \u00e9tait de taille. \u00abDepuis notre int\u00e9gration au sein de Ciblex \u2013 sp\u00e9cialiste dans le transport et la logistique BtoB notamment dans le secteur pharmaceutique et la livraison hospitali\u00e8re \u2013 nous avons pu faire jouer de nombreuses synergies tant sur le plan de la strat\u00e9gie op\u00e9rationnelle que commerciale\u00bb, explique C\u00e9cile Nury, directrice marketing de Relais Colis. De cette int\u00e9gration est n\u00e9 le p\u00f4le Walden Express International. Avec comme enjeu, la question de l\u2019interop\u00e9rabilit\u00e9 n\u00e9cessaire entre les deux acteurs et le d\u00e9veloppement de la tra\u00e7abilit\u00e9 sur support num\u00e9rique. \u00abNous \u00e9tions \u00e9quip\u00e9s de syst\u00e8mes informatiques diff\u00e9rents, avec des besoins sp\u00e9cifiques \u00e0 chacun de nos m\u00e9tiers. Ainsi, Ciblex travaille \u00e0 g\u00e9n\u00e9raliser la digitalisation du suivi de ses livraisons, le BtoB \u00e9tant encore beaucoup attach\u00e9 aux documents papier contrairement aux particuliers que livre Relais Colis, d\u00e9j\u00e0 aguerris \u00e0 ces technologies. Quant \u00e0 Relais Colis, nous finaliserons en juin le remplacement de l\u2019ensemble de notre parc de PDA, que ce soit en relais, chez nos chauffeurs ou dans les entrep\u00f4ts, afin que l\u2019ensemble de la chaine puisse partager et communiquer en temps r\u00e9el sur le m\u00eame syst\u00e8me. \u00abL\u2019intelligence\u00bb et le traitement des donn\u00e9es sont d\u00e9sormais centralis\u00e9s, le PDA ne devenant plus qu\u2019un simple outil\u00bb, d\u00e9taille la responsable marketing. Un changement qui a permis \u00e0 Relais Colis une gestion anticip\u00e9e des envois et l\u2019offre de nouveaux services \u00e0 ses clients\u00a0comme la redirection choisie de colis. Prochaines \u00e9tapes\u00a0: offrir aux petits et moyens clients de Relais Colis des collectes \u00e0 prix attractif sur le principe de tourn\u00e9e, en se basant sur le r\u00e9seau de Ciblex. Le r\u00e9emploi est \u00e9galement en d\u00e9ploiement\u00a0: l\u2019offre d\u00e9velopp\u00e9e en partenariat avec Hipli devrait voir le jour au second semestre 2023. L\u2019enseigne poursuit, en parall\u00e8le, le d\u00e9ploiement de son r\u00e9seau pour atteindre les 9 000 points Relais Colis d\u2019ici la fin de l\u2019ann\u00e9e. Enfin, en 2024, sera l\u2019ann\u00e9e du d\u00e9veloppement \u00e0 l\u2019international du p\u00f4le Walden Express International.<\/p>","protected":false},"excerpt":{"rendered":"<p>Pour accompagner les industriels dans la modernisation de leurs entrep\u00f4ts et la recherche d\u2019optimisation des rendements, les solutions mobiles et connect\u00e9es ont la cote. Automatisation, lecture et traitement des donn\u00e9es en temps r\u00e9el, traitement \u00e0 haute cadence, sont autant d\u2019attentes du secteur logistique. Revue de presse sur les derni\u00e8res solutions d\u00e9ploy\u00e9es dans le secteur. Zebra [&hellip;]<\/p>","protected":false},"author":2,"featured_media":37108,"comment_status":"closed","ping_status":"closed","sticky":false,"template":"","format":"standard","meta":{"_acf_changed":false,"inline_featured_image":false,"iawp_total_views":0,"footnotes":""},"categories":[26,11,8,65],"tags":[],"class_list":["post-37107","post","type-post","status-publish","format-standard","has-post-thumbnail","hentry","category-laterale","category-emballages","category-industrie","category-vu-dans-le-mag"],"acf":[],"yoast_head":"<!-- This site is optimized with the Yoast SEO plugin v24.4 - https:\/\/yoast.com\/wordpress\/plugins\/seo\/ -->\n<title>Logistique : automatisation et tra\u00e7abilit\u00e9 \u00e0 l\u2019honneur - Emballage Digest<\/title>\n<meta name=\"robots\" content=\"index, follow, max-snippet:-1, max-image-preview:large, max-video-preview:-1\" \/>\n<link rel=\"canonical\" href=\"https:\/\/www.emballagedigest.fr\/en\/logistique-automatisation-et-tracabilite-a-lhonneur\/\" \/>\n<meta property=\"og:locale\" content=\"en_GB\" \/>\n<meta property=\"og:type\" content=\"article\" \/>\n<meta property=\"og:title\" content=\"Logistique : automatisation et tra\u00e7abilit\u00e9 \u00e0 l\u2019honneur - Emballage Digest\" \/>\n<meta property=\"og:description\" content=\"Pour accompagner les industriels dans la modernisation de leurs entrep\u00f4ts et la recherche d\u2019optimisation des rendements, les solutions mobiles et connect\u00e9es ont la cote. Automatisation, lecture et traitement des donn\u00e9es en temps r\u00e9el, traitement \u00e0 haute cadence, sont autant d\u2019attentes du secteur logistique. Revue de presse sur les derni\u00e8res solutions d\u00e9ploy\u00e9es dans le secteur. Zebra [&hellip;]\" \/>\n<meta property=\"og:url\" content=\"https:\/\/www.emballagedigest.fr\/en\/logistique-automatisation-et-tracabilite-a-lhonneur\/\" \/>\n<meta property=\"og:site_name\" content=\"Emballage Digest\" \/>\n<meta property=\"article:published_time\" content=\"2023-04-26T14:02:00+00:00\" \/>\n<meta property=\"article:modified_time\" content=\"2023-04-27T14:05:03+00:00\" \/>\n<meta property=\"og:image\" content=\"https:\/\/www.emballagedigest.fr\/wp-content\/uploads\/2023\/04\/zebra-robotics-fetch.jpg\" \/>\n\t<meta property=\"og:image:width\" content=\"800\" \/>\n\t<meta property=\"og:image:height\" content=\"434\" \/>\n\t<meta property=\"og:image:type\" content=\"image\/jpeg\" \/>\n<meta name=\"author\" content=\"Karine Duval\" \/>\n<meta name=\"twitter:card\" content=\"summary_large_image\" \/>\n<meta name=\"twitter:label1\" content=\"Written by\" \/>\n\t<meta name=\"twitter:data1\" content=\"Karine Duval\" \/>\n\t<meta name=\"twitter:label2\" content=\"Estimated reading time\" \/>\n\t<meta name=\"twitter:data2\" content=\"7 minutes\" \/>\n<script type=\"application\/ld+json\" class=\"yoast-schema-graph\">{\"@context\":\"https:\/\/schema.org\",\"@graph\":[{\"@type\":\"Article\",\"@id\":\"https:\/\/www.emballagedigest.fr\/logistique-automatisation-et-tracabilite-a-lhonneur\/#article\",\"isPartOf\":{\"@id\":\"https:\/\/www.emballagedigest.fr\/logistique-automatisation-et-tracabilite-a-lhonneur\/\"},\"author\":{\"name\":\"Karine Duval\",\"@id\":\"https:\/\/www.emballagedigest.fr\/#\/schema\/person\/76abe9f2b2ee4d3d520594c7a35da59f\"},\"headline\":\"Logistique : automatisation et tra\u00e7abilit\u00e9 \u00e0 l\u2019honneur\",\"datePublished\":\"2023-04-26T14:02:00+00:00\",\"dateModified\":\"2023-04-27T14:05:03+00:00\",\"mainEntityOfPage\":{\"@id\":\"https:\/\/www.emballagedigest.fr\/logistique-automatisation-et-tracabilite-a-lhonneur\/\"},\"wordCount\":1457,\"publisher\":{\"@id\":\"https:\/\/www.emballagedigest.fr\/#organization\"},\"image\":{\"@id\":\"https:\/\/www.emballagedigest.fr\/logistique-automatisation-et-tracabilite-a-lhonneur\/#primaryimage\"},\"thumbnailUrl\":\"https:\/\/www.emballagedigest.fr\/wp-content\/uploads\/2023\/04\/zebra-robotics-fetch.jpg\",\"articleSection\":[\"Barre lat\u00e9rale\",\"Emballages\",\"Industrie\",\"Vu dans le mag\"],\"inLanguage\":\"en-GB\"},{\"@type\":\"WebPage\",\"@id\":\"https:\/\/www.emballagedigest.fr\/logistique-automatisation-et-tracabilite-a-lhonneur\/\",\"url\":\"https:\/\/www.emballagedigest.fr\/logistique-automatisation-et-tracabilite-a-lhonneur\/\",\"name\":\"Logistique : automatisation et tra\u00e7abilit\u00e9 \u00e0 l\u2019honneur - Emballage Digest\",\"isPartOf\":{\"@id\":\"https:\/\/www.emballagedigest.fr\/#website\"},\"primaryImageOfPage\":{\"@id\":\"https:\/\/www.emballagedigest.fr\/logistique-automatisation-et-tracabilite-a-lhonneur\/#primaryimage\"},\"image\":{\"@id\":\"https:\/\/www.emballagedigest.fr\/logistique-automatisation-et-tracabilite-a-lhonneur\/#primaryimage\"},\"thumbnailUrl\":\"https:\/\/www.emballagedigest.fr\/wp-content\/uploads\/2023\/04\/zebra-robotics-fetch.jpg\",\"datePublished\":\"2023-04-26T14:02:00+00:00\",\"dateModified\":\"2023-04-27T14:05:03+00:00\",\"breadcrumb\":{\"@id\":\"https:\/\/www.emballagedigest.fr\/logistique-automatisation-et-tracabilite-a-lhonneur\/#breadcrumb\"},\"inLanguage\":\"en-GB\",\"potentialAction\":[{\"@type\":\"ReadAction\",\"target\":[\"https:\/\/www.emballagedigest.fr\/logistique-automatisation-et-tracabilite-a-lhonneur\/\"]}]},{\"@type\":\"ImageObject\",\"inLanguage\":\"en-GB\",\"@id\":\"https:\/\/www.emballagedigest.fr\/logistique-automatisation-et-tracabilite-a-lhonneur\/#primaryimage\",\"url\":\"https:\/\/www.emballagedigest.fr\/wp-content\/uploads\/2023\/04\/zebra-robotics-fetch.jpg\",\"contentUrl\":\"https:\/\/www.emballagedigest.fr\/wp-content\/uploads\/2023\/04\/zebra-robotics-fetch.jpg\",\"width\":800,\"height\":434},{\"@type\":\"BreadcrumbList\",\"@id\":\"https:\/\/www.emballagedigest.fr\/logistique-automatisation-et-tracabilite-a-lhonneur\/#breadcrumb\",\"itemListElement\":[{\"@type\":\"ListItem\",\"position\":1,\"name\":\"Accueil\",\"item\":\"https:\/\/www.emballagedigest.fr\/\"},{\"@type\":\"ListItem\",\"position\":2,\"name\":\"Logistique : automatisation et tra\u00e7abilit\u00e9 \u00e0 l\u2019honneur\"}]},{\"@type\":\"WebSite\",\"@id\":\"https:\/\/www.emballagedigest.fr\/#website\",\"url\":\"https:\/\/www.emballagedigest.fr\/\",\"name\":\"Emballage Digest\",\"description\":\"Revue professionnelle sur les emballages\",\"publisher\":{\"@id\":\"https:\/\/www.emballagedigest.fr\/#organization\"},\"potentialAction\":[{\"@type\":\"SearchAction\",\"target\":{\"@type\":\"EntryPoint\",\"urlTemplate\":\"https:\/\/www.emballagedigest.fr\/?s={search_term_string}\"},\"query-input\":{\"@type\":\"PropertyValueSpecification\",\"valueRequired\":true,\"valueName\":\"search_term_string\"}}],\"inLanguage\":\"en-GB\"},{\"@type\":\"Organization\",\"@id\":\"https:\/\/www.emballagedigest.fr\/#organization\",\"name\":\"Emballage Digest\",\"url\":\"https:\/\/www.emballagedigest.fr\/\",\"logo\":{\"@type\":\"ImageObject\",\"inLanguage\":\"en-GB\",\"@id\":\"https:\/\/www.emballagedigest.fr\/#\/schema\/logo\/image\/\",\"url\":\"https:\/\/www.emballagedigest.fr\/wp-content\/uploads\/2022\/07\/logo-ed.png\",\"contentUrl\":\"https:\/\/www.emballagedigest.fr\/wp-content\/uploads\/2022\/07\/logo-ed.png\",\"width\":379,\"height\":75,\"caption\":\"Emballage Digest\"},\"image\":{\"@id\":\"https:\/\/www.emballagedigest.fr\/#\/schema\/logo\/image\/\"}},{\"@type\":\"Person\",\"@id\":\"https:\/\/www.emballagedigest.fr\/#\/schema\/person\/76abe9f2b2ee4d3d520594c7a35da59f\",\"name\":\"Karine Duval\",\"image\":{\"@type\":\"ImageObject\",\"inLanguage\":\"en-GB\",\"@id\":\"https:\/\/www.emballagedigest.fr\/#\/schema\/person\/image\/\",\"url\":\"https:\/\/secure.gravatar.com\/avatar\/f552799261cdd2e076e6677d780ef07bdb13aa4c196ab75b39abcbcdcae2d4e5?s=96&d=mm&r=g\",\"contentUrl\":\"https:\/\/secure.gravatar.com\/avatar\/f552799261cdd2e076e6677d780ef07bdb13aa4c196ab75b39abcbcdcae2d4e5?s=96&d=mm&r=g\",\"caption\":\"Karine Duval\"},\"url\":\"https:\/\/www.emballagedigest.fr\/en\/author\/admin_karduv\/\"}]}<\/script>\n<!-- \/ Yoast SEO plugin. -->","yoast_head_json":{"title":"Logistique : automatisation et tra\u00e7abilit\u00e9 \u00e0 l\u2019honneur - Emballage Digest","robots":{"index":"index","follow":"follow","max-snippet":"max-snippet:-1","max-image-preview":"max-image-preview:large","max-video-preview":"max-video-preview:-1"},"canonical":"https:\/\/www.emballagedigest.fr\/en\/logistique-automatisation-et-tracabilite-a-lhonneur\/","og_locale":"en_GB","og_type":"article","og_title":"Logistique : automatisation et tra\u00e7abilit\u00e9 \u00e0 l\u2019honneur - Emballage Digest","og_description":"Pour accompagner les industriels dans la modernisation de leurs entrep\u00f4ts et la recherche d\u2019optimisation des rendements, les solutions mobiles et connect\u00e9es ont la cote. Automatisation, lecture et traitement des donn\u00e9es en temps r\u00e9el, traitement \u00e0 haute cadence, sont autant d\u2019attentes du secteur logistique. Revue de presse sur les derni\u00e8res solutions d\u00e9ploy\u00e9es dans le secteur. Zebra [&hellip;]","og_url":"https:\/\/www.emballagedigest.fr\/en\/logistique-automatisation-et-tracabilite-a-lhonneur\/","og_site_name":"Emballage Digest","article_published_time":"2023-04-26T14:02:00+00:00","article_modified_time":"2023-04-27T14:05:03+00:00","og_image":[{"width":800,"height":434,"url":"https:\/\/www.emballagedigest.fr\/wp-content\/uploads\/2023\/04\/zebra-robotics-fetch.jpg","type":"image\/jpeg"}],"author":"Karine Duval","twitter_card":"summary_large_image","twitter_misc":{"Written by":"Karine Duval","Estimated reading time":"7 minutes"},"schema":{"@context":"https:\/\/schema.org","@graph":[{"@type":"Article","@id":"https:\/\/www.emballagedigest.fr\/logistique-automatisation-et-tracabilite-a-lhonneur\/#article","isPartOf":{"@id":"https:\/\/www.emballagedigest.fr\/logistique-automatisation-et-tracabilite-a-lhonneur\/"},"author":{"name":"Karine Duval","@id":"https:\/\/www.emballagedigest.fr\/#\/schema\/person\/76abe9f2b2ee4d3d520594c7a35da59f"},"headline":"Logistique : automatisation et tra\u00e7abilit\u00e9 \u00e0 l\u2019honneur","datePublished":"2023-04-26T14:02:00+00:00","dateModified":"2023-04-27T14:05:03+00:00","mainEntityOfPage":{"@id":"https:\/\/www.emballagedigest.fr\/logistique-automatisation-et-tracabilite-a-lhonneur\/"},"wordCount":1457,"publisher":{"@id":"https:\/\/www.emballagedigest.fr\/#organization"},"image":{"@id":"https:\/\/www.emballagedigest.fr\/logistique-automatisation-et-tracabilite-a-lhonneur\/#primaryimage"},"thumbnailUrl":"https:\/\/www.emballagedigest.fr\/wp-content\/uploads\/2023\/04\/zebra-robotics-fetch.jpg","articleSection":["Barre lat\u00e9rale","Emballages","Industrie","Vu dans le mag"],"inLanguage":"en-GB"},{"@type":"WebPage","@id":"https:\/\/www.emballagedigest.fr\/logistique-automatisation-et-tracabilite-a-lhonneur\/","url":"https:\/\/www.emballagedigest.fr\/logistique-automatisation-et-tracabilite-a-lhonneur\/","name":"Logistique : automatisation et tra\u00e7abilit\u00e9 \u00e0 l\u2019honneur - Emballage Digest","isPartOf":{"@id":"https:\/\/www.emballagedigest.fr\/#website"},"primaryImageOfPage":{"@id":"https:\/\/www.emballagedigest.fr\/logistique-automatisation-et-tracabilite-a-lhonneur\/#primaryimage"},"image":{"@id":"https:\/\/www.emballagedigest.fr\/logistique-automatisation-et-tracabilite-a-lhonneur\/#primaryimage"},"thumbnailUrl":"https:\/\/www.emballagedigest.fr\/wp-content\/uploads\/2023\/04\/zebra-robotics-fetch.jpg","datePublished":"2023-04-26T14:02:00+00:00","dateModified":"2023-04-27T14:05:03+00:00","breadcrumb":{"@id":"https:\/\/www.emballagedigest.fr\/logistique-automatisation-et-tracabilite-a-lhonneur\/#breadcrumb"},"inLanguage":"en-GB","potentialAction":[{"@type":"ReadAction","target":["https:\/\/www.emballagedigest.fr\/logistique-automatisation-et-tracabilite-a-lhonneur\/"]}]},{"@type":"ImageObject","inLanguage":"en-GB","@id":"https:\/\/www.emballagedigest.fr\/logistique-automatisation-et-tracabilite-a-lhonneur\/#primaryimage","url":"https:\/\/www.emballagedigest.fr\/wp-content\/uploads\/2023\/04\/zebra-robotics-fetch.jpg","contentUrl":"https:\/\/www.emballagedigest.fr\/wp-content\/uploads\/2023\/04\/zebra-robotics-fetch.jpg","width":800,"height":434},{"@type":"BreadcrumbList","@id":"https:\/\/www.emballagedigest.fr\/logistique-automatisation-et-tracabilite-a-lhonneur\/#breadcrumb","itemListElement":[{"@type":"ListItem","position":1,"name":"Accueil","item":"https:\/\/www.emballagedigest.fr\/"},{"@type":"ListItem","position":2,"name":"Logistique : automatisation et tra\u00e7abilit\u00e9 \u00e0 l\u2019honneur"}]},{"@type":"WebSite","@id":"https:\/\/www.emballagedigest.fr\/#website","url":"https:\/\/www.emballagedigest.fr\/","name":"Emballage Digest","description":"Revue professionnelle sur les emballages","publisher":{"@id":"https:\/\/www.emballagedigest.fr\/#organization"},"potentialAction":[{"@type":"SearchAction","target":{"@type":"EntryPoint","urlTemplate":"https:\/\/www.emballagedigest.fr\/?s={search_term_string}"},"query-input":{"@type":"PropertyValueSpecification","valueRequired":true,"valueName":"search_term_string"}}],"inLanguage":"en-GB"},{"@type":"Organization","@id":"https:\/\/www.emballagedigest.fr\/#organization","name":"Emballage Digest","url":"https:\/\/www.emballagedigest.fr\/","logo":{"@type":"ImageObject","inLanguage":"en-GB","@id":"https:\/\/www.emballagedigest.fr\/#\/schema\/logo\/image\/","url":"https:\/\/www.emballagedigest.fr\/wp-content\/uploads\/2022\/07\/logo-ed.png","contentUrl":"https:\/\/www.emballagedigest.fr\/wp-content\/uploads\/2022\/07\/logo-ed.png","width":379,"height":75,"caption":"Emballage Digest"},"image":{"@id":"https:\/\/www.emballagedigest.fr\/#\/schema\/logo\/image\/"}},{"@type":"Person","@id":"https:\/\/www.emballagedigest.fr\/#\/schema\/person\/76abe9f2b2ee4d3d520594c7a35da59f","name":"Karine Duval","image":{"@type":"ImageObject","inLanguage":"en-GB","@id":"https:\/\/www.emballagedigest.fr\/#\/schema\/person\/image\/","url":"https:\/\/secure.gravatar.com\/avatar\/f552799261cdd2e076e6677d780ef07bdb13aa4c196ab75b39abcbcdcae2d4e5?s=96&d=mm&r=g","contentUrl":"https:\/\/secure.gravatar.com\/avatar\/f552799261cdd2e076e6677d780ef07bdb13aa4c196ab75b39abcbcdcae2d4e5?s=96&d=mm&r=g","caption":"Karine Duval"},"url":"https:\/\/www.emballagedigest.fr\/en\/author\/admin_karduv\/"}]}},"_links":{"self":[{"href":"https:\/\/www.emballagedigest.fr\/en\/wp-json\/wp\/v2\/posts\/37107","targetHints":{"allow":["GET"]}}],"collection":[{"href":"https:\/\/www.emballagedigest.fr\/en\/wp-json\/wp\/v2\/posts"}],"about":[{"href":"https:\/\/www.emballagedigest.fr\/en\/wp-json\/wp\/v2\/types\/post"}],"author":[{"embeddable":true,"href":"https:\/\/www.emballagedigest.fr\/en\/wp-json\/wp\/v2\/users\/2"}],"replies":[{"embeddable":true,"href":"https:\/\/www.emballagedigest.fr\/en\/wp-json\/wp\/v2\/comments?post=37107"}],"version-history":[{"count":1,"href":"https:\/\/www.emballagedigest.fr\/en\/wp-json\/wp\/v2\/posts\/37107\/revisions"}],"predecessor-version":[{"id":37109,"href":"https:\/\/www.emballagedigest.fr\/en\/wp-json\/wp\/v2\/posts\/37107\/revisions\/37109"}],"wp:featuredmedia":[{"embeddable":true,"href":"https:\/\/www.emballagedigest.fr\/en\/wp-json\/wp\/v2\/media\/37108"}],"wp:attachment":[{"href":"https:\/\/www.emballagedigest.fr\/en\/wp-json\/wp\/v2\/media?parent=37107"}],"wp:term":[{"taxonomy":"category","embeddable":true,"href":"https:\/\/www.emballagedigest.fr\/en\/wp-json\/wp\/v2\/categories?post=37107"},{"taxonomy":"post_tag","embeddable":true,"href":"https:\/\/www.emballagedigest.fr\/en\/wp-json\/wp\/v2\/tags?post=37107"}],"curies":[{"name":"wp","href":"https:\/\/api.w.org\/{rel}","templated":true}]}}