{"id":37110,"date":"2023-04-26T16:05:00","date_gmt":"2023-04-26T14:05:00","guid":{"rendered":"https:\/\/www.emballagedigest.fr\/?p=37110"},"modified":"2023-04-27T16:10:33","modified_gmt":"2023-04-27T14:10:33","slug":"les-bouteilles-badoit-perdent-leur-couleur","status":"publish","type":"post","link":"https:\/\/www.emballagedigest.fr\/en\/les-bouteilles-badoit-perdent-leur-couleur\/","title":{"rendered":"Les bouteilles Badoit perdent leur couleur"},"content":{"rendered":"<p><strong>L\u2019annonce tombe seulement quelques jours apr\u00e8s que Citeo indique la cr\u00e9ation de nouvelles fili\u00e8res de recyclage, dont une d\u00e9di\u00e9e aux bouteilles plastiques color\u00e9es en partenariat avec Paprec, Nord Pal Plast et Suez. En effet, Danone annonce la fin des bouteilles color\u00e9es vertes et rouges de sa marque Badoit pour favoriser leur recyclage en de nouvelles bouteilles. <\/strong><\/p>\n\n\n\n<p>Depuis le mois de mars, les bouteilles aux fines bulles adoptent la transparence pour une meilleure recyclabilit\u00e9 en fin de vie. \u00abAlors que 70 000 tonnes bouteilles en plastique PET color\u00e9 sont mises sur le march\u00e9 charque ann\u00e9e en France par l\u2019ensemble des acteurs, le recyclage en de nouvelles bouteilles reste encore difficile aujourd\u2019hui. Jusqu\u2019ici les bouteilles color\u00e9es de notre marque Badoit passaient par des fili\u00e8res de recyclage sp\u00e9cialis\u00e9es et \u00e9taient obligatoirement destin\u00e9es \u00e0 d\u2019autres usages que l\u2019alimentaire\u00bb, explique le fabricant. L\u2019id\u00e9e \u00e9tant de revenir \u00e0 une boucle ferm\u00e9e de PET bouteille \u00e0 bouteille comme c\u2019est le cas pour la plupart des r\u00e9f\u00e9rences du secteur des eaux min\u00e9rales. <\/p>\n\n\n\n<p>Ce choix s\u2019inscrit dans les engagements du groupe Danone \u00e0 proposer 100% de ses emballages recyclables, r\u00e9utilisables ou compostables pour le march\u00e9 fran\u00e7ais et participe \u00e0 alimenter le gisement en rPET tout en contribuant \u00e0 l\u2019effort national de r\u00e9duction de 20% des emballages plastiques \u00e0 usage unique d\u2019ici fin 2025. Le groupe indique d\u2019ailleurs \u00e9tudier d\u2019autres solutions en faveur d\u2019une \u00e9conomie circulaire telles que la consigne pour recyclage ou encore le r\u00e9emploi.<\/p>\n\n\n\n<figure class=\"wp-block-image size-full is-resized\"><img loading=\"lazy\" decoding=\"async\" src=\"https:\/\/www.emballagedigest.fr\/wp-content\/uploads\/2023\/04\/badoit2.jpg\" alt=\"\" class=\"wp-image-37112\" width=\"826\" height=\"555\" srcset=\"https:\/\/www.emballagedigest.fr\/wp-content\/uploads\/2023\/04\/badoit2.jpg 800w, https:\/\/www.emballagedigest.fr\/wp-content\/uploads\/2023\/04\/badoit2-300x202.jpg 300w, https:\/\/www.emballagedigest.fr\/wp-content\/uploads\/2023\/04\/badoit2-768x516.jpg 768w, https:\/\/www.emballagedigest.fr\/wp-content\/uploads\/2023\/04\/badoit2-18x12.jpg 18w\" sizes=\"auto, (max-width: 826px) 100vw, 826px\" \/><\/figure>","protected":false},"excerpt":{"rendered":"<p>L\u2019annonce tombe seulement quelques jours apr\u00e8s que Citeo indique la cr\u00e9ation de nouvelles fili\u00e8res de recyclage, dont une d\u00e9di\u00e9e aux bouteilles plastiques color\u00e9es en partenariat avec Paprec, Nord Pal Plast et Suez. En effet, Danone annonce la fin des bouteilles color\u00e9es vertes et rouges de sa marque Badoit pour favoriser leur recyclage en de nouvelles [&hellip;]<\/p>","protected":false},"author":2,"featured_media":37111,"comment_status":"closed","ping_status":"closed","sticky":false,"template":"","format":"standard","meta":{"_acf_changed":false,"inline_featured_image":false,"iawp_total_views":1,"footnotes":""},"categories":[28,26,4,65],"tags":[],"class_list":["post-37110","post","type-post","status-publish","format-standard","has-post-thumbnail","hentry","category-article-entier","category-laterale","category-lineaires","category-vu-dans-le-mag"],"acf":[],"yoast_head":"<!-- This site is optimized with the Yoast SEO plugin v24.4 - https:\/\/yoast.com\/wordpress\/plugins\/seo\/ -->\n<title>Les bouteilles Badoit perdent leur couleur - Emballage Digest<\/title>\n<meta name=\"robots\" content=\"index, follow, max-snippet:-1, max-image-preview:large, max-video-preview:-1\" \/>\n<link rel=\"canonical\" href=\"https:\/\/www.emballagedigest.fr\/en\/les-bouteilles-badoit-perdent-leur-couleur\/\" \/>\n<meta property=\"og:locale\" content=\"en_GB\" \/>\n<meta property=\"og:type\" content=\"article\" \/>\n<meta property=\"og:title\" content=\"Les bouteilles Badoit perdent leur couleur - Emballage Digest\" \/>\n<meta property=\"og:description\" content=\"L\u2019annonce tombe seulement quelques jours apr\u00e8s que Citeo indique la cr\u00e9ation de nouvelles fili\u00e8res de recyclage, dont une d\u00e9di\u00e9e aux bouteilles plastiques color\u00e9es en partenariat avec Paprec, Nord Pal Plast et Suez. En effet, Danone annonce la fin des bouteilles color\u00e9es vertes et rouges de sa marque Badoit pour favoriser leur recyclage en de nouvelles [&hellip;]\" \/>\n<meta property=\"og:url\" content=\"https:\/\/www.emballagedigest.fr\/en\/les-bouteilles-badoit-perdent-leur-couleur\/\" \/>\n<meta property=\"og:site_name\" content=\"Emballage Digest\" \/>\n<meta property=\"article:published_time\" content=\"2023-04-26T14:05:00+00:00\" \/>\n<meta property=\"article:modified_time\" content=\"2023-04-27T14:10:33+00:00\" \/>\n<meta property=\"og:image\" content=\"https:\/\/www.emballagedigest.fr\/wp-content\/uploads\/2023\/04\/badoit1.jpg\" \/>\n\t<meta property=\"og:image:width\" content=\"800\" \/>\n\t<meta property=\"og:image:height\" content=\"350\" \/>\n\t<meta property=\"og:image:type\" content=\"image\/jpeg\" \/>\n<meta name=\"author\" content=\"Karine Duval\" \/>\n<meta name=\"twitter:card\" content=\"summary_large_image\" \/>\n<meta name=\"twitter:label1\" content=\"Written by\" \/>\n\t<meta name=\"twitter:data1\" content=\"Karine Duval\" \/>\n\t<meta name=\"twitter:label2\" content=\"Estimated reading time\" \/>\n\t<meta name=\"twitter:data2\" content=\"2 minutes\" \/>\n<script type=\"application\/ld+json\" class=\"yoast-schema-graph\">{\"@context\":\"https:\/\/schema.org\",\"@graph\":[{\"@type\":\"Article\",\"@id\":\"https:\/\/www.emballagedigest.fr\/les-bouteilles-badoit-perdent-leur-couleur\/#article\",\"isPartOf\":{\"@id\":\"https:\/\/www.emballagedigest.fr\/les-bouteilles-badoit-perdent-leur-couleur\/\"},\"author\":{\"name\":\"Karine Duval\",\"@id\":\"https:\/\/www.emballagedigest.fr\/#\/schema\/person\/76abe9f2b2ee4d3d520594c7a35da59f\"},\"headline\":\"Les bouteilles Badoit perdent leur couleur\",\"datePublished\":\"2023-04-26T14:05:00+00:00\",\"dateModified\":\"2023-04-27T14:10:33+00:00\",\"mainEntityOfPage\":{\"@id\":\"https:\/\/www.emballagedigest.fr\/les-bouteilles-badoit-perdent-leur-couleur\/\"},\"wordCount\":266,\"publisher\":{\"@id\":\"https:\/\/www.emballagedigest.fr\/#organization\"},\"image\":{\"@id\":\"https:\/\/www.emballagedigest.fr\/les-bouteilles-badoit-perdent-leur-couleur\/#primaryimage\"},\"thumbnailUrl\":\"https:\/\/www.emballagedigest.fr\/wp-content\/uploads\/2023\/04\/badoit1.jpg\",\"articleSection\":[\"Article entier\",\"Barre lat\u00e9rale\",\"Lin\u00e9aires\",\"Vu dans le mag\"],\"inLanguage\":\"en-GB\"},{\"@type\":\"WebPage\",\"@id\":\"https:\/\/www.emballagedigest.fr\/les-bouteilles-badoit-perdent-leur-couleur\/\",\"url\":\"https:\/\/www.emballagedigest.fr\/les-bouteilles-badoit-perdent-leur-couleur\/\",\"name\":\"Les bouteilles Badoit perdent leur couleur - Emballage Digest\",\"isPartOf\":{\"@id\":\"https:\/\/www.emballagedigest.fr\/#website\"},\"primaryImageOfPage\":{\"@id\":\"https:\/\/www.emballagedigest.fr\/les-bouteilles-badoit-perdent-leur-couleur\/#primaryimage\"},\"image\":{\"@id\":\"https:\/\/www.emballagedigest.fr\/les-bouteilles-badoit-perdent-leur-couleur\/#primaryimage\"},\"thumbnailUrl\":\"https:\/\/www.emballagedigest.fr\/wp-content\/uploads\/2023\/04\/badoit1.jpg\",\"datePublished\":\"2023-04-26T14:05:00+00:00\",\"dateModified\":\"2023-04-27T14:10:33+00:00\",\"breadcrumb\":{\"@id\":\"https:\/\/www.emballagedigest.fr\/les-bouteilles-badoit-perdent-leur-couleur\/#breadcrumb\"},\"inLanguage\":\"en-GB\",\"potentialAction\":[{\"@type\":\"ReadAction\",\"target\":[\"https:\/\/www.emballagedigest.fr\/les-bouteilles-badoit-perdent-leur-couleur\/\"]}]},{\"@type\":\"ImageObject\",\"inLanguage\":\"en-GB\",\"@id\":\"https:\/\/www.emballagedigest.fr\/les-bouteilles-badoit-perdent-leur-couleur\/#primaryimage\",\"url\":\"https:\/\/www.emballagedigest.fr\/wp-content\/uploads\/2023\/04\/badoit1.jpg\",\"contentUrl\":\"https:\/\/www.emballagedigest.fr\/wp-content\/uploads\/2023\/04\/badoit1.jpg\",\"width\":800,\"height\":350},{\"@type\":\"BreadcrumbList\",\"@id\":\"https:\/\/www.emballagedigest.fr\/les-bouteilles-badoit-perdent-leur-couleur\/#breadcrumb\",\"itemListElement\":[{\"@type\":\"ListItem\",\"position\":1,\"name\":\"Accueil\",\"item\":\"https:\/\/www.emballagedigest.fr\/\"},{\"@type\":\"ListItem\",\"position\":2,\"name\":\"Les bouteilles Badoit perdent leur couleur\"}]},{\"@type\":\"WebSite\",\"@id\":\"https:\/\/www.emballagedigest.fr\/#website\",\"url\":\"https:\/\/www.emballagedigest.fr\/\",\"name\":\"Emballage Digest\",\"description\":\"Revue professionnelle sur les emballages\",\"publisher\":{\"@id\":\"https:\/\/www.emballagedigest.fr\/#organization\"},\"potentialAction\":[{\"@type\":\"SearchAction\",\"target\":{\"@type\":\"EntryPoint\",\"urlTemplate\":\"https:\/\/www.emballagedigest.fr\/?s={search_term_string}\"},\"query-input\":{\"@type\":\"PropertyValueSpecification\",\"valueRequired\":true,\"valueName\":\"search_term_string\"}}],\"inLanguage\":\"en-GB\"},{\"@type\":\"Organization\",\"@id\":\"https:\/\/www.emballagedigest.fr\/#organization\",\"name\":\"Emballage Digest\",\"url\":\"https:\/\/www.emballagedigest.fr\/\",\"logo\":{\"@type\":\"ImageObject\",\"inLanguage\":\"en-GB\",\"@id\":\"https:\/\/www.emballagedigest.fr\/#\/schema\/logo\/image\/\",\"url\":\"https:\/\/www.emballagedigest.fr\/wp-content\/uploads\/2022\/07\/logo-ed.png\",\"contentUrl\":\"https:\/\/www.emballagedigest.fr\/wp-content\/uploads\/2022\/07\/logo-ed.png\",\"width\":379,\"height\":75,\"caption\":\"Emballage Digest\"},\"image\":{\"@id\":\"https:\/\/www.emballagedigest.fr\/#\/schema\/logo\/image\/\"}},{\"@type\":\"Person\",\"@id\":\"https:\/\/www.emballagedigest.fr\/#\/schema\/person\/76abe9f2b2ee4d3d520594c7a35da59f\",\"name\":\"Karine Duval\",\"image\":{\"@type\":\"ImageObject\",\"inLanguage\":\"en-GB\",\"@id\":\"https:\/\/www.emballagedigest.fr\/#\/schema\/person\/image\/\",\"url\":\"https:\/\/secure.gravatar.com\/avatar\/f552799261cdd2e076e6677d780ef07bdb13aa4c196ab75b39abcbcdcae2d4e5?s=96&d=mm&r=g\",\"contentUrl\":\"https:\/\/secure.gravatar.com\/avatar\/f552799261cdd2e076e6677d780ef07bdb13aa4c196ab75b39abcbcdcae2d4e5?s=96&d=mm&r=g\",\"caption\":\"Karine Duval\"},\"url\":\"https:\/\/www.emballagedigest.fr\/en\/author\/admin_karduv\/\"}]}<\/script>\n<!-- \/ Yoast SEO plugin. -->","yoast_head_json":{"title":"Les bouteilles Badoit perdent leur couleur - Emballage Digest","robots":{"index":"index","follow":"follow","max-snippet":"max-snippet:-1","max-image-preview":"max-image-preview:large","max-video-preview":"max-video-preview:-1"},"canonical":"https:\/\/www.emballagedigest.fr\/en\/les-bouteilles-badoit-perdent-leur-couleur\/","og_locale":"en_GB","og_type":"article","og_title":"Les bouteilles Badoit perdent leur couleur - Emballage Digest","og_description":"L\u2019annonce tombe seulement quelques jours apr\u00e8s que Citeo indique la cr\u00e9ation de nouvelles fili\u00e8res de recyclage, dont une d\u00e9di\u00e9e aux bouteilles plastiques color\u00e9es en partenariat avec Paprec, Nord Pal Plast et Suez. En effet, Danone annonce la fin des bouteilles color\u00e9es vertes et rouges de sa marque Badoit pour favoriser leur recyclage en de nouvelles [&hellip;]","og_url":"https:\/\/www.emballagedigest.fr\/en\/les-bouteilles-badoit-perdent-leur-couleur\/","og_site_name":"Emballage Digest","article_published_time":"2023-04-26T14:05:00+00:00","article_modified_time":"2023-04-27T14:10:33+00:00","og_image":[{"width":800,"height":350,"url":"https:\/\/www.emballagedigest.fr\/wp-content\/uploads\/2023\/04\/badoit1.jpg","type":"image\/jpeg"}],"author":"Karine Duval","twitter_card":"summary_large_image","twitter_misc":{"Written by":"Karine Duval","Estimated reading time":"2 minutes"},"schema":{"@context":"https:\/\/schema.org","@graph":[{"@type":"Article","@id":"https:\/\/www.emballagedigest.fr\/les-bouteilles-badoit-perdent-leur-couleur\/#article","isPartOf":{"@id":"https:\/\/www.emballagedigest.fr\/les-bouteilles-badoit-perdent-leur-couleur\/"},"author":{"name":"Karine Duval","@id":"https:\/\/www.emballagedigest.fr\/#\/schema\/person\/76abe9f2b2ee4d3d520594c7a35da59f"},"headline":"Les bouteilles Badoit perdent leur couleur","datePublished":"2023-04-26T14:05:00+00:00","dateModified":"2023-04-27T14:10:33+00:00","mainEntityOfPage":{"@id":"https:\/\/www.emballagedigest.fr\/les-bouteilles-badoit-perdent-leur-couleur\/"},"wordCount":266,"publisher":{"@id":"https:\/\/www.emballagedigest.fr\/#organization"},"image":{"@id":"https:\/\/www.emballagedigest.fr\/les-bouteilles-badoit-perdent-leur-couleur\/#primaryimage"},"thumbnailUrl":"https:\/\/www.emballagedigest.fr\/wp-content\/uploads\/2023\/04\/badoit1.jpg","articleSection":["Article entier","Barre lat\u00e9rale","Lin\u00e9aires","Vu dans le mag"],"inLanguage":"en-GB"},{"@type":"WebPage","@id":"https:\/\/www.emballagedigest.fr\/les-bouteilles-badoit-perdent-leur-couleur\/","url":"https:\/\/www.emballagedigest.fr\/les-bouteilles-badoit-perdent-leur-couleur\/","name":"Les bouteilles Badoit perdent leur couleur - Emballage Digest","isPartOf":{"@id":"https:\/\/www.emballagedigest.fr\/#website"},"primaryImageOfPage":{"@id":"https:\/\/www.emballagedigest.fr\/les-bouteilles-badoit-perdent-leur-couleur\/#primaryimage"},"image":{"@id":"https:\/\/www.emballagedigest.fr\/les-bouteilles-badoit-perdent-leur-couleur\/#primaryimage"},"thumbnailUrl":"https:\/\/www.emballagedigest.fr\/wp-content\/uploads\/2023\/04\/badoit1.jpg","datePublished":"2023-04-26T14:05:00+00:00","dateModified":"2023-04-27T14:10:33+00:00","breadcrumb":{"@id":"https:\/\/www.emballagedigest.fr\/les-bouteilles-badoit-perdent-leur-couleur\/#breadcrumb"},"inLanguage":"en-GB","potentialAction":[{"@type":"ReadAction","target":["https:\/\/www.emballagedigest.fr\/les-bouteilles-badoit-perdent-leur-couleur\/"]}]},{"@type":"ImageObject","inLanguage":"en-GB","@id":"https:\/\/www.emballagedigest.fr\/les-bouteilles-badoit-perdent-leur-couleur\/#primaryimage","url":"https:\/\/www.emballagedigest.fr\/wp-content\/uploads\/2023\/04\/badoit1.jpg","contentUrl":"https:\/\/www.emballagedigest.fr\/wp-content\/uploads\/2023\/04\/badoit1.jpg","width":800,"height":350},{"@type":"BreadcrumbList","@id":"https:\/\/www.emballagedigest.fr\/les-bouteilles-badoit-perdent-leur-couleur\/#breadcrumb","itemListElement":[{"@type":"ListItem","position":1,"name":"Accueil","item":"https:\/\/www.emballagedigest.fr\/"},{"@type":"ListItem","position":2,"name":"Les bouteilles Badoit perdent leur couleur"}]},{"@type":"WebSite","@id":"https:\/\/www.emballagedigest.fr\/#website","url":"https:\/\/www.emballagedigest.fr\/","name":"Emballage Digest","description":"Revue professionnelle sur les emballages","publisher":{"@id":"https:\/\/www.emballagedigest.fr\/#organization"},"potentialAction":[{"@type":"SearchAction","target":{"@type":"EntryPoint","urlTemplate":"https:\/\/www.emballagedigest.fr\/?s={search_term_string}"},"query-input":{"@type":"PropertyValueSpecification","valueRequired":true,"valueName":"search_term_string"}}],"inLanguage":"en-GB"},{"@type":"Organization","@id":"https:\/\/www.emballagedigest.fr\/#organization","name":"Emballage Digest","url":"https:\/\/www.emballagedigest.fr\/","logo":{"@type":"ImageObject","inLanguage":"en-GB","@id":"https:\/\/www.emballagedigest.fr\/#\/schema\/logo\/image\/","url":"https:\/\/www.emballagedigest.fr\/wp-content\/uploads\/2022\/07\/logo-ed.png","contentUrl":"https:\/\/www.emballagedigest.fr\/wp-content\/uploads\/2022\/07\/logo-ed.png","width":379,"height":75,"caption":"Emballage Digest"},"image":{"@id":"https:\/\/www.emballagedigest.fr\/#\/schema\/logo\/image\/"}},{"@type":"Person","@id":"https:\/\/www.emballagedigest.fr\/#\/schema\/person\/76abe9f2b2ee4d3d520594c7a35da59f","name":"Karine Duval","image":{"@type":"ImageObject","inLanguage":"en-GB","@id":"https:\/\/www.emballagedigest.fr\/#\/schema\/person\/image\/","url":"https:\/\/secure.gravatar.com\/avatar\/f552799261cdd2e076e6677d780ef07bdb13aa4c196ab75b39abcbcdcae2d4e5?s=96&d=mm&r=g","contentUrl":"https:\/\/secure.gravatar.com\/avatar\/f552799261cdd2e076e6677d780ef07bdb13aa4c196ab75b39abcbcdcae2d4e5?s=96&d=mm&r=g","caption":"Karine Duval"},"url":"https:\/\/www.emballagedigest.fr\/en\/author\/admin_karduv\/"}]}},"_links":{"self":[{"href":"https:\/\/www.emballagedigest.fr\/en\/wp-json\/wp\/v2\/posts\/37110","targetHints":{"allow":["GET"]}}],"collection":[{"href":"https:\/\/www.emballagedigest.fr\/en\/wp-json\/wp\/v2\/posts"}],"about":[{"href":"https:\/\/www.emballagedigest.fr\/en\/wp-json\/wp\/v2\/types\/post"}],"author":[{"embeddable":true,"href":"https:\/\/www.emballagedigest.fr\/en\/wp-json\/wp\/v2\/users\/2"}],"replies":[{"embeddable":true,"href":"https:\/\/www.emballagedigest.fr\/en\/wp-json\/wp\/v2\/comments?post=37110"}],"version-history":[{"count":1,"href":"https:\/\/www.emballagedigest.fr\/en\/wp-json\/wp\/v2\/posts\/37110\/revisions"}],"predecessor-version":[{"id":37113,"href":"https:\/\/www.emballagedigest.fr\/en\/wp-json\/wp\/v2\/posts\/37110\/revisions\/37113"}],"wp:featuredmedia":[{"embeddable":true,"href":"https:\/\/www.emballagedigest.fr\/en\/wp-json\/wp\/v2\/media\/37111"}],"wp:attachment":[{"href":"https:\/\/www.emballagedigest.fr\/en\/wp-json\/wp\/v2\/media?parent=37110"}],"wp:term":[{"taxonomy":"category","embeddable":true,"href":"https:\/\/www.emballagedigest.fr\/en\/wp-json\/wp\/v2\/categories?post=37110"},{"taxonomy":"post_tag","embeddable":true,"href":"https:\/\/www.emballagedigest.fr\/en\/wp-json\/wp\/v2\/tags?post=37110"}],"curies":[{"name":"wp","href":"https:\/\/api.w.org\/{rel}","templated":true}]}}