{"id":37127,"date":"2023-04-26T16:26:00","date_gmt":"2023-04-26T14:26:00","guid":{"rendered":"https:\/\/www.emballagedigest.fr\/?p=37127"},"modified":"2023-04-27T16:30:41","modified_gmt":"2023-04-27T14:30:41","slug":"le-verrier-o-i-glass-equipe-son-site-de-vayres-dune-unite-de-production-doxygene","status":"publish","type":"post","link":"https:\/\/www.emballagedigest.fr\/en\/le-verrier-o-i-glass-equipe-son-site-de-vayres-dune-unite-de-production-doxygene\/","title":{"rendered":"Le verrier O-I Glass \u00e9quipe son site de Vayres d\u2019une unit\u00e9 de production d\u2019oxyg\u00e8ne"},"content":{"rendered":"<p><strong>O-I Glass annonce avoir r\u00e9alis\u00e9 un investissement record de 50 M\u20ac pour faire progresser la durabilit\u00e9 de son usine de Vayres en installant la derni\u00e8re technologie de combustion gaz-oxyg\u00e8ne ainsi que des syst\u00e8mes de r\u00e9cup\u00e9ration de chaleur. Ces investissements destin\u00e9s \u00e0 la performance durable de l\u2019usine devraient permettre de r\u00e9duire jusqu\u2019\u00e0 20% les \u00e9missions de CO<sub>2<\/sub>. Outre les effets de d\u00e9carbonation, ces nouvelles technologies permettent \u00e9galement de r\u00e9duire les \u00e9missions de NOX jusqu\u2019\u00e0 60%. <\/strong><\/p>\n\n\n\n<p>Avec plus de 400 millions de bouteilles produites chaque ann\u00e9e, l\u2019usine de Vayres est un site cl\u00e9 d\u00e9di\u00e9 \u00e0 la verrerie moderne de haute technologie. C\u2019est la seule verrerie de Gironde, situ\u00e9e \u00e0 proximit\u00e9 imm\u00e9diate des c\u00e9l\u00e8bres vignobles de Bordeaux et de Cognac, indique le verrier. \u00abC\u2019est un projet strat\u00e9gique qui a \u00e9t\u00e9 men\u00e9 \u00e0 bien. Il t\u00e9moigne de la d\u00e9termination d\u2019O-I \u00e0 faire progresser notre feuille de route en mati\u00e8re de d\u00e9veloppement durable et a re\u00e7u le soutien de l\u2019Ademe. L\u2019usine de Vayres r\u00e9unit ainsi des technologies, un savoir-faire et des capacit\u00e9s modernes en situation r\u00e9elle. Avec 80% de nos clients situ\u00e9s dans un rayon de 100 kilom\u00e8tres, notre usine soutient l\u2019\u00e9conomie locale, les producteurs de vin locaux et un syst\u00e8me de recyclage local \u2013 un exemple parfait pour la construction d\u2019une \u00e9conomie circulaire locale durable. L\u2019investissement de Vayres est embl\u00e9matique de l\u2019approche globale adopt\u00e9e par O-I pour aborder le d\u00e9veloppement durable en augmentant l\u2019efficacit\u00e9 \u00e9nerg\u00e9tique, en modernisant les fours, en cr\u00e9ant des cha\u00eenes d\u2019approvisionnement plus r\u00e9silientes et en nouant des partenariats strat\u00e9giques\u00bb, compl\u00e8te Robert Gachot, directeur g\u00e9n\u00e9ral sud-ouest Europe.<\/p>\n\n\n\n<figure class=\"wp-block-image size-full is-resized\"><img loading=\"lazy\" decoding=\"async\" src=\"https:\/\/www.emballagedigest.fr\/wp-content\/uploads\/2023\/04\/OI-Glass-2.jpg\" alt=\"\" class=\"wp-image-37129\" width=\"830\" height=\"364\" srcset=\"https:\/\/www.emballagedigest.fr\/wp-content\/uploads\/2023\/04\/OI-Glass-2.jpg 800w, https:\/\/www.emballagedigest.fr\/wp-content\/uploads\/2023\/04\/OI-Glass-2-300x132.jpg 300w, https:\/\/www.emballagedigest.fr\/wp-content\/uploads\/2023\/04\/OI-Glass-2-768x337.jpg 768w, https:\/\/www.emballagedigest.fr\/wp-content\/uploads\/2023\/04\/OI-Glass-2-18x8.jpg 18w\" sizes=\"auto, (max-width: 830px) 100vw, 830px\" \/><\/figure>","protected":false},"excerpt":{"rendered":"<p>O-I Glass annonce avoir r\u00e9alis\u00e9 un investissement record de 50 M\u20ac pour faire progresser la durabilit\u00e9 de son usine de Vayres en installant la derni\u00e8re technologie de combustion gaz-oxyg\u00e8ne ainsi que des syst\u00e8mes de r\u00e9cup\u00e9ration de chaleur. Ces investissements destin\u00e9s \u00e0 la performance durable de l\u2019usine devraient permettre de r\u00e9duire jusqu\u2019\u00e0 20% les \u00e9missions de [&hellip;]<\/p>","protected":false},"author":2,"featured_media":37128,"comment_status":"closed","ping_status":"closed","sticky":false,"template":"","format":"standard","meta":{"_acf_changed":false,"inline_featured_image":false,"iawp_total_views":0,"footnotes":""},"categories":[5,28,26,81,65],"tags":[],"class_list":["post-37127","post","type-post","status-publish","format-standard","has-post-thumbnail","hentry","category-alimentaire","category-article-entier","category-laterale","category-packaging","category-vu-dans-le-mag"],"acf":[],"yoast_head":"<!-- This site is optimized with the Yoast SEO plugin v24.4 - https:\/\/yoast.com\/wordpress\/plugins\/seo\/ -->\n<title>Le verrier O-I Glass \u00e9quipe son site de Vayres d\u2019une unit\u00e9 de production d\u2019oxyg\u00e8ne - Emballage Digest<\/title>\n<meta name=\"robots\" content=\"index, follow, max-snippet:-1, max-image-preview:large, max-video-preview:-1\" \/>\n<link rel=\"canonical\" href=\"https:\/\/www.emballagedigest.fr\/en\/le-verrier-o-i-glass-equipe-son-site-de-vayres-dune-unite-de-production-doxygene\/\" \/>\n<meta property=\"og:locale\" content=\"en_GB\" \/>\n<meta property=\"og:type\" content=\"article\" \/>\n<meta property=\"og:title\" content=\"Le verrier O-I Glass \u00e9quipe son site de Vayres d\u2019une unit\u00e9 de production d\u2019oxyg\u00e8ne - Emballage Digest\" \/>\n<meta property=\"og:description\" content=\"O-I Glass annonce avoir r\u00e9alis\u00e9 un investissement record de 50 M\u20ac pour faire progresser la durabilit\u00e9 de son usine de Vayres en installant la derni\u00e8re technologie de combustion gaz-oxyg\u00e8ne ainsi que des syst\u00e8mes de r\u00e9cup\u00e9ration de chaleur. Ces investissements destin\u00e9s \u00e0 la performance durable de l\u2019usine devraient permettre de r\u00e9duire jusqu\u2019\u00e0 20% les \u00e9missions de [&hellip;]\" \/>\n<meta property=\"og:url\" content=\"https:\/\/www.emballagedigest.fr\/en\/le-verrier-o-i-glass-equipe-son-site-de-vayres-dune-unite-de-production-doxygene\/\" \/>\n<meta property=\"og:site_name\" content=\"Emballage Digest\" \/>\n<meta property=\"article:published_time\" content=\"2023-04-26T14:26:00+00:00\" \/>\n<meta property=\"article:modified_time\" content=\"2023-04-27T14:30:41+00:00\" \/>\n<meta property=\"og:image\" content=\"https:\/\/www.emballagedigest.fr\/wp-content\/uploads\/2023\/04\/OI-Glass-1.jpg\" \/>\n\t<meta property=\"og:image:width\" content=\"800\" \/>\n\t<meta property=\"og:image:height\" content=\"420\" \/>\n\t<meta property=\"og:image:type\" content=\"image\/jpeg\" \/>\n<meta name=\"author\" content=\"Karine Duval\" \/>\n<meta name=\"twitter:card\" content=\"summary_large_image\" \/>\n<meta name=\"twitter:label1\" content=\"Written by\" \/>\n\t<meta name=\"twitter:data1\" content=\"Karine Duval\" \/>\n\t<meta name=\"twitter:label2\" content=\"Estimated reading time\" \/>\n\t<meta name=\"twitter:data2\" content=\"2 minutes\" \/>\n<script type=\"application\/ld+json\" class=\"yoast-schema-graph\">{\"@context\":\"https:\/\/schema.org\",\"@graph\":[{\"@type\":\"Article\",\"@id\":\"https:\/\/www.emballagedigest.fr\/le-verrier-o-i-glass-equipe-son-site-de-vayres-dune-unite-de-production-doxygene\/#article\",\"isPartOf\":{\"@id\":\"https:\/\/www.emballagedigest.fr\/le-verrier-o-i-glass-equipe-son-site-de-vayres-dune-unite-de-production-doxygene\/\"},\"author\":{\"name\":\"Karine Duval\",\"@id\":\"https:\/\/www.emballagedigest.fr\/#\/schema\/person\/76abe9f2b2ee4d3d520594c7a35da59f\"},\"headline\":\"Le verrier O-I Glass \u00e9quipe son site de Vayres d\u2019une unit\u00e9 de production d\u2019oxyg\u00e8ne\",\"datePublished\":\"2023-04-26T14:26:00+00:00\",\"dateModified\":\"2023-04-27T14:30:41+00:00\",\"mainEntityOfPage\":{\"@id\":\"https:\/\/www.emballagedigest.fr\/le-verrier-o-i-glass-equipe-son-site-de-vayres-dune-unite-de-production-doxygene\/\"},\"wordCount\":312,\"publisher\":{\"@id\":\"https:\/\/www.emballagedigest.fr\/#organization\"},\"image\":{\"@id\":\"https:\/\/www.emballagedigest.fr\/le-verrier-o-i-glass-equipe-son-site-de-vayres-dune-unite-de-production-doxygene\/#primaryimage\"},\"thumbnailUrl\":\"https:\/\/www.emballagedigest.fr\/wp-content\/uploads\/2023\/04\/OI-Glass-1.jpg\",\"articleSection\":[\"Alimentaire\",\"Article entier\",\"Barre lat\u00e9rale\",\"Packaging\",\"Vu dans le mag\"],\"inLanguage\":\"en-GB\"},{\"@type\":\"WebPage\",\"@id\":\"https:\/\/www.emballagedigest.fr\/le-verrier-o-i-glass-equipe-son-site-de-vayres-dune-unite-de-production-doxygene\/\",\"url\":\"https:\/\/www.emballagedigest.fr\/le-verrier-o-i-glass-equipe-son-site-de-vayres-dune-unite-de-production-doxygene\/\",\"name\":\"Le verrier O-I Glass \u00e9quipe son site de Vayres d\u2019une unit\u00e9 de production d\u2019oxyg\u00e8ne - Emballage Digest\",\"isPartOf\":{\"@id\":\"https:\/\/www.emballagedigest.fr\/#website\"},\"primaryImageOfPage\":{\"@id\":\"https:\/\/www.emballagedigest.fr\/le-verrier-o-i-glass-equipe-son-site-de-vayres-dune-unite-de-production-doxygene\/#primaryimage\"},\"image\":{\"@id\":\"https:\/\/www.emballagedigest.fr\/le-verrier-o-i-glass-equipe-son-site-de-vayres-dune-unite-de-production-doxygene\/#primaryimage\"},\"thumbnailUrl\":\"https:\/\/www.emballagedigest.fr\/wp-content\/uploads\/2023\/04\/OI-Glass-1.jpg\",\"datePublished\":\"2023-04-26T14:26:00+00:00\",\"dateModified\":\"2023-04-27T14:30:41+00:00\",\"breadcrumb\":{\"@id\":\"https:\/\/www.emballagedigest.fr\/le-verrier-o-i-glass-equipe-son-site-de-vayres-dune-unite-de-production-doxygene\/#breadcrumb\"},\"inLanguage\":\"en-GB\",\"potentialAction\":[{\"@type\":\"ReadAction\",\"target\":[\"https:\/\/www.emballagedigest.fr\/le-verrier-o-i-glass-equipe-son-site-de-vayres-dune-unite-de-production-doxygene\/\"]}]},{\"@type\":\"ImageObject\",\"inLanguage\":\"en-GB\",\"@id\":\"https:\/\/www.emballagedigest.fr\/le-verrier-o-i-glass-equipe-son-site-de-vayres-dune-unite-de-production-doxygene\/#primaryimage\",\"url\":\"https:\/\/www.emballagedigest.fr\/wp-content\/uploads\/2023\/04\/OI-Glass-1.jpg\",\"contentUrl\":\"https:\/\/www.emballagedigest.fr\/wp-content\/uploads\/2023\/04\/OI-Glass-1.jpg\",\"width\":800,\"height\":420},{\"@type\":\"BreadcrumbList\",\"@id\":\"https:\/\/www.emballagedigest.fr\/le-verrier-o-i-glass-equipe-son-site-de-vayres-dune-unite-de-production-doxygene\/#breadcrumb\",\"itemListElement\":[{\"@type\":\"ListItem\",\"position\":1,\"name\":\"Accueil\",\"item\":\"https:\/\/www.emballagedigest.fr\/\"},{\"@type\":\"ListItem\",\"position\":2,\"name\":\"Le verrier O-I Glass \u00e9quipe son site de Vayres d\u2019une unit\u00e9 de production d\u2019oxyg\u00e8ne\"}]},{\"@type\":\"WebSite\",\"@id\":\"https:\/\/www.emballagedigest.fr\/#website\",\"url\":\"https:\/\/www.emballagedigest.fr\/\",\"name\":\"Emballage Digest\",\"description\":\"Revue professionnelle sur les emballages\",\"publisher\":{\"@id\":\"https:\/\/www.emballagedigest.fr\/#organization\"},\"potentialAction\":[{\"@type\":\"SearchAction\",\"target\":{\"@type\":\"EntryPoint\",\"urlTemplate\":\"https:\/\/www.emballagedigest.fr\/?s={search_term_string}\"},\"query-input\":{\"@type\":\"PropertyValueSpecification\",\"valueRequired\":true,\"valueName\":\"search_term_string\"}}],\"inLanguage\":\"en-GB\"},{\"@type\":\"Organization\",\"@id\":\"https:\/\/www.emballagedigest.fr\/#organization\",\"name\":\"Emballage Digest\",\"url\":\"https:\/\/www.emballagedigest.fr\/\",\"logo\":{\"@type\":\"ImageObject\",\"inLanguage\":\"en-GB\",\"@id\":\"https:\/\/www.emballagedigest.fr\/#\/schema\/logo\/image\/\",\"url\":\"https:\/\/www.emballagedigest.fr\/wp-content\/uploads\/2022\/07\/logo-ed.png\",\"contentUrl\":\"https:\/\/www.emballagedigest.fr\/wp-content\/uploads\/2022\/07\/logo-ed.png\",\"width\":379,\"height\":75,\"caption\":\"Emballage Digest\"},\"image\":{\"@id\":\"https:\/\/www.emballagedigest.fr\/#\/schema\/logo\/image\/\"}},{\"@type\":\"Person\",\"@id\":\"https:\/\/www.emballagedigest.fr\/#\/schema\/person\/76abe9f2b2ee4d3d520594c7a35da59f\",\"name\":\"Karine Duval\",\"image\":{\"@type\":\"ImageObject\",\"inLanguage\":\"en-GB\",\"@id\":\"https:\/\/www.emballagedigest.fr\/#\/schema\/person\/image\/\",\"url\":\"https:\/\/secure.gravatar.com\/avatar\/f552799261cdd2e076e6677d780ef07bdb13aa4c196ab75b39abcbcdcae2d4e5?s=96&d=mm&r=g\",\"contentUrl\":\"https:\/\/secure.gravatar.com\/avatar\/f552799261cdd2e076e6677d780ef07bdb13aa4c196ab75b39abcbcdcae2d4e5?s=96&d=mm&r=g\",\"caption\":\"Karine Duval\"},\"url\":\"https:\/\/www.emballagedigest.fr\/en\/author\/admin_karduv\/\"}]}<\/script>\n<!-- \/ Yoast SEO plugin. -->","yoast_head_json":{"title":"Le verrier O-I Glass \u00e9quipe son site de Vayres d\u2019une unit\u00e9 de production d\u2019oxyg\u00e8ne - Emballage Digest","robots":{"index":"index","follow":"follow","max-snippet":"max-snippet:-1","max-image-preview":"max-image-preview:large","max-video-preview":"max-video-preview:-1"},"canonical":"https:\/\/www.emballagedigest.fr\/en\/le-verrier-o-i-glass-equipe-son-site-de-vayres-dune-unite-de-production-doxygene\/","og_locale":"en_GB","og_type":"article","og_title":"Le verrier O-I Glass \u00e9quipe son site de Vayres d\u2019une unit\u00e9 de production d\u2019oxyg\u00e8ne - Emballage Digest","og_description":"O-I Glass annonce avoir r\u00e9alis\u00e9 un investissement record de 50 M\u20ac pour faire progresser la durabilit\u00e9 de son usine de Vayres en installant la derni\u00e8re technologie de combustion gaz-oxyg\u00e8ne ainsi que des syst\u00e8mes de r\u00e9cup\u00e9ration de chaleur. Ces investissements destin\u00e9s \u00e0 la performance durable de l\u2019usine devraient permettre de r\u00e9duire jusqu\u2019\u00e0 20% les \u00e9missions de [&hellip;]","og_url":"https:\/\/www.emballagedigest.fr\/en\/le-verrier-o-i-glass-equipe-son-site-de-vayres-dune-unite-de-production-doxygene\/","og_site_name":"Emballage Digest","article_published_time":"2023-04-26T14:26:00+00:00","article_modified_time":"2023-04-27T14:30:41+00:00","og_image":[{"width":800,"height":420,"url":"https:\/\/www.emballagedigest.fr\/wp-content\/uploads\/2023\/04\/OI-Glass-1.jpg","type":"image\/jpeg"}],"author":"Karine Duval","twitter_card":"summary_large_image","twitter_misc":{"Written by":"Karine Duval","Estimated reading time":"2 minutes"},"schema":{"@context":"https:\/\/schema.org","@graph":[{"@type":"Article","@id":"https:\/\/www.emballagedigest.fr\/le-verrier-o-i-glass-equipe-son-site-de-vayres-dune-unite-de-production-doxygene\/#article","isPartOf":{"@id":"https:\/\/www.emballagedigest.fr\/le-verrier-o-i-glass-equipe-son-site-de-vayres-dune-unite-de-production-doxygene\/"},"author":{"name":"Karine Duval","@id":"https:\/\/www.emballagedigest.fr\/#\/schema\/person\/76abe9f2b2ee4d3d520594c7a35da59f"},"headline":"Le verrier O-I Glass \u00e9quipe son site de Vayres d\u2019une unit\u00e9 de production d\u2019oxyg\u00e8ne","datePublished":"2023-04-26T14:26:00+00:00","dateModified":"2023-04-27T14:30:41+00:00","mainEntityOfPage":{"@id":"https:\/\/www.emballagedigest.fr\/le-verrier-o-i-glass-equipe-son-site-de-vayres-dune-unite-de-production-doxygene\/"},"wordCount":312,"publisher":{"@id":"https:\/\/www.emballagedigest.fr\/#organization"},"image":{"@id":"https:\/\/www.emballagedigest.fr\/le-verrier-o-i-glass-equipe-son-site-de-vayres-dune-unite-de-production-doxygene\/#primaryimage"},"thumbnailUrl":"https:\/\/www.emballagedigest.fr\/wp-content\/uploads\/2023\/04\/OI-Glass-1.jpg","articleSection":["Alimentaire","Article entier","Barre lat\u00e9rale","Packaging","Vu dans le mag"],"inLanguage":"en-GB"},{"@type":"WebPage","@id":"https:\/\/www.emballagedigest.fr\/le-verrier-o-i-glass-equipe-son-site-de-vayres-dune-unite-de-production-doxygene\/","url":"https:\/\/www.emballagedigest.fr\/le-verrier-o-i-glass-equipe-son-site-de-vayres-dune-unite-de-production-doxygene\/","name":"Le verrier O-I Glass \u00e9quipe son site de Vayres d\u2019une unit\u00e9 de production d\u2019oxyg\u00e8ne - Emballage Digest","isPartOf":{"@id":"https:\/\/www.emballagedigest.fr\/#website"},"primaryImageOfPage":{"@id":"https:\/\/www.emballagedigest.fr\/le-verrier-o-i-glass-equipe-son-site-de-vayres-dune-unite-de-production-doxygene\/#primaryimage"},"image":{"@id":"https:\/\/www.emballagedigest.fr\/le-verrier-o-i-glass-equipe-son-site-de-vayres-dune-unite-de-production-doxygene\/#primaryimage"},"thumbnailUrl":"https:\/\/www.emballagedigest.fr\/wp-content\/uploads\/2023\/04\/OI-Glass-1.jpg","datePublished":"2023-04-26T14:26:00+00:00","dateModified":"2023-04-27T14:30:41+00:00","breadcrumb":{"@id":"https:\/\/www.emballagedigest.fr\/le-verrier-o-i-glass-equipe-son-site-de-vayres-dune-unite-de-production-doxygene\/#breadcrumb"},"inLanguage":"en-GB","potentialAction":[{"@type":"ReadAction","target":["https:\/\/www.emballagedigest.fr\/le-verrier-o-i-glass-equipe-son-site-de-vayres-dune-unite-de-production-doxygene\/"]}]},{"@type":"ImageObject","inLanguage":"en-GB","@id":"https:\/\/www.emballagedigest.fr\/le-verrier-o-i-glass-equipe-son-site-de-vayres-dune-unite-de-production-doxygene\/#primaryimage","url":"https:\/\/www.emballagedigest.fr\/wp-content\/uploads\/2023\/04\/OI-Glass-1.jpg","contentUrl":"https:\/\/www.emballagedigest.fr\/wp-content\/uploads\/2023\/04\/OI-Glass-1.jpg","width":800,"height":420},{"@type":"BreadcrumbList","@id":"https:\/\/www.emballagedigest.fr\/le-verrier-o-i-glass-equipe-son-site-de-vayres-dune-unite-de-production-doxygene\/#breadcrumb","itemListElement":[{"@type":"ListItem","position":1,"name":"Accueil","item":"https:\/\/www.emballagedigest.fr\/"},{"@type":"ListItem","position":2,"name":"Le verrier O-I Glass \u00e9quipe son site de Vayres d\u2019une unit\u00e9 de production d\u2019oxyg\u00e8ne"}]},{"@type":"WebSite","@id":"https:\/\/www.emballagedigest.fr\/#website","url":"https:\/\/www.emballagedigest.fr\/","name":"Emballage Digest","description":"Revue professionnelle sur les emballages","publisher":{"@id":"https:\/\/www.emballagedigest.fr\/#organization"},"potentialAction":[{"@type":"SearchAction","target":{"@type":"EntryPoint","urlTemplate":"https:\/\/www.emballagedigest.fr\/?s={search_term_string}"},"query-input":{"@type":"PropertyValueSpecification","valueRequired":true,"valueName":"search_term_string"}}],"inLanguage":"en-GB"},{"@type":"Organization","@id":"https:\/\/www.emballagedigest.fr\/#organization","name":"Emballage Digest","url":"https:\/\/www.emballagedigest.fr\/","logo":{"@type":"ImageObject","inLanguage":"en-GB","@id":"https:\/\/www.emballagedigest.fr\/#\/schema\/logo\/image\/","url":"https:\/\/www.emballagedigest.fr\/wp-content\/uploads\/2022\/07\/logo-ed.png","contentUrl":"https:\/\/www.emballagedigest.fr\/wp-content\/uploads\/2022\/07\/logo-ed.png","width":379,"height":75,"caption":"Emballage Digest"},"image":{"@id":"https:\/\/www.emballagedigest.fr\/#\/schema\/logo\/image\/"}},{"@type":"Person","@id":"https:\/\/www.emballagedigest.fr\/#\/schema\/person\/76abe9f2b2ee4d3d520594c7a35da59f","name":"Karine Duval","image":{"@type":"ImageObject","inLanguage":"en-GB","@id":"https:\/\/www.emballagedigest.fr\/#\/schema\/person\/image\/","url":"https:\/\/secure.gravatar.com\/avatar\/f552799261cdd2e076e6677d780ef07bdb13aa4c196ab75b39abcbcdcae2d4e5?s=96&d=mm&r=g","contentUrl":"https:\/\/secure.gravatar.com\/avatar\/f552799261cdd2e076e6677d780ef07bdb13aa4c196ab75b39abcbcdcae2d4e5?s=96&d=mm&r=g","caption":"Karine Duval"},"url":"https:\/\/www.emballagedigest.fr\/en\/author\/admin_karduv\/"}]}},"_links":{"self":[{"href":"https:\/\/www.emballagedigest.fr\/en\/wp-json\/wp\/v2\/posts\/37127","targetHints":{"allow":["GET"]}}],"collection":[{"href":"https:\/\/www.emballagedigest.fr\/en\/wp-json\/wp\/v2\/posts"}],"about":[{"href":"https:\/\/www.emballagedigest.fr\/en\/wp-json\/wp\/v2\/types\/post"}],"author":[{"embeddable":true,"href":"https:\/\/www.emballagedigest.fr\/en\/wp-json\/wp\/v2\/users\/2"}],"replies":[{"embeddable":true,"href":"https:\/\/www.emballagedigest.fr\/en\/wp-json\/wp\/v2\/comments?post=37127"}],"version-history":[{"count":1,"href":"https:\/\/www.emballagedigest.fr\/en\/wp-json\/wp\/v2\/posts\/37127\/revisions"}],"predecessor-version":[{"id":37130,"href":"https:\/\/www.emballagedigest.fr\/en\/wp-json\/wp\/v2\/posts\/37127\/revisions\/37130"}],"wp:featuredmedia":[{"embeddable":true,"href":"https:\/\/www.emballagedigest.fr\/en\/wp-json\/wp\/v2\/media\/37128"}],"wp:attachment":[{"href":"https:\/\/www.emballagedigest.fr\/en\/wp-json\/wp\/v2\/media?parent=37127"}],"wp:term":[{"taxonomy":"category","embeddable":true,"href":"https:\/\/www.emballagedigest.fr\/en\/wp-json\/wp\/v2\/categories?post=37127"},{"taxonomy":"post_tag","embeddable":true,"href":"https:\/\/www.emballagedigest.fr\/en\/wp-json\/wp\/v2\/tags?post=37127"}],"curies":[{"name":"wp","href":"https:\/\/api.w.org\/{rel}","templated":true}]}}