{"id":37200,"date":"2023-05-04T08:11:30","date_gmt":"2023-05-04T06:11:30","guid":{"rendered":"https:\/\/www.emballagedigest.fr\/?p=37200"},"modified":"2023-05-05T09:06:19","modified_gmt":"2023-05-05T07:06:19","slug":"joint-venture-entre-alpla-et-inden-pharma","status":"publish","type":"post","link":"https:\/\/www.emballagedigest.fr\/en\/joint-venture-entre-alpla-et-inden-pharma\/","title":{"rendered":"Joint-venture entre Alpla et Inden Pharma"},"content":{"rendered":"<p><strong>Le groupe Alpla<\/strong><strong>, avec sa division ALPLApharma, et la soci\u00e9t\u00e9 d&#8217;emballage espagnole Inden Pharma renforcent leur pr\u00e9sence sur le march\u00e9 pharmaceutique en cr\u00e9ant une joint-venture<\/strong><strong>.<\/strong><\/p>\n\n\n\n<p>Gr\u00e2ce \u00e0 leur r\u00e9seau d\u00e9sormais commun d\u2019usines en Gr\u00e8ce (Koropi), Pologne (\u017byrard\u00f3w), Espagne (ibi) et Allemagne (Markdorf), Alplapharma et Inden Pharma pr\u00e9voient une production annuelle combin\u00e9e d&rsquo;environ 800 millions de produits, sur la base d\u2019un catalogue commun standard de 150 r\u00e9f\u00e9rences.<\/p>\n\n\n\n<p>\u00ab&nbsp;Nous combinons une pr\u00e9sence mondiale avec des normes \u00e9lev\u00e9es et un leadership technologique. Ensemble, nous sommes encore plus proches de nos clients et nous \u00e9largissons notre gamme de solutions d&#8217;emballage de haute qualit\u00e9, rentables et durables&nbsp;\u00bb, d\u00e9clare Philipp Lehner, pdg d&rsquo;Alpla.La soci\u00e9t\u00e9 pourra s\u2019appuyer sur la forte croissance de son partenaire, Inden Pharma, qui a tripl\u00e9 son chiffre d&rsquo;affaires ces quatre derni\u00e8res ann\u00e9es pour atteindre 30,5 millions d&rsquo;euros en 2022. Le fabricant vend chaque ann\u00e9e plus de 550 millions d\u2019unit\u00e9s d\u2019emballages dans 35 pays sur cinq continents.<\/p>\n\n\n\n<figure class=\"wp-block-image size-full is-resized\"><img loading=\"lazy\" decoding=\"async\" src=\"https:\/\/www.emballagedigest.fr\/wp-content\/uploads\/2023\/05\/ALPLA2.jpg\" alt=\"\" class=\"wp-image-37202\" width=\"827\" height=\"511\" srcset=\"https:\/\/www.emballagedigest.fr\/wp-content\/uploads\/2023\/05\/ALPLA2.jpg 800w, https:\/\/www.emballagedigest.fr\/wp-content\/uploads\/2023\/05\/ALPLA2-300x185.jpg 300w, https:\/\/www.emballagedigest.fr\/wp-content\/uploads\/2023\/05\/ALPLA2-768x474.jpg 768w, https:\/\/www.emballagedigest.fr\/wp-content\/uploads\/2023\/05\/ALPLA2-18x12.jpg 18w\" sizes=\"auto, (max-width: 827px) 100vw, 827px\" \/><\/figure>\n\n\n\n<p>La joint-venture permettra \u00e9galement d&rsquo;\u00e9tendre les activit\u00e9s \u00e0 d&rsquo;autres pays en dehors de l&rsquo;Europe, comme l&rsquo;Inde, les \u00c9tats-Unis ou l&rsquo;Am\u00e9rique centrale et l&rsquo;Am\u00e9rique du Sud. \u00ab&nbsp;Nos clients internationaux b\u00e9n\u00e9ficient d&rsquo;une plus grande vari\u00e9t\u00e9 d&rsquo;usines, de la proximit\u00e9, d&rsquo;une grande flexibilit\u00e9 ainsi que du service et de la qualit\u00e9 des livraisons. C&rsquo;est un v\u00e9ritable d\u00e9fi, non seulement pour Inden Pharma, mais aussi pour toute l&rsquo;organisation de la nouvelle joint-venture&nbsp;: &nbsp;notre objectif est de devenir leader sur le march\u00e9 de l&#8217;emballage pharmaceutique en plastique au cours des cinq prochaines ann\u00e9es&nbsp;\u00bb, explique Juan Guillem Gonz\u00e1lez, propri\u00e9taire et pdg d&rsquo;Inden Pharma.<\/p>\n\n\n\n<p>Pour y parvenir, les deux acteurs comptent r\u00e9unir \u00ab&nbsp;ses forces et ses r\u00e9seaux de distribution, ainsi que les techniques les plus modernes d&rsquo;injection et d&rsquo;extrusion-soufflage et sa longue expertise en mati\u00e8re de recyclage pour les d\u00e9veloppements futurs&nbsp;\u00bb, conclut Walter Knes, directeur g\u00e9n\u00e9ral d&rsquo;Alplapharma.<\/p>\n\n\n\n<figure class=\"wp-block-image size-full is-resized\"><img loading=\"lazy\" decoding=\"async\" src=\"https:\/\/www.emballagedigest.fr\/wp-content\/uploads\/2023\/05\/ALPLA3.jpg\" alt=\"\" class=\"wp-image-37203\" width=\"828\" height=\"484\" srcset=\"https:\/\/www.emballagedigest.fr\/wp-content\/uploads\/2023\/05\/ALPLA3.jpg 800w, https:\/\/www.emballagedigest.fr\/wp-content\/uploads\/2023\/05\/ALPLA3-300x176.jpg 300w, https:\/\/www.emballagedigest.fr\/wp-content\/uploads\/2023\/05\/ALPLA3-768x449.jpg 768w, https:\/\/www.emballagedigest.fr\/wp-content\/uploads\/2023\/05\/ALPLA3-18x12.jpg 18w\" sizes=\"auto, (max-width: 828px) 100vw, 828px\" \/><\/figure>","protected":false},"excerpt":{"rendered":"<p>Le groupe Alpla, avec sa division ALPLApharma, et la soci\u00e9t\u00e9 d&#8217;emballage espagnole Inden Pharma renforcent leur pr\u00e9sence sur le march\u00e9 pharmaceutique en cr\u00e9ant une joint-venture. Gr\u00e2ce \u00e0 leur r\u00e9seau d\u00e9sormais commun d\u2019usines en Gr\u00e8ce (Koropi), Pologne (\u017byrard\u00f3w), Espagne (ibi) et Allemagne (Markdorf), Alplapharma et Inden Pharma pr\u00e9voient une production annuelle combin\u00e9e d&rsquo;environ 800 millions de [&hellip;]<\/p>","protected":false},"author":2,"featured_media":37201,"comment_status":"closed","ping_status":"closed","sticky":false,"template":"","format":"standard","meta":{"_acf_changed":false,"inline_featured_image":false,"iawp_total_views":1,"footnotes":""},"categories":[28,81,7],"tags":[],"class_list":["post-37200","post","type-post","status-publish","format-standard","has-post-thumbnail","hentry","category-article-entier","category-packaging","category-pharmacie"],"acf":[],"yoast_head":"<!-- This site is optimized with the Yoast SEO plugin v24.4 - https:\/\/yoast.com\/wordpress\/plugins\/seo\/ -->\n<title>Joint-venture entre Alpla et Inden Pharma - Emballage Digest<\/title>\n<meta name=\"robots\" content=\"index, follow, max-snippet:-1, max-image-preview:large, max-video-preview:-1\" \/>\n<link rel=\"canonical\" href=\"https:\/\/www.emballagedigest.fr\/en\/joint-venture-entre-alpla-et-inden-pharma\/\" \/>\n<meta property=\"og:locale\" content=\"en_GB\" \/>\n<meta property=\"og:type\" content=\"article\" \/>\n<meta property=\"og:title\" content=\"Joint-venture entre Alpla et Inden Pharma - Emballage Digest\" \/>\n<meta property=\"og:description\" content=\"Le groupe Alpla, avec sa division ALPLApharma, et la soci\u00e9t\u00e9 d&#8217;emballage espagnole Inden Pharma renforcent leur pr\u00e9sence sur le march\u00e9 pharmaceutique en cr\u00e9ant une joint-venture. Gr\u00e2ce \u00e0 leur r\u00e9seau d\u00e9sormais commun d\u2019usines en Gr\u00e8ce (Koropi), Pologne (\u017byrard\u00f3w), Espagne (ibi) et Allemagne (Markdorf), Alplapharma et Inden Pharma pr\u00e9voient une production annuelle combin\u00e9e d&rsquo;environ 800 millions de [&hellip;]\" \/>\n<meta property=\"og:url\" content=\"https:\/\/www.emballagedigest.fr\/en\/joint-venture-entre-alpla-et-inden-pharma\/\" \/>\n<meta property=\"og:site_name\" content=\"Emballage Digest\" \/>\n<meta property=\"article:published_time\" content=\"2023-05-04T06:11:30+00:00\" \/>\n<meta property=\"article:modified_time\" content=\"2023-05-05T07:06:19+00:00\" \/>\n<meta property=\"og:image\" content=\"https:\/\/www.emballagedigest.fr\/wp-content\/uploads\/2023\/05\/ALPLA1.jpg\" \/>\n\t<meta property=\"og:image:width\" content=\"800\" \/>\n\t<meta property=\"og:image:height\" content=\"462\" \/>\n\t<meta property=\"og:image:type\" content=\"image\/jpeg\" \/>\n<meta name=\"author\" content=\"Karine Duval\" \/>\n<meta name=\"twitter:card\" content=\"summary_large_image\" \/>\n<meta name=\"twitter:label1\" content=\"Written by\" \/>\n\t<meta name=\"twitter:data1\" content=\"Karine Duval\" \/>\n\t<meta name=\"twitter:label2\" content=\"Estimated reading time\" \/>\n\t<meta name=\"twitter:data2\" content=\"2 minutes\" \/>\n<script type=\"application\/ld+json\" class=\"yoast-schema-graph\">{\"@context\":\"https:\/\/schema.org\",\"@graph\":[{\"@type\":\"Article\",\"@id\":\"https:\/\/www.emballagedigest.fr\/joint-venture-entre-alpla-et-inden-pharma\/#article\",\"isPartOf\":{\"@id\":\"https:\/\/www.emballagedigest.fr\/joint-venture-entre-alpla-et-inden-pharma\/\"},\"author\":{\"name\":\"Karine Duval\",\"@id\":\"https:\/\/www.emballagedigest.fr\/#\/schema\/person\/76abe9f2b2ee4d3d520594c7a35da59f\"},\"headline\":\"Joint-venture entre Alpla et Inden Pharma\",\"datePublished\":\"2023-05-04T06:11:30+00:00\",\"dateModified\":\"2023-05-05T07:06:19+00:00\",\"mainEntityOfPage\":{\"@id\":\"https:\/\/www.emballagedigest.fr\/joint-venture-entre-alpla-et-inden-pharma\/\"},\"wordCount\":364,\"publisher\":{\"@id\":\"https:\/\/www.emballagedigest.fr\/#organization\"},\"image\":{\"@id\":\"https:\/\/www.emballagedigest.fr\/joint-venture-entre-alpla-et-inden-pharma\/#primaryimage\"},\"thumbnailUrl\":\"https:\/\/www.emballagedigest.fr\/wp-content\/uploads\/2023\/05\/ALPLA1.jpg\",\"articleSection\":[\"Article entier\",\"Packaging\",\"Pharmacie\"],\"inLanguage\":\"en-GB\"},{\"@type\":\"WebPage\",\"@id\":\"https:\/\/www.emballagedigest.fr\/joint-venture-entre-alpla-et-inden-pharma\/\",\"url\":\"https:\/\/www.emballagedigest.fr\/joint-venture-entre-alpla-et-inden-pharma\/\",\"name\":\"Joint-venture entre Alpla et Inden Pharma - Emballage Digest\",\"isPartOf\":{\"@id\":\"https:\/\/www.emballagedigest.fr\/#website\"},\"primaryImageOfPage\":{\"@id\":\"https:\/\/www.emballagedigest.fr\/joint-venture-entre-alpla-et-inden-pharma\/#primaryimage\"},\"image\":{\"@id\":\"https:\/\/www.emballagedigest.fr\/joint-venture-entre-alpla-et-inden-pharma\/#primaryimage\"},\"thumbnailUrl\":\"https:\/\/www.emballagedigest.fr\/wp-content\/uploads\/2023\/05\/ALPLA1.jpg\",\"datePublished\":\"2023-05-04T06:11:30+00:00\",\"dateModified\":\"2023-05-05T07:06:19+00:00\",\"breadcrumb\":{\"@id\":\"https:\/\/www.emballagedigest.fr\/joint-venture-entre-alpla-et-inden-pharma\/#breadcrumb\"},\"inLanguage\":\"en-GB\",\"potentialAction\":[{\"@type\":\"ReadAction\",\"target\":[\"https:\/\/www.emballagedigest.fr\/joint-venture-entre-alpla-et-inden-pharma\/\"]}]},{\"@type\":\"ImageObject\",\"inLanguage\":\"en-GB\",\"@id\":\"https:\/\/www.emballagedigest.fr\/joint-venture-entre-alpla-et-inden-pharma\/#primaryimage\",\"url\":\"https:\/\/www.emballagedigest.fr\/wp-content\/uploads\/2023\/05\/ALPLA1.jpg\",\"contentUrl\":\"https:\/\/www.emballagedigest.fr\/wp-content\/uploads\/2023\/05\/ALPLA1.jpg\",\"width\":800,\"height\":462},{\"@type\":\"BreadcrumbList\",\"@id\":\"https:\/\/www.emballagedigest.fr\/joint-venture-entre-alpla-et-inden-pharma\/#breadcrumb\",\"itemListElement\":[{\"@type\":\"ListItem\",\"position\":1,\"name\":\"Accueil\",\"item\":\"https:\/\/www.emballagedigest.fr\/\"},{\"@type\":\"ListItem\",\"position\":2,\"name\":\"Joint-venture entre Alpla et Inden Pharma\"}]},{\"@type\":\"WebSite\",\"@id\":\"https:\/\/www.emballagedigest.fr\/#website\",\"url\":\"https:\/\/www.emballagedigest.fr\/\",\"name\":\"Emballage Digest\",\"description\":\"Revue professionnelle sur les emballages\",\"publisher\":{\"@id\":\"https:\/\/www.emballagedigest.fr\/#organization\"},\"potentialAction\":[{\"@type\":\"SearchAction\",\"target\":{\"@type\":\"EntryPoint\",\"urlTemplate\":\"https:\/\/www.emballagedigest.fr\/?s={search_term_string}\"},\"query-input\":{\"@type\":\"PropertyValueSpecification\",\"valueRequired\":true,\"valueName\":\"search_term_string\"}}],\"inLanguage\":\"en-GB\"},{\"@type\":\"Organization\",\"@id\":\"https:\/\/www.emballagedigest.fr\/#organization\",\"name\":\"Emballage Digest\",\"url\":\"https:\/\/www.emballagedigest.fr\/\",\"logo\":{\"@type\":\"ImageObject\",\"inLanguage\":\"en-GB\",\"@id\":\"https:\/\/www.emballagedigest.fr\/#\/schema\/logo\/image\/\",\"url\":\"https:\/\/www.emballagedigest.fr\/wp-content\/uploads\/2022\/07\/logo-ed.png\",\"contentUrl\":\"https:\/\/www.emballagedigest.fr\/wp-content\/uploads\/2022\/07\/logo-ed.png\",\"width\":379,\"height\":75,\"caption\":\"Emballage Digest\"},\"image\":{\"@id\":\"https:\/\/www.emballagedigest.fr\/#\/schema\/logo\/image\/\"}},{\"@type\":\"Person\",\"@id\":\"https:\/\/www.emballagedigest.fr\/#\/schema\/person\/76abe9f2b2ee4d3d520594c7a35da59f\",\"name\":\"Karine Duval\",\"image\":{\"@type\":\"ImageObject\",\"inLanguage\":\"en-GB\",\"@id\":\"https:\/\/www.emballagedigest.fr\/#\/schema\/person\/image\/\",\"url\":\"https:\/\/secure.gravatar.com\/avatar\/f552799261cdd2e076e6677d780ef07bdb13aa4c196ab75b39abcbcdcae2d4e5?s=96&d=mm&r=g\",\"contentUrl\":\"https:\/\/secure.gravatar.com\/avatar\/f552799261cdd2e076e6677d780ef07bdb13aa4c196ab75b39abcbcdcae2d4e5?s=96&d=mm&r=g\",\"caption\":\"Karine Duval\"},\"url\":\"https:\/\/www.emballagedigest.fr\/en\/author\/admin_karduv\/\"}]}<\/script>\n<!-- \/ Yoast SEO plugin. -->","yoast_head_json":{"title":"Joint-venture entre Alpla et Inden Pharma - Emballage Digest","robots":{"index":"index","follow":"follow","max-snippet":"max-snippet:-1","max-image-preview":"max-image-preview:large","max-video-preview":"max-video-preview:-1"},"canonical":"https:\/\/www.emballagedigest.fr\/en\/joint-venture-entre-alpla-et-inden-pharma\/","og_locale":"en_GB","og_type":"article","og_title":"Joint-venture entre Alpla et Inden Pharma - Emballage Digest","og_description":"Le groupe Alpla, avec sa division ALPLApharma, et la soci\u00e9t\u00e9 d&#8217;emballage espagnole Inden Pharma renforcent leur pr\u00e9sence sur le march\u00e9 pharmaceutique en cr\u00e9ant une joint-venture. Gr\u00e2ce \u00e0 leur r\u00e9seau d\u00e9sormais commun d\u2019usines en Gr\u00e8ce (Koropi), Pologne (\u017byrard\u00f3w), Espagne (ibi) et Allemagne (Markdorf), Alplapharma et Inden Pharma pr\u00e9voient une production annuelle combin\u00e9e d&rsquo;environ 800 millions de [&hellip;]","og_url":"https:\/\/www.emballagedigest.fr\/en\/joint-venture-entre-alpla-et-inden-pharma\/","og_site_name":"Emballage Digest","article_published_time":"2023-05-04T06:11:30+00:00","article_modified_time":"2023-05-05T07:06:19+00:00","og_image":[{"width":800,"height":462,"url":"https:\/\/www.emballagedigest.fr\/wp-content\/uploads\/2023\/05\/ALPLA1.jpg","type":"image\/jpeg"}],"author":"Karine Duval","twitter_card":"summary_large_image","twitter_misc":{"Written by":"Karine Duval","Estimated reading time":"2 minutes"},"schema":{"@context":"https:\/\/schema.org","@graph":[{"@type":"Article","@id":"https:\/\/www.emballagedigest.fr\/joint-venture-entre-alpla-et-inden-pharma\/#article","isPartOf":{"@id":"https:\/\/www.emballagedigest.fr\/joint-venture-entre-alpla-et-inden-pharma\/"},"author":{"name":"Karine Duval","@id":"https:\/\/www.emballagedigest.fr\/#\/schema\/person\/76abe9f2b2ee4d3d520594c7a35da59f"},"headline":"Joint-venture entre Alpla et Inden Pharma","datePublished":"2023-05-04T06:11:30+00:00","dateModified":"2023-05-05T07:06:19+00:00","mainEntityOfPage":{"@id":"https:\/\/www.emballagedigest.fr\/joint-venture-entre-alpla-et-inden-pharma\/"},"wordCount":364,"publisher":{"@id":"https:\/\/www.emballagedigest.fr\/#organization"},"image":{"@id":"https:\/\/www.emballagedigest.fr\/joint-venture-entre-alpla-et-inden-pharma\/#primaryimage"},"thumbnailUrl":"https:\/\/www.emballagedigest.fr\/wp-content\/uploads\/2023\/05\/ALPLA1.jpg","articleSection":["Article entier","Packaging","Pharmacie"],"inLanguage":"en-GB"},{"@type":"WebPage","@id":"https:\/\/www.emballagedigest.fr\/joint-venture-entre-alpla-et-inden-pharma\/","url":"https:\/\/www.emballagedigest.fr\/joint-venture-entre-alpla-et-inden-pharma\/","name":"Joint-venture entre Alpla et Inden Pharma - Emballage Digest","isPartOf":{"@id":"https:\/\/www.emballagedigest.fr\/#website"},"primaryImageOfPage":{"@id":"https:\/\/www.emballagedigest.fr\/joint-venture-entre-alpla-et-inden-pharma\/#primaryimage"},"image":{"@id":"https:\/\/www.emballagedigest.fr\/joint-venture-entre-alpla-et-inden-pharma\/#primaryimage"},"thumbnailUrl":"https:\/\/www.emballagedigest.fr\/wp-content\/uploads\/2023\/05\/ALPLA1.jpg","datePublished":"2023-05-04T06:11:30+00:00","dateModified":"2023-05-05T07:06:19+00:00","breadcrumb":{"@id":"https:\/\/www.emballagedigest.fr\/joint-venture-entre-alpla-et-inden-pharma\/#breadcrumb"},"inLanguage":"en-GB","potentialAction":[{"@type":"ReadAction","target":["https:\/\/www.emballagedigest.fr\/joint-venture-entre-alpla-et-inden-pharma\/"]}]},{"@type":"ImageObject","inLanguage":"en-GB","@id":"https:\/\/www.emballagedigest.fr\/joint-venture-entre-alpla-et-inden-pharma\/#primaryimage","url":"https:\/\/www.emballagedigest.fr\/wp-content\/uploads\/2023\/05\/ALPLA1.jpg","contentUrl":"https:\/\/www.emballagedigest.fr\/wp-content\/uploads\/2023\/05\/ALPLA1.jpg","width":800,"height":462},{"@type":"BreadcrumbList","@id":"https:\/\/www.emballagedigest.fr\/joint-venture-entre-alpla-et-inden-pharma\/#breadcrumb","itemListElement":[{"@type":"ListItem","position":1,"name":"Accueil","item":"https:\/\/www.emballagedigest.fr\/"},{"@type":"ListItem","position":2,"name":"Joint-venture entre Alpla et Inden Pharma"}]},{"@type":"WebSite","@id":"https:\/\/www.emballagedigest.fr\/#website","url":"https:\/\/www.emballagedigest.fr\/","name":"Emballage Digest","description":"Revue professionnelle sur les emballages","publisher":{"@id":"https:\/\/www.emballagedigest.fr\/#organization"},"potentialAction":[{"@type":"SearchAction","target":{"@type":"EntryPoint","urlTemplate":"https:\/\/www.emballagedigest.fr\/?s={search_term_string}"},"query-input":{"@type":"PropertyValueSpecification","valueRequired":true,"valueName":"search_term_string"}}],"inLanguage":"en-GB"},{"@type":"Organization","@id":"https:\/\/www.emballagedigest.fr\/#organization","name":"Emballage Digest","url":"https:\/\/www.emballagedigest.fr\/","logo":{"@type":"ImageObject","inLanguage":"en-GB","@id":"https:\/\/www.emballagedigest.fr\/#\/schema\/logo\/image\/","url":"https:\/\/www.emballagedigest.fr\/wp-content\/uploads\/2022\/07\/logo-ed.png","contentUrl":"https:\/\/www.emballagedigest.fr\/wp-content\/uploads\/2022\/07\/logo-ed.png","width":379,"height":75,"caption":"Emballage Digest"},"image":{"@id":"https:\/\/www.emballagedigest.fr\/#\/schema\/logo\/image\/"}},{"@type":"Person","@id":"https:\/\/www.emballagedigest.fr\/#\/schema\/person\/76abe9f2b2ee4d3d520594c7a35da59f","name":"Karine Duval","image":{"@type":"ImageObject","inLanguage":"en-GB","@id":"https:\/\/www.emballagedigest.fr\/#\/schema\/person\/image\/","url":"https:\/\/secure.gravatar.com\/avatar\/f552799261cdd2e076e6677d780ef07bdb13aa4c196ab75b39abcbcdcae2d4e5?s=96&d=mm&r=g","contentUrl":"https:\/\/secure.gravatar.com\/avatar\/f552799261cdd2e076e6677d780ef07bdb13aa4c196ab75b39abcbcdcae2d4e5?s=96&d=mm&r=g","caption":"Karine Duval"},"url":"https:\/\/www.emballagedigest.fr\/en\/author\/admin_karduv\/"}]}},"_links":{"self":[{"href":"https:\/\/www.emballagedigest.fr\/en\/wp-json\/wp\/v2\/posts\/37200","targetHints":{"allow":["GET"]}}],"collection":[{"href":"https:\/\/www.emballagedigest.fr\/en\/wp-json\/wp\/v2\/posts"}],"about":[{"href":"https:\/\/www.emballagedigest.fr\/en\/wp-json\/wp\/v2\/types\/post"}],"author":[{"embeddable":true,"href":"https:\/\/www.emballagedigest.fr\/en\/wp-json\/wp\/v2\/users\/2"}],"replies":[{"embeddable":true,"href":"https:\/\/www.emballagedigest.fr\/en\/wp-json\/wp\/v2\/comments?post=37200"}],"version-history":[{"count":1,"href":"https:\/\/www.emballagedigest.fr\/en\/wp-json\/wp\/v2\/posts\/37200\/revisions"}],"predecessor-version":[{"id":37204,"href":"https:\/\/www.emballagedigest.fr\/en\/wp-json\/wp\/v2\/posts\/37200\/revisions\/37204"}],"wp:featuredmedia":[{"embeddable":true,"href":"https:\/\/www.emballagedigest.fr\/en\/wp-json\/wp\/v2\/media\/37201"}],"wp:attachment":[{"href":"https:\/\/www.emballagedigest.fr\/en\/wp-json\/wp\/v2\/media?parent=37200"}],"wp:term":[{"taxonomy":"category","embeddable":true,"href":"https:\/\/www.emballagedigest.fr\/en\/wp-json\/wp\/v2\/categories?post=37200"},{"taxonomy":"post_tag","embeddable":true,"href":"https:\/\/www.emballagedigest.fr\/en\/wp-json\/wp\/v2\/tags?post=37200"}],"curies":[{"name":"wp","href":"https:\/\/api.w.org\/{rel}","templated":true}]}}