{"id":37392,"date":"2023-06-01T01:32:38","date_gmt":"2023-05-31T23:32:38","guid":{"rendered":"https:\/\/www.emballagedigest.fr\/?p=37392"},"modified":"2023-06-01T01:32:39","modified_gmt":"2023-05-31T23:32:39","slug":"actega-conclut-un-accord-avec-makro-labelling-pour-le-deploiement-de-signite","status":"publish","type":"post","link":"https:\/\/www.emballagedigest.fr\/en\/actega-conclut-un-accord-avec-makro-labelling-pour-le-deploiement-de-signite\/","title":{"rendered":"Actega conclut un accord avec Makro Labelling pour le d\u00e9ploiement de Signite\u00ae"},"content":{"rendered":"<p><strong>Actega, fabricant de rev\u00eatements, d&rsquo;encres, d&rsquo;adh\u00e9sifs et de compos\u00e9s d&rsquo;\u00e9tanch\u00e9it\u00e9 sp\u00e9cialis\u00e9s pour l&rsquo;industrie de l&rsquo;impression et de l&#8217;emballage, a annonc\u00e9 aujourd&rsquo;hui un accord de collaboration avec Makro Labelling. Le partenariat vise \u00e0 acc\u00e9l\u00e9rer le d\u00e9veloppement et la fourniture de machines d&rsquo;application sur contenants pour Signite\u00ae, une technologie de d\u00e9coration plus durable.<\/strong><\/p>\n\n\n\n<p>R\u00e9compens\u00e9es en 2022 par le Prix de l\u2019Innovation d\u00e9cern\u00e9 par The Label Industry Global Awards, les \u00e9tiquettes Signite\u00ae offrent une solution pour une d\u00e9coration durable tout en r\u00e9duisant consid\u00e9rablement les d\u00e9chets et une plus grande souplesse de conception et des possibilit\u00e9s de recyclage et de r\u00e9utilisation.<\/p>\n\n\n\n<p>Pour pouvoir b\u00e9n\u00e9ficier des avantages des \u00e9tiquettes Signite\u00ae, des machines d&rsquo;application modifi\u00e9es bas\u00e9es sur des \u00e9tiqueteuses classiques sensibles \u00e0 la pression sont n\u00e9cessaires. Des applicateurs \u00e0 vitesse r\u00e9duite adapt\u00e9s aux spiritueux artisanaux, aux vins, \u00e0 la bi\u00e8re artisanale et \u00e0 d&rsquo;autres march\u00e9s de ce type ont \u00e9t\u00e9 mis au point et fabriqu\u00e9s en interne par Actega.<\/p>\n\n\n\n<figure class=\"wp-block-image size-full\"><img loading=\"lazy\" decoding=\"async\" width=\"800\" height=\"400\" src=\"https:\/\/www.emballagedigest.fr\/wp-content\/uploads\/2023\/06\/Signite.jpg\" alt=\"\" class=\"wp-image-37394\" srcset=\"https:\/\/www.emballagedigest.fr\/wp-content\/uploads\/2023\/06\/Signite.jpg 800w, https:\/\/www.emballagedigest.fr\/wp-content\/uploads\/2023\/06\/Signite-300x150.jpg 300w, https:\/\/www.emballagedigest.fr\/wp-content\/uploads\/2023\/06\/Signite-768x384.jpg 768w, https:\/\/www.emballagedigest.fr\/wp-content\/uploads\/2023\/06\/Signite-18x9.jpg 18w\" sizes=\"auto, (max-width: 800px) 100vw, 800px\" \/><\/figure>\n\n\n\n<p>La prochaine phase de d\u00e9veloppement des machines et d&rsquo;adoption par le march\u00e9 de Signite\u00ae n\u00e9cessite toutefois l&rsquo;expertise d&rsquo;un partenaire OEM d&rsquo;\u00e9tiqueteuses (fabricant d&rsquo;\u00e9quipement d&rsquo;origine) dynamique et visionnaire. Makro Labelling a, \u00e0 cette fin, accept\u00e9 de contribuer \u00e0 la conception, \u00e0 la fabrication et \u00e0 la fourniture d&rsquo;\u00e9tiqueteuses rotatives \u00e0 basse et moyenne vitesse, en se concentrant dans un premier temps sur des mod\u00e8les dont la vitesse d&rsquo;application se situe entre 100 et 400 contenants \u00e0 la minute.<\/p>\n\n\n\n<p>\u00ab Nous sommes ravis de nous associer \u00e0 Actega pour \u00e9largir l&rsquo;acc\u00e8s \u00e0 cette technologie gr\u00e2ce \u00e0 nos plateformes d&rsquo;\u00e9tiqueteuses et \u00e0 notre pr\u00e9sence sur le march\u00e9. Les objectifs actuels des applicateurs se situent dans la zone historiquement optimale pour Makro. De plus, avec notre r\u00e9cente acquisition par Sidel Group, il est fascinant de voir jusqu\u2019o\u00f9 Signite\u00ae pourrait aller ensuite \u00bb, indique Simone Marcantoni, directrice g\u00e9n\u00e9rale de Makro Labelling.<\/p>","protected":false},"excerpt":{"rendered":"<p>Actega, fabricant de rev\u00eatements, d&rsquo;encres, d&rsquo;adh\u00e9sifs et de compos\u00e9s d&rsquo;\u00e9tanch\u00e9it\u00e9 sp\u00e9cialis\u00e9s pour l&rsquo;industrie de l&rsquo;impression et de l&#8217;emballage, a annonc\u00e9 aujourd&rsquo;hui un accord de collaboration avec Makro Labelling. Le partenariat vise \u00e0 acc\u00e9l\u00e9rer le d\u00e9veloppement et la fourniture de machines d&rsquo;application sur contenants pour Signite\u00ae, une technologie de d\u00e9coration plus durable. R\u00e9compens\u00e9es en 2022 par [&hellip;]<\/p>","protected":false},"author":2,"featured_media":37393,"comment_status":"closed","ping_status":"closed","sticky":false,"template":"","format":"standard","meta":{"_acf_changed":false,"inline_featured_image":false,"iawp_total_views":0,"footnotes":""},"categories":[5,28,35,10],"tags":[],"class_list":["post-37392","post","type-post","status-publish","format-standard","has-post-thumbnail","hentry","category-alimentaire","category-article-entier","category-machines-fr","category-materiaux"],"acf":[],"yoast_head":"<!-- This site is optimized with the Yoast SEO plugin v24.4 - https:\/\/yoast.com\/wordpress\/plugins\/seo\/ -->\n<title>Actega conclut un accord avec Makro Labelling pour le d\u00e9ploiement de Signite\u00ae - Emballage Digest<\/title>\n<meta name=\"robots\" content=\"index, follow, max-snippet:-1, max-image-preview:large, max-video-preview:-1\" \/>\n<link rel=\"canonical\" href=\"https:\/\/www.emballagedigest.fr\/en\/actega-conclut-un-accord-avec-makro-labelling-pour-le-deploiement-de-signite\/\" \/>\n<meta property=\"og:locale\" content=\"en_GB\" \/>\n<meta property=\"og:type\" content=\"article\" \/>\n<meta property=\"og:title\" content=\"Actega conclut un accord avec Makro Labelling pour le d\u00e9ploiement de Signite\u00ae - Emballage Digest\" \/>\n<meta property=\"og:description\" content=\"Actega, fabricant de rev\u00eatements, d&rsquo;encres, d&rsquo;adh\u00e9sifs et de compos\u00e9s d&rsquo;\u00e9tanch\u00e9it\u00e9 sp\u00e9cialis\u00e9s pour l&rsquo;industrie de l&rsquo;impression et de l&#8217;emballage, a annonc\u00e9 aujourd&rsquo;hui un accord de collaboration avec Makro Labelling. Le partenariat vise \u00e0 acc\u00e9l\u00e9rer le d\u00e9veloppement et la fourniture de machines d&rsquo;application sur contenants pour Signite\u00ae, une technologie de d\u00e9coration plus durable. R\u00e9compens\u00e9es en 2022 par [&hellip;]\" \/>\n<meta property=\"og:url\" content=\"https:\/\/www.emballagedigest.fr\/en\/actega-conclut-un-accord-avec-makro-labelling-pour-le-deploiement-de-signite\/\" \/>\n<meta property=\"og:site_name\" content=\"Emballage Digest\" \/>\n<meta property=\"article:published_time\" content=\"2023-05-31T23:32:38+00:00\" \/>\n<meta property=\"article:modified_time\" content=\"2023-05-31T23:32:39+00:00\" \/>\n<meta property=\"og:image\" content=\"https:\/\/www.emballagedigest.fr\/wp-content\/uploads\/2023\/06\/Signite1.jpg\" \/>\n\t<meta property=\"og:image:width\" content=\"800\" \/>\n\t<meta property=\"og:image:height\" content=\"480\" \/>\n\t<meta property=\"og:image:type\" content=\"image\/jpeg\" \/>\n<meta name=\"author\" content=\"Karine Duval\" \/>\n<meta name=\"twitter:card\" content=\"summary_large_image\" \/>\n<meta name=\"twitter:label1\" content=\"Written by\" \/>\n\t<meta name=\"twitter:data1\" content=\"Karine Duval\" \/>\n\t<meta name=\"twitter:label2\" content=\"Estimated reading time\" \/>\n\t<meta name=\"twitter:data2\" content=\"2 minutes\" \/>\n<script type=\"application\/ld+json\" class=\"yoast-schema-graph\">{\"@context\":\"https:\/\/schema.org\",\"@graph\":[{\"@type\":\"Article\",\"@id\":\"https:\/\/www.emballagedigest.fr\/actega-conclut-un-accord-avec-makro-labelling-pour-le-deploiement-de-signite\/#article\",\"isPartOf\":{\"@id\":\"https:\/\/www.emballagedigest.fr\/actega-conclut-un-accord-avec-makro-labelling-pour-le-deploiement-de-signite\/\"},\"author\":{\"name\":\"Karine Duval\",\"@id\":\"https:\/\/www.emballagedigest.fr\/#\/schema\/person\/76abe9f2b2ee4d3d520594c7a35da59f\"},\"headline\":\"Actega conclut un accord avec Makro Labelling pour le d\u00e9ploiement de Signite\u00ae\",\"datePublished\":\"2023-05-31T23:32:38+00:00\",\"dateModified\":\"2023-05-31T23:32:39+00:00\",\"mainEntityOfPage\":{\"@id\":\"https:\/\/www.emballagedigest.fr\/actega-conclut-un-accord-avec-makro-labelling-pour-le-deploiement-de-signite\/\"},\"wordCount\":352,\"publisher\":{\"@id\":\"https:\/\/www.emballagedigest.fr\/#organization\"},\"image\":{\"@id\":\"https:\/\/www.emballagedigest.fr\/actega-conclut-un-accord-avec-makro-labelling-pour-le-deploiement-de-signite\/#primaryimage\"},\"thumbnailUrl\":\"https:\/\/www.emballagedigest.fr\/wp-content\/uploads\/2023\/06\/Signite1.jpg\",\"articleSection\":[\"Alimentaire\",\"Article entier\",\"Machines\",\"Mat\u00e9riaux\"],\"inLanguage\":\"en-GB\"},{\"@type\":\"WebPage\",\"@id\":\"https:\/\/www.emballagedigest.fr\/actega-conclut-un-accord-avec-makro-labelling-pour-le-deploiement-de-signite\/\",\"url\":\"https:\/\/www.emballagedigest.fr\/actega-conclut-un-accord-avec-makro-labelling-pour-le-deploiement-de-signite\/\",\"name\":\"Actega conclut un accord avec Makro Labelling pour le d\u00e9ploiement de Signite\u00ae - Emballage Digest\",\"isPartOf\":{\"@id\":\"https:\/\/www.emballagedigest.fr\/#website\"},\"primaryImageOfPage\":{\"@id\":\"https:\/\/www.emballagedigest.fr\/actega-conclut-un-accord-avec-makro-labelling-pour-le-deploiement-de-signite\/#primaryimage\"},\"image\":{\"@id\":\"https:\/\/www.emballagedigest.fr\/actega-conclut-un-accord-avec-makro-labelling-pour-le-deploiement-de-signite\/#primaryimage\"},\"thumbnailUrl\":\"https:\/\/www.emballagedigest.fr\/wp-content\/uploads\/2023\/06\/Signite1.jpg\",\"datePublished\":\"2023-05-31T23:32:38+00:00\",\"dateModified\":\"2023-05-31T23:32:39+00:00\",\"breadcrumb\":{\"@id\":\"https:\/\/www.emballagedigest.fr\/actega-conclut-un-accord-avec-makro-labelling-pour-le-deploiement-de-signite\/#breadcrumb\"},\"inLanguage\":\"en-GB\",\"potentialAction\":[{\"@type\":\"ReadAction\",\"target\":[\"https:\/\/www.emballagedigest.fr\/actega-conclut-un-accord-avec-makro-labelling-pour-le-deploiement-de-signite\/\"]}]},{\"@type\":\"ImageObject\",\"inLanguage\":\"en-GB\",\"@id\":\"https:\/\/www.emballagedigest.fr\/actega-conclut-un-accord-avec-makro-labelling-pour-le-deploiement-de-signite\/#primaryimage\",\"url\":\"https:\/\/www.emballagedigest.fr\/wp-content\/uploads\/2023\/06\/Signite1.jpg\",\"contentUrl\":\"https:\/\/www.emballagedigest.fr\/wp-content\/uploads\/2023\/06\/Signite1.jpg\",\"width\":800,\"height\":480},{\"@type\":\"BreadcrumbList\",\"@id\":\"https:\/\/www.emballagedigest.fr\/actega-conclut-un-accord-avec-makro-labelling-pour-le-deploiement-de-signite\/#breadcrumb\",\"itemListElement\":[{\"@type\":\"ListItem\",\"position\":1,\"name\":\"Accueil\",\"item\":\"https:\/\/www.emballagedigest.fr\/\"},{\"@type\":\"ListItem\",\"position\":2,\"name\":\"Actega conclut un accord avec Makro Labelling pour le d\u00e9ploiement de Signite\u00ae\"}]},{\"@type\":\"WebSite\",\"@id\":\"https:\/\/www.emballagedigest.fr\/#website\",\"url\":\"https:\/\/www.emballagedigest.fr\/\",\"name\":\"Emballage Digest\",\"description\":\"Revue professionnelle sur les emballages\",\"publisher\":{\"@id\":\"https:\/\/www.emballagedigest.fr\/#organization\"},\"potentialAction\":[{\"@type\":\"SearchAction\",\"target\":{\"@type\":\"EntryPoint\",\"urlTemplate\":\"https:\/\/www.emballagedigest.fr\/?s={search_term_string}\"},\"query-input\":{\"@type\":\"PropertyValueSpecification\",\"valueRequired\":true,\"valueName\":\"search_term_string\"}}],\"inLanguage\":\"en-GB\"},{\"@type\":\"Organization\",\"@id\":\"https:\/\/www.emballagedigest.fr\/#organization\",\"name\":\"Emballage Digest\",\"url\":\"https:\/\/www.emballagedigest.fr\/\",\"logo\":{\"@type\":\"ImageObject\",\"inLanguage\":\"en-GB\",\"@id\":\"https:\/\/www.emballagedigest.fr\/#\/schema\/logo\/image\/\",\"url\":\"https:\/\/www.emballagedigest.fr\/wp-content\/uploads\/2022\/07\/logo-ed.png\",\"contentUrl\":\"https:\/\/www.emballagedigest.fr\/wp-content\/uploads\/2022\/07\/logo-ed.png\",\"width\":379,\"height\":75,\"caption\":\"Emballage Digest\"},\"image\":{\"@id\":\"https:\/\/www.emballagedigest.fr\/#\/schema\/logo\/image\/\"}},{\"@type\":\"Person\",\"@id\":\"https:\/\/www.emballagedigest.fr\/#\/schema\/person\/76abe9f2b2ee4d3d520594c7a35da59f\",\"name\":\"Karine Duval\",\"image\":{\"@type\":\"ImageObject\",\"inLanguage\":\"en-GB\",\"@id\":\"https:\/\/www.emballagedigest.fr\/#\/schema\/person\/image\/\",\"url\":\"https:\/\/secure.gravatar.com\/avatar\/f552799261cdd2e076e6677d780ef07bdb13aa4c196ab75b39abcbcdcae2d4e5?s=96&d=mm&r=g\",\"contentUrl\":\"https:\/\/secure.gravatar.com\/avatar\/f552799261cdd2e076e6677d780ef07bdb13aa4c196ab75b39abcbcdcae2d4e5?s=96&d=mm&r=g\",\"caption\":\"Karine Duval\"},\"url\":\"https:\/\/www.emballagedigest.fr\/en\/author\/admin_karduv\/\"}]}<\/script>\n<!-- \/ Yoast SEO plugin. -->","yoast_head_json":{"title":"Actega conclut un accord avec Makro Labelling pour le d\u00e9ploiement de Signite\u00ae - Emballage Digest","robots":{"index":"index","follow":"follow","max-snippet":"max-snippet:-1","max-image-preview":"max-image-preview:large","max-video-preview":"max-video-preview:-1"},"canonical":"https:\/\/www.emballagedigest.fr\/en\/actega-conclut-un-accord-avec-makro-labelling-pour-le-deploiement-de-signite\/","og_locale":"en_GB","og_type":"article","og_title":"Actega conclut un accord avec Makro Labelling pour le d\u00e9ploiement de Signite\u00ae - Emballage Digest","og_description":"Actega, fabricant de rev\u00eatements, d&rsquo;encres, d&rsquo;adh\u00e9sifs et de compos\u00e9s d&rsquo;\u00e9tanch\u00e9it\u00e9 sp\u00e9cialis\u00e9s pour l&rsquo;industrie de l&rsquo;impression et de l&#8217;emballage, a annonc\u00e9 aujourd&rsquo;hui un accord de collaboration avec Makro Labelling. Le partenariat vise \u00e0 acc\u00e9l\u00e9rer le d\u00e9veloppement et la fourniture de machines d&rsquo;application sur contenants pour Signite\u00ae, une technologie de d\u00e9coration plus durable. R\u00e9compens\u00e9es en 2022 par [&hellip;]","og_url":"https:\/\/www.emballagedigest.fr\/en\/actega-conclut-un-accord-avec-makro-labelling-pour-le-deploiement-de-signite\/","og_site_name":"Emballage Digest","article_published_time":"2023-05-31T23:32:38+00:00","article_modified_time":"2023-05-31T23:32:39+00:00","og_image":[{"width":800,"height":480,"url":"https:\/\/www.emballagedigest.fr\/wp-content\/uploads\/2023\/06\/Signite1.jpg","type":"image\/jpeg"}],"author":"Karine Duval","twitter_card":"summary_large_image","twitter_misc":{"Written by":"Karine Duval","Estimated reading time":"2 minutes"},"schema":{"@context":"https:\/\/schema.org","@graph":[{"@type":"Article","@id":"https:\/\/www.emballagedigest.fr\/actega-conclut-un-accord-avec-makro-labelling-pour-le-deploiement-de-signite\/#article","isPartOf":{"@id":"https:\/\/www.emballagedigest.fr\/actega-conclut-un-accord-avec-makro-labelling-pour-le-deploiement-de-signite\/"},"author":{"name":"Karine Duval","@id":"https:\/\/www.emballagedigest.fr\/#\/schema\/person\/76abe9f2b2ee4d3d520594c7a35da59f"},"headline":"Actega conclut un accord avec Makro Labelling pour le d\u00e9ploiement de Signite\u00ae","datePublished":"2023-05-31T23:32:38+00:00","dateModified":"2023-05-31T23:32:39+00:00","mainEntityOfPage":{"@id":"https:\/\/www.emballagedigest.fr\/actega-conclut-un-accord-avec-makro-labelling-pour-le-deploiement-de-signite\/"},"wordCount":352,"publisher":{"@id":"https:\/\/www.emballagedigest.fr\/#organization"},"image":{"@id":"https:\/\/www.emballagedigest.fr\/actega-conclut-un-accord-avec-makro-labelling-pour-le-deploiement-de-signite\/#primaryimage"},"thumbnailUrl":"https:\/\/www.emballagedigest.fr\/wp-content\/uploads\/2023\/06\/Signite1.jpg","articleSection":["Alimentaire","Article entier","Machines","Mat\u00e9riaux"],"inLanguage":"en-GB"},{"@type":"WebPage","@id":"https:\/\/www.emballagedigest.fr\/actega-conclut-un-accord-avec-makro-labelling-pour-le-deploiement-de-signite\/","url":"https:\/\/www.emballagedigest.fr\/actega-conclut-un-accord-avec-makro-labelling-pour-le-deploiement-de-signite\/","name":"Actega conclut un accord avec Makro Labelling pour le d\u00e9ploiement de Signite\u00ae - Emballage Digest","isPartOf":{"@id":"https:\/\/www.emballagedigest.fr\/#website"},"primaryImageOfPage":{"@id":"https:\/\/www.emballagedigest.fr\/actega-conclut-un-accord-avec-makro-labelling-pour-le-deploiement-de-signite\/#primaryimage"},"image":{"@id":"https:\/\/www.emballagedigest.fr\/actega-conclut-un-accord-avec-makro-labelling-pour-le-deploiement-de-signite\/#primaryimage"},"thumbnailUrl":"https:\/\/www.emballagedigest.fr\/wp-content\/uploads\/2023\/06\/Signite1.jpg","datePublished":"2023-05-31T23:32:38+00:00","dateModified":"2023-05-31T23:32:39+00:00","breadcrumb":{"@id":"https:\/\/www.emballagedigest.fr\/actega-conclut-un-accord-avec-makro-labelling-pour-le-deploiement-de-signite\/#breadcrumb"},"inLanguage":"en-GB","potentialAction":[{"@type":"ReadAction","target":["https:\/\/www.emballagedigest.fr\/actega-conclut-un-accord-avec-makro-labelling-pour-le-deploiement-de-signite\/"]}]},{"@type":"ImageObject","inLanguage":"en-GB","@id":"https:\/\/www.emballagedigest.fr\/actega-conclut-un-accord-avec-makro-labelling-pour-le-deploiement-de-signite\/#primaryimage","url":"https:\/\/www.emballagedigest.fr\/wp-content\/uploads\/2023\/06\/Signite1.jpg","contentUrl":"https:\/\/www.emballagedigest.fr\/wp-content\/uploads\/2023\/06\/Signite1.jpg","width":800,"height":480},{"@type":"BreadcrumbList","@id":"https:\/\/www.emballagedigest.fr\/actega-conclut-un-accord-avec-makro-labelling-pour-le-deploiement-de-signite\/#breadcrumb","itemListElement":[{"@type":"ListItem","position":1,"name":"Accueil","item":"https:\/\/www.emballagedigest.fr\/"},{"@type":"ListItem","position":2,"name":"Actega conclut un accord avec Makro Labelling pour le d\u00e9ploiement de Signite\u00ae"}]},{"@type":"WebSite","@id":"https:\/\/www.emballagedigest.fr\/#website","url":"https:\/\/www.emballagedigest.fr\/","name":"Emballage Digest","description":"Revue professionnelle sur les emballages","publisher":{"@id":"https:\/\/www.emballagedigest.fr\/#organization"},"potentialAction":[{"@type":"SearchAction","target":{"@type":"EntryPoint","urlTemplate":"https:\/\/www.emballagedigest.fr\/?s={search_term_string}"},"query-input":{"@type":"PropertyValueSpecification","valueRequired":true,"valueName":"search_term_string"}}],"inLanguage":"en-GB"},{"@type":"Organization","@id":"https:\/\/www.emballagedigest.fr\/#organization","name":"Emballage Digest","url":"https:\/\/www.emballagedigest.fr\/","logo":{"@type":"ImageObject","inLanguage":"en-GB","@id":"https:\/\/www.emballagedigest.fr\/#\/schema\/logo\/image\/","url":"https:\/\/www.emballagedigest.fr\/wp-content\/uploads\/2022\/07\/logo-ed.png","contentUrl":"https:\/\/www.emballagedigest.fr\/wp-content\/uploads\/2022\/07\/logo-ed.png","width":379,"height":75,"caption":"Emballage Digest"},"image":{"@id":"https:\/\/www.emballagedigest.fr\/#\/schema\/logo\/image\/"}},{"@type":"Person","@id":"https:\/\/www.emballagedigest.fr\/#\/schema\/person\/76abe9f2b2ee4d3d520594c7a35da59f","name":"Karine Duval","image":{"@type":"ImageObject","inLanguage":"en-GB","@id":"https:\/\/www.emballagedigest.fr\/#\/schema\/person\/image\/","url":"https:\/\/secure.gravatar.com\/avatar\/f552799261cdd2e076e6677d780ef07bdb13aa4c196ab75b39abcbcdcae2d4e5?s=96&d=mm&r=g","contentUrl":"https:\/\/secure.gravatar.com\/avatar\/f552799261cdd2e076e6677d780ef07bdb13aa4c196ab75b39abcbcdcae2d4e5?s=96&d=mm&r=g","caption":"Karine Duval"},"url":"https:\/\/www.emballagedigest.fr\/en\/author\/admin_karduv\/"}]}},"_links":{"self":[{"href":"https:\/\/www.emballagedigest.fr\/en\/wp-json\/wp\/v2\/posts\/37392","targetHints":{"allow":["GET"]}}],"collection":[{"href":"https:\/\/www.emballagedigest.fr\/en\/wp-json\/wp\/v2\/posts"}],"about":[{"href":"https:\/\/www.emballagedigest.fr\/en\/wp-json\/wp\/v2\/types\/post"}],"author":[{"embeddable":true,"href":"https:\/\/www.emballagedigest.fr\/en\/wp-json\/wp\/v2\/users\/2"}],"replies":[{"embeddable":true,"href":"https:\/\/www.emballagedigest.fr\/en\/wp-json\/wp\/v2\/comments?post=37392"}],"version-history":[{"count":1,"href":"https:\/\/www.emballagedigest.fr\/en\/wp-json\/wp\/v2\/posts\/37392\/revisions"}],"predecessor-version":[{"id":37395,"href":"https:\/\/www.emballagedigest.fr\/en\/wp-json\/wp\/v2\/posts\/37392\/revisions\/37395"}],"wp:featuredmedia":[{"embeddable":true,"href":"https:\/\/www.emballagedigest.fr\/en\/wp-json\/wp\/v2\/media\/37393"}],"wp:attachment":[{"href":"https:\/\/www.emballagedigest.fr\/en\/wp-json\/wp\/v2\/media?parent=37392"}],"wp:term":[{"taxonomy":"category","embeddable":true,"href":"https:\/\/www.emballagedigest.fr\/en\/wp-json\/wp\/v2\/categories?post=37392"},{"taxonomy":"post_tag","embeddable":true,"href":"https:\/\/www.emballagedigest.fr\/en\/wp-json\/wp\/v2\/tags?post=37392"}],"curies":[{"name":"wp","href":"https:\/\/api.w.org\/{rel}","templated":true}]}}