{"id":37437,"date":"2023-06-02T23:30:00","date_gmt":"2023-06-02T21:30:00","guid":{"rendered":"https:\/\/www.emballagedigest.fr\/?p=37437"},"modified":"2023-06-05T23:47:58","modified_gmt":"2023-06-05T21:47:58","slug":"weber-marking-systems-france-se-dote-dun-outil-de-production","status":"publish","type":"post","link":"https:\/\/www.emballagedigest.fr\/en\/weber-marking-systems-france-se-dote-dun-outil-de-production\/","title":{"rendered":"Weber Marking Systems France se dote d\u2019un outil de production"},"content":{"rendered":"<p><strong>Avec le rachat de son partenaire BR Syst\u00e8mes \u2013 fabricant de machines sp\u00e9ciales bas\u00e9 \u00e0 La Zone d\u2019activit\u00e9 La Prade-Soual pr\u00e8s de Toulouse \u2013 la filiale fran\u00e7aise de Weber Marking Systems ajoute une nouvelle corde \u00e0 son arc\u00a0: la commercialisation de lignes d\u2019\u00e9tiquetage standards avec la nouvelle s\u00e9rie Access et la conception de lignes compl\u00e8tes sur-mesure.<\/strong><\/p>\n\n\n\n<p>Install\u00e9e \u00e0 Quint-Fonsegrives pr\u00e8s de Toulouse, Weber Marking Systems France \u00e9crit un nouveau chapitre \u00e0 son histoire. Avec l\u2019annonce du rachat de la soci\u00e9t\u00e9 BR Syst\u00e8mes, son partenaire depuis 15 ans, la soci\u00e9t\u00e9 donne un nouveau virage \u00e0 sa strat\u00e9gie commerciale.<\/p>\n\n\n\n<p><strong>Gagner en autonomie et r\u00e9activit\u00e9<\/strong><br>Avec un chiffre d\u2019affaires 2022 de 12,7 M\u20ac en croissance de 15% par rapport \u00e0 2021, la filiale fran\u00e7aise se positionne comme la plus importante du groupe Weber Marking Systems en Europe. Pour accompagner son d\u00e9veloppement, l\u2019entreprise s\u2019est r\u00e9cemment structur\u00e9e avec l\u2019arriv\u00e9e d\u2019un responsable grands comptes, tandis que les \u00e9quipes technique et SAV ont \u00e9t\u00e9 \u00e9galement renforc\u00e9es. Depuis sa cr\u00e9ation, la filiale se fait le relai commercial de sa maison m\u00e8re allemande, situ\u00e9e \u00e0 Rheinbreitbach, sp\u00e9cialis\u00e9e en impression, marquage jet d\u2019encre et \u00e9tiquetage. \u00abSur le march\u00e9 fran\u00e7ais, notre secteur de pr\u00e9dilection reste la logistique notamment pour l\u2019\u00e9tiquetage des colis, que ce soit pour le e-commerce, l\u2019agroalimentaire, la pharmacie ou la cosm\u00e9tique. En tant que filiale, nous commercialisons des machines standards allemandes qui viennent se greffer sur une ligne pr\u00e9d\u00e9finie, et travaillons \u00e0 cet effet r\u00e9guli\u00e8rement de concert avec de nombreux int\u00e9grateurs en France\u00bb, explique Fr\u00e9d\u00e9ric Bussy, directeur g\u00e9n\u00e9ral de Weber Marking Systems France.<br>En compl\u00e9ment, la filiale s\u2019appuie sur ses deux usines fran\u00e7aises, pour fabriquer des \u00e9tiquettes, notamment d\u2019inviolabilit\u00e9 pour la pharmacie et la cosm\u00e9tique. Une activit\u00e9 non n\u00e9gligeable qui repr\u00e9sente un chiffre d\u2019affaires de 3,5 M\u20ac. \u00abNous venons d\u2019investir dans une nouvelle machine d\u2019\u00e9tiquetage rotative qui sera op\u00e9rationnelle fin 2023 sur notre site de Toulouse. Ceci afin de doubler nos capacit\u00e9s de production en \u00e9tiquettes d\u2019inviolabilit\u00e9\u00bb, poursuit le dirigeant.<\/p>\n\n\n\n<p><strong>Vers une production made in France<\/strong><br>Partenaire depuis une quinzaine d\u2019ann\u00e9es avec la PME BR Syst\u00e8mes, son rachat ouvre de nouvelles perspectives \u00e0 Weber Marking Systems France. \u00abGr\u00e2ce au bureau d\u2019\u00e9tudes de BR Syst\u00e8mes et leur expertise dans la conception de lignes sp\u00e9ciales, nous pouvons d\u00e9sormais nous positionner sur des projets de plus grande envergure, en \u00e9tant plus r\u00e9actifs dans nos d\u00e9lais et plus proches de nos clients. Le Made in France est, par ailleurs, un autre atout ind\u00e9niable\u00bb, commente Fr\u00e9d\u00e9ric Bussy.<br>Bas\u00e9 au c\u0153ur de la zone d\u2019activit\u00e9s La Prade-Soual, BR Syst\u00e8mes deviendra \u00e0 terme un \u00e9tablissement secondaire de Weber Marking Systems France. Avec un chiffre d\u2019affaires de 1,5 M\u20ac et une \u00e9quipe d\u2019une dizaine de salari\u00e9s, la soci\u00e9t\u00e9 con\u00e7oit et fabrique des machines automatis\u00e9es pour tous types d\u2019industries. De la conception m\u00e9canique \u00e0 l\u2019automatisation en passant par les \u00e9tapes d\u2019assemblage, de programmation, de livraison au SAV, BR Syst\u00e8mes partageait son temps entre les machines d\u2019\u00e9tiquetage et les projets de machines sp\u00e9ciales (robotique, doseuses, \u00e9tuyeuses). \u00abAvec notre int\u00e9gration au sein de Weber, nous allons naturellement concentrer notre activit\u00e9 sur les solutions d\u2019\u00e9tiquetage et de marquage, et les lignes compl\u00e8tes robotis\u00e9es\u00bb, pr\u00e9cise Eric Fabre, g\u00e9rant de BR Syst\u00e8mes. Ce dernier indique en effet avoir d\u00e9velopp\u00e9 une r\u00e9elle expertise dans l\u2019int\u00e9gration de solutions robotis\u00e9es. \u00abEtiquetage et robotisation se marient bien.\u00a0Les robots six axes, par exemple, offrent une option int\u00e9ressante au d\u00e9veloppement de lignes de production multiproduits. Leur d\u00e9ploiement n\u00e9cessite cependant une analyse du risque pr\u00e9alable afin de d\u2019assurer leur p\u00e9rennit\u00e9 sur site, avec toutes les garanties de s\u00e9curit\u00e9 n\u00e9cessaires. Une comp\u00e9tence que nous avons su d\u00e9velopper au sein de projets pour des clients de renom comme Danone\u00bb, poursuit Eric Fabre.<\/p>\n\n\n\n<p><strong>Une nouvelle gamme d\u2019\u00e9tiqueteuses standardis\u00e9es<\/strong><br>M\u00eame si l\u2019impression-pose reste le c\u0153ur de m\u00e9tier de Weber \u2013 avec plus de 1000 syst\u00e8mes install\u00e9s chaque ann\u00e9e dans le monde \u2013 le rachat de BR Syst\u00e8mes va permettre \u00e0 Weber Marking Systems France d\u2019ouvrir son offre machines \u00e0 des \u00e9quipements plus abordables. \u00abLes lignes propos\u00e9es par notre maison m\u00e8re allemande sont reconnues de qualit\u00e9 et sont positionn\u00e9es premium. D\u00e9sormais, nous allons pouvoir proposer \u00e0 nos clients la gamme Access, des machines d\u2019\u00e9tiquetage produites en s\u00e9rie et disponibles en plusieurs versions (dessus, dessous, bilat\u00e9ral, lat\u00e9ral, enveloppante, etc.), livrables rapidement et \u00e0 des prix plus comp\u00e9titifs\u00bb, annonce Fr\u00e9d\u00e9ric Bussy. 750 configurations seront possibles en fonction d\u2019options d\u00e9j\u00e0 int\u00e9gr\u00e9es afin de r\u00e9pondre \u00e0 un large panel de besoins. Objectif\u00a0: couvrir aujourd\u2019hui 80% de la demande du march\u00e9, orient\u00e9e vers la moyenne cadence, soit en moyenne 3000 emballages par heure. \u00abAvec la gamme Access, notre ambition est de s\u2019attaquer au march\u00e9 de la machine standard, tout en gardant notre casquette de fabricant de machines sp\u00e9ciales qui r\u00e9clame de l\u2019ing\u00e9nierie sp\u00e9cifique \u00e0 forte valeur ajout\u00e9e\u00bb, d\u00e9taille Eric Fabre. Objectif\u00a0: livrer des mod\u00e8les Access en un mois. Un premier prototype d\u2019une \u00e9tiqueteuse Access dessus\/dessousa \u00e9t\u00e9 r\u00e9cemment pr\u00e9sent\u00e9e en avant-premi\u00e8re lors du dernier salon CFIA Rennes.<\/p>\n\n\n\n<p><strong>Et demain<\/strong><br>La reprise de BR Syst\u00e8mes par Weber Marking Systems France am\u00e8nera rapidement les deux acteurs \u00e0 se pencher sur de futurs investissements. Le fabricant a d\u00e9j\u00e0 entam\u00e9 sur son site de La Prade-Soual un agrandissement de ses locaux de 680 m\u00b2par une extension de 130 m\u00b2. Une surface lou\u00e9e \u00e0 la soci\u00e9t\u00e9 PUM, sp\u00e9cialis\u00e9e dans l\u2019usinage commande num\u00e9rique. Le partenariat avec le prestataire vient compl\u00e9ter l\u2019outil d\u2019usinage de pi\u00e8ces unitaires d\u00e9j\u00e0 en place chez BR Syst\u00e8mes. Une autre surface de 80 m\u00b2 a \u00e9t\u00e9 ajout\u00e9e au b\u00e2timent d\u2019origine pour un espace de stockage suppl\u00e9mentaire. \u00abDans les cinq ans \u00e0 venir, d\u2019autres investissements seront n\u00e9cessaires. Nous voulons faire de Weber Marking Systems France le fournisseur des machines standards et sur-mesure d\u2019autres filiales du groupe Weber Marking Systems en Europe. Un nouvel atelier est d\u00e9j\u00e0 en pr\u00e9vision avec doublement<br>des postes pour anticiper ce rapide d\u00e9veloppement \u00e0 venir\u00bb, confie Fr\u00e9d\u00e9ric Bussy. La filiale fran\u00e7aise continuera en parall\u00e8le \u00e0 proposer des syst\u00e8mes d\u2019impression-pose de la maison m\u00e8re via ses partenaires int\u00e9grateurs ou directement int\u00e9gr\u00e9s sur les lignes d\u00e9velopp\u00e9es par BR Syst\u00e8mes.<\/p>","protected":false},"excerpt":{"rendered":"<p>Avec le rachat de son partenaire BR Syst\u00e8mes \u2013 fabricant de machines sp\u00e9ciales bas\u00e9 \u00e0 La Zone d\u2019activit\u00e9 La Prade-Soual pr\u00e8s de Toulouse \u2013 la filiale fran\u00e7aise de Weber Marking Systems ajoute une nouvelle corde \u00e0 son arc\u00a0: la commercialisation de lignes d\u2019\u00e9tiquetage standards avec la nouvelle s\u00e9rie Access et la conception de lignes compl\u00e8tes [&hellip;]<\/p>","protected":false},"author":2,"featured_media":37438,"comment_status":"closed","ping_status":"closed","sticky":false,"template":"","format":"standard","meta":{"_acf_changed":false,"inline_featured_image":false,"iawp_total_views":2,"footnotes":""},"categories":[26,9,65],"tags":[],"class_list":["post-37437","post","type-post","status-publish","format-standard","has-post-thumbnail","hentry","category-laterale","category-materiel","category-vu-dans-le-mag"],"acf":[],"yoast_head":"<!-- This site is optimized with the Yoast SEO plugin v24.4 - https:\/\/yoast.com\/wordpress\/plugins\/seo\/ -->\n<title>Weber Marking Systems France se dote d\u2019un outil de production - Emballage Digest<\/title>\n<meta name=\"robots\" content=\"index, follow, max-snippet:-1, max-image-preview:large, max-video-preview:-1\" \/>\n<link rel=\"canonical\" href=\"https:\/\/www.emballagedigest.fr\/en\/weber-marking-systems-france-se-dote-dun-outil-de-production\/\" \/>\n<meta property=\"og:locale\" content=\"en_GB\" \/>\n<meta property=\"og:type\" content=\"article\" \/>\n<meta property=\"og:title\" content=\"Weber Marking Systems France se dote d\u2019un outil de production - Emballage Digest\" \/>\n<meta property=\"og:description\" content=\"Avec le rachat de son partenaire BR Syst\u00e8mes \u2013 fabricant de machines sp\u00e9ciales bas\u00e9 \u00e0 La Zone d\u2019activit\u00e9 La Prade-Soual pr\u00e8s de Toulouse \u2013 la filiale fran\u00e7aise de Weber Marking Systems ajoute une nouvelle corde \u00e0 son arc\u00a0: la commercialisation de lignes d\u2019\u00e9tiquetage standards avec la nouvelle s\u00e9rie Access et la conception de lignes compl\u00e8tes [&hellip;]\" \/>\n<meta property=\"og:url\" content=\"https:\/\/www.emballagedigest.fr\/en\/weber-marking-systems-france-se-dote-dun-outil-de-production\/\" \/>\n<meta property=\"og:site_name\" content=\"Emballage Digest\" \/>\n<meta property=\"article:published_time\" content=\"2023-06-02T21:30:00+00:00\" \/>\n<meta property=\"article:modified_time\" content=\"2023-06-05T21:47:58+00:00\" \/>\n<meta property=\"og:image\" content=\"https:\/\/www.emballagedigest.fr\/wp-content\/uploads\/2023\/06\/BR-Systemes.jpg\" \/>\n\t<meta property=\"og:image:width\" content=\"800\" \/>\n\t<meta property=\"og:image:height\" content=\"562\" \/>\n\t<meta property=\"og:image:type\" content=\"image\/jpeg\" \/>\n<meta name=\"author\" content=\"Karine Duval\" \/>\n<meta name=\"twitter:card\" content=\"summary_large_image\" \/>\n<meta name=\"twitter:label1\" content=\"Written by\" \/>\n\t<meta name=\"twitter:data1\" content=\"Karine Duval\" \/>\n\t<meta name=\"twitter:label2\" content=\"Estimated reading time\" \/>\n\t<meta name=\"twitter:data2\" content=\"6 minutes\" \/>\n<script type=\"application\/ld+json\" class=\"yoast-schema-graph\">{\"@context\":\"https:\/\/schema.org\",\"@graph\":[{\"@type\":\"Article\",\"@id\":\"https:\/\/www.emballagedigest.fr\/weber-marking-systems-france-se-dote-dun-outil-de-production\/#article\",\"isPartOf\":{\"@id\":\"https:\/\/www.emballagedigest.fr\/weber-marking-systems-france-se-dote-dun-outil-de-production\/\"},\"author\":{\"name\":\"Karine Duval\",\"@id\":\"https:\/\/www.emballagedigest.fr\/#\/schema\/person\/76abe9f2b2ee4d3d520594c7a35da59f\"},\"headline\":\"Weber Marking Systems France se dote d\u2019un outil de production\",\"datePublished\":\"2023-06-02T21:30:00+00:00\",\"dateModified\":\"2023-06-05T21:47:58+00:00\",\"mainEntityOfPage\":{\"@id\":\"https:\/\/www.emballagedigest.fr\/weber-marking-systems-france-se-dote-dun-outil-de-production\/\"},\"wordCount\":1153,\"publisher\":{\"@id\":\"https:\/\/www.emballagedigest.fr\/#organization\"},\"image\":{\"@id\":\"https:\/\/www.emballagedigest.fr\/weber-marking-systems-france-se-dote-dun-outil-de-production\/#primaryimage\"},\"thumbnailUrl\":\"https:\/\/www.emballagedigest.fr\/wp-content\/uploads\/2023\/06\/BR-Systemes.jpg\",\"articleSection\":[\"Barre lat\u00e9rale\",\"Mat\u00e9riel\",\"Vu dans le mag\"],\"inLanguage\":\"en-GB\"},{\"@type\":\"WebPage\",\"@id\":\"https:\/\/www.emballagedigest.fr\/weber-marking-systems-france-se-dote-dun-outil-de-production\/\",\"url\":\"https:\/\/www.emballagedigest.fr\/weber-marking-systems-france-se-dote-dun-outil-de-production\/\",\"name\":\"Weber Marking Systems France se dote d\u2019un outil de production - Emballage Digest\",\"isPartOf\":{\"@id\":\"https:\/\/www.emballagedigest.fr\/#website\"},\"primaryImageOfPage\":{\"@id\":\"https:\/\/www.emballagedigest.fr\/weber-marking-systems-france-se-dote-dun-outil-de-production\/#primaryimage\"},\"image\":{\"@id\":\"https:\/\/www.emballagedigest.fr\/weber-marking-systems-france-se-dote-dun-outil-de-production\/#primaryimage\"},\"thumbnailUrl\":\"https:\/\/www.emballagedigest.fr\/wp-content\/uploads\/2023\/06\/BR-Systemes.jpg\",\"datePublished\":\"2023-06-02T21:30:00+00:00\",\"dateModified\":\"2023-06-05T21:47:58+00:00\",\"breadcrumb\":{\"@id\":\"https:\/\/www.emballagedigest.fr\/weber-marking-systems-france-se-dote-dun-outil-de-production\/#breadcrumb\"},\"inLanguage\":\"en-GB\",\"potentialAction\":[{\"@type\":\"ReadAction\",\"target\":[\"https:\/\/www.emballagedigest.fr\/weber-marking-systems-france-se-dote-dun-outil-de-production\/\"]}]},{\"@type\":\"ImageObject\",\"inLanguage\":\"en-GB\",\"@id\":\"https:\/\/www.emballagedigest.fr\/weber-marking-systems-france-se-dote-dun-outil-de-production\/#primaryimage\",\"url\":\"https:\/\/www.emballagedigest.fr\/wp-content\/uploads\/2023\/06\/BR-Systemes.jpg\",\"contentUrl\":\"https:\/\/www.emballagedigest.fr\/wp-content\/uploads\/2023\/06\/BR-Systemes.jpg\",\"width\":800,\"height\":562},{\"@type\":\"BreadcrumbList\",\"@id\":\"https:\/\/www.emballagedigest.fr\/weber-marking-systems-france-se-dote-dun-outil-de-production\/#breadcrumb\",\"itemListElement\":[{\"@type\":\"ListItem\",\"position\":1,\"name\":\"Accueil\",\"item\":\"https:\/\/www.emballagedigest.fr\/\"},{\"@type\":\"ListItem\",\"position\":2,\"name\":\"Weber Marking Systems France se dote d\u2019un outil de production\"}]},{\"@type\":\"WebSite\",\"@id\":\"https:\/\/www.emballagedigest.fr\/#website\",\"url\":\"https:\/\/www.emballagedigest.fr\/\",\"name\":\"Emballage Digest\",\"description\":\"Revue professionnelle sur les emballages\",\"publisher\":{\"@id\":\"https:\/\/www.emballagedigest.fr\/#organization\"},\"potentialAction\":[{\"@type\":\"SearchAction\",\"target\":{\"@type\":\"EntryPoint\",\"urlTemplate\":\"https:\/\/www.emballagedigest.fr\/?s={search_term_string}\"},\"query-input\":{\"@type\":\"PropertyValueSpecification\",\"valueRequired\":true,\"valueName\":\"search_term_string\"}}],\"inLanguage\":\"en-GB\"},{\"@type\":\"Organization\",\"@id\":\"https:\/\/www.emballagedigest.fr\/#organization\",\"name\":\"Emballage Digest\",\"url\":\"https:\/\/www.emballagedigest.fr\/\",\"logo\":{\"@type\":\"ImageObject\",\"inLanguage\":\"en-GB\",\"@id\":\"https:\/\/www.emballagedigest.fr\/#\/schema\/logo\/image\/\",\"url\":\"https:\/\/www.emballagedigest.fr\/wp-content\/uploads\/2022\/07\/logo-ed.png\",\"contentUrl\":\"https:\/\/www.emballagedigest.fr\/wp-content\/uploads\/2022\/07\/logo-ed.png\",\"width\":379,\"height\":75,\"caption\":\"Emballage Digest\"},\"image\":{\"@id\":\"https:\/\/www.emballagedigest.fr\/#\/schema\/logo\/image\/\"}},{\"@type\":\"Person\",\"@id\":\"https:\/\/www.emballagedigest.fr\/#\/schema\/person\/76abe9f2b2ee4d3d520594c7a35da59f\",\"name\":\"Karine Duval\",\"image\":{\"@type\":\"ImageObject\",\"inLanguage\":\"en-GB\",\"@id\":\"https:\/\/www.emballagedigest.fr\/#\/schema\/person\/image\/\",\"url\":\"https:\/\/secure.gravatar.com\/avatar\/f552799261cdd2e076e6677d780ef07bdb13aa4c196ab75b39abcbcdcae2d4e5?s=96&d=mm&r=g\",\"contentUrl\":\"https:\/\/secure.gravatar.com\/avatar\/f552799261cdd2e076e6677d780ef07bdb13aa4c196ab75b39abcbcdcae2d4e5?s=96&d=mm&r=g\",\"caption\":\"Karine Duval\"},\"url\":\"https:\/\/www.emballagedigest.fr\/en\/author\/admin_karduv\/\"}]}<\/script>\n<!-- \/ Yoast SEO plugin. -->","yoast_head_json":{"title":"Weber Marking Systems France se dote d\u2019un outil de production - Emballage Digest","robots":{"index":"index","follow":"follow","max-snippet":"max-snippet:-1","max-image-preview":"max-image-preview:large","max-video-preview":"max-video-preview:-1"},"canonical":"https:\/\/www.emballagedigest.fr\/en\/weber-marking-systems-france-se-dote-dun-outil-de-production\/","og_locale":"en_GB","og_type":"article","og_title":"Weber Marking Systems France se dote d\u2019un outil de production - Emballage Digest","og_description":"Avec le rachat de son partenaire BR Syst\u00e8mes \u2013 fabricant de machines sp\u00e9ciales bas\u00e9 \u00e0 La Zone d\u2019activit\u00e9 La Prade-Soual pr\u00e8s de Toulouse \u2013 la filiale fran\u00e7aise de Weber Marking Systems ajoute une nouvelle corde \u00e0 son arc\u00a0: la commercialisation de lignes d\u2019\u00e9tiquetage standards avec la nouvelle s\u00e9rie Access et la conception de lignes compl\u00e8tes [&hellip;]","og_url":"https:\/\/www.emballagedigest.fr\/en\/weber-marking-systems-france-se-dote-dun-outil-de-production\/","og_site_name":"Emballage Digest","article_published_time":"2023-06-02T21:30:00+00:00","article_modified_time":"2023-06-05T21:47:58+00:00","og_image":[{"width":800,"height":562,"url":"https:\/\/www.emballagedigest.fr\/wp-content\/uploads\/2023\/06\/BR-Systemes.jpg","type":"image\/jpeg"}],"author":"Karine Duval","twitter_card":"summary_large_image","twitter_misc":{"Written by":"Karine Duval","Estimated reading time":"6 minutes"},"schema":{"@context":"https:\/\/schema.org","@graph":[{"@type":"Article","@id":"https:\/\/www.emballagedigest.fr\/weber-marking-systems-france-se-dote-dun-outil-de-production\/#article","isPartOf":{"@id":"https:\/\/www.emballagedigest.fr\/weber-marking-systems-france-se-dote-dun-outil-de-production\/"},"author":{"name":"Karine Duval","@id":"https:\/\/www.emballagedigest.fr\/#\/schema\/person\/76abe9f2b2ee4d3d520594c7a35da59f"},"headline":"Weber Marking Systems France se dote d\u2019un outil de production","datePublished":"2023-06-02T21:30:00+00:00","dateModified":"2023-06-05T21:47:58+00:00","mainEntityOfPage":{"@id":"https:\/\/www.emballagedigest.fr\/weber-marking-systems-france-se-dote-dun-outil-de-production\/"},"wordCount":1153,"publisher":{"@id":"https:\/\/www.emballagedigest.fr\/#organization"},"image":{"@id":"https:\/\/www.emballagedigest.fr\/weber-marking-systems-france-se-dote-dun-outil-de-production\/#primaryimage"},"thumbnailUrl":"https:\/\/www.emballagedigest.fr\/wp-content\/uploads\/2023\/06\/BR-Systemes.jpg","articleSection":["Barre lat\u00e9rale","Mat\u00e9riel","Vu dans le mag"],"inLanguage":"en-GB"},{"@type":"WebPage","@id":"https:\/\/www.emballagedigest.fr\/weber-marking-systems-france-se-dote-dun-outil-de-production\/","url":"https:\/\/www.emballagedigest.fr\/weber-marking-systems-france-se-dote-dun-outil-de-production\/","name":"Weber Marking Systems France se dote d\u2019un outil de production - Emballage Digest","isPartOf":{"@id":"https:\/\/www.emballagedigest.fr\/#website"},"primaryImageOfPage":{"@id":"https:\/\/www.emballagedigest.fr\/weber-marking-systems-france-se-dote-dun-outil-de-production\/#primaryimage"},"image":{"@id":"https:\/\/www.emballagedigest.fr\/weber-marking-systems-france-se-dote-dun-outil-de-production\/#primaryimage"},"thumbnailUrl":"https:\/\/www.emballagedigest.fr\/wp-content\/uploads\/2023\/06\/BR-Systemes.jpg","datePublished":"2023-06-02T21:30:00+00:00","dateModified":"2023-06-05T21:47:58+00:00","breadcrumb":{"@id":"https:\/\/www.emballagedigest.fr\/weber-marking-systems-france-se-dote-dun-outil-de-production\/#breadcrumb"},"inLanguage":"en-GB","potentialAction":[{"@type":"ReadAction","target":["https:\/\/www.emballagedigest.fr\/weber-marking-systems-france-se-dote-dun-outil-de-production\/"]}]},{"@type":"ImageObject","inLanguage":"en-GB","@id":"https:\/\/www.emballagedigest.fr\/weber-marking-systems-france-se-dote-dun-outil-de-production\/#primaryimage","url":"https:\/\/www.emballagedigest.fr\/wp-content\/uploads\/2023\/06\/BR-Systemes.jpg","contentUrl":"https:\/\/www.emballagedigest.fr\/wp-content\/uploads\/2023\/06\/BR-Systemes.jpg","width":800,"height":562},{"@type":"BreadcrumbList","@id":"https:\/\/www.emballagedigest.fr\/weber-marking-systems-france-se-dote-dun-outil-de-production\/#breadcrumb","itemListElement":[{"@type":"ListItem","position":1,"name":"Accueil","item":"https:\/\/www.emballagedigest.fr\/"},{"@type":"ListItem","position":2,"name":"Weber Marking Systems France se dote d\u2019un outil de production"}]},{"@type":"WebSite","@id":"https:\/\/www.emballagedigest.fr\/#website","url":"https:\/\/www.emballagedigest.fr\/","name":"Emballage Digest","description":"Revue professionnelle sur les emballages","publisher":{"@id":"https:\/\/www.emballagedigest.fr\/#organization"},"potentialAction":[{"@type":"SearchAction","target":{"@type":"EntryPoint","urlTemplate":"https:\/\/www.emballagedigest.fr\/?s={search_term_string}"},"query-input":{"@type":"PropertyValueSpecification","valueRequired":true,"valueName":"search_term_string"}}],"inLanguage":"en-GB"},{"@type":"Organization","@id":"https:\/\/www.emballagedigest.fr\/#organization","name":"Emballage Digest","url":"https:\/\/www.emballagedigest.fr\/","logo":{"@type":"ImageObject","inLanguage":"en-GB","@id":"https:\/\/www.emballagedigest.fr\/#\/schema\/logo\/image\/","url":"https:\/\/www.emballagedigest.fr\/wp-content\/uploads\/2022\/07\/logo-ed.png","contentUrl":"https:\/\/www.emballagedigest.fr\/wp-content\/uploads\/2022\/07\/logo-ed.png","width":379,"height":75,"caption":"Emballage Digest"},"image":{"@id":"https:\/\/www.emballagedigest.fr\/#\/schema\/logo\/image\/"}},{"@type":"Person","@id":"https:\/\/www.emballagedigest.fr\/#\/schema\/person\/76abe9f2b2ee4d3d520594c7a35da59f","name":"Karine Duval","image":{"@type":"ImageObject","inLanguage":"en-GB","@id":"https:\/\/www.emballagedigest.fr\/#\/schema\/person\/image\/","url":"https:\/\/secure.gravatar.com\/avatar\/f552799261cdd2e076e6677d780ef07bdb13aa4c196ab75b39abcbcdcae2d4e5?s=96&d=mm&r=g","contentUrl":"https:\/\/secure.gravatar.com\/avatar\/f552799261cdd2e076e6677d780ef07bdb13aa4c196ab75b39abcbcdcae2d4e5?s=96&d=mm&r=g","caption":"Karine Duval"},"url":"https:\/\/www.emballagedigest.fr\/en\/author\/admin_karduv\/"}]}},"_links":{"self":[{"href":"https:\/\/www.emballagedigest.fr\/en\/wp-json\/wp\/v2\/posts\/37437","targetHints":{"allow":["GET"]}}],"collection":[{"href":"https:\/\/www.emballagedigest.fr\/en\/wp-json\/wp\/v2\/posts"}],"about":[{"href":"https:\/\/www.emballagedigest.fr\/en\/wp-json\/wp\/v2\/types\/post"}],"author":[{"embeddable":true,"href":"https:\/\/www.emballagedigest.fr\/en\/wp-json\/wp\/v2\/users\/2"}],"replies":[{"embeddable":true,"href":"https:\/\/www.emballagedigest.fr\/en\/wp-json\/wp\/v2\/comments?post=37437"}],"version-history":[{"count":1,"href":"https:\/\/www.emballagedigest.fr\/en\/wp-json\/wp\/v2\/posts\/37437\/revisions"}],"predecessor-version":[{"id":37439,"href":"https:\/\/www.emballagedigest.fr\/en\/wp-json\/wp\/v2\/posts\/37437\/revisions\/37439"}],"wp:featuredmedia":[{"embeddable":true,"href":"https:\/\/www.emballagedigest.fr\/en\/wp-json\/wp\/v2\/media\/37438"}],"wp:attachment":[{"href":"https:\/\/www.emballagedigest.fr\/en\/wp-json\/wp\/v2\/media?parent=37437"}],"wp:term":[{"taxonomy":"category","embeddable":true,"href":"https:\/\/www.emballagedigest.fr\/en\/wp-json\/wp\/v2\/categories?post=37437"},{"taxonomy":"post_tag","embeddable":true,"href":"https:\/\/www.emballagedigest.fr\/en\/wp-json\/wp\/v2\/tags?post=37437"}],"curies":[{"name":"wp","href":"https:\/\/api.w.org\/{rel}","templated":true}]}}