{"id":37490,"date":"2023-06-06T00:23:55","date_gmt":"2023-06-05T22:23:55","guid":{"rendered":"https:\/\/www.emballagedigest.fr\/?p=37490"},"modified":"2023-06-06T00:23:56","modified_gmt":"2023-06-05T22:23:56","slug":"pilz-affiche-un-bilan-positif-pour-2022","status":"publish","type":"post","link":"https:\/\/www.emballagedigest.fr\/en\/pilz-affiche-un-bilan-positif-pour-2022\/","title":{"rendered":"Pilz affiche un bilan positif pour 2022"},"content":{"rendered":"<p><strong>Malgr\u00e9 une ann\u00e9e difficile, Pilz, soci\u00e9t\u00e9 sp\u00e9cialis\u00e9e dans les automatismes et les syst\u00e8mes de commande pour la protection des personnes, des machines et de l\u2019environnement, termine un exercice 2022 avec un chiffre d\u2019affaires en hausse de 403,3 millions d\u2019euros.<\/strong><\/p>\n\n\n\n<p>En 2022, l\u2019entreprise a ainsi enregistr\u00e9 une croissance de 15,8%. Le taux des exportations a augment\u00e9 de 1,1 point en 2022 pour atteindre 76,3%. Si l\u2019Allemagne reste le plus grand march\u00e9 pour Pilz, ce dernier a connu une croissance particuli\u00e8rement forte en Asie.<\/p>\n\n\n\n<p>Malgr\u00e9 une d\u00e9tente sensible sur les march\u00e9s d\u2019approvisionnement, Pilz continue d\u2019accorder la priorit\u00e9 aux capacit\u00e9s de livraison. Qui plus est, l\u2019entreprise investira d\u2019ici 2025 environ 38 millions d\u2019euros sur ses sites de production mondiaux au si\u00e8ge d\u2019Ostfildern (Allemagne), \u00e0 Betschdorf (France), Bad Ragaz (Suisse) et Jintan (Chine), par exemple dans l\u2019extension et la r\u00e9novation de la fabrication de CMS (composants mont\u00e9s en surface ou SMD (surface mounted device) en anglais), la production de relais et l\u2019intralogistique.<\/p>\n\n\n\n<p>Le nombre d\u2019employ\u00e9s a \u00e9galement progress\u00e9 en 2022. \u00c0 l\u2019\u00e9chelle mondiale, l\u2019entreprise sp\u00e9cialis\u00e9e dans les automatismes employait 2 399 personnes dans 42 pays au 31\/12\/2022, soit une croissance de 2,7%. En Allemagne, le nombre de collaborateurs s\u2019\u00e9levait \u00e0 1 010 (au 31\/12\/2022), soit une progression de 1,7%. Traditionnellement, Pilz fait face \u00e0 une p\u00e9nurie de main-d\u2019\u0153uvre qualifi\u00e9e par le biais d\u2019une formation en entreprise intensive : au si\u00e8ge social, on comptait 43 apprentis au 31\/12\/2022, dont 21 \u00e9tudiants de l\u2019\u00c9cole d\u2019enseignement sup\u00e9rieur par alternance du Bade-Wurtemberg (Dualen Hochschule 1\/2 Baden-W\u00fcrttemberg).<\/p>\n\n\n\n<p>L\u2019entreprise, qui f\u00eate ses 75 ans en 2023, \u00e9largit son offre dans le domaine de la s\u00fbret\u00e9 industrielle. En plus des solutions techniques, Pilz propose \u00e9galement une assistance sous forme de prestations de services et de formations. \u00ab Sur le th\u00e8me de la s\u00fbret\u00e9, l\u2019ensemble de l\u2019industrie sera confront\u00e9 \u00e0 de grands d\u00e9fis dans les ann\u00e9es \u00e0 venir. Pour assurer la productivit\u00e9, les machines doivent \u00eatre prot\u00e9g\u00e9es contre la fraude et les acc\u00e8s non autoris\u00e9s \u00bb, explique Thomas Pilz, associ\u00e9 g\u00e9rant de Pilz. \u00ab \u00c0 cet effet, les entreprises doivent aussi se pr\u00e9parer \u00e0 temps \u00e0 l\u2019\u00e9volution des prescriptions l\u00e9gales, comme celles de la nouvelle directive Machines ou de la norme NIS I. Nous apportons notre soutien \u00e0 nos clients dans cette d\u00e9marche \u00bb, ajoute-t-il.<\/p>","protected":false},"excerpt":{"rendered":"<p>Malgr\u00e9 une ann\u00e9e difficile, Pilz, soci\u00e9t\u00e9 sp\u00e9cialis\u00e9e dans les automatismes et les syst\u00e8mes de commande pour la protection des personnes, des machines et de l\u2019environnement, termine un exercice 2022 avec un chiffre d\u2019affaires en hausse de 403,3 millions d\u2019euros. En 2022, l\u2019entreprise a ainsi enregistr\u00e9 une croissance de 15,8%. Le taux des exportations a augment\u00e9 [&hellip;]<\/p>","protected":false},"author":2,"featured_media":37491,"comment_status":"closed","ping_status":"closed","sticky":false,"template":"","format":"standard","meta":{"_acf_changed":false,"inline_featured_image":false,"iawp_total_views":1,"footnotes":""},"categories":[28,11,8],"tags":[],"class_list":["post-37490","post","type-post","status-publish","format-standard","has-post-thumbnail","hentry","category-article-entier","category-emballages","category-industrie"],"acf":[],"yoast_head":"<!-- This site is optimized with the Yoast SEO plugin v24.4 - https:\/\/yoast.com\/wordpress\/plugins\/seo\/ -->\n<title>Pilz affiche un bilan positif pour 2022 - Emballage Digest<\/title>\n<meta name=\"robots\" content=\"index, follow, max-snippet:-1, max-image-preview:large, max-video-preview:-1\" \/>\n<link rel=\"canonical\" href=\"https:\/\/www.emballagedigest.fr\/en\/pilz-affiche-un-bilan-positif-pour-2022\/\" \/>\n<meta property=\"og:locale\" content=\"en_GB\" \/>\n<meta property=\"og:type\" content=\"article\" \/>\n<meta property=\"og:title\" content=\"Pilz affiche un bilan positif pour 2022 - Emballage Digest\" \/>\n<meta property=\"og:description\" content=\"Malgr\u00e9 une ann\u00e9e difficile, Pilz, soci\u00e9t\u00e9 sp\u00e9cialis\u00e9e dans les automatismes et les syst\u00e8mes de commande pour la protection des personnes, des machines et de l\u2019environnement, termine un exercice 2022 avec un chiffre d\u2019affaires en hausse de 403,3 millions d\u2019euros. En 2022, l\u2019entreprise a ainsi enregistr\u00e9 une croissance de 15,8%. Le taux des exportations a augment\u00e9 [&hellip;]\" \/>\n<meta property=\"og:url\" content=\"https:\/\/www.emballagedigest.fr\/en\/pilz-affiche-un-bilan-positif-pour-2022\/\" \/>\n<meta property=\"og:site_name\" content=\"Emballage Digest\" \/>\n<meta property=\"article:published_time\" content=\"2023-06-05T22:23:55+00:00\" \/>\n<meta property=\"article:modified_time\" content=\"2023-06-05T22:23:56+00:00\" \/>\n<meta property=\"og:image\" content=\"https:\/\/www.emballagedigest.fr\/wp-content\/uploads\/2023\/06\/pilz.jpg\" \/>\n\t<meta property=\"og:image:width\" content=\"800\" \/>\n\t<meta property=\"og:image:height\" content=\"540\" \/>\n\t<meta property=\"og:image:type\" content=\"image\/jpeg\" \/>\n<meta name=\"author\" content=\"Karine Duval\" \/>\n<meta name=\"twitter:card\" content=\"summary_large_image\" \/>\n<meta name=\"twitter:label1\" content=\"Written by\" \/>\n\t<meta name=\"twitter:data1\" content=\"Karine Duval\" \/>\n\t<meta name=\"twitter:label2\" content=\"Estimated reading time\" \/>\n\t<meta name=\"twitter:data2\" content=\"2 minutes\" \/>\n<script type=\"application\/ld+json\" class=\"yoast-schema-graph\">{\"@context\":\"https:\/\/schema.org\",\"@graph\":[{\"@type\":\"Article\",\"@id\":\"https:\/\/www.emballagedigest.fr\/pilz-affiche-un-bilan-positif-pour-2022\/#article\",\"isPartOf\":{\"@id\":\"https:\/\/www.emballagedigest.fr\/pilz-affiche-un-bilan-positif-pour-2022\/\"},\"author\":{\"name\":\"Karine Duval\",\"@id\":\"https:\/\/www.emballagedigest.fr\/#\/schema\/person\/76abe9f2b2ee4d3d520594c7a35da59f\"},\"headline\":\"Pilz affiche un bilan positif pour 2022\",\"datePublished\":\"2023-06-05T22:23:55+00:00\",\"dateModified\":\"2023-06-05T22:23:56+00:00\",\"mainEntityOfPage\":{\"@id\":\"https:\/\/www.emballagedigest.fr\/pilz-affiche-un-bilan-positif-pour-2022\/\"},\"wordCount\":398,\"publisher\":{\"@id\":\"https:\/\/www.emballagedigest.fr\/#organization\"},\"image\":{\"@id\":\"https:\/\/www.emballagedigest.fr\/pilz-affiche-un-bilan-positif-pour-2022\/#primaryimage\"},\"thumbnailUrl\":\"https:\/\/www.emballagedigest.fr\/wp-content\/uploads\/2023\/06\/pilz.jpg\",\"articleSection\":[\"Article entier\",\"Emballages\",\"Industrie\"],\"inLanguage\":\"en-GB\"},{\"@type\":\"WebPage\",\"@id\":\"https:\/\/www.emballagedigest.fr\/pilz-affiche-un-bilan-positif-pour-2022\/\",\"url\":\"https:\/\/www.emballagedigest.fr\/pilz-affiche-un-bilan-positif-pour-2022\/\",\"name\":\"Pilz affiche un bilan positif pour 2022 - Emballage Digest\",\"isPartOf\":{\"@id\":\"https:\/\/www.emballagedigest.fr\/#website\"},\"primaryImageOfPage\":{\"@id\":\"https:\/\/www.emballagedigest.fr\/pilz-affiche-un-bilan-positif-pour-2022\/#primaryimage\"},\"image\":{\"@id\":\"https:\/\/www.emballagedigest.fr\/pilz-affiche-un-bilan-positif-pour-2022\/#primaryimage\"},\"thumbnailUrl\":\"https:\/\/www.emballagedigest.fr\/wp-content\/uploads\/2023\/06\/pilz.jpg\",\"datePublished\":\"2023-06-05T22:23:55+00:00\",\"dateModified\":\"2023-06-05T22:23:56+00:00\",\"breadcrumb\":{\"@id\":\"https:\/\/www.emballagedigest.fr\/pilz-affiche-un-bilan-positif-pour-2022\/#breadcrumb\"},\"inLanguage\":\"en-GB\",\"potentialAction\":[{\"@type\":\"ReadAction\",\"target\":[\"https:\/\/www.emballagedigest.fr\/pilz-affiche-un-bilan-positif-pour-2022\/\"]}]},{\"@type\":\"ImageObject\",\"inLanguage\":\"en-GB\",\"@id\":\"https:\/\/www.emballagedigest.fr\/pilz-affiche-un-bilan-positif-pour-2022\/#primaryimage\",\"url\":\"https:\/\/www.emballagedigest.fr\/wp-content\/uploads\/2023\/06\/pilz.jpg\",\"contentUrl\":\"https:\/\/www.emballagedigest.fr\/wp-content\/uploads\/2023\/06\/pilz.jpg\",\"width\":800,\"height\":540},{\"@type\":\"BreadcrumbList\",\"@id\":\"https:\/\/www.emballagedigest.fr\/pilz-affiche-un-bilan-positif-pour-2022\/#breadcrumb\",\"itemListElement\":[{\"@type\":\"ListItem\",\"position\":1,\"name\":\"Accueil\",\"item\":\"https:\/\/www.emballagedigest.fr\/\"},{\"@type\":\"ListItem\",\"position\":2,\"name\":\"Pilz affiche un bilan positif pour 2022\"}]},{\"@type\":\"WebSite\",\"@id\":\"https:\/\/www.emballagedigest.fr\/#website\",\"url\":\"https:\/\/www.emballagedigest.fr\/\",\"name\":\"Emballage Digest\",\"description\":\"Revue professionnelle sur les emballages\",\"publisher\":{\"@id\":\"https:\/\/www.emballagedigest.fr\/#organization\"},\"potentialAction\":[{\"@type\":\"SearchAction\",\"target\":{\"@type\":\"EntryPoint\",\"urlTemplate\":\"https:\/\/www.emballagedigest.fr\/?s={search_term_string}\"},\"query-input\":{\"@type\":\"PropertyValueSpecification\",\"valueRequired\":true,\"valueName\":\"search_term_string\"}}],\"inLanguage\":\"en-GB\"},{\"@type\":\"Organization\",\"@id\":\"https:\/\/www.emballagedigest.fr\/#organization\",\"name\":\"Emballage Digest\",\"url\":\"https:\/\/www.emballagedigest.fr\/\",\"logo\":{\"@type\":\"ImageObject\",\"inLanguage\":\"en-GB\",\"@id\":\"https:\/\/www.emballagedigest.fr\/#\/schema\/logo\/image\/\",\"url\":\"https:\/\/www.emballagedigest.fr\/wp-content\/uploads\/2022\/07\/logo-ed.png\",\"contentUrl\":\"https:\/\/www.emballagedigest.fr\/wp-content\/uploads\/2022\/07\/logo-ed.png\",\"width\":379,\"height\":75,\"caption\":\"Emballage Digest\"},\"image\":{\"@id\":\"https:\/\/www.emballagedigest.fr\/#\/schema\/logo\/image\/\"}},{\"@type\":\"Person\",\"@id\":\"https:\/\/www.emballagedigest.fr\/#\/schema\/person\/76abe9f2b2ee4d3d520594c7a35da59f\",\"name\":\"Karine Duval\",\"image\":{\"@type\":\"ImageObject\",\"inLanguage\":\"en-GB\",\"@id\":\"https:\/\/www.emballagedigest.fr\/#\/schema\/person\/image\/\",\"url\":\"https:\/\/secure.gravatar.com\/avatar\/f552799261cdd2e076e6677d780ef07bdb13aa4c196ab75b39abcbcdcae2d4e5?s=96&d=mm&r=g\",\"contentUrl\":\"https:\/\/secure.gravatar.com\/avatar\/f552799261cdd2e076e6677d780ef07bdb13aa4c196ab75b39abcbcdcae2d4e5?s=96&d=mm&r=g\",\"caption\":\"Karine Duval\"},\"url\":\"https:\/\/www.emballagedigest.fr\/en\/author\/admin_karduv\/\"}]}<\/script>\n<!-- \/ Yoast SEO plugin. -->","yoast_head_json":{"title":"Pilz affiche un bilan positif pour 2022 - Emballage Digest","robots":{"index":"index","follow":"follow","max-snippet":"max-snippet:-1","max-image-preview":"max-image-preview:large","max-video-preview":"max-video-preview:-1"},"canonical":"https:\/\/www.emballagedigest.fr\/en\/pilz-affiche-un-bilan-positif-pour-2022\/","og_locale":"en_GB","og_type":"article","og_title":"Pilz affiche un bilan positif pour 2022 - Emballage Digest","og_description":"Malgr\u00e9 une ann\u00e9e difficile, Pilz, soci\u00e9t\u00e9 sp\u00e9cialis\u00e9e dans les automatismes et les syst\u00e8mes de commande pour la protection des personnes, des machines et de l\u2019environnement, termine un exercice 2022 avec un chiffre d\u2019affaires en hausse de 403,3 millions d\u2019euros. En 2022, l\u2019entreprise a ainsi enregistr\u00e9 une croissance de 15,8%. Le taux des exportations a augment\u00e9 [&hellip;]","og_url":"https:\/\/www.emballagedigest.fr\/en\/pilz-affiche-un-bilan-positif-pour-2022\/","og_site_name":"Emballage Digest","article_published_time":"2023-06-05T22:23:55+00:00","article_modified_time":"2023-06-05T22:23:56+00:00","og_image":[{"width":800,"height":540,"url":"https:\/\/www.emballagedigest.fr\/wp-content\/uploads\/2023\/06\/pilz.jpg","type":"image\/jpeg"}],"author":"Karine Duval","twitter_card":"summary_large_image","twitter_misc":{"Written by":"Karine Duval","Estimated reading time":"2 minutes"},"schema":{"@context":"https:\/\/schema.org","@graph":[{"@type":"Article","@id":"https:\/\/www.emballagedigest.fr\/pilz-affiche-un-bilan-positif-pour-2022\/#article","isPartOf":{"@id":"https:\/\/www.emballagedigest.fr\/pilz-affiche-un-bilan-positif-pour-2022\/"},"author":{"name":"Karine Duval","@id":"https:\/\/www.emballagedigest.fr\/#\/schema\/person\/76abe9f2b2ee4d3d520594c7a35da59f"},"headline":"Pilz affiche un bilan positif pour 2022","datePublished":"2023-06-05T22:23:55+00:00","dateModified":"2023-06-05T22:23:56+00:00","mainEntityOfPage":{"@id":"https:\/\/www.emballagedigest.fr\/pilz-affiche-un-bilan-positif-pour-2022\/"},"wordCount":398,"publisher":{"@id":"https:\/\/www.emballagedigest.fr\/#organization"},"image":{"@id":"https:\/\/www.emballagedigest.fr\/pilz-affiche-un-bilan-positif-pour-2022\/#primaryimage"},"thumbnailUrl":"https:\/\/www.emballagedigest.fr\/wp-content\/uploads\/2023\/06\/pilz.jpg","articleSection":["Article entier","Emballages","Industrie"],"inLanguage":"en-GB"},{"@type":"WebPage","@id":"https:\/\/www.emballagedigest.fr\/pilz-affiche-un-bilan-positif-pour-2022\/","url":"https:\/\/www.emballagedigest.fr\/pilz-affiche-un-bilan-positif-pour-2022\/","name":"Pilz affiche un bilan positif pour 2022 - Emballage Digest","isPartOf":{"@id":"https:\/\/www.emballagedigest.fr\/#website"},"primaryImageOfPage":{"@id":"https:\/\/www.emballagedigest.fr\/pilz-affiche-un-bilan-positif-pour-2022\/#primaryimage"},"image":{"@id":"https:\/\/www.emballagedigest.fr\/pilz-affiche-un-bilan-positif-pour-2022\/#primaryimage"},"thumbnailUrl":"https:\/\/www.emballagedigest.fr\/wp-content\/uploads\/2023\/06\/pilz.jpg","datePublished":"2023-06-05T22:23:55+00:00","dateModified":"2023-06-05T22:23:56+00:00","breadcrumb":{"@id":"https:\/\/www.emballagedigest.fr\/pilz-affiche-un-bilan-positif-pour-2022\/#breadcrumb"},"inLanguage":"en-GB","potentialAction":[{"@type":"ReadAction","target":["https:\/\/www.emballagedigest.fr\/pilz-affiche-un-bilan-positif-pour-2022\/"]}]},{"@type":"ImageObject","inLanguage":"en-GB","@id":"https:\/\/www.emballagedigest.fr\/pilz-affiche-un-bilan-positif-pour-2022\/#primaryimage","url":"https:\/\/www.emballagedigest.fr\/wp-content\/uploads\/2023\/06\/pilz.jpg","contentUrl":"https:\/\/www.emballagedigest.fr\/wp-content\/uploads\/2023\/06\/pilz.jpg","width":800,"height":540},{"@type":"BreadcrumbList","@id":"https:\/\/www.emballagedigest.fr\/pilz-affiche-un-bilan-positif-pour-2022\/#breadcrumb","itemListElement":[{"@type":"ListItem","position":1,"name":"Accueil","item":"https:\/\/www.emballagedigest.fr\/"},{"@type":"ListItem","position":2,"name":"Pilz affiche un bilan positif pour 2022"}]},{"@type":"WebSite","@id":"https:\/\/www.emballagedigest.fr\/#website","url":"https:\/\/www.emballagedigest.fr\/","name":"Emballage Digest","description":"Revue professionnelle sur les emballages","publisher":{"@id":"https:\/\/www.emballagedigest.fr\/#organization"},"potentialAction":[{"@type":"SearchAction","target":{"@type":"EntryPoint","urlTemplate":"https:\/\/www.emballagedigest.fr\/?s={search_term_string}"},"query-input":{"@type":"PropertyValueSpecification","valueRequired":true,"valueName":"search_term_string"}}],"inLanguage":"en-GB"},{"@type":"Organization","@id":"https:\/\/www.emballagedigest.fr\/#organization","name":"Emballage Digest","url":"https:\/\/www.emballagedigest.fr\/","logo":{"@type":"ImageObject","inLanguage":"en-GB","@id":"https:\/\/www.emballagedigest.fr\/#\/schema\/logo\/image\/","url":"https:\/\/www.emballagedigest.fr\/wp-content\/uploads\/2022\/07\/logo-ed.png","contentUrl":"https:\/\/www.emballagedigest.fr\/wp-content\/uploads\/2022\/07\/logo-ed.png","width":379,"height":75,"caption":"Emballage Digest"},"image":{"@id":"https:\/\/www.emballagedigest.fr\/#\/schema\/logo\/image\/"}},{"@type":"Person","@id":"https:\/\/www.emballagedigest.fr\/#\/schema\/person\/76abe9f2b2ee4d3d520594c7a35da59f","name":"Karine Duval","image":{"@type":"ImageObject","inLanguage":"en-GB","@id":"https:\/\/www.emballagedigest.fr\/#\/schema\/person\/image\/","url":"https:\/\/secure.gravatar.com\/avatar\/f552799261cdd2e076e6677d780ef07bdb13aa4c196ab75b39abcbcdcae2d4e5?s=96&d=mm&r=g","contentUrl":"https:\/\/secure.gravatar.com\/avatar\/f552799261cdd2e076e6677d780ef07bdb13aa4c196ab75b39abcbcdcae2d4e5?s=96&d=mm&r=g","caption":"Karine Duval"},"url":"https:\/\/www.emballagedigest.fr\/en\/author\/admin_karduv\/"}]}},"_links":{"self":[{"href":"https:\/\/www.emballagedigest.fr\/en\/wp-json\/wp\/v2\/posts\/37490","targetHints":{"allow":["GET"]}}],"collection":[{"href":"https:\/\/www.emballagedigest.fr\/en\/wp-json\/wp\/v2\/posts"}],"about":[{"href":"https:\/\/www.emballagedigest.fr\/en\/wp-json\/wp\/v2\/types\/post"}],"author":[{"embeddable":true,"href":"https:\/\/www.emballagedigest.fr\/en\/wp-json\/wp\/v2\/users\/2"}],"replies":[{"embeddable":true,"href":"https:\/\/www.emballagedigest.fr\/en\/wp-json\/wp\/v2\/comments?post=37490"}],"version-history":[{"count":1,"href":"https:\/\/www.emballagedigest.fr\/en\/wp-json\/wp\/v2\/posts\/37490\/revisions"}],"predecessor-version":[{"id":37492,"href":"https:\/\/www.emballagedigest.fr\/en\/wp-json\/wp\/v2\/posts\/37490\/revisions\/37492"}],"wp:featuredmedia":[{"embeddable":true,"href":"https:\/\/www.emballagedigest.fr\/en\/wp-json\/wp\/v2\/media\/37491"}],"wp:attachment":[{"href":"https:\/\/www.emballagedigest.fr\/en\/wp-json\/wp\/v2\/media?parent=37490"}],"wp:term":[{"taxonomy":"category","embeddable":true,"href":"https:\/\/www.emballagedigest.fr\/en\/wp-json\/wp\/v2\/categories?post=37490"},{"taxonomy":"post_tag","embeddable":true,"href":"https:\/\/www.emballagedigest.fr\/en\/wp-json\/wp\/v2\/tags?post=37490"}],"curies":[{"name":"wp","href":"https:\/\/api.w.org\/{rel}","templated":true}]}}