{"id":37522,"date":"2023-06-07T01:52:09","date_gmt":"2023-06-06T23:52:09","guid":{"rendered":"https:\/\/www.emballagedigest.fr\/?p=37522"},"modified":"2023-06-07T01:52:11","modified_gmt":"2023-06-06T23:52:11","slug":"plastics-recyclers-europe-inquiete-face-a-la-hausse-des-importations-en-pet","status":"publish","type":"post","link":"https:\/\/www.emballagedigest.fr\/en\/plastics-recyclers-europe-inquiete-face-a-la-hausse-des-importations-en-pet\/","title":{"rendered":"Plastics Recyclers Europe inqui\u00e8te face \u00e0 la hausse des importations en PET"},"content":{"rendered":"<p><strong>Les importations de PET auront une incidence sur les objectifs de l&rsquo;UE en mati\u00e8re de contenu recycl\u00e9, alerte l\u2019association Plastics Recyclers Europe. Pour cette derni\u00e8re, il est essentiel de mettre en place une politique \u00e9quitable pour les plastiques import\u00e9s.<\/strong><\/p>\n\n\n\n<p>Une augmentation importante des importations de PET menace la comp\u00e9titivit\u00e9 de l&rsquo;industrie de l&rsquo;UE, ainsi que son objectif d&rsquo;am\u00e9liorer la gestion des d\u00e9chets plastiques. En effet, entre 2021 et 2022, les importations de PET ont doubl\u00e9 pour atteindre 1,9 million de tonnes, l&rsquo;Inde, la Chine et la Turquie figurant parmi les principaux exportateurs en termes de volume et de valeur, suivis par l&rsquo;Indon\u00e9sie, l&rsquo;\u00c9gypte et le Vietnam. Avec cette augmentation, les importations repr\u00e9sentaient pr\u00e8s de 30% de la demande totale de PET en Europe en 2022, contre seulement 23% en 2020. Compte tenu des fortes divergences entre les co\u00fbts de l&rsquo;\u00e9nergie, de la main-d&rsquo;\u0153uvre et de l&rsquo;environnement dans l&rsquo;UE et dans le reste du monde, cette importante \u00e9volution du march\u00e9 soumet l&rsquo;industrie europ\u00e9enne \u00e0 une forte pression.<\/p>\n\n\n\n<p>\u00ab&nbsp;Suite \u00e0 cette \u00e9volution pr\u00e9occupante du march\u00e9, l&rsquo;UE a ouvert une proc\u00e9dure antidumping \u00e0 l&rsquo;encontre de la Chine pour les importations de PET jusqu&rsquo;en 2022&nbsp;\u00bb, a d\u00e9clar\u00e9 Herbert Snell, vice-pr\u00e9sident du groupe de travail PET du PRE et directeur g\u00e9n\u00e9ral de Multiport GmbH &#8211; MultiPet GmbH, (groupe Veolia). \u00ab&nbsp;Parmi les all\u00e9gations, l&rsquo;avis publi\u00e9 refl\u00e8te la probabilit\u00e9 que l&rsquo;augmentation des importations faisant l&rsquo;objet d&rsquo;un dumping ait une incidence n\u00e9gative sur les r\u00e9sultats de l&rsquo;industrie de l&rsquo;UE&nbsp;\u00bb, a-t-il ajout\u00e9.<\/p>\n\n\n\n<p>L&rsquo;augmentation des importations pourrait s&rsquo;expliquer par la demande accrue de rPET dans l&rsquo;UE, motiv\u00e9e par les objectifs de contenu recycl\u00e9 de 25% pour les bouteilles de boissons en 2025, et par la hausse cons\u00e9quente des prix du rPET sur le continent.\u00a0<\/p>\n\n\n\n<p>\u00ab&nbsp;Il convient de s&rsquo;assurer que le PET recycl\u00e9 import\u00e9 dans l&rsquo;UE \u00e0 des prix nettement inf\u00e9rieurs soit conforme \u00e0 la r\u00e9glementation europ\u00e9enne stricte en mati\u00e8re de contact alimentaire, et qu&rsquo;il ne compromette donc pas les efforts d\u00e9ploy\u00e9s pour cr\u00e9er une industrie robuste du rPET en Europe&nbsp;\u00bb, a d\u00e9clar\u00e9 Casper van den Dungen, vice-pr\u00e9sident de Plastics Recyclers Europe. Et de poursuivre&nbsp;: \u00ab&nbsp;Cela n\u00e9cessitera en outre une v\u00e9rification compl\u00e8te de la tra\u00e7abilit\u00e9 des polym\u00e8res import\u00e9s par les utilisateurs finaux afin d&rsquo;\u00e9viter d&rsquo;utiliser les auto-d\u00e9clarations comme moyen de d\u00e9claration des mat\u00e9riaux recycl\u00e9s participant aux objectifs de l&rsquo;UE&nbsp;\u00bb.<\/p>\n\n\n\n<p>L\u2019association demande l&rsquo;application des r\u00e8gles de l&rsquo;UE aux biens et mat\u00e9riaux import\u00e9s afin de prot\u00e9ger le \u00ab&nbsp;Made in Europe&nbsp;\u00bb et de maintenir des conditions de concurrence \u00e9quitables pour tous les acteurs. \u00ab&nbsp;Dans le cas contraire, la circularit\u00e9 des produits en plastique mis sur le march\u00e9 sera compromise, de m\u00eame que les investissements substantiels dans l&rsquo;industrie du recyclage et ses capacit\u00e9s&nbsp;\u00bb, s\u2019inqui\u00e8te-t-elle.<\/p>","protected":false},"excerpt":{"rendered":"<p>Les importations de PET auront une incidence sur les objectifs de l&rsquo;UE en mati\u00e8re de contenu recycl\u00e9, alerte l\u2019association Plastics Recyclers Europe. Pour cette derni\u00e8re, il est essentiel de mettre en place une politique \u00e9quitable pour les plastiques import\u00e9s. Une augmentation importante des importations de PET menace la comp\u00e9titivit\u00e9 de l&rsquo;industrie de l&rsquo;UE, ainsi que [&hellip;]<\/p>","protected":false},"author":2,"featured_media":37523,"comment_status":"closed","ping_status":"closed","sticky":false,"template":"","format":"standard","meta":{"_acf_changed":false,"inline_featured_image":false,"iawp_total_views":5,"footnotes":""},"categories":[28,10],"tags":[],"class_list":["post-37522","post","type-post","status-publish","format-standard","has-post-thumbnail","hentry","category-article-entier","category-materiaux"],"acf":[],"yoast_head":"<!-- This site is optimized with the Yoast SEO plugin v24.4 - https:\/\/yoast.com\/wordpress\/plugins\/seo\/ -->\n<title>Plastics Recyclers Europe inqui\u00e8te face \u00e0 la hausse des importations en PET - Emballage Digest<\/title>\n<meta name=\"robots\" content=\"index, follow, max-snippet:-1, max-image-preview:large, max-video-preview:-1\" \/>\n<link rel=\"canonical\" href=\"https:\/\/www.emballagedigest.fr\/en\/plastics-recyclers-europe-inquiete-face-a-la-hausse-des-importations-en-pet\/\" \/>\n<meta property=\"og:locale\" content=\"en_GB\" \/>\n<meta property=\"og:type\" content=\"article\" \/>\n<meta property=\"og:title\" content=\"Plastics Recyclers Europe inqui\u00e8te face \u00e0 la hausse des importations en PET - Emballage Digest\" \/>\n<meta property=\"og:description\" content=\"Les importations de PET auront une incidence sur les objectifs de l&rsquo;UE en mati\u00e8re de contenu recycl\u00e9, alerte l\u2019association Plastics Recyclers Europe. Pour cette derni\u00e8re, il est essentiel de mettre en place une politique \u00e9quitable pour les plastiques import\u00e9s. Une augmentation importante des importations de PET menace la comp\u00e9titivit\u00e9 de l&rsquo;industrie de l&rsquo;UE, ainsi que [&hellip;]\" \/>\n<meta property=\"og:url\" content=\"https:\/\/www.emballagedigest.fr\/en\/plastics-recyclers-europe-inquiete-face-a-la-hausse-des-importations-en-pet\/\" \/>\n<meta property=\"og:site_name\" content=\"Emballage Digest\" \/>\n<meta property=\"article:published_time\" content=\"2023-06-06T23:52:09+00:00\" \/>\n<meta property=\"article:modified_time\" content=\"2023-06-06T23:52:11+00:00\" \/>\n<meta property=\"og:image\" content=\"https:\/\/www.emballagedigest.fr\/wp-content\/uploads\/2023\/06\/pixabay.jpg\" \/>\n\t<meta property=\"og:image:width\" content=\"800\" \/>\n\t<meta property=\"og:image:height\" content=\"533\" \/>\n\t<meta property=\"og:image:type\" content=\"image\/jpeg\" \/>\n<meta name=\"author\" content=\"Karine Duval\" \/>\n<meta name=\"twitter:card\" content=\"summary_large_image\" \/>\n<meta name=\"twitter:label1\" content=\"Written by\" \/>\n\t<meta name=\"twitter:data1\" content=\"Karine Duval\" \/>\n\t<meta name=\"twitter:label2\" content=\"Estimated reading time\" \/>\n\t<meta name=\"twitter:data2\" content=\"3 minutes\" \/>\n<script type=\"application\/ld+json\" class=\"yoast-schema-graph\">{\"@context\":\"https:\/\/schema.org\",\"@graph\":[{\"@type\":\"Article\",\"@id\":\"https:\/\/www.emballagedigest.fr\/plastics-recyclers-europe-inquiete-face-a-la-hausse-des-importations-en-pet\/#article\",\"isPartOf\":{\"@id\":\"https:\/\/www.emballagedigest.fr\/plastics-recyclers-europe-inquiete-face-a-la-hausse-des-importations-en-pet\/\"},\"author\":{\"name\":\"Karine Duval\",\"@id\":\"https:\/\/www.emballagedigest.fr\/#\/schema\/person\/76abe9f2b2ee4d3d520594c7a35da59f\"},\"headline\":\"Plastics Recyclers Europe inqui\u00e8te face \u00e0 la hausse des importations en PET\",\"datePublished\":\"2023-06-06T23:52:09+00:00\",\"dateModified\":\"2023-06-06T23:52:11+00:00\",\"mainEntityOfPage\":{\"@id\":\"https:\/\/www.emballagedigest.fr\/plastics-recyclers-europe-inquiete-face-a-la-hausse-des-importations-en-pet\/\"},\"wordCount\":534,\"publisher\":{\"@id\":\"https:\/\/www.emballagedigest.fr\/#organization\"},\"image\":{\"@id\":\"https:\/\/www.emballagedigest.fr\/plastics-recyclers-europe-inquiete-face-a-la-hausse-des-importations-en-pet\/#primaryimage\"},\"thumbnailUrl\":\"https:\/\/www.emballagedigest.fr\/wp-content\/uploads\/2023\/06\/pixabay.jpg\",\"articleSection\":[\"Article entier\",\"Mat\u00e9riaux\"],\"inLanguage\":\"en-GB\"},{\"@type\":\"WebPage\",\"@id\":\"https:\/\/www.emballagedigest.fr\/plastics-recyclers-europe-inquiete-face-a-la-hausse-des-importations-en-pet\/\",\"url\":\"https:\/\/www.emballagedigest.fr\/plastics-recyclers-europe-inquiete-face-a-la-hausse-des-importations-en-pet\/\",\"name\":\"Plastics Recyclers Europe inqui\u00e8te face \u00e0 la hausse des importations en PET - Emballage Digest\",\"isPartOf\":{\"@id\":\"https:\/\/www.emballagedigest.fr\/#website\"},\"primaryImageOfPage\":{\"@id\":\"https:\/\/www.emballagedigest.fr\/plastics-recyclers-europe-inquiete-face-a-la-hausse-des-importations-en-pet\/#primaryimage\"},\"image\":{\"@id\":\"https:\/\/www.emballagedigest.fr\/plastics-recyclers-europe-inquiete-face-a-la-hausse-des-importations-en-pet\/#primaryimage\"},\"thumbnailUrl\":\"https:\/\/www.emballagedigest.fr\/wp-content\/uploads\/2023\/06\/pixabay.jpg\",\"datePublished\":\"2023-06-06T23:52:09+00:00\",\"dateModified\":\"2023-06-06T23:52:11+00:00\",\"breadcrumb\":{\"@id\":\"https:\/\/www.emballagedigest.fr\/plastics-recyclers-europe-inquiete-face-a-la-hausse-des-importations-en-pet\/#breadcrumb\"},\"inLanguage\":\"en-GB\",\"potentialAction\":[{\"@type\":\"ReadAction\",\"target\":[\"https:\/\/www.emballagedigest.fr\/plastics-recyclers-europe-inquiete-face-a-la-hausse-des-importations-en-pet\/\"]}]},{\"@type\":\"ImageObject\",\"inLanguage\":\"en-GB\",\"@id\":\"https:\/\/www.emballagedigest.fr\/plastics-recyclers-europe-inquiete-face-a-la-hausse-des-importations-en-pet\/#primaryimage\",\"url\":\"https:\/\/www.emballagedigest.fr\/wp-content\/uploads\/2023\/06\/pixabay.jpg\",\"contentUrl\":\"https:\/\/www.emballagedigest.fr\/wp-content\/uploads\/2023\/06\/pixabay.jpg\",\"width\":800,\"height\":533},{\"@type\":\"BreadcrumbList\",\"@id\":\"https:\/\/www.emballagedigest.fr\/plastics-recyclers-europe-inquiete-face-a-la-hausse-des-importations-en-pet\/#breadcrumb\",\"itemListElement\":[{\"@type\":\"ListItem\",\"position\":1,\"name\":\"Accueil\",\"item\":\"https:\/\/www.emballagedigest.fr\/\"},{\"@type\":\"ListItem\",\"position\":2,\"name\":\"Plastics Recyclers Europe inqui\u00e8te face \u00e0 la hausse des importations en PET\"}]},{\"@type\":\"WebSite\",\"@id\":\"https:\/\/www.emballagedigest.fr\/#website\",\"url\":\"https:\/\/www.emballagedigest.fr\/\",\"name\":\"Emballage Digest\",\"description\":\"Revue professionnelle sur les emballages\",\"publisher\":{\"@id\":\"https:\/\/www.emballagedigest.fr\/#organization\"},\"potentialAction\":[{\"@type\":\"SearchAction\",\"target\":{\"@type\":\"EntryPoint\",\"urlTemplate\":\"https:\/\/www.emballagedigest.fr\/?s={search_term_string}\"},\"query-input\":{\"@type\":\"PropertyValueSpecification\",\"valueRequired\":true,\"valueName\":\"search_term_string\"}}],\"inLanguage\":\"en-GB\"},{\"@type\":\"Organization\",\"@id\":\"https:\/\/www.emballagedigest.fr\/#organization\",\"name\":\"Emballage Digest\",\"url\":\"https:\/\/www.emballagedigest.fr\/\",\"logo\":{\"@type\":\"ImageObject\",\"inLanguage\":\"en-GB\",\"@id\":\"https:\/\/www.emballagedigest.fr\/#\/schema\/logo\/image\/\",\"url\":\"https:\/\/www.emballagedigest.fr\/wp-content\/uploads\/2022\/07\/logo-ed.png\",\"contentUrl\":\"https:\/\/www.emballagedigest.fr\/wp-content\/uploads\/2022\/07\/logo-ed.png\",\"width\":379,\"height\":75,\"caption\":\"Emballage Digest\"},\"image\":{\"@id\":\"https:\/\/www.emballagedigest.fr\/#\/schema\/logo\/image\/\"}},{\"@type\":\"Person\",\"@id\":\"https:\/\/www.emballagedigest.fr\/#\/schema\/person\/76abe9f2b2ee4d3d520594c7a35da59f\",\"name\":\"Karine Duval\",\"image\":{\"@type\":\"ImageObject\",\"inLanguage\":\"en-GB\",\"@id\":\"https:\/\/www.emballagedigest.fr\/#\/schema\/person\/image\/\",\"url\":\"https:\/\/secure.gravatar.com\/avatar\/f552799261cdd2e076e6677d780ef07bdb13aa4c196ab75b39abcbcdcae2d4e5?s=96&d=mm&r=g\",\"contentUrl\":\"https:\/\/secure.gravatar.com\/avatar\/f552799261cdd2e076e6677d780ef07bdb13aa4c196ab75b39abcbcdcae2d4e5?s=96&d=mm&r=g\",\"caption\":\"Karine Duval\"},\"url\":\"https:\/\/www.emballagedigest.fr\/en\/author\/admin_karduv\/\"}]}<\/script>\n<!-- \/ Yoast SEO plugin. -->","yoast_head_json":{"title":"Plastics Recyclers Europe inqui\u00e8te face \u00e0 la hausse des importations en PET - Emballage Digest","robots":{"index":"index","follow":"follow","max-snippet":"max-snippet:-1","max-image-preview":"max-image-preview:large","max-video-preview":"max-video-preview:-1"},"canonical":"https:\/\/www.emballagedigest.fr\/en\/plastics-recyclers-europe-inquiete-face-a-la-hausse-des-importations-en-pet\/","og_locale":"en_GB","og_type":"article","og_title":"Plastics Recyclers Europe inqui\u00e8te face \u00e0 la hausse des importations en PET - Emballage Digest","og_description":"Les importations de PET auront une incidence sur les objectifs de l&rsquo;UE en mati\u00e8re de contenu recycl\u00e9, alerte l\u2019association Plastics Recyclers Europe. Pour cette derni\u00e8re, il est essentiel de mettre en place une politique \u00e9quitable pour les plastiques import\u00e9s. Une augmentation importante des importations de PET menace la comp\u00e9titivit\u00e9 de l&rsquo;industrie de l&rsquo;UE, ainsi que [&hellip;]","og_url":"https:\/\/www.emballagedigest.fr\/en\/plastics-recyclers-europe-inquiete-face-a-la-hausse-des-importations-en-pet\/","og_site_name":"Emballage Digest","article_published_time":"2023-06-06T23:52:09+00:00","article_modified_time":"2023-06-06T23:52:11+00:00","og_image":[{"width":800,"height":533,"url":"https:\/\/www.emballagedigest.fr\/wp-content\/uploads\/2023\/06\/pixabay.jpg","type":"image\/jpeg"}],"author":"Karine Duval","twitter_card":"summary_large_image","twitter_misc":{"Written by":"Karine Duval","Estimated reading time":"3 minutes"},"schema":{"@context":"https:\/\/schema.org","@graph":[{"@type":"Article","@id":"https:\/\/www.emballagedigest.fr\/plastics-recyclers-europe-inquiete-face-a-la-hausse-des-importations-en-pet\/#article","isPartOf":{"@id":"https:\/\/www.emballagedigest.fr\/plastics-recyclers-europe-inquiete-face-a-la-hausse-des-importations-en-pet\/"},"author":{"name":"Karine Duval","@id":"https:\/\/www.emballagedigest.fr\/#\/schema\/person\/76abe9f2b2ee4d3d520594c7a35da59f"},"headline":"Plastics Recyclers Europe inqui\u00e8te face \u00e0 la hausse des importations en PET","datePublished":"2023-06-06T23:52:09+00:00","dateModified":"2023-06-06T23:52:11+00:00","mainEntityOfPage":{"@id":"https:\/\/www.emballagedigest.fr\/plastics-recyclers-europe-inquiete-face-a-la-hausse-des-importations-en-pet\/"},"wordCount":534,"publisher":{"@id":"https:\/\/www.emballagedigest.fr\/#organization"},"image":{"@id":"https:\/\/www.emballagedigest.fr\/plastics-recyclers-europe-inquiete-face-a-la-hausse-des-importations-en-pet\/#primaryimage"},"thumbnailUrl":"https:\/\/www.emballagedigest.fr\/wp-content\/uploads\/2023\/06\/pixabay.jpg","articleSection":["Article entier","Mat\u00e9riaux"],"inLanguage":"en-GB"},{"@type":"WebPage","@id":"https:\/\/www.emballagedigest.fr\/plastics-recyclers-europe-inquiete-face-a-la-hausse-des-importations-en-pet\/","url":"https:\/\/www.emballagedigest.fr\/plastics-recyclers-europe-inquiete-face-a-la-hausse-des-importations-en-pet\/","name":"Plastics Recyclers Europe inqui\u00e8te face \u00e0 la hausse des importations en PET - Emballage Digest","isPartOf":{"@id":"https:\/\/www.emballagedigest.fr\/#website"},"primaryImageOfPage":{"@id":"https:\/\/www.emballagedigest.fr\/plastics-recyclers-europe-inquiete-face-a-la-hausse-des-importations-en-pet\/#primaryimage"},"image":{"@id":"https:\/\/www.emballagedigest.fr\/plastics-recyclers-europe-inquiete-face-a-la-hausse-des-importations-en-pet\/#primaryimage"},"thumbnailUrl":"https:\/\/www.emballagedigest.fr\/wp-content\/uploads\/2023\/06\/pixabay.jpg","datePublished":"2023-06-06T23:52:09+00:00","dateModified":"2023-06-06T23:52:11+00:00","breadcrumb":{"@id":"https:\/\/www.emballagedigest.fr\/plastics-recyclers-europe-inquiete-face-a-la-hausse-des-importations-en-pet\/#breadcrumb"},"inLanguage":"en-GB","potentialAction":[{"@type":"ReadAction","target":["https:\/\/www.emballagedigest.fr\/plastics-recyclers-europe-inquiete-face-a-la-hausse-des-importations-en-pet\/"]}]},{"@type":"ImageObject","inLanguage":"en-GB","@id":"https:\/\/www.emballagedigest.fr\/plastics-recyclers-europe-inquiete-face-a-la-hausse-des-importations-en-pet\/#primaryimage","url":"https:\/\/www.emballagedigest.fr\/wp-content\/uploads\/2023\/06\/pixabay.jpg","contentUrl":"https:\/\/www.emballagedigest.fr\/wp-content\/uploads\/2023\/06\/pixabay.jpg","width":800,"height":533},{"@type":"BreadcrumbList","@id":"https:\/\/www.emballagedigest.fr\/plastics-recyclers-europe-inquiete-face-a-la-hausse-des-importations-en-pet\/#breadcrumb","itemListElement":[{"@type":"ListItem","position":1,"name":"Accueil","item":"https:\/\/www.emballagedigest.fr\/"},{"@type":"ListItem","position":2,"name":"Plastics Recyclers Europe inqui\u00e8te face \u00e0 la hausse des importations en PET"}]},{"@type":"WebSite","@id":"https:\/\/www.emballagedigest.fr\/#website","url":"https:\/\/www.emballagedigest.fr\/","name":"Emballage Digest","description":"Revue professionnelle sur les emballages","publisher":{"@id":"https:\/\/www.emballagedigest.fr\/#organization"},"potentialAction":[{"@type":"SearchAction","target":{"@type":"EntryPoint","urlTemplate":"https:\/\/www.emballagedigest.fr\/?s={search_term_string}"},"query-input":{"@type":"PropertyValueSpecification","valueRequired":true,"valueName":"search_term_string"}}],"inLanguage":"en-GB"},{"@type":"Organization","@id":"https:\/\/www.emballagedigest.fr\/#organization","name":"Emballage Digest","url":"https:\/\/www.emballagedigest.fr\/","logo":{"@type":"ImageObject","inLanguage":"en-GB","@id":"https:\/\/www.emballagedigest.fr\/#\/schema\/logo\/image\/","url":"https:\/\/www.emballagedigest.fr\/wp-content\/uploads\/2022\/07\/logo-ed.png","contentUrl":"https:\/\/www.emballagedigest.fr\/wp-content\/uploads\/2022\/07\/logo-ed.png","width":379,"height":75,"caption":"Emballage Digest"},"image":{"@id":"https:\/\/www.emballagedigest.fr\/#\/schema\/logo\/image\/"}},{"@type":"Person","@id":"https:\/\/www.emballagedigest.fr\/#\/schema\/person\/76abe9f2b2ee4d3d520594c7a35da59f","name":"Karine Duval","image":{"@type":"ImageObject","inLanguage":"en-GB","@id":"https:\/\/www.emballagedigest.fr\/#\/schema\/person\/image\/","url":"https:\/\/secure.gravatar.com\/avatar\/f552799261cdd2e076e6677d780ef07bdb13aa4c196ab75b39abcbcdcae2d4e5?s=96&d=mm&r=g","contentUrl":"https:\/\/secure.gravatar.com\/avatar\/f552799261cdd2e076e6677d780ef07bdb13aa4c196ab75b39abcbcdcae2d4e5?s=96&d=mm&r=g","caption":"Karine Duval"},"url":"https:\/\/www.emballagedigest.fr\/en\/author\/admin_karduv\/"}]}},"_links":{"self":[{"href":"https:\/\/www.emballagedigest.fr\/en\/wp-json\/wp\/v2\/posts\/37522","targetHints":{"allow":["GET"]}}],"collection":[{"href":"https:\/\/www.emballagedigest.fr\/en\/wp-json\/wp\/v2\/posts"}],"about":[{"href":"https:\/\/www.emballagedigest.fr\/en\/wp-json\/wp\/v2\/types\/post"}],"author":[{"embeddable":true,"href":"https:\/\/www.emballagedigest.fr\/en\/wp-json\/wp\/v2\/users\/2"}],"replies":[{"embeddable":true,"href":"https:\/\/www.emballagedigest.fr\/en\/wp-json\/wp\/v2\/comments?post=37522"}],"version-history":[{"count":2,"href":"https:\/\/www.emballagedigest.fr\/en\/wp-json\/wp\/v2\/posts\/37522\/revisions"}],"predecessor-version":[{"id":37525,"href":"https:\/\/www.emballagedigest.fr\/en\/wp-json\/wp\/v2\/posts\/37522\/revisions\/37525"}],"wp:featuredmedia":[{"embeddable":true,"href":"https:\/\/www.emballagedigest.fr\/en\/wp-json\/wp\/v2\/media\/37523"}],"wp:attachment":[{"href":"https:\/\/www.emballagedigest.fr\/en\/wp-json\/wp\/v2\/media?parent=37522"}],"wp:term":[{"taxonomy":"category","embeddable":true,"href":"https:\/\/www.emballagedigest.fr\/en\/wp-json\/wp\/v2\/categories?post=37522"},{"taxonomy":"post_tag","embeddable":true,"href":"https:\/\/www.emballagedigest.fr\/en\/wp-json\/wp\/v2\/tags?post=37522"}],"curies":[{"name":"wp","href":"https:\/\/api.w.org\/{rel}","templated":true}]}}