{"id":37526,"date":"2023-06-08T00:22:37","date_gmt":"2023-06-07T22:22:37","guid":{"rendered":"https:\/\/www.emballagedigest.fr\/?p=37526"},"modified":"2023-06-09T01:01:07","modified_gmt":"2023-06-08T23:01:07","slug":"giflor-celebre-ses-50-ans-avec-ambition","status":"publish","type":"post","link":"https:\/\/www.emballagedigest.fr\/en\/giflor-celebre-ses-50-ans-avec-ambition\/","title":{"rendered":"Giflor c\u00e9l\u00e8bre ses 50 ans avec ambition"},"content":{"rendered":"<p><strong>L&rsquo;entreprise italienne bas\u00e9e \u00e0 Vicence, sp\u00e9cialis\u00e9e dans la production de bouchons en plastique moul\u00e9s par injection, f\u00eate ses 50 ans en affichant sa volont\u00e9 de poursuivre son d\u00e9veloppement, investissements \u00e0 l\u2019appui.<\/strong><\/p>\n\n\n\n<p>Forte d\u2019une surface de production de 10 000 m<sup>2<\/sup>, d\u2019une \u00e9quipe de 60 employ\u00e9s et d\u2019un parc de 31 machines \u00e0 injection et bi-injection \u00e9lectriques, hybrides et hydrauliques, Giflor r\u00e9alise un chiffre d&rsquo;affaires de 16,2 millions d&rsquo;euros. Au cours de l&rsquo;ann\u00e9e \u00e9coul\u00e9e, la division bouchons a ainsi produit 240 millions de bouchons en plastique et 70% du chiffre d&rsquo;affaires a \u00e9t\u00e9 r\u00e9alis\u00e9 \u00e0 l\u2019export : Espagne, Royaume-Uni, France et Allemagne. Prochaine \u00e9tape\u00a0: acc\u00e9l\u00e9rer son d\u00e9veloppement sur le march\u00e9 international. \u00ab\u00a0Au cours des cinq prochaines ann\u00e9es, nous voulons atteindre un chiffre d&rsquo;affaires de 25 millions d&rsquo;euros et renforcer notre pr\u00e9sence sur les march\u00e9s internationaux. Notre force : \u00eatre en avance sur notre temps et r\u00e9pondre aux changements de la mani\u00e8re la plus efficace et la plus rapide pour toujours offrir la meilleure solution en termes de fonctionnalit\u00e9 et d&rsquo;esth\u00e9tique\u00a0\u00bb, confie Nadia Capovilla, directrice g\u00e9n\u00e9rale de Giflor.<\/p>\n\n\n\n<p>Pour ce faire, l\u2019entreprise ambitionne de breveter de nouveaux produits et d\u2019\u00e9largir sa gamme de produits, ainsi qu&rsquo;\u00e0 renforcer sa pr\u00e9sence dans les secteurs de la parapharmacie et des boissons. Parmi ses clients les plus importants figurent certains des plus grands producteurs italiens de produits cosm\u00e9tiques et parapharmaceutiques, ainsi que de nombreuses soci\u00e9t\u00e9s internationales nord-am\u00e9ricaines et \u00e9trang\u00e8res.<\/p>\n\n\n\n<p>\u00ab&nbsp;Nous avons install\u00e9 quatre lignes de produits capables de fournir 42 bouchons dans 350 couleurs diff\u00e9rentes, \u00e0 destination de l&#8217;emballage de produits cosm\u00e9tiques, de l\u2019hygi\u00e8ne et du PET food mais \u00e9galement des produits parapharmaceutiques et alimentaires. L&rsquo;une de ces quatre collections (la ligne E-Closure) a \u00e9t\u00e9 enti\u00e8rement con\u00e7ue pour le e-commerce et nous a permis de r\u00e9pondre \u00e0 la forte demande de nos clients. Cette ligne respecte les normes strictes de r\u00e9sistance et de compacit\u00e9 des emballages exig\u00e9es par le commerce en ligne&nbsp;\u00bb, ajoute la dirigeante.<\/p>","protected":false},"excerpt":{"rendered":"<p>L&rsquo;entreprise italienne bas\u00e9e \u00e0 Vicence, sp\u00e9cialis\u00e9e dans la production de bouchons en plastique moul\u00e9s par injection, f\u00eate ses 50 ans en affichant sa volont\u00e9 de poursuivre son d\u00e9veloppement, investissements \u00e0 l\u2019appui. Forte d\u2019une surface de production de 10 000 m2, d\u2019une \u00e9quipe de 60 employ\u00e9s et d\u2019un parc de 31 machines \u00e0 injection et bi-injection [&hellip;]<\/p>","protected":false},"author":2,"featured_media":37527,"comment_status":"closed","ping_status":"closed","sticky":false,"template":"","format":"standard","meta":{"_acf_changed":false,"inline_featured_image":false,"iawp_total_views":0,"footnotes":""},"categories":[28,81,6],"tags":[],"class_list":["post-37526","post","type-post","status-publish","format-standard","has-post-thumbnail","hentry","category-article-entier","category-packaging","category-parfumerie-cosmetique"],"acf":[],"yoast_head":"<!-- This site is optimized with the Yoast SEO plugin v24.4 - https:\/\/yoast.com\/wordpress\/plugins\/seo\/ -->\n<title>Giflor c\u00e9l\u00e8bre ses 50 ans avec ambition - Emballage Digest<\/title>\n<meta name=\"robots\" content=\"index, follow, max-snippet:-1, max-image-preview:large, max-video-preview:-1\" \/>\n<link rel=\"canonical\" href=\"https:\/\/www.emballagedigest.fr\/en\/giflor-celebre-ses-50-ans-avec-ambition\/\" \/>\n<meta property=\"og:locale\" content=\"en_GB\" \/>\n<meta property=\"og:type\" content=\"article\" \/>\n<meta property=\"og:title\" content=\"Giflor c\u00e9l\u00e8bre ses 50 ans avec ambition - Emballage Digest\" \/>\n<meta property=\"og:description\" content=\"L&rsquo;entreprise italienne bas\u00e9e \u00e0 Vicence, sp\u00e9cialis\u00e9e dans la production de bouchons en plastique moul\u00e9s par injection, f\u00eate ses 50 ans en affichant sa volont\u00e9 de poursuivre son d\u00e9veloppement, investissements \u00e0 l\u2019appui. Forte d\u2019une surface de production de 10 000 m2, d\u2019une \u00e9quipe de 60 employ\u00e9s et d\u2019un parc de 31 machines \u00e0 injection et bi-injection [&hellip;]\" \/>\n<meta property=\"og:url\" content=\"https:\/\/www.emballagedigest.fr\/en\/giflor-celebre-ses-50-ans-avec-ambition\/\" \/>\n<meta property=\"og:site_name\" content=\"Emballage Digest\" \/>\n<meta property=\"article:published_time\" content=\"2023-06-07T22:22:37+00:00\" \/>\n<meta property=\"article:modified_time\" content=\"2023-06-08T23:01:07+00:00\" \/>\n<meta property=\"og:image\" content=\"https:\/\/www.emballagedigest.fr\/wp-content\/uploads\/2023\/06\/Giflor.jpg\" \/>\n\t<meta property=\"og:image:width\" content=\"800\" \/>\n\t<meta property=\"og:image:height\" content=\"559\" \/>\n\t<meta property=\"og:image:type\" content=\"image\/jpeg\" \/>\n<meta name=\"author\" content=\"Karine Duval\" \/>\n<meta name=\"twitter:card\" content=\"summary_large_image\" \/>\n<meta name=\"twitter:label1\" content=\"Written by\" \/>\n\t<meta name=\"twitter:data1\" content=\"Karine Duval\" \/>\n\t<meta name=\"twitter:label2\" content=\"Estimated reading time\" \/>\n\t<meta name=\"twitter:data2\" content=\"2 minutes\" \/>\n<script type=\"application\/ld+json\" class=\"yoast-schema-graph\">{\"@context\":\"https:\/\/schema.org\",\"@graph\":[{\"@type\":\"Article\",\"@id\":\"https:\/\/www.emballagedigest.fr\/giflor-celebre-ses-50-ans-avec-ambition\/#article\",\"isPartOf\":{\"@id\":\"https:\/\/www.emballagedigest.fr\/giflor-celebre-ses-50-ans-avec-ambition\/\"},\"author\":{\"name\":\"Karine Duval\",\"@id\":\"https:\/\/www.emballagedigest.fr\/#\/schema\/person\/76abe9f2b2ee4d3d520594c7a35da59f\"},\"headline\":\"Giflor c\u00e9l\u00e8bre ses 50 ans avec ambition\",\"datePublished\":\"2023-06-07T22:22:37+00:00\",\"dateModified\":\"2023-06-08T23:01:07+00:00\",\"mainEntityOfPage\":{\"@id\":\"https:\/\/www.emballagedigest.fr\/giflor-celebre-ses-50-ans-avec-ambition\/\"},\"wordCount\":364,\"publisher\":{\"@id\":\"https:\/\/www.emballagedigest.fr\/#organization\"},\"image\":{\"@id\":\"https:\/\/www.emballagedigest.fr\/giflor-celebre-ses-50-ans-avec-ambition\/#primaryimage\"},\"thumbnailUrl\":\"https:\/\/www.emballagedigest.fr\/wp-content\/uploads\/2023\/06\/Giflor.jpg\",\"articleSection\":[\"Article entier\",\"Packaging\",\"Parfumerie &amp; Cosm\u00e9tique\"],\"inLanguage\":\"en-GB\"},{\"@type\":\"WebPage\",\"@id\":\"https:\/\/www.emballagedigest.fr\/giflor-celebre-ses-50-ans-avec-ambition\/\",\"url\":\"https:\/\/www.emballagedigest.fr\/giflor-celebre-ses-50-ans-avec-ambition\/\",\"name\":\"Giflor c\u00e9l\u00e8bre ses 50 ans avec ambition - Emballage Digest\",\"isPartOf\":{\"@id\":\"https:\/\/www.emballagedigest.fr\/#website\"},\"primaryImageOfPage\":{\"@id\":\"https:\/\/www.emballagedigest.fr\/giflor-celebre-ses-50-ans-avec-ambition\/#primaryimage\"},\"image\":{\"@id\":\"https:\/\/www.emballagedigest.fr\/giflor-celebre-ses-50-ans-avec-ambition\/#primaryimage\"},\"thumbnailUrl\":\"https:\/\/www.emballagedigest.fr\/wp-content\/uploads\/2023\/06\/Giflor.jpg\",\"datePublished\":\"2023-06-07T22:22:37+00:00\",\"dateModified\":\"2023-06-08T23:01:07+00:00\",\"breadcrumb\":{\"@id\":\"https:\/\/www.emballagedigest.fr\/giflor-celebre-ses-50-ans-avec-ambition\/#breadcrumb\"},\"inLanguage\":\"en-GB\",\"potentialAction\":[{\"@type\":\"ReadAction\",\"target\":[\"https:\/\/www.emballagedigest.fr\/giflor-celebre-ses-50-ans-avec-ambition\/\"]}]},{\"@type\":\"ImageObject\",\"inLanguage\":\"en-GB\",\"@id\":\"https:\/\/www.emballagedigest.fr\/giflor-celebre-ses-50-ans-avec-ambition\/#primaryimage\",\"url\":\"https:\/\/www.emballagedigest.fr\/wp-content\/uploads\/2023\/06\/Giflor.jpg\",\"contentUrl\":\"https:\/\/www.emballagedigest.fr\/wp-content\/uploads\/2023\/06\/Giflor.jpg\",\"width\":800,\"height\":559},{\"@type\":\"BreadcrumbList\",\"@id\":\"https:\/\/www.emballagedigest.fr\/giflor-celebre-ses-50-ans-avec-ambition\/#breadcrumb\",\"itemListElement\":[{\"@type\":\"ListItem\",\"position\":1,\"name\":\"Accueil\",\"item\":\"https:\/\/www.emballagedigest.fr\/\"},{\"@type\":\"ListItem\",\"position\":2,\"name\":\"Giflor c\u00e9l\u00e8bre ses 50 ans avec ambition\"}]},{\"@type\":\"WebSite\",\"@id\":\"https:\/\/www.emballagedigest.fr\/#website\",\"url\":\"https:\/\/www.emballagedigest.fr\/\",\"name\":\"Emballage Digest\",\"description\":\"Revue professionnelle sur les emballages\",\"publisher\":{\"@id\":\"https:\/\/www.emballagedigest.fr\/#organization\"},\"potentialAction\":[{\"@type\":\"SearchAction\",\"target\":{\"@type\":\"EntryPoint\",\"urlTemplate\":\"https:\/\/www.emballagedigest.fr\/?s={search_term_string}\"},\"query-input\":{\"@type\":\"PropertyValueSpecification\",\"valueRequired\":true,\"valueName\":\"search_term_string\"}}],\"inLanguage\":\"en-GB\"},{\"@type\":\"Organization\",\"@id\":\"https:\/\/www.emballagedigest.fr\/#organization\",\"name\":\"Emballage Digest\",\"url\":\"https:\/\/www.emballagedigest.fr\/\",\"logo\":{\"@type\":\"ImageObject\",\"inLanguage\":\"en-GB\",\"@id\":\"https:\/\/www.emballagedigest.fr\/#\/schema\/logo\/image\/\",\"url\":\"https:\/\/www.emballagedigest.fr\/wp-content\/uploads\/2022\/07\/logo-ed.png\",\"contentUrl\":\"https:\/\/www.emballagedigest.fr\/wp-content\/uploads\/2022\/07\/logo-ed.png\",\"width\":379,\"height\":75,\"caption\":\"Emballage Digest\"},\"image\":{\"@id\":\"https:\/\/www.emballagedigest.fr\/#\/schema\/logo\/image\/\"}},{\"@type\":\"Person\",\"@id\":\"https:\/\/www.emballagedigest.fr\/#\/schema\/person\/76abe9f2b2ee4d3d520594c7a35da59f\",\"name\":\"Karine Duval\",\"image\":{\"@type\":\"ImageObject\",\"inLanguage\":\"en-GB\",\"@id\":\"https:\/\/www.emballagedigest.fr\/#\/schema\/person\/image\/\",\"url\":\"https:\/\/secure.gravatar.com\/avatar\/f552799261cdd2e076e6677d780ef07bdb13aa4c196ab75b39abcbcdcae2d4e5?s=96&d=mm&r=g\",\"contentUrl\":\"https:\/\/secure.gravatar.com\/avatar\/f552799261cdd2e076e6677d780ef07bdb13aa4c196ab75b39abcbcdcae2d4e5?s=96&d=mm&r=g\",\"caption\":\"Karine Duval\"},\"url\":\"https:\/\/www.emballagedigest.fr\/en\/author\/admin_karduv\/\"}]}<\/script>\n<!-- \/ Yoast SEO plugin. -->","yoast_head_json":{"title":"Giflor c\u00e9l\u00e8bre ses 50 ans avec ambition - Emballage Digest","robots":{"index":"index","follow":"follow","max-snippet":"max-snippet:-1","max-image-preview":"max-image-preview:large","max-video-preview":"max-video-preview:-1"},"canonical":"https:\/\/www.emballagedigest.fr\/en\/giflor-celebre-ses-50-ans-avec-ambition\/","og_locale":"en_GB","og_type":"article","og_title":"Giflor c\u00e9l\u00e8bre ses 50 ans avec ambition - Emballage Digest","og_description":"L&rsquo;entreprise italienne bas\u00e9e \u00e0 Vicence, sp\u00e9cialis\u00e9e dans la production de bouchons en plastique moul\u00e9s par injection, f\u00eate ses 50 ans en affichant sa volont\u00e9 de poursuivre son d\u00e9veloppement, investissements \u00e0 l\u2019appui. Forte d\u2019une surface de production de 10 000 m2, d\u2019une \u00e9quipe de 60 employ\u00e9s et d\u2019un parc de 31 machines \u00e0 injection et bi-injection [&hellip;]","og_url":"https:\/\/www.emballagedigest.fr\/en\/giflor-celebre-ses-50-ans-avec-ambition\/","og_site_name":"Emballage Digest","article_published_time":"2023-06-07T22:22:37+00:00","article_modified_time":"2023-06-08T23:01:07+00:00","og_image":[{"width":800,"height":559,"url":"https:\/\/www.emballagedigest.fr\/wp-content\/uploads\/2023\/06\/Giflor.jpg","type":"image\/jpeg"}],"author":"Karine Duval","twitter_card":"summary_large_image","twitter_misc":{"Written by":"Karine Duval","Estimated reading time":"2 minutes"},"schema":{"@context":"https:\/\/schema.org","@graph":[{"@type":"Article","@id":"https:\/\/www.emballagedigest.fr\/giflor-celebre-ses-50-ans-avec-ambition\/#article","isPartOf":{"@id":"https:\/\/www.emballagedigest.fr\/giflor-celebre-ses-50-ans-avec-ambition\/"},"author":{"name":"Karine Duval","@id":"https:\/\/www.emballagedigest.fr\/#\/schema\/person\/76abe9f2b2ee4d3d520594c7a35da59f"},"headline":"Giflor c\u00e9l\u00e8bre ses 50 ans avec ambition","datePublished":"2023-06-07T22:22:37+00:00","dateModified":"2023-06-08T23:01:07+00:00","mainEntityOfPage":{"@id":"https:\/\/www.emballagedigest.fr\/giflor-celebre-ses-50-ans-avec-ambition\/"},"wordCount":364,"publisher":{"@id":"https:\/\/www.emballagedigest.fr\/#organization"},"image":{"@id":"https:\/\/www.emballagedigest.fr\/giflor-celebre-ses-50-ans-avec-ambition\/#primaryimage"},"thumbnailUrl":"https:\/\/www.emballagedigest.fr\/wp-content\/uploads\/2023\/06\/Giflor.jpg","articleSection":["Article entier","Packaging","Parfumerie &amp; Cosm\u00e9tique"],"inLanguage":"en-GB"},{"@type":"WebPage","@id":"https:\/\/www.emballagedigest.fr\/giflor-celebre-ses-50-ans-avec-ambition\/","url":"https:\/\/www.emballagedigest.fr\/giflor-celebre-ses-50-ans-avec-ambition\/","name":"Giflor c\u00e9l\u00e8bre ses 50 ans avec ambition - Emballage Digest","isPartOf":{"@id":"https:\/\/www.emballagedigest.fr\/#website"},"primaryImageOfPage":{"@id":"https:\/\/www.emballagedigest.fr\/giflor-celebre-ses-50-ans-avec-ambition\/#primaryimage"},"image":{"@id":"https:\/\/www.emballagedigest.fr\/giflor-celebre-ses-50-ans-avec-ambition\/#primaryimage"},"thumbnailUrl":"https:\/\/www.emballagedigest.fr\/wp-content\/uploads\/2023\/06\/Giflor.jpg","datePublished":"2023-06-07T22:22:37+00:00","dateModified":"2023-06-08T23:01:07+00:00","breadcrumb":{"@id":"https:\/\/www.emballagedigest.fr\/giflor-celebre-ses-50-ans-avec-ambition\/#breadcrumb"},"inLanguage":"en-GB","potentialAction":[{"@type":"ReadAction","target":["https:\/\/www.emballagedigest.fr\/giflor-celebre-ses-50-ans-avec-ambition\/"]}]},{"@type":"ImageObject","inLanguage":"en-GB","@id":"https:\/\/www.emballagedigest.fr\/giflor-celebre-ses-50-ans-avec-ambition\/#primaryimage","url":"https:\/\/www.emballagedigest.fr\/wp-content\/uploads\/2023\/06\/Giflor.jpg","contentUrl":"https:\/\/www.emballagedigest.fr\/wp-content\/uploads\/2023\/06\/Giflor.jpg","width":800,"height":559},{"@type":"BreadcrumbList","@id":"https:\/\/www.emballagedigest.fr\/giflor-celebre-ses-50-ans-avec-ambition\/#breadcrumb","itemListElement":[{"@type":"ListItem","position":1,"name":"Accueil","item":"https:\/\/www.emballagedigest.fr\/"},{"@type":"ListItem","position":2,"name":"Giflor c\u00e9l\u00e8bre ses 50 ans avec ambition"}]},{"@type":"WebSite","@id":"https:\/\/www.emballagedigest.fr\/#website","url":"https:\/\/www.emballagedigest.fr\/","name":"Emballage Digest","description":"Revue professionnelle sur les emballages","publisher":{"@id":"https:\/\/www.emballagedigest.fr\/#organization"},"potentialAction":[{"@type":"SearchAction","target":{"@type":"EntryPoint","urlTemplate":"https:\/\/www.emballagedigest.fr\/?s={search_term_string}"},"query-input":{"@type":"PropertyValueSpecification","valueRequired":true,"valueName":"search_term_string"}}],"inLanguage":"en-GB"},{"@type":"Organization","@id":"https:\/\/www.emballagedigest.fr\/#organization","name":"Emballage Digest","url":"https:\/\/www.emballagedigest.fr\/","logo":{"@type":"ImageObject","inLanguage":"en-GB","@id":"https:\/\/www.emballagedigest.fr\/#\/schema\/logo\/image\/","url":"https:\/\/www.emballagedigest.fr\/wp-content\/uploads\/2022\/07\/logo-ed.png","contentUrl":"https:\/\/www.emballagedigest.fr\/wp-content\/uploads\/2022\/07\/logo-ed.png","width":379,"height":75,"caption":"Emballage Digest"},"image":{"@id":"https:\/\/www.emballagedigest.fr\/#\/schema\/logo\/image\/"}},{"@type":"Person","@id":"https:\/\/www.emballagedigest.fr\/#\/schema\/person\/76abe9f2b2ee4d3d520594c7a35da59f","name":"Karine Duval","image":{"@type":"ImageObject","inLanguage":"en-GB","@id":"https:\/\/www.emballagedigest.fr\/#\/schema\/person\/image\/","url":"https:\/\/secure.gravatar.com\/avatar\/f552799261cdd2e076e6677d780ef07bdb13aa4c196ab75b39abcbcdcae2d4e5?s=96&d=mm&r=g","contentUrl":"https:\/\/secure.gravatar.com\/avatar\/f552799261cdd2e076e6677d780ef07bdb13aa4c196ab75b39abcbcdcae2d4e5?s=96&d=mm&r=g","caption":"Karine Duval"},"url":"https:\/\/www.emballagedigest.fr\/en\/author\/admin_karduv\/"}]}},"_links":{"self":[{"href":"https:\/\/www.emballagedigest.fr\/en\/wp-json\/wp\/v2\/posts\/37526","targetHints":{"allow":["GET"]}}],"collection":[{"href":"https:\/\/www.emballagedigest.fr\/en\/wp-json\/wp\/v2\/posts"}],"about":[{"href":"https:\/\/www.emballagedigest.fr\/en\/wp-json\/wp\/v2\/types\/post"}],"author":[{"embeddable":true,"href":"https:\/\/www.emballagedigest.fr\/en\/wp-json\/wp\/v2\/users\/2"}],"replies":[{"embeddable":true,"href":"https:\/\/www.emballagedigest.fr\/en\/wp-json\/wp\/v2\/comments?post=37526"}],"version-history":[{"count":1,"href":"https:\/\/www.emballagedigest.fr\/en\/wp-json\/wp\/v2\/posts\/37526\/revisions"}],"predecessor-version":[{"id":37528,"href":"https:\/\/www.emballagedigest.fr\/en\/wp-json\/wp\/v2\/posts\/37526\/revisions\/37528"}],"wp:featuredmedia":[{"embeddable":true,"href":"https:\/\/www.emballagedigest.fr\/en\/wp-json\/wp\/v2\/media\/37527"}],"wp:attachment":[{"href":"https:\/\/www.emballagedigest.fr\/en\/wp-json\/wp\/v2\/media?parent=37526"}],"wp:term":[{"taxonomy":"category","embeddable":true,"href":"https:\/\/www.emballagedigest.fr\/en\/wp-json\/wp\/v2\/categories?post=37526"},{"taxonomy":"post_tag","embeddable":true,"href":"https:\/\/www.emballagedigest.fr\/en\/wp-json\/wp\/v2\/tags?post=37526"}],"curies":[{"name":"wp","href":"https:\/\/api.w.org\/{rel}","templated":true}]}}