{"id":37609,"date":"2023-06-20T00:16:25","date_gmt":"2023-06-19T22:16:25","guid":{"rendered":"https:\/\/www.emballagedigest.fr\/?p=37609"},"modified":"2023-06-21T08:11:55","modified_gmt":"2023-06-21T06:11:55","slug":"krones-equipe-la-nouvelle-brasserie-dab-inbev-en-colombie","status":"publish","type":"post","link":"https:\/\/www.emballagedigest.fr\/en\/krones-equipe-la-nouvelle-brasserie-dab-inbev-en-colombie\/","title":{"rendered":"Krones \u00e9quipe la nouvelle brasserie d&rsquo;AB InBev en Colombie"},"content":{"rendered":"<p><strong>Bavaria est la plus grande brasserie de Colombie et compte, avec ses marques de bi\u00e8res nationales comme \u00c1guila, Poker et Club Colombia, parmi les cinq entreprises les plus appr\u00e9ci\u00e9es des Colombiens. En construisant une nouvelle brasserie \u00e0 Palmar de Varela, un district du nord du pays, Bavaria affiche son souhait de poursuivre ses investissements dans son activit\u00e9 vieille de plus de 130 ans. Pour ce projet, la brasserie a command\u00e9 pas moins de trois nouvelles lignes \u00e0 Krones.<\/strong><\/p>\n\n\n\n<p>La consommation annuelle de bi\u00e8re par habitant en Colombie s&rsquo;\u00e9l\u00e8ve \u00e0 plus de 50 litres, ce qui place le pays au troisi\u00e8me rang en Am\u00e9rique latine \u2013 et la tendance \u00e0 la hausse se poursuit. La nouvelle brasserie situ\u00e9e \u00e0 proximit\u00e9 du port maritime de Barranquilla est un investissement \u00e0 long terme de Bavaria pour accompagner la croissance du secteur. De m\u00eame, elle s\u2019inscrit dans l\u2019engagement de la marque \u00e0 atteindre une empreinte carbone neutre d\u2019ici 2025 et l&rsquo;intention de brasser tous les produits \u00e0 l&rsquo;aide de l&rsquo;\u00e9nergie solaire.<\/p>\n\n\n\n<p>Partenaires de longue date, Bavaria et Krones \u2013 au travers de sa filiale locale Krones Andina \u00e0 Bogota \u2013 poursuivent leur collaboration sur le nouveau site. Pour ce projet, ont \u00e9t\u00e9 s\u00e9lectionn\u00e9es trois lignes&nbsp;: une remplisseuse de cannettes de 120 000 coup\/heure et deux lignes de verre consign\u00e9 de 72 000 et 66 000 coup\/h.<\/p>\n\n\n\n<p>Pour r\u00e9pondre aux normes de d\u00e9veloppement durable de Bavaria, des modules d&rsquo;\u00e9conomie d&rsquo;\u00e9nergie appropri\u00e9s ont \u00e9t\u00e9 s\u00e9lectionn\u00e9s pour les trois nouvelles lignes, comme la station de pasteurisation LinaFlex, la remplisseuse Modulfill VFS-C pour la partie cannette et la Modulfill HES pour les lignes de production de verre, ainsi qu&rsquo;un syst\u00e8me CIP VarioClean. Un syst\u00e8me d&rsquo;alimentation pour la laveuse de bouteilles, le pasteurisateur \u00e0 tunnel et le syst\u00e8me CIP, dans lequel l&rsquo;eau chaude remplace la vapeur comme source d&rsquo;\u00e9nergie, permet une distribution ultra-efficace dans toute la brasserie. L&rsquo;\u00e9nergie provenant de la zone de traitement de la brasserie peut ainsi \u00eatre recycl\u00e9e dans le service d&#8217;emballage, de sorte qu&rsquo;il n&rsquo;est pas n\u00e9cessaire de la g\u00e9n\u00e9rer.<\/p>","protected":false},"excerpt":{"rendered":"<p>Bavaria est la plus grande brasserie de Colombie et compte, avec ses marques de bi\u00e8res nationales comme \u00c1guila, Poker et Club Colombia, parmi les cinq entreprises les plus appr\u00e9ci\u00e9es des Colombiens. En construisant une nouvelle brasserie \u00e0 Palmar de Varela, un district du nord du pays, Bavaria affiche son souhait de poursuivre ses investissements dans [&hellip;]<\/p>","protected":false},"author":2,"featured_media":37610,"comment_status":"closed","ping_status":"closed","sticky":false,"template":"","format":"standard","meta":{"_acf_changed":false,"inline_featured_image":false,"iawp_total_views":0,"footnotes":""},"categories":[5,28,35],"tags":[],"class_list":["post-37609","post","type-post","status-publish","format-standard","has-post-thumbnail","hentry","category-alimentaire","category-article-entier","category-machines-fr"],"acf":[],"yoast_head":"<!-- This site is optimized with the Yoast SEO plugin v24.4 - https:\/\/yoast.com\/wordpress\/plugins\/seo\/ -->\n<title>Krones \u00e9quipe la nouvelle brasserie d&#039;AB InBev en Colombie - Emballage Digest<\/title>\n<meta name=\"robots\" content=\"index, follow, max-snippet:-1, max-image-preview:large, max-video-preview:-1\" \/>\n<link rel=\"canonical\" href=\"https:\/\/www.emballagedigest.fr\/en\/krones-equipe-la-nouvelle-brasserie-dab-inbev-en-colombie\/\" \/>\n<meta property=\"og:locale\" content=\"en_GB\" \/>\n<meta property=\"og:type\" content=\"article\" \/>\n<meta property=\"og:title\" content=\"Krones \u00e9quipe la nouvelle brasserie d&#039;AB InBev en Colombie - Emballage Digest\" \/>\n<meta property=\"og:description\" content=\"Bavaria est la plus grande brasserie de Colombie et compte, avec ses marques de bi\u00e8res nationales comme \u00c1guila, Poker et Club Colombia, parmi les cinq entreprises les plus appr\u00e9ci\u00e9es des Colombiens. En construisant une nouvelle brasserie \u00e0 Palmar de Varela, un district du nord du pays, Bavaria affiche son souhait de poursuivre ses investissements dans [&hellip;]\" \/>\n<meta property=\"og:url\" content=\"https:\/\/www.emballagedigest.fr\/en\/krones-equipe-la-nouvelle-brasserie-dab-inbev-en-colombie\/\" \/>\n<meta property=\"og:site_name\" content=\"Emballage Digest\" \/>\n<meta property=\"article:published_time\" content=\"2023-06-19T22:16:25+00:00\" \/>\n<meta property=\"article:modified_time\" content=\"2023-06-21T06:11:55+00:00\" \/>\n<meta property=\"og:image\" content=\"https:\/\/www.emballagedigest.fr\/wp-content\/uploads\/2023\/06\/KRONES.jpg\" \/>\n\t<meta property=\"og:image:width\" content=\"800\" \/>\n\t<meta property=\"og:image:height\" content=\"540\" \/>\n\t<meta property=\"og:image:type\" content=\"image\/jpeg\" \/>\n<meta name=\"author\" content=\"Karine Duval\" \/>\n<meta name=\"twitter:card\" content=\"summary_large_image\" \/>\n<meta name=\"twitter:label1\" content=\"Written by\" \/>\n\t<meta name=\"twitter:data1\" content=\"Karine Duval\" \/>\n\t<meta name=\"twitter:label2\" content=\"Estimated reading time\" \/>\n\t<meta name=\"twitter:data2\" content=\"2 minutes\" \/>\n<script type=\"application\/ld+json\" class=\"yoast-schema-graph\">{\"@context\":\"https:\/\/schema.org\",\"@graph\":[{\"@type\":\"Article\",\"@id\":\"https:\/\/www.emballagedigest.fr\/krones-equipe-la-nouvelle-brasserie-dab-inbev-en-colombie\/#article\",\"isPartOf\":{\"@id\":\"https:\/\/www.emballagedigest.fr\/krones-equipe-la-nouvelle-brasserie-dab-inbev-en-colombie\/\"},\"author\":{\"name\":\"Karine Duval\",\"@id\":\"https:\/\/www.emballagedigest.fr\/#\/schema\/person\/76abe9f2b2ee4d3d520594c7a35da59f\"},\"headline\":\"Krones \u00e9quipe la nouvelle brasserie d&rsquo;AB InBev en Colombie\",\"datePublished\":\"2023-06-19T22:16:25+00:00\",\"dateModified\":\"2023-06-21T06:11:55+00:00\",\"mainEntityOfPage\":{\"@id\":\"https:\/\/www.emballagedigest.fr\/krones-equipe-la-nouvelle-brasserie-dab-inbev-en-colombie\/\"},\"wordCount\":366,\"publisher\":{\"@id\":\"https:\/\/www.emballagedigest.fr\/#organization\"},\"image\":{\"@id\":\"https:\/\/www.emballagedigest.fr\/krones-equipe-la-nouvelle-brasserie-dab-inbev-en-colombie\/#primaryimage\"},\"thumbnailUrl\":\"https:\/\/www.emballagedigest.fr\/wp-content\/uploads\/2023\/06\/KRONES.jpg\",\"articleSection\":[\"Alimentaire\",\"Article entier\",\"Machines\"],\"inLanguage\":\"en-GB\"},{\"@type\":\"WebPage\",\"@id\":\"https:\/\/www.emballagedigest.fr\/krones-equipe-la-nouvelle-brasserie-dab-inbev-en-colombie\/\",\"url\":\"https:\/\/www.emballagedigest.fr\/krones-equipe-la-nouvelle-brasserie-dab-inbev-en-colombie\/\",\"name\":\"Krones \u00e9quipe la nouvelle brasserie d'AB InBev en Colombie - Emballage Digest\",\"isPartOf\":{\"@id\":\"https:\/\/www.emballagedigest.fr\/#website\"},\"primaryImageOfPage\":{\"@id\":\"https:\/\/www.emballagedigest.fr\/krones-equipe-la-nouvelle-brasserie-dab-inbev-en-colombie\/#primaryimage\"},\"image\":{\"@id\":\"https:\/\/www.emballagedigest.fr\/krones-equipe-la-nouvelle-brasserie-dab-inbev-en-colombie\/#primaryimage\"},\"thumbnailUrl\":\"https:\/\/www.emballagedigest.fr\/wp-content\/uploads\/2023\/06\/KRONES.jpg\",\"datePublished\":\"2023-06-19T22:16:25+00:00\",\"dateModified\":\"2023-06-21T06:11:55+00:00\",\"breadcrumb\":{\"@id\":\"https:\/\/www.emballagedigest.fr\/krones-equipe-la-nouvelle-brasserie-dab-inbev-en-colombie\/#breadcrumb\"},\"inLanguage\":\"en-GB\",\"potentialAction\":[{\"@type\":\"ReadAction\",\"target\":[\"https:\/\/www.emballagedigest.fr\/krones-equipe-la-nouvelle-brasserie-dab-inbev-en-colombie\/\"]}]},{\"@type\":\"ImageObject\",\"inLanguage\":\"en-GB\",\"@id\":\"https:\/\/www.emballagedigest.fr\/krones-equipe-la-nouvelle-brasserie-dab-inbev-en-colombie\/#primaryimage\",\"url\":\"https:\/\/www.emballagedigest.fr\/wp-content\/uploads\/2023\/06\/KRONES.jpg\",\"contentUrl\":\"https:\/\/www.emballagedigest.fr\/wp-content\/uploads\/2023\/06\/KRONES.jpg\",\"width\":800,\"height\":540},{\"@type\":\"BreadcrumbList\",\"@id\":\"https:\/\/www.emballagedigest.fr\/krones-equipe-la-nouvelle-brasserie-dab-inbev-en-colombie\/#breadcrumb\",\"itemListElement\":[{\"@type\":\"ListItem\",\"position\":1,\"name\":\"Accueil\",\"item\":\"https:\/\/www.emballagedigest.fr\/\"},{\"@type\":\"ListItem\",\"position\":2,\"name\":\"Krones \u00e9quipe la nouvelle brasserie d&rsquo;AB InBev en Colombie\"}]},{\"@type\":\"WebSite\",\"@id\":\"https:\/\/www.emballagedigest.fr\/#website\",\"url\":\"https:\/\/www.emballagedigest.fr\/\",\"name\":\"Emballage Digest\",\"description\":\"Revue professionnelle sur les emballages\",\"publisher\":{\"@id\":\"https:\/\/www.emballagedigest.fr\/#organization\"},\"potentialAction\":[{\"@type\":\"SearchAction\",\"target\":{\"@type\":\"EntryPoint\",\"urlTemplate\":\"https:\/\/www.emballagedigest.fr\/?s={search_term_string}\"},\"query-input\":{\"@type\":\"PropertyValueSpecification\",\"valueRequired\":true,\"valueName\":\"search_term_string\"}}],\"inLanguage\":\"en-GB\"},{\"@type\":\"Organization\",\"@id\":\"https:\/\/www.emballagedigest.fr\/#organization\",\"name\":\"Emballage Digest\",\"url\":\"https:\/\/www.emballagedigest.fr\/\",\"logo\":{\"@type\":\"ImageObject\",\"inLanguage\":\"en-GB\",\"@id\":\"https:\/\/www.emballagedigest.fr\/#\/schema\/logo\/image\/\",\"url\":\"https:\/\/www.emballagedigest.fr\/wp-content\/uploads\/2022\/07\/logo-ed.png\",\"contentUrl\":\"https:\/\/www.emballagedigest.fr\/wp-content\/uploads\/2022\/07\/logo-ed.png\",\"width\":379,\"height\":75,\"caption\":\"Emballage Digest\"},\"image\":{\"@id\":\"https:\/\/www.emballagedigest.fr\/#\/schema\/logo\/image\/\"}},{\"@type\":\"Person\",\"@id\":\"https:\/\/www.emballagedigest.fr\/#\/schema\/person\/76abe9f2b2ee4d3d520594c7a35da59f\",\"name\":\"Karine Duval\",\"image\":{\"@type\":\"ImageObject\",\"inLanguage\":\"en-GB\",\"@id\":\"https:\/\/www.emballagedigest.fr\/#\/schema\/person\/image\/\",\"url\":\"https:\/\/secure.gravatar.com\/avatar\/f552799261cdd2e076e6677d780ef07bdb13aa4c196ab75b39abcbcdcae2d4e5?s=96&d=mm&r=g\",\"contentUrl\":\"https:\/\/secure.gravatar.com\/avatar\/f552799261cdd2e076e6677d780ef07bdb13aa4c196ab75b39abcbcdcae2d4e5?s=96&d=mm&r=g\",\"caption\":\"Karine Duval\"},\"url\":\"https:\/\/www.emballagedigest.fr\/en\/author\/admin_karduv\/\"}]}<\/script>\n<!-- \/ Yoast SEO plugin. -->","yoast_head_json":{"title":"Krones \u00e9quipe la nouvelle brasserie d'AB InBev en Colombie - Emballage Digest","robots":{"index":"index","follow":"follow","max-snippet":"max-snippet:-1","max-image-preview":"max-image-preview:large","max-video-preview":"max-video-preview:-1"},"canonical":"https:\/\/www.emballagedigest.fr\/en\/krones-equipe-la-nouvelle-brasserie-dab-inbev-en-colombie\/","og_locale":"en_GB","og_type":"article","og_title":"Krones \u00e9quipe la nouvelle brasserie d'AB InBev en Colombie - Emballage Digest","og_description":"Bavaria est la plus grande brasserie de Colombie et compte, avec ses marques de bi\u00e8res nationales comme \u00c1guila, Poker et Club Colombia, parmi les cinq entreprises les plus appr\u00e9ci\u00e9es des Colombiens. En construisant une nouvelle brasserie \u00e0 Palmar de Varela, un district du nord du pays, Bavaria affiche son souhait de poursuivre ses investissements dans [&hellip;]","og_url":"https:\/\/www.emballagedigest.fr\/en\/krones-equipe-la-nouvelle-brasserie-dab-inbev-en-colombie\/","og_site_name":"Emballage Digest","article_published_time":"2023-06-19T22:16:25+00:00","article_modified_time":"2023-06-21T06:11:55+00:00","og_image":[{"width":800,"height":540,"url":"https:\/\/www.emballagedigest.fr\/wp-content\/uploads\/2023\/06\/KRONES.jpg","type":"image\/jpeg"}],"author":"Karine Duval","twitter_card":"summary_large_image","twitter_misc":{"Written by":"Karine Duval","Estimated reading time":"2 minutes"},"schema":{"@context":"https:\/\/schema.org","@graph":[{"@type":"Article","@id":"https:\/\/www.emballagedigest.fr\/krones-equipe-la-nouvelle-brasserie-dab-inbev-en-colombie\/#article","isPartOf":{"@id":"https:\/\/www.emballagedigest.fr\/krones-equipe-la-nouvelle-brasserie-dab-inbev-en-colombie\/"},"author":{"name":"Karine Duval","@id":"https:\/\/www.emballagedigest.fr\/#\/schema\/person\/76abe9f2b2ee4d3d520594c7a35da59f"},"headline":"Krones \u00e9quipe la nouvelle brasserie d&rsquo;AB InBev en Colombie","datePublished":"2023-06-19T22:16:25+00:00","dateModified":"2023-06-21T06:11:55+00:00","mainEntityOfPage":{"@id":"https:\/\/www.emballagedigest.fr\/krones-equipe-la-nouvelle-brasserie-dab-inbev-en-colombie\/"},"wordCount":366,"publisher":{"@id":"https:\/\/www.emballagedigest.fr\/#organization"},"image":{"@id":"https:\/\/www.emballagedigest.fr\/krones-equipe-la-nouvelle-brasserie-dab-inbev-en-colombie\/#primaryimage"},"thumbnailUrl":"https:\/\/www.emballagedigest.fr\/wp-content\/uploads\/2023\/06\/KRONES.jpg","articleSection":["Alimentaire","Article entier","Machines"],"inLanguage":"en-GB"},{"@type":"WebPage","@id":"https:\/\/www.emballagedigest.fr\/krones-equipe-la-nouvelle-brasserie-dab-inbev-en-colombie\/","url":"https:\/\/www.emballagedigest.fr\/krones-equipe-la-nouvelle-brasserie-dab-inbev-en-colombie\/","name":"Krones \u00e9quipe la nouvelle brasserie d'AB InBev en Colombie - Emballage Digest","isPartOf":{"@id":"https:\/\/www.emballagedigest.fr\/#website"},"primaryImageOfPage":{"@id":"https:\/\/www.emballagedigest.fr\/krones-equipe-la-nouvelle-brasserie-dab-inbev-en-colombie\/#primaryimage"},"image":{"@id":"https:\/\/www.emballagedigest.fr\/krones-equipe-la-nouvelle-brasserie-dab-inbev-en-colombie\/#primaryimage"},"thumbnailUrl":"https:\/\/www.emballagedigest.fr\/wp-content\/uploads\/2023\/06\/KRONES.jpg","datePublished":"2023-06-19T22:16:25+00:00","dateModified":"2023-06-21T06:11:55+00:00","breadcrumb":{"@id":"https:\/\/www.emballagedigest.fr\/krones-equipe-la-nouvelle-brasserie-dab-inbev-en-colombie\/#breadcrumb"},"inLanguage":"en-GB","potentialAction":[{"@type":"ReadAction","target":["https:\/\/www.emballagedigest.fr\/krones-equipe-la-nouvelle-brasserie-dab-inbev-en-colombie\/"]}]},{"@type":"ImageObject","inLanguage":"en-GB","@id":"https:\/\/www.emballagedigest.fr\/krones-equipe-la-nouvelle-brasserie-dab-inbev-en-colombie\/#primaryimage","url":"https:\/\/www.emballagedigest.fr\/wp-content\/uploads\/2023\/06\/KRONES.jpg","contentUrl":"https:\/\/www.emballagedigest.fr\/wp-content\/uploads\/2023\/06\/KRONES.jpg","width":800,"height":540},{"@type":"BreadcrumbList","@id":"https:\/\/www.emballagedigest.fr\/krones-equipe-la-nouvelle-brasserie-dab-inbev-en-colombie\/#breadcrumb","itemListElement":[{"@type":"ListItem","position":1,"name":"Accueil","item":"https:\/\/www.emballagedigest.fr\/"},{"@type":"ListItem","position":2,"name":"Krones \u00e9quipe la nouvelle brasserie d&rsquo;AB InBev en Colombie"}]},{"@type":"WebSite","@id":"https:\/\/www.emballagedigest.fr\/#website","url":"https:\/\/www.emballagedigest.fr\/","name":"Emballage Digest","description":"Revue professionnelle sur les emballages","publisher":{"@id":"https:\/\/www.emballagedigest.fr\/#organization"},"potentialAction":[{"@type":"SearchAction","target":{"@type":"EntryPoint","urlTemplate":"https:\/\/www.emballagedigest.fr\/?s={search_term_string}"},"query-input":{"@type":"PropertyValueSpecification","valueRequired":true,"valueName":"search_term_string"}}],"inLanguage":"en-GB"},{"@type":"Organization","@id":"https:\/\/www.emballagedigest.fr\/#organization","name":"Emballage Digest","url":"https:\/\/www.emballagedigest.fr\/","logo":{"@type":"ImageObject","inLanguage":"en-GB","@id":"https:\/\/www.emballagedigest.fr\/#\/schema\/logo\/image\/","url":"https:\/\/www.emballagedigest.fr\/wp-content\/uploads\/2022\/07\/logo-ed.png","contentUrl":"https:\/\/www.emballagedigest.fr\/wp-content\/uploads\/2022\/07\/logo-ed.png","width":379,"height":75,"caption":"Emballage Digest"},"image":{"@id":"https:\/\/www.emballagedigest.fr\/#\/schema\/logo\/image\/"}},{"@type":"Person","@id":"https:\/\/www.emballagedigest.fr\/#\/schema\/person\/76abe9f2b2ee4d3d520594c7a35da59f","name":"Karine Duval","image":{"@type":"ImageObject","inLanguage":"en-GB","@id":"https:\/\/www.emballagedigest.fr\/#\/schema\/person\/image\/","url":"https:\/\/secure.gravatar.com\/avatar\/f552799261cdd2e076e6677d780ef07bdb13aa4c196ab75b39abcbcdcae2d4e5?s=96&d=mm&r=g","contentUrl":"https:\/\/secure.gravatar.com\/avatar\/f552799261cdd2e076e6677d780ef07bdb13aa4c196ab75b39abcbcdcae2d4e5?s=96&d=mm&r=g","caption":"Karine Duval"},"url":"https:\/\/www.emballagedigest.fr\/en\/author\/admin_karduv\/"}]}},"_links":{"self":[{"href":"https:\/\/www.emballagedigest.fr\/en\/wp-json\/wp\/v2\/posts\/37609","targetHints":{"allow":["GET"]}}],"collection":[{"href":"https:\/\/www.emballagedigest.fr\/en\/wp-json\/wp\/v2\/posts"}],"about":[{"href":"https:\/\/www.emballagedigest.fr\/en\/wp-json\/wp\/v2\/types\/post"}],"author":[{"embeddable":true,"href":"https:\/\/www.emballagedigest.fr\/en\/wp-json\/wp\/v2\/users\/2"}],"replies":[{"embeddable":true,"href":"https:\/\/www.emballagedigest.fr\/en\/wp-json\/wp\/v2\/comments?post=37609"}],"version-history":[{"count":1,"href":"https:\/\/www.emballagedigest.fr\/en\/wp-json\/wp\/v2\/posts\/37609\/revisions"}],"predecessor-version":[{"id":37611,"href":"https:\/\/www.emballagedigest.fr\/en\/wp-json\/wp\/v2\/posts\/37609\/revisions\/37611"}],"wp:featuredmedia":[{"embeddable":true,"href":"https:\/\/www.emballagedigest.fr\/en\/wp-json\/wp\/v2\/media\/37610"}],"wp:attachment":[{"href":"https:\/\/www.emballagedigest.fr\/en\/wp-json\/wp\/v2\/media?parent=37609"}],"wp:term":[{"taxonomy":"category","embeddable":true,"href":"https:\/\/www.emballagedigest.fr\/en\/wp-json\/wp\/v2\/categories?post=37609"},{"taxonomy":"post_tag","embeddable":true,"href":"https:\/\/www.emballagedigest.fr\/en\/wp-json\/wp\/v2\/tags?post=37609"}],"curies":[{"name":"wp","href":"https:\/\/api.w.org\/{rel}","templated":true}]}}