{"id":37684,"date":"2023-06-30T00:41:14","date_gmt":"2023-06-29T22:41:14","guid":{"rendered":"https:\/\/www.emballagedigest.fr\/?p=37684"},"modified":"2023-06-30T00:42:52","modified_gmt":"2023-06-29T22:42:52","slug":"le-groupe-a-paviot-ouvre-son-capital-a-innovafonds","status":"publish","type":"post","link":"https:\/\/www.emballagedigest.fr\/en\/le-groupe-a-paviot-ouvre-son-capital-a-innovafonds\/","title":{"rendered":"Le groupe A. Paviot ouvre son capital \u00e0 InnovaFonds"},"content":{"rendered":"<p><strong>Fond\u00e9 en 1867, le groupe A. Paviot \u2013 entreprise familiale sp\u00e9cialis\u00e9e dans la fabrication de solutions d\u2019emballages \u00ab\u00a0contact alimentaire\u00a0\u00bb en papier et en aluminium \u2013 ouvre son capital \u00e0 InnovaFonds afin d\u2019acc\u00e9l\u00e9rer sa croissance.<\/strong>\u00a0<\/p>\n\n\n\n<p>Compos\u00e9 de deux soci\u00e9t\u00e9s industrielles, Papiers A. Paviot bas\u00e9e \u00e0 Corbas (Rh\u00f4ne) et Auvergne Impression bas\u00e9e \u00e0 Ytrac (Cantal), le groupe (91 salari\u00e9s, CA de 20 M\u20ac dont 25% \u00e0 l\u2019export) s&rsquo;adresse une client\u00e8le vari\u00e9e, allant des grands comptes internationaux de l\u2019industrie agro-alimentaire, aux commerces de bouche de proximit\u00e9 (en direct et via des distributeurs) et aux grandes enseignes de la GMS, en France comme \u00e0 l\u2019international. \u00a0<\/p>\n\n\n\n<p>Produisant historiquement des emballages en papiers complexes, le groupe A. Paviot s\u2019est diversifi\u00e9 en 2006 avec l\u2019acquisition de la soci\u00e9t\u00e9\u00a0Auvergne Impression, sp\u00e9cialis\u00e9e dans la fabrication d\u2019emballages contact alimentaire en aluminium \u00e0 destination principalement des chocolatiers et du march\u00e9 de la fromagerie.\u00a0Gr\u00e2ce \u00e0 sa forte capacit\u00e9 d\u2019innovation, le groupe a mis au point des solutions r\u00e9pondant notamment aux enjeux environnementaux, avec le d\u00e9veloppement d\u2019une offre 100% recyclable gr\u00e2ce, en particulier, \u00e0 un proc\u00e9d\u00e9 d\u2019enduction aqueuse (Sustain\u2019Pap\u00ae).\u00a0<\/p>\n\n\n\n<p>InnovaFonds est intervenu aux c\u00f4t\u00e9s de son pr\u00e9sident Alexandre Paviot, qui demeure majoritaire \u00e0 l\u2019issue de l\u2019op\u00e9ration, avec l\u2019objectif d\u2019accompagner l\u2019acc\u00e9l\u00e9ration de son d\u00e9veloppement, en alliant poursuite de la croissance organique et strat\u00e9gie active de croissance externe pour doubler de taille \u00e0 moyen terme. \u00ab Avec l\u2019arriv\u00e9e d\u2019InnovaFonds, le groupe A. Paviot ouvre pour la premi\u00e8re fois son capital et souhaite \u00e9crire un nouveau chapitre de son histoire. InnovaFonds nous apportera \u00e0 la fois sa forte connaissance de l\u2019industrie et son exp\u00e9rience dans la concr\u00e9tisation de croissances externes qui nous permettront de poursuivre un d\u00e9veloppement ambitieux sur les prochaines ann\u00e9es\u00a0\u00bb, a comment\u00e9 Alexandre Paviot, pr\u00e9sident du groupe A. Paviot.<\/p>","protected":false},"excerpt":{"rendered":"<p>Fond\u00e9 en 1867, le groupe A. Paviot \u2013 entreprise familiale sp\u00e9cialis\u00e9e dans la fabrication de solutions d\u2019emballages \u00ab\u00a0contact alimentaire\u00a0\u00bb en papier et en aluminium \u2013 ouvre son capital \u00e0 InnovaFonds afin d\u2019acc\u00e9l\u00e9rer sa croissance.\u00a0 Compos\u00e9 de deux soci\u00e9t\u00e9s industrielles, Papiers A. Paviot bas\u00e9e \u00e0 Corbas (Rh\u00f4ne) et Auvergne Impression bas\u00e9e \u00e0 Ytrac (Cantal), le groupe [&hellip;]<\/p>","protected":false},"author":2,"featured_media":37685,"comment_status":"closed","ping_status":"closed","sticky":false,"template":"","format":"standard","meta":{"_acf_changed":false,"inline_featured_image":false,"iawp_total_views":8,"footnotes":""},"categories":[5,28,81],"tags":[],"class_list":["post-37684","post","type-post","status-publish","format-standard","has-post-thumbnail","hentry","category-alimentaire","category-article-entier","category-packaging"],"acf":[],"yoast_head":"<!-- This site is optimized with the Yoast SEO plugin v24.4 - https:\/\/yoast.com\/wordpress\/plugins\/seo\/ -->\n<title>Le groupe A. Paviot ouvre son capital \u00e0 InnovaFonds - Emballage Digest<\/title>\n<meta name=\"robots\" content=\"index, follow, max-snippet:-1, max-image-preview:large, max-video-preview:-1\" \/>\n<link rel=\"canonical\" href=\"https:\/\/www.emballagedigest.fr\/en\/le-groupe-a-paviot-ouvre-son-capital-a-innovafonds\/\" \/>\n<meta property=\"og:locale\" content=\"en_GB\" \/>\n<meta property=\"og:type\" content=\"article\" \/>\n<meta property=\"og:title\" content=\"Le groupe A. Paviot ouvre son capital \u00e0 InnovaFonds - Emballage Digest\" \/>\n<meta property=\"og:description\" content=\"Fond\u00e9 en 1867, le groupe A. Paviot \u2013 entreprise familiale sp\u00e9cialis\u00e9e dans la fabrication de solutions d\u2019emballages \u00ab\u00a0contact alimentaire\u00a0\u00bb en papier et en aluminium \u2013 ouvre son capital \u00e0 InnovaFonds afin d\u2019acc\u00e9l\u00e9rer sa croissance.\u00a0 Compos\u00e9 de deux soci\u00e9t\u00e9s industrielles, Papiers A. Paviot bas\u00e9e \u00e0 Corbas (Rh\u00f4ne) et Auvergne Impression bas\u00e9e \u00e0 Ytrac (Cantal), le groupe [&hellip;]\" \/>\n<meta property=\"og:url\" content=\"https:\/\/www.emballagedigest.fr\/en\/le-groupe-a-paviot-ouvre-son-capital-a-innovafonds\/\" \/>\n<meta property=\"og:site_name\" content=\"Emballage Digest\" \/>\n<meta property=\"article:published_time\" content=\"2023-06-29T22:41:14+00:00\" \/>\n<meta property=\"article:modified_time\" content=\"2023-06-29T22:42:52+00:00\" \/>\n<meta property=\"og:image\" content=\"https:\/\/www.emballagedigest.fr\/wp-content\/uploads\/2023\/06\/paviot.jpg\" \/>\n\t<meta property=\"og:image:width\" content=\"800\" \/>\n\t<meta property=\"og:image:height\" content=\"602\" \/>\n\t<meta property=\"og:image:type\" content=\"image\/jpeg\" \/>\n<meta name=\"author\" content=\"Karine Duval\" \/>\n<meta name=\"twitter:card\" content=\"summary_large_image\" \/>\n<meta name=\"twitter:label1\" content=\"Written by\" \/>\n\t<meta name=\"twitter:data1\" content=\"Karine Duval\" \/>\n\t<meta name=\"twitter:label2\" content=\"Estimated reading time\" \/>\n\t<meta name=\"twitter:data2\" content=\"2 minutes\" \/>\n<script type=\"application\/ld+json\" class=\"yoast-schema-graph\">{\"@context\":\"https:\/\/schema.org\",\"@graph\":[{\"@type\":\"Article\",\"@id\":\"https:\/\/www.emballagedigest.fr\/le-groupe-a-paviot-ouvre-son-capital-a-innovafonds\/#article\",\"isPartOf\":{\"@id\":\"https:\/\/www.emballagedigest.fr\/le-groupe-a-paviot-ouvre-son-capital-a-innovafonds\/\"},\"author\":{\"name\":\"Karine Duval\",\"@id\":\"https:\/\/www.emballagedigest.fr\/#\/schema\/person\/76abe9f2b2ee4d3d520594c7a35da59f\"},\"headline\":\"Le groupe A. Paviot ouvre son capital \u00e0 InnovaFonds\",\"datePublished\":\"2023-06-29T22:41:14+00:00\",\"dateModified\":\"2023-06-29T22:42:52+00:00\",\"mainEntityOfPage\":{\"@id\":\"https:\/\/www.emballagedigest.fr\/le-groupe-a-paviot-ouvre-son-capital-a-innovafonds\/\"},\"wordCount\":331,\"publisher\":{\"@id\":\"https:\/\/www.emballagedigest.fr\/#organization\"},\"image\":{\"@id\":\"https:\/\/www.emballagedigest.fr\/le-groupe-a-paviot-ouvre-son-capital-a-innovafonds\/#primaryimage\"},\"thumbnailUrl\":\"https:\/\/www.emballagedigest.fr\/wp-content\/uploads\/2023\/06\/paviot.jpg\",\"articleSection\":[\"Alimentaire\",\"Article entier\",\"Packaging\"],\"inLanguage\":\"en-GB\"},{\"@type\":\"WebPage\",\"@id\":\"https:\/\/www.emballagedigest.fr\/le-groupe-a-paviot-ouvre-son-capital-a-innovafonds\/\",\"url\":\"https:\/\/www.emballagedigest.fr\/le-groupe-a-paviot-ouvre-son-capital-a-innovafonds\/\",\"name\":\"Le groupe A. Paviot ouvre son capital \u00e0 InnovaFonds - Emballage Digest\",\"isPartOf\":{\"@id\":\"https:\/\/www.emballagedigest.fr\/#website\"},\"primaryImageOfPage\":{\"@id\":\"https:\/\/www.emballagedigest.fr\/le-groupe-a-paviot-ouvre-son-capital-a-innovafonds\/#primaryimage\"},\"image\":{\"@id\":\"https:\/\/www.emballagedigest.fr\/le-groupe-a-paviot-ouvre-son-capital-a-innovafonds\/#primaryimage\"},\"thumbnailUrl\":\"https:\/\/www.emballagedigest.fr\/wp-content\/uploads\/2023\/06\/paviot.jpg\",\"datePublished\":\"2023-06-29T22:41:14+00:00\",\"dateModified\":\"2023-06-29T22:42:52+00:00\",\"breadcrumb\":{\"@id\":\"https:\/\/www.emballagedigest.fr\/le-groupe-a-paviot-ouvre-son-capital-a-innovafonds\/#breadcrumb\"},\"inLanguage\":\"en-GB\",\"potentialAction\":[{\"@type\":\"ReadAction\",\"target\":[\"https:\/\/www.emballagedigest.fr\/le-groupe-a-paviot-ouvre-son-capital-a-innovafonds\/\"]}]},{\"@type\":\"ImageObject\",\"inLanguage\":\"en-GB\",\"@id\":\"https:\/\/www.emballagedigest.fr\/le-groupe-a-paviot-ouvre-son-capital-a-innovafonds\/#primaryimage\",\"url\":\"https:\/\/www.emballagedigest.fr\/wp-content\/uploads\/2023\/06\/paviot.jpg\",\"contentUrl\":\"https:\/\/www.emballagedigest.fr\/wp-content\/uploads\/2023\/06\/paviot.jpg\",\"width\":800,\"height\":602},{\"@type\":\"BreadcrumbList\",\"@id\":\"https:\/\/www.emballagedigest.fr\/le-groupe-a-paviot-ouvre-son-capital-a-innovafonds\/#breadcrumb\",\"itemListElement\":[{\"@type\":\"ListItem\",\"position\":1,\"name\":\"Accueil\",\"item\":\"https:\/\/www.emballagedigest.fr\/\"},{\"@type\":\"ListItem\",\"position\":2,\"name\":\"Le groupe A. Paviot ouvre son capital \u00e0 InnovaFonds\"}]},{\"@type\":\"WebSite\",\"@id\":\"https:\/\/www.emballagedigest.fr\/#website\",\"url\":\"https:\/\/www.emballagedigest.fr\/\",\"name\":\"Emballage Digest\",\"description\":\"Revue professionnelle sur les emballages\",\"publisher\":{\"@id\":\"https:\/\/www.emballagedigest.fr\/#organization\"},\"potentialAction\":[{\"@type\":\"SearchAction\",\"target\":{\"@type\":\"EntryPoint\",\"urlTemplate\":\"https:\/\/www.emballagedigest.fr\/?s={search_term_string}\"},\"query-input\":{\"@type\":\"PropertyValueSpecification\",\"valueRequired\":true,\"valueName\":\"search_term_string\"}}],\"inLanguage\":\"en-GB\"},{\"@type\":\"Organization\",\"@id\":\"https:\/\/www.emballagedigest.fr\/#organization\",\"name\":\"Emballage Digest\",\"url\":\"https:\/\/www.emballagedigest.fr\/\",\"logo\":{\"@type\":\"ImageObject\",\"inLanguage\":\"en-GB\",\"@id\":\"https:\/\/www.emballagedigest.fr\/#\/schema\/logo\/image\/\",\"url\":\"https:\/\/www.emballagedigest.fr\/wp-content\/uploads\/2022\/07\/logo-ed.png\",\"contentUrl\":\"https:\/\/www.emballagedigest.fr\/wp-content\/uploads\/2022\/07\/logo-ed.png\",\"width\":379,\"height\":75,\"caption\":\"Emballage Digest\"},\"image\":{\"@id\":\"https:\/\/www.emballagedigest.fr\/#\/schema\/logo\/image\/\"}},{\"@type\":\"Person\",\"@id\":\"https:\/\/www.emballagedigest.fr\/#\/schema\/person\/76abe9f2b2ee4d3d520594c7a35da59f\",\"name\":\"Karine Duval\",\"image\":{\"@type\":\"ImageObject\",\"inLanguage\":\"en-GB\",\"@id\":\"https:\/\/www.emballagedigest.fr\/#\/schema\/person\/image\/\",\"url\":\"https:\/\/secure.gravatar.com\/avatar\/f552799261cdd2e076e6677d780ef07bdb13aa4c196ab75b39abcbcdcae2d4e5?s=96&d=mm&r=g\",\"contentUrl\":\"https:\/\/secure.gravatar.com\/avatar\/f552799261cdd2e076e6677d780ef07bdb13aa4c196ab75b39abcbcdcae2d4e5?s=96&d=mm&r=g\",\"caption\":\"Karine Duval\"},\"url\":\"https:\/\/www.emballagedigest.fr\/en\/author\/admin_karduv\/\"}]}<\/script>\n<!-- \/ Yoast SEO plugin. -->","yoast_head_json":{"title":"Le groupe A. Paviot ouvre son capital \u00e0 InnovaFonds - Emballage Digest","robots":{"index":"index","follow":"follow","max-snippet":"max-snippet:-1","max-image-preview":"max-image-preview:large","max-video-preview":"max-video-preview:-1"},"canonical":"https:\/\/www.emballagedigest.fr\/en\/le-groupe-a-paviot-ouvre-son-capital-a-innovafonds\/","og_locale":"en_GB","og_type":"article","og_title":"Le groupe A. Paviot ouvre son capital \u00e0 InnovaFonds - Emballage Digest","og_description":"Fond\u00e9 en 1867, le groupe A. Paviot \u2013 entreprise familiale sp\u00e9cialis\u00e9e dans la fabrication de solutions d\u2019emballages \u00ab\u00a0contact alimentaire\u00a0\u00bb en papier et en aluminium \u2013 ouvre son capital \u00e0 InnovaFonds afin d\u2019acc\u00e9l\u00e9rer sa croissance.\u00a0 Compos\u00e9 de deux soci\u00e9t\u00e9s industrielles, Papiers A. Paviot bas\u00e9e \u00e0 Corbas (Rh\u00f4ne) et Auvergne Impression bas\u00e9e \u00e0 Ytrac (Cantal), le groupe [&hellip;]","og_url":"https:\/\/www.emballagedigest.fr\/en\/le-groupe-a-paviot-ouvre-son-capital-a-innovafonds\/","og_site_name":"Emballage Digest","article_published_time":"2023-06-29T22:41:14+00:00","article_modified_time":"2023-06-29T22:42:52+00:00","og_image":[{"width":800,"height":602,"url":"https:\/\/www.emballagedigest.fr\/wp-content\/uploads\/2023\/06\/paviot.jpg","type":"image\/jpeg"}],"author":"Karine Duval","twitter_card":"summary_large_image","twitter_misc":{"Written by":"Karine Duval","Estimated reading time":"2 minutes"},"schema":{"@context":"https:\/\/schema.org","@graph":[{"@type":"Article","@id":"https:\/\/www.emballagedigest.fr\/le-groupe-a-paviot-ouvre-son-capital-a-innovafonds\/#article","isPartOf":{"@id":"https:\/\/www.emballagedigest.fr\/le-groupe-a-paviot-ouvre-son-capital-a-innovafonds\/"},"author":{"name":"Karine Duval","@id":"https:\/\/www.emballagedigest.fr\/#\/schema\/person\/76abe9f2b2ee4d3d520594c7a35da59f"},"headline":"Le groupe A. Paviot ouvre son capital \u00e0 InnovaFonds","datePublished":"2023-06-29T22:41:14+00:00","dateModified":"2023-06-29T22:42:52+00:00","mainEntityOfPage":{"@id":"https:\/\/www.emballagedigest.fr\/le-groupe-a-paviot-ouvre-son-capital-a-innovafonds\/"},"wordCount":331,"publisher":{"@id":"https:\/\/www.emballagedigest.fr\/#organization"},"image":{"@id":"https:\/\/www.emballagedigest.fr\/le-groupe-a-paviot-ouvre-son-capital-a-innovafonds\/#primaryimage"},"thumbnailUrl":"https:\/\/www.emballagedigest.fr\/wp-content\/uploads\/2023\/06\/paviot.jpg","articleSection":["Alimentaire","Article entier","Packaging"],"inLanguage":"en-GB"},{"@type":"WebPage","@id":"https:\/\/www.emballagedigest.fr\/le-groupe-a-paviot-ouvre-son-capital-a-innovafonds\/","url":"https:\/\/www.emballagedigest.fr\/le-groupe-a-paviot-ouvre-son-capital-a-innovafonds\/","name":"Le groupe A. Paviot ouvre son capital \u00e0 InnovaFonds - Emballage Digest","isPartOf":{"@id":"https:\/\/www.emballagedigest.fr\/#website"},"primaryImageOfPage":{"@id":"https:\/\/www.emballagedigest.fr\/le-groupe-a-paviot-ouvre-son-capital-a-innovafonds\/#primaryimage"},"image":{"@id":"https:\/\/www.emballagedigest.fr\/le-groupe-a-paviot-ouvre-son-capital-a-innovafonds\/#primaryimage"},"thumbnailUrl":"https:\/\/www.emballagedigest.fr\/wp-content\/uploads\/2023\/06\/paviot.jpg","datePublished":"2023-06-29T22:41:14+00:00","dateModified":"2023-06-29T22:42:52+00:00","breadcrumb":{"@id":"https:\/\/www.emballagedigest.fr\/le-groupe-a-paviot-ouvre-son-capital-a-innovafonds\/#breadcrumb"},"inLanguage":"en-GB","potentialAction":[{"@type":"ReadAction","target":["https:\/\/www.emballagedigest.fr\/le-groupe-a-paviot-ouvre-son-capital-a-innovafonds\/"]}]},{"@type":"ImageObject","inLanguage":"en-GB","@id":"https:\/\/www.emballagedigest.fr\/le-groupe-a-paviot-ouvre-son-capital-a-innovafonds\/#primaryimage","url":"https:\/\/www.emballagedigest.fr\/wp-content\/uploads\/2023\/06\/paviot.jpg","contentUrl":"https:\/\/www.emballagedigest.fr\/wp-content\/uploads\/2023\/06\/paviot.jpg","width":800,"height":602},{"@type":"BreadcrumbList","@id":"https:\/\/www.emballagedigest.fr\/le-groupe-a-paviot-ouvre-son-capital-a-innovafonds\/#breadcrumb","itemListElement":[{"@type":"ListItem","position":1,"name":"Accueil","item":"https:\/\/www.emballagedigest.fr\/"},{"@type":"ListItem","position":2,"name":"Le groupe A. Paviot ouvre son capital \u00e0 InnovaFonds"}]},{"@type":"WebSite","@id":"https:\/\/www.emballagedigest.fr\/#website","url":"https:\/\/www.emballagedigest.fr\/","name":"Emballage Digest","description":"Revue professionnelle sur les emballages","publisher":{"@id":"https:\/\/www.emballagedigest.fr\/#organization"},"potentialAction":[{"@type":"SearchAction","target":{"@type":"EntryPoint","urlTemplate":"https:\/\/www.emballagedigest.fr\/?s={search_term_string}"},"query-input":{"@type":"PropertyValueSpecification","valueRequired":true,"valueName":"search_term_string"}}],"inLanguage":"en-GB"},{"@type":"Organization","@id":"https:\/\/www.emballagedigest.fr\/#organization","name":"Emballage Digest","url":"https:\/\/www.emballagedigest.fr\/","logo":{"@type":"ImageObject","inLanguage":"en-GB","@id":"https:\/\/www.emballagedigest.fr\/#\/schema\/logo\/image\/","url":"https:\/\/www.emballagedigest.fr\/wp-content\/uploads\/2022\/07\/logo-ed.png","contentUrl":"https:\/\/www.emballagedigest.fr\/wp-content\/uploads\/2022\/07\/logo-ed.png","width":379,"height":75,"caption":"Emballage Digest"},"image":{"@id":"https:\/\/www.emballagedigest.fr\/#\/schema\/logo\/image\/"}},{"@type":"Person","@id":"https:\/\/www.emballagedigest.fr\/#\/schema\/person\/76abe9f2b2ee4d3d520594c7a35da59f","name":"Karine Duval","image":{"@type":"ImageObject","inLanguage":"en-GB","@id":"https:\/\/www.emballagedigest.fr\/#\/schema\/person\/image\/","url":"https:\/\/secure.gravatar.com\/avatar\/f552799261cdd2e076e6677d780ef07bdb13aa4c196ab75b39abcbcdcae2d4e5?s=96&d=mm&r=g","contentUrl":"https:\/\/secure.gravatar.com\/avatar\/f552799261cdd2e076e6677d780ef07bdb13aa4c196ab75b39abcbcdcae2d4e5?s=96&d=mm&r=g","caption":"Karine Duval"},"url":"https:\/\/www.emballagedigest.fr\/en\/author\/admin_karduv\/"}]}},"_links":{"self":[{"href":"https:\/\/www.emballagedigest.fr\/en\/wp-json\/wp\/v2\/posts\/37684","targetHints":{"allow":["GET"]}}],"collection":[{"href":"https:\/\/www.emballagedigest.fr\/en\/wp-json\/wp\/v2\/posts"}],"about":[{"href":"https:\/\/www.emballagedigest.fr\/en\/wp-json\/wp\/v2\/types\/post"}],"author":[{"embeddable":true,"href":"https:\/\/www.emballagedigest.fr\/en\/wp-json\/wp\/v2\/users\/2"}],"replies":[{"embeddable":true,"href":"https:\/\/www.emballagedigest.fr\/en\/wp-json\/wp\/v2\/comments?post=37684"}],"version-history":[{"count":3,"href":"https:\/\/www.emballagedigest.fr\/en\/wp-json\/wp\/v2\/posts\/37684\/revisions"}],"predecessor-version":[{"id":37689,"href":"https:\/\/www.emballagedigest.fr\/en\/wp-json\/wp\/v2\/posts\/37684\/revisions\/37689"}],"wp:featuredmedia":[{"embeddable":true,"href":"https:\/\/www.emballagedigest.fr\/en\/wp-json\/wp\/v2\/media\/37685"}],"wp:attachment":[{"href":"https:\/\/www.emballagedigest.fr\/en\/wp-json\/wp\/v2\/media?parent=37684"}],"wp:term":[{"taxonomy":"category","embeddable":true,"href":"https:\/\/www.emballagedigest.fr\/en\/wp-json\/wp\/v2\/categories?post=37684"},{"taxonomy":"post_tag","embeddable":true,"href":"https:\/\/www.emballagedigest.fr\/en\/wp-json\/wp\/v2\/tags?post=37684"}],"curies":[{"name":"wp","href":"https:\/\/api.w.org\/{rel}","templated":true}]}}