{"id":37690,"date":"2023-06-30T09:14:47","date_gmt":"2023-06-30T07:14:47","guid":{"rendered":"https:\/\/www.emballagedigest.fr\/?p=37690"},"modified":"2023-07-03T00:34:24","modified_gmt":"2023-07-02T22:34:24","slug":"barcodis-se-transforme-pour-assoir-son-leadership","status":"publish","type":"post","link":"https:\/\/www.emballagedigest.fr\/en\/barcodis-se-transforme-pour-assoir-son-leadership\/","title":{"rendered":"Barcodis se transforme pour assoir son leadership"},"content":{"rendered":"<p><strong>Les soci\u00e9t\u00e9s du groupe Barcodis (Eticoncept, Ersti, Solutechnic, Thermolabel- Eticodis) fusionnent pour former le leader fran\u00e7ais du march\u00e9 de l\u2019identification et de la tra\u00e7abilit\u00e9. A cette occasion, Barcodis d\u00e9voile sa nouvelle identit\u00e9, et souhaite affirmer sa place de leader ainsi que son engagement dans la French Fab.<\/strong><\/p>\n\n\n\n<p>Avec la fusion de ses soci\u00e9t\u00e9s filles, le groupe Barcodis offre d\u00e9sormais \u00e0 tous ses clients un ensemble de solutions innovantes, performantes et sur-mesure \u00e0 chacune des \u00e9tapes-cl\u00e9s de la cha\u00eene de valeur dans une approche r\u00e9ellement holistique des enjeux de la supply chain. \u00ab\u00a0A presque dix ans d\u2019aventure \u00e0 la t\u00eate du groupe, et avec pr\u00e8s de 55 millions de CA, c\u2019\u00e9tait l\u2019\u00e2ge de la maturit\u00e9 pour Barcodis, le moment d\u2019une nouvelle \u00e9tape dans notre d\u00e9veloppement, et surtout le moment d\u2019offrir \u00e0 l\u2019ensemble de nos clients industriels une offre globale et unifi\u00e9e, unique sur le march\u00e9\u00a0\u00bb, pr\u00e9cise Fabrice Coevoet (photo), Pr\u00e9sident de Barcodis.<\/p>\n\n\n\n<figure class=\"wp-block-image size-full\"><img loading=\"lazy\" decoding=\"async\" width=\"800\" height=\"450\" src=\"https:\/\/www.emballagedigest.fr\/wp-content\/uploads\/2023\/06\/barcodis2.jpg\" alt=\"\" class=\"wp-image-37692\" srcset=\"https:\/\/www.emballagedigest.fr\/wp-content\/uploads\/2023\/06\/barcodis2.jpg 800w, https:\/\/www.emballagedigest.fr\/wp-content\/uploads\/2023\/06\/barcodis2-300x169.jpg 300w, https:\/\/www.emballagedigest.fr\/wp-content\/uploads\/2023\/06\/barcodis2-768x432.jpg 768w, https:\/\/www.emballagedigest.fr\/wp-content\/uploads\/2023\/06\/barcodis2-18x10.jpg 18w\" sizes=\"auto, (max-width: 800px) 100vw, 800px\" \/><\/figure>\n\n\n\n<p>L\u2019entreprise confirme ainsi sa singularit\u00e9 et sa force&nbsp;: \u00eatre \u00e0 la fois constructeur fran\u00e7ais de syst\u00e8mes d\u2019impression-pose et fabricant d\u2019\u00e9tiquettes et \u00e9diteur de logiciels. \u00ab&nbsp;Nous sommes des industriels, comme nos clients. Nous fabriquons les machines et les supports (\u00e9tiquettes et films), nous d\u00e9veloppons nos logiciels, nous avons nos propres \u00e9quipes SAV, maintenance et hotline. Nous ne sommes pas que des revendeurs. Et c\u2019est notre grande force. Z\u00e9ro sous-traitance, z\u00e9ro d\u00e9pendance \u00e0 un fournisseur, un d\u00e9partement R&amp;D et des \u00e9quipes \u00e0 la conception-fabrication capables de faire du sur-mesure. C\u2019est une valeur inestimable sur le march\u00e9. Et pour nos clients, un v\u00e9ritable atout. C\u2019est la garantie que l\u2019on conna\u00eet et comprend leurs enjeux mieux que quiconque et qu\u2019on est en capacit\u00e9 de proposer la meilleure solution \u00e0 chacune de leurs probl\u00e9matiques, en toute impartialit\u00e9 et avec une expertise ultime. Pour l\u2019ensemble de nos \u00e9quipes, \u00e7a repr\u00e9sente une implication forte au quotidien, de la premi\u00e8re prise de contact \u00e0 l\u2019installation des machines, jusqu\u2019au SAV ou la formation des clients. C\u2019est \u00e9galement un engagement fort de l\u2019entreprise dans la French Fab et la valorisation de savoir-faire industriels fran\u00e7ais&nbsp;\u00bb, ajoute Fabrice Coevoet.<\/p>\n\n\n\n<figure class=\"wp-block-image size-full\"><img loading=\"lazy\" decoding=\"async\" width=\"800\" height=\"544\" src=\"https:\/\/www.emballagedigest.fr\/wp-content\/uploads\/2023\/06\/barcodis3.jpg\" alt=\"\" class=\"wp-image-37693\" srcset=\"https:\/\/www.emballagedigest.fr\/wp-content\/uploads\/2023\/06\/barcodis3.jpg 800w, https:\/\/www.emballagedigest.fr\/wp-content\/uploads\/2023\/06\/barcodis3-300x204.jpg 300w, https:\/\/www.emballagedigest.fr\/wp-content\/uploads\/2023\/06\/barcodis3-768x522.jpg 768w, https:\/\/www.emballagedigest.fr\/wp-content\/uploads\/2023\/06\/barcodis3-18x12.jpg 18w\" sizes=\"auto, (max-width: 800px) 100vw, 800px\" \/><\/figure>\n\n\n\n<p>Pour accompagner son d\u00e9veloppement, de nombreux recrutements dans la branche technique et commerciale \u00e0 l\u2019\u00e9chelle nationale sont en cours pour toujours plus de proximit\u00e9 aupr\u00e8s de leurs clients. Nouveaux locaux dans le Nord, d\u00e9m\u00e9nagement du si\u00e8ge social aux Ulis et cr\u00e9ation d\u2019un showroom, le groupe ambitionne \u00e9galement de se rapprocher d\u2019autres soci\u00e9t\u00e9s en 2024 aux comp\u00e9tences technologiques et novatrices dans la digitalisation.<\/p>\n\n\n\n<p>La nouvelle identit\u00e9 d\u00e9voil\u00e9e \u00e0 l\u2019\u00e9t\u00e9 2023 se veut plus dynamique, plus servicielle et tourn\u00e9e vers l\u2019avenir, int\u00e9grant les d\u00e9fis majeurs de son industrie, qu\u2019il s\u2019agisse de probl\u00e9matiques d\u2019efficience, de rationalisation ou d\u2019enjeux environnementaux et humains. Un nouveau website, en cours de d\u00e9veloppement sortira en janvier 2024.<\/p>\n\n\n\n<p>Entreprise leader des solutions de tra\u00e7abilit\u00e9 et d\u2019identification automatique, fabricant fran\u00e7ais de solutions d\u2019impression-industrielle, membre de la French Fab, Barcodis accompagne depuis pr\u00e8s de 40 ans plus de 5000 clients dont les plus grandes entreprises et industriels fran\u00e7ais dans l\u2019optimisation de leurs flux logistiques et processus de production. A l\u2019instar de Sanofi, Safran, Herm\u00e8s ou encore la famille Mulliez. Le groupe est ancr\u00e9 dans les territoires avec 20 agences commerciales et techniques r\u00e9parties sur toute la France, 40 experts-techniciens, 120 collaborateurs, une hotline et un SAV internalis\u00e9s, trois sites de production en France, avec une conception et une fabrication 100% fran\u00e7aises.<\/p>\n\n\n\n<figure class=\"wp-block-image size-full is-resized\"><img loading=\"lazy\" decoding=\"async\" src=\"https:\/\/www.emballagedigest.fr\/wp-content\/uploads\/2023\/06\/barcodis4.jpg\" alt=\"\" class=\"wp-image-37694\" width=\"825\" height=\"534\" srcset=\"https:\/\/www.emballagedigest.fr\/wp-content\/uploads\/2023\/06\/barcodis4.jpg 800w, https:\/\/www.emballagedigest.fr\/wp-content\/uploads\/2023\/06\/barcodis4-300x194.jpg 300w, https:\/\/www.emballagedigest.fr\/wp-content\/uploads\/2023\/06\/barcodis4-768x497.jpg 768w, https:\/\/www.emballagedigest.fr\/wp-content\/uploads\/2023\/06\/barcodis4-18x12.jpg 18w\" sizes=\"auto, (max-width: 825px) 100vw, 825px\" \/><\/figure>","protected":false},"excerpt":{"rendered":"<p>Les soci\u00e9t\u00e9s du groupe Barcodis (Eticoncept, Ersti, Solutechnic, Thermolabel- Eticodis) fusionnent pour former le leader fran\u00e7ais du march\u00e9 de l\u2019identification et de la tra\u00e7abilit\u00e9. A cette occasion, Barcodis d\u00e9voile sa nouvelle identit\u00e9, et souhaite affirmer sa place de leader ainsi que son engagement dans la French Fab. Avec la fusion de ses soci\u00e9t\u00e9s filles, le [&hellip;]<\/p>","protected":false},"author":2,"featured_media":37691,"comment_status":"closed","ping_status":"closed","sticky":false,"template":"","format":"standard","meta":{"_acf_changed":false,"inline_featured_image":false,"iawp_total_views":3,"footnotes":""},"categories":[28,35,9],"tags":[],"class_list":["post-37690","post","type-post","status-publish","format-standard","has-post-thumbnail","hentry","category-article-entier","category-machines-fr","category-materiel"],"acf":[],"yoast_head":"<!-- This site is optimized with the Yoast SEO plugin v24.4 - https:\/\/yoast.com\/wordpress\/plugins\/seo\/ -->\n<title>Barcodis se transforme pour assoir son leadership - Emballage Digest<\/title>\n<meta name=\"robots\" content=\"index, follow, max-snippet:-1, max-image-preview:large, max-video-preview:-1\" \/>\n<link rel=\"canonical\" href=\"https:\/\/www.emballagedigest.fr\/en\/barcodis-se-transforme-pour-assoir-son-leadership\/\" \/>\n<meta property=\"og:locale\" content=\"en_GB\" \/>\n<meta property=\"og:type\" content=\"article\" \/>\n<meta property=\"og:title\" content=\"Barcodis se transforme pour assoir son leadership - Emballage Digest\" \/>\n<meta property=\"og:description\" content=\"Les soci\u00e9t\u00e9s du groupe Barcodis (Eticoncept, Ersti, Solutechnic, Thermolabel- Eticodis) fusionnent pour former le leader fran\u00e7ais du march\u00e9 de l\u2019identification et de la tra\u00e7abilit\u00e9. A cette occasion, Barcodis d\u00e9voile sa nouvelle identit\u00e9, et souhaite affirmer sa place de leader ainsi que son engagement dans la French Fab. Avec la fusion de ses soci\u00e9t\u00e9s filles, le [&hellip;]\" \/>\n<meta property=\"og:url\" content=\"https:\/\/www.emballagedigest.fr\/en\/barcodis-se-transforme-pour-assoir-son-leadership\/\" \/>\n<meta property=\"og:site_name\" content=\"Emballage Digest\" \/>\n<meta property=\"article:published_time\" content=\"2023-06-30T07:14:47+00:00\" \/>\n<meta property=\"article:modified_time\" content=\"2023-07-02T22:34:24+00:00\" \/>\n<meta property=\"og:image\" content=\"https:\/\/www.emballagedigest.fr\/wp-content\/uploads\/2023\/06\/barcodis1.jpg\" \/>\n\t<meta property=\"og:image:width\" content=\"800\" \/>\n\t<meta property=\"og:image:height\" content=\"361\" \/>\n\t<meta property=\"og:image:type\" content=\"image\/jpeg\" \/>\n<meta name=\"author\" content=\"Karine Duval\" \/>\n<meta name=\"twitter:card\" content=\"summary_large_image\" \/>\n<meta name=\"twitter:label1\" content=\"Written by\" \/>\n\t<meta name=\"twitter:data1\" content=\"Karine Duval\" \/>\n\t<meta name=\"twitter:label2\" content=\"Estimated reading time\" \/>\n\t<meta name=\"twitter:data2\" content=\"4 minutes\" \/>\n<script type=\"application\/ld+json\" class=\"yoast-schema-graph\">{\"@context\":\"https:\/\/schema.org\",\"@graph\":[{\"@type\":\"Article\",\"@id\":\"https:\/\/www.emballagedigest.fr\/barcodis-se-transforme-pour-assoir-son-leadership\/#article\",\"isPartOf\":{\"@id\":\"https:\/\/www.emballagedigest.fr\/barcodis-se-transforme-pour-assoir-son-leadership\/\"},\"author\":{\"name\":\"Karine Duval\",\"@id\":\"https:\/\/www.emballagedigest.fr\/#\/schema\/person\/76abe9f2b2ee4d3d520594c7a35da59f\"},\"headline\":\"Barcodis se transforme pour assoir son leadership\",\"datePublished\":\"2023-06-30T07:14:47+00:00\",\"dateModified\":\"2023-07-02T22:34:24+00:00\",\"mainEntityOfPage\":{\"@id\":\"https:\/\/www.emballagedigest.fr\/barcodis-se-transforme-pour-assoir-son-leadership\/\"},\"wordCount\":626,\"publisher\":{\"@id\":\"https:\/\/www.emballagedigest.fr\/#organization\"},\"image\":{\"@id\":\"https:\/\/www.emballagedigest.fr\/barcodis-se-transforme-pour-assoir-son-leadership\/#primaryimage\"},\"thumbnailUrl\":\"https:\/\/www.emballagedigest.fr\/wp-content\/uploads\/2023\/06\/barcodis1.jpg\",\"articleSection\":[\"Article entier\",\"Machines\",\"Mat\u00e9riel\"],\"inLanguage\":\"en-GB\"},{\"@type\":\"WebPage\",\"@id\":\"https:\/\/www.emballagedigest.fr\/barcodis-se-transforme-pour-assoir-son-leadership\/\",\"url\":\"https:\/\/www.emballagedigest.fr\/barcodis-se-transforme-pour-assoir-son-leadership\/\",\"name\":\"Barcodis se transforme pour assoir son leadership - Emballage Digest\",\"isPartOf\":{\"@id\":\"https:\/\/www.emballagedigest.fr\/#website\"},\"primaryImageOfPage\":{\"@id\":\"https:\/\/www.emballagedigest.fr\/barcodis-se-transforme-pour-assoir-son-leadership\/#primaryimage\"},\"image\":{\"@id\":\"https:\/\/www.emballagedigest.fr\/barcodis-se-transforme-pour-assoir-son-leadership\/#primaryimage\"},\"thumbnailUrl\":\"https:\/\/www.emballagedigest.fr\/wp-content\/uploads\/2023\/06\/barcodis1.jpg\",\"datePublished\":\"2023-06-30T07:14:47+00:00\",\"dateModified\":\"2023-07-02T22:34:24+00:00\",\"breadcrumb\":{\"@id\":\"https:\/\/www.emballagedigest.fr\/barcodis-se-transforme-pour-assoir-son-leadership\/#breadcrumb\"},\"inLanguage\":\"en-GB\",\"potentialAction\":[{\"@type\":\"ReadAction\",\"target\":[\"https:\/\/www.emballagedigest.fr\/barcodis-se-transforme-pour-assoir-son-leadership\/\"]}]},{\"@type\":\"ImageObject\",\"inLanguage\":\"en-GB\",\"@id\":\"https:\/\/www.emballagedigest.fr\/barcodis-se-transforme-pour-assoir-son-leadership\/#primaryimage\",\"url\":\"https:\/\/www.emballagedigest.fr\/wp-content\/uploads\/2023\/06\/barcodis1.jpg\",\"contentUrl\":\"https:\/\/www.emballagedigest.fr\/wp-content\/uploads\/2023\/06\/barcodis1.jpg\",\"width\":800,\"height\":361},{\"@type\":\"BreadcrumbList\",\"@id\":\"https:\/\/www.emballagedigest.fr\/barcodis-se-transforme-pour-assoir-son-leadership\/#breadcrumb\",\"itemListElement\":[{\"@type\":\"ListItem\",\"position\":1,\"name\":\"Accueil\",\"item\":\"https:\/\/www.emballagedigest.fr\/\"},{\"@type\":\"ListItem\",\"position\":2,\"name\":\"Barcodis se transforme pour assoir son leadership\"}]},{\"@type\":\"WebSite\",\"@id\":\"https:\/\/www.emballagedigest.fr\/#website\",\"url\":\"https:\/\/www.emballagedigest.fr\/\",\"name\":\"Emballage Digest\",\"description\":\"Revue professionnelle sur les emballages\",\"publisher\":{\"@id\":\"https:\/\/www.emballagedigest.fr\/#organization\"},\"potentialAction\":[{\"@type\":\"SearchAction\",\"target\":{\"@type\":\"EntryPoint\",\"urlTemplate\":\"https:\/\/www.emballagedigest.fr\/?s={search_term_string}\"},\"query-input\":{\"@type\":\"PropertyValueSpecification\",\"valueRequired\":true,\"valueName\":\"search_term_string\"}}],\"inLanguage\":\"en-GB\"},{\"@type\":\"Organization\",\"@id\":\"https:\/\/www.emballagedigest.fr\/#organization\",\"name\":\"Emballage Digest\",\"url\":\"https:\/\/www.emballagedigest.fr\/\",\"logo\":{\"@type\":\"ImageObject\",\"inLanguage\":\"en-GB\",\"@id\":\"https:\/\/www.emballagedigest.fr\/#\/schema\/logo\/image\/\",\"url\":\"https:\/\/www.emballagedigest.fr\/wp-content\/uploads\/2022\/07\/logo-ed.png\",\"contentUrl\":\"https:\/\/www.emballagedigest.fr\/wp-content\/uploads\/2022\/07\/logo-ed.png\",\"width\":379,\"height\":75,\"caption\":\"Emballage Digest\"},\"image\":{\"@id\":\"https:\/\/www.emballagedigest.fr\/#\/schema\/logo\/image\/\"}},{\"@type\":\"Person\",\"@id\":\"https:\/\/www.emballagedigest.fr\/#\/schema\/person\/76abe9f2b2ee4d3d520594c7a35da59f\",\"name\":\"Karine Duval\",\"image\":{\"@type\":\"ImageObject\",\"inLanguage\":\"en-GB\",\"@id\":\"https:\/\/www.emballagedigest.fr\/#\/schema\/person\/image\/\",\"url\":\"https:\/\/secure.gravatar.com\/avatar\/f552799261cdd2e076e6677d780ef07bdb13aa4c196ab75b39abcbcdcae2d4e5?s=96&d=mm&r=g\",\"contentUrl\":\"https:\/\/secure.gravatar.com\/avatar\/f552799261cdd2e076e6677d780ef07bdb13aa4c196ab75b39abcbcdcae2d4e5?s=96&d=mm&r=g\",\"caption\":\"Karine Duval\"},\"url\":\"https:\/\/www.emballagedigest.fr\/en\/author\/admin_karduv\/\"}]}<\/script>\n<!-- \/ Yoast SEO plugin. -->","yoast_head_json":{"title":"Barcodis se transforme pour assoir son leadership - Emballage Digest","robots":{"index":"index","follow":"follow","max-snippet":"max-snippet:-1","max-image-preview":"max-image-preview:large","max-video-preview":"max-video-preview:-1"},"canonical":"https:\/\/www.emballagedigest.fr\/en\/barcodis-se-transforme-pour-assoir-son-leadership\/","og_locale":"en_GB","og_type":"article","og_title":"Barcodis se transforme pour assoir son leadership - Emballage Digest","og_description":"Les soci\u00e9t\u00e9s du groupe Barcodis (Eticoncept, Ersti, Solutechnic, Thermolabel- Eticodis) fusionnent pour former le leader fran\u00e7ais du march\u00e9 de l\u2019identification et de la tra\u00e7abilit\u00e9. A cette occasion, Barcodis d\u00e9voile sa nouvelle identit\u00e9, et souhaite affirmer sa place de leader ainsi que son engagement dans la French Fab. Avec la fusion de ses soci\u00e9t\u00e9s filles, le [&hellip;]","og_url":"https:\/\/www.emballagedigest.fr\/en\/barcodis-se-transforme-pour-assoir-son-leadership\/","og_site_name":"Emballage Digest","article_published_time":"2023-06-30T07:14:47+00:00","article_modified_time":"2023-07-02T22:34:24+00:00","og_image":[{"width":800,"height":361,"url":"https:\/\/www.emballagedigest.fr\/wp-content\/uploads\/2023\/06\/barcodis1.jpg","type":"image\/jpeg"}],"author":"Karine Duval","twitter_card":"summary_large_image","twitter_misc":{"Written by":"Karine Duval","Estimated reading time":"4 minutes"},"schema":{"@context":"https:\/\/schema.org","@graph":[{"@type":"Article","@id":"https:\/\/www.emballagedigest.fr\/barcodis-se-transforme-pour-assoir-son-leadership\/#article","isPartOf":{"@id":"https:\/\/www.emballagedigest.fr\/barcodis-se-transforme-pour-assoir-son-leadership\/"},"author":{"name":"Karine Duval","@id":"https:\/\/www.emballagedigest.fr\/#\/schema\/person\/76abe9f2b2ee4d3d520594c7a35da59f"},"headline":"Barcodis se transforme pour assoir son leadership","datePublished":"2023-06-30T07:14:47+00:00","dateModified":"2023-07-02T22:34:24+00:00","mainEntityOfPage":{"@id":"https:\/\/www.emballagedigest.fr\/barcodis-se-transforme-pour-assoir-son-leadership\/"},"wordCount":626,"publisher":{"@id":"https:\/\/www.emballagedigest.fr\/#organization"},"image":{"@id":"https:\/\/www.emballagedigest.fr\/barcodis-se-transforme-pour-assoir-son-leadership\/#primaryimage"},"thumbnailUrl":"https:\/\/www.emballagedigest.fr\/wp-content\/uploads\/2023\/06\/barcodis1.jpg","articleSection":["Article entier","Machines","Mat\u00e9riel"],"inLanguage":"en-GB"},{"@type":"WebPage","@id":"https:\/\/www.emballagedigest.fr\/barcodis-se-transforme-pour-assoir-son-leadership\/","url":"https:\/\/www.emballagedigest.fr\/barcodis-se-transforme-pour-assoir-son-leadership\/","name":"Barcodis se transforme pour assoir son leadership - Emballage Digest","isPartOf":{"@id":"https:\/\/www.emballagedigest.fr\/#website"},"primaryImageOfPage":{"@id":"https:\/\/www.emballagedigest.fr\/barcodis-se-transforme-pour-assoir-son-leadership\/#primaryimage"},"image":{"@id":"https:\/\/www.emballagedigest.fr\/barcodis-se-transforme-pour-assoir-son-leadership\/#primaryimage"},"thumbnailUrl":"https:\/\/www.emballagedigest.fr\/wp-content\/uploads\/2023\/06\/barcodis1.jpg","datePublished":"2023-06-30T07:14:47+00:00","dateModified":"2023-07-02T22:34:24+00:00","breadcrumb":{"@id":"https:\/\/www.emballagedigest.fr\/barcodis-se-transforme-pour-assoir-son-leadership\/#breadcrumb"},"inLanguage":"en-GB","potentialAction":[{"@type":"ReadAction","target":["https:\/\/www.emballagedigest.fr\/barcodis-se-transforme-pour-assoir-son-leadership\/"]}]},{"@type":"ImageObject","inLanguage":"en-GB","@id":"https:\/\/www.emballagedigest.fr\/barcodis-se-transforme-pour-assoir-son-leadership\/#primaryimage","url":"https:\/\/www.emballagedigest.fr\/wp-content\/uploads\/2023\/06\/barcodis1.jpg","contentUrl":"https:\/\/www.emballagedigest.fr\/wp-content\/uploads\/2023\/06\/barcodis1.jpg","width":800,"height":361},{"@type":"BreadcrumbList","@id":"https:\/\/www.emballagedigest.fr\/barcodis-se-transforme-pour-assoir-son-leadership\/#breadcrumb","itemListElement":[{"@type":"ListItem","position":1,"name":"Accueil","item":"https:\/\/www.emballagedigest.fr\/"},{"@type":"ListItem","position":2,"name":"Barcodis se transforme pour assoir son leadership"}]},{"@type":"WebSite","@id":"https:\/\/www.emballagedigest.fr\/#website","url":"https:\/\/www.emballagedigest.fr\/","name":"Emballage Digest","description":"Revue professionnelle sur les emballages","publisher":{"@id":"https:\/\/www.emballagedigest.fr\/#organization"},"potentialAction":[{"@type":"SearchAction","target":{"@type":"EntryPoint","urlTemplate":"https:\/\/www.emballagedigest.fr\/?s={search_term_string}"},"query-input":{"@type":"PropertyValueSpecification","valueRequired":true,"valueName":"search_term_string"}}],"inLanguage":"en-GB"},{"@type":"Organization","@id":"https:\/\/www.emballagedigest.fr\/#organization","name":"Emballage Digest","url":"https:\/\/www.emballagedigest.fr\/","logo":{"@type":"ImageObject","inLanguage":"en-GB","@id":"https:\/\/www.emballagedigest.fr\/#\/schema\/logo\/image\/","url":"https:\/\/www.emballagedigest.fr\/wp-content\/uploads\/2022\/07\/logo-ed.png","contentUrl":"https:\/\/www.emballagedigest.fr\/wp-content\/uploads\/2022\/07\/logo-ed.png","width":379,"height":75,"caption":"Emballage Digest"},"image":{"@id":"https:\/\/www.emballagedigest.fr\/#\/schema\/logo\/image\/"}},{"@type":"Person","@id":"https:\/\/www.emballagedigest.fr\/#\/schema\/person\/76abe9f2b2ee4d3d520594c7a35da59f","name":"Karine Duval","image":{"@type":"ImageObject","inLanguage":"en-GB","@id":"https:\/\/www.emballagedigest.fr\/#\/schema\/person\/image\/","url":"https:\/\/secure.gravatar.com\/avatar\/f552799261cdd2e076e6677d780ef07bdb13aa4c196ab75b39abcbcdcae2d4e5?s=96&d=mm&r=g","contentUrl":"https:\/\/secure.gravatar.com\/avatar\/f552799261cdd2e076e6677d780ef07bdb13aa4c196ab75b39abcbcdcae2d4e5?s=96&d=mm&r=g","caption":"Karine Duval"},"url":"https:\/\/www.emballagedigest.fr\/en\/author\/admin_karduv\/"}]}},"_links":{"self":[{"href":"https:\/\/www.emballagedigest.fr\/en\/wp-json\/wp\/v2\/posts\/37690","targetHints":{"allow":["GET"]}}],"collection":[{"href":"https:\/\/www.emballagedigest.fr\/en\/wp-json\/wp\/v2\/posts"}],"about":[{"href":"https:\/\/www.emballagedigest.fr\/en\/wp-json\/wp\/v2\/types\/post"}],"author":[{"embeddable":true,"href":"https:\/\/www.emballagedigest.fr\/en\/wp-json\/wp\/v2\/users\/2"}],"replies":[{"embeddable":true,"href":"https:\/\/www.emballagedigest.fr\/en\/wp-json\/wp\/v2\/comments?post=37690"}],"version-history":[{"count":2,"href":"https:\/\/www.emballagedigest.fr\/en\/wp-json\/wp\/v2\/posts\/37690\/revisions"}],"predecessor-version":[{"id":37696,"href":"https:\/\/www.emballagedigest.fr\/en\/wp-json\/wp\/v2\/posts\/37690\/revisions\/37696"}],"wp:featuredmedia":[{"embeddable":true,"href":"https:\/\/www.emballagedigest.fr\/en\/wp-json\/wp\/v2\/media\/37691"}],"wp:attachment":[{"href":"https:\/\/www.emballagedigest.fr\/en\/wp-json\/wp\/v2\/media?parent=37690"}],"wp:term":[{"taxonomy":"category","embeddable":true,"href":"https:\/\/www.emballagedigest.fr\/en\/wp-json\/wp\/v2\/categories?post=37690"},{"taxonomy":"post_tag","embeddable":true,"href":"https:\/\/www.emballagedigest.fr\/en\/wp-json\/wp\/v2\/tags?post=37690"}],"curies":[{"name":"wp","href":"https:\/\/api.w.org\/{rel}","templated":true}]}}