{"id":37706,"date":"2023-07-03T00:40:00","date_gmt":"2023-07-02T22:40:00","guid":{"rendered":"https:\/\/www.emballagedigest.fr\/?p=37706"},"modified":"2023-07-03T00:40:01","modified_gmt":"2023-07-02T22:40:01","slug":"decarbonation-lindustrie-cosmetique-engagee-a-reduire-son-empreinte-environnementale","status":"publish","type":"post","link":"https:\/\/www.emballagedigest.fr\/en\/decarbonation-lindustrie-cosmetique-engagee-a-reduire-son-empreinte-environnementale\/","title":{"rendered":"D\u00e9carbonation : l\u2019industrie cosm\u00e9tique engag\u00e9e \u00e0 r\u00e9duire son empreinte environnementale"},"content":{"rendered":"<p><strong>Acteur majeur du Made in France et de la souverainet\u00e9 industrielle, le secteur cosm\u00e9tique annonce un nouvel engagement au service du d\u00e9veloppement de l\u2019industrie verte. Face \u00e0 l\u2019urgence \u00e9cologique, la FEBEA mise sur la force du collectif, \u00e0 travers les \u00e9nergies de l\u2019ensemble des entreprises cosm\u00e9tiques petites, moyennes ou grandes.<\/strong><\/p>\n\n\n\n<p>Avec l\u2019adoption en 2021 du Plastic Act, le secteur cosm\u00e9tique a \u00e9t\u00e9 le premier secteur \u00e0 se doter collectivement d\u2019objectifs chiffr\u00e9s et ambitieux, \u00e0 horizon 2025, pour r\u00e9duire son empreinte plastique. Les premiers r\u00e9sultats sont l\u00e0 : la prise en compte de l\u2019\u00e9co-conception est d\u00e9sormais adopt\u00e9e par toutes les entreprises, l\u2019am\u00e9lioration de la recyclabilit\u00e9 est une priorit\u00e9 absolue pour les \u00e9quipes emballages, et l\u2019offre de recharge se d\u00e9veloppe rapidement. En revanche, le r\u00e9emploi sous la forme du vrac ou de la consigne, est un sujet qui n\u00e9cessite des r\u00e9flexions approfondies sur les mod\u00e8les d\u2019affaires qui devront notamment faire \u00e9merger de nouveaux m\u00e9tiers (nettoyage, boucle logistique etc.). Un bilan d\u2019\u00e9tape pr\u00e9cis du Plastic Act sera \u00e9tabli en octobre 2023, indique la FEBEA.<\/p>\n\n\n\n<figure class=\"wp-block-image size-full is-resized\"><img loading=\"lazy\" decoding=\"async\" src=\"https:\/\/www.emballagedigest.fr\/wp-content\/uploads\/2023\/07\/febea2.jpg\" alt=\"\" class=\"wp-image-37708\" width=\"846\" height=\"476\" srcset=\"https:\/\/www.emballagedigest.fr\/wp-content\/uploads\/2023\/07\/febea2.jpg 800w, https:\/\/www.emballagedigest.fr\/wp-content\/uploads\/2023\/07\/febea2-300x169.jpg 300w, https:\/\/www.emballagedigest.fr\/wp-content\/uploads\/2023\/07\/febea2-768x432.jpg 768w, https:\/\/www.emballagedigest.fr\/wp-content\/uploads\/2023\/07\/febea2-18x10.jpg 18w\" sizes=\"auto, (max-width: 846px) 100vw, 846px\" \/><\/figure>\n\n\n\n<p>La f\u00e9d\u00e9ration souhaite \u00e0 pr\u00e9sent aller plus loin sur l\u2019enjeu de la d\u00e9carbonation. Une mobilisation de l\u2019ensemble de la fili\u00e8re est indispensable pour r\u00e9pondre aux pressions croissantes et mettre en \u0153uvre des strat\u00e9gies de r\u00e9duction des \u00e9missions de \u00e9missions de gaz \u00e0 effet de serre (GES). Cette pression se manifeste tant au niveau national (objectifs de r\u00e9duction des \u00e9missions fix\u00e9s par la Strat\u00e9gie Nationale Bas Carbone, SNBC) qu\u2019au niveau international (objectifs de l\u2019UE de -55% des \u00e9missions GES d\u2019ici 2030).<\/p>\n\n\n\n<p>C\u2019est \u00e0 ce titre que la FEBEA a lanc\u00e9 un projet de mesure de l\u2019empreinte carbone et d\u2019identification des leviers mutualisables de d\u00e9carbonation, en collaboration avec le cabinet Carbone 4. Ce travail permet de d\u00e9finir une feuille de route et un plan d\u2019action sectoriels qui s\u2019int\u00e8greront dans la trajectoire nationale de r\u00e9duction des \u00e9missions, aux c\u00f4t\u00e9s des pouvoirs publics. La restitution des travaux par Carbone 4 et la mise en \u0153uvre de la feuille de route sont pr\u00e9vus pour le dernier trimestre 2023. \u00ab \u00c0 l\u2019heure de l\u2019urgence climatique, le secteur cosm\u00e9tique fait r\u00e9solument le pari du collectif pour d\u00e9ployer des solutions concr\u00e8tes et impactantes. Nous sommes convaincus que la construction de projets partag\u00e9s et la mise en place d\u2019outils de mutualisation permettront d\u2019adresser plus efficacement et plus rapidement les d\u00e9fis environnementaux. Face \u00e0 cette montagne \u00e0 gravir, s\u2019unir est indispensable. Avec cette nouvelle initiative en faveur de la d\u00e9carbonation et la poursuite du d\u00e9ploiement du Plastic Act, le secteur cosm\u00e9tique confirme son leadership et son esprit pionnier au service de l\u2019industrie verte \u00bb, souligne Emmanuel Guichard (photo ci-dessus), d\u00e9l\u00e9gu\u00e9 g\u00e9n\u00e9ral de la FEBEA.<\/p>","protected":false},"excerpt":{"rendered":"<p>Acteur majeur du Made in France et de la souverainet\u00e9 industrielle, le secteur cosm\u00e9tique annonce un nouvel engagement au service du d\u00e9veloppement de l\u2019industrie verte. Face \u00e0 l\u2019urgence \u00e9cologique, la FEBEA mise sur la force du collectif, \u00e0 travers les \u00e9nergies de l\u2019ensemble des entreprises cosm\u00e9tiques petites, moyennes ou grandes. Avec l\u2019adoption en 2021 du [&hellip;]<\/p>","protected":false},"author":2,"featured_media":37707,"comment_status":"closed","ping_status":"closed","sticky":false,"template":"","format":"standard","meta":{"_acf_changed":false,"inline_featured_image":false,"iawp_total_views":0,"footnotes":""},"categories":[28,81,6],"tags":[],"class_list":["post-37706","post","type-post","status-publish","format-standard","has-post-thumbnail","hentry","category-article-entier","category-packaging","category-parfumerie-cosmetique"],"acf":[],"yoast_head":"<!-- This site is optimized with the Yoast SEO plugin v24.4 - https:\/\/yoast.com\/wordpress\/plugins\/seo\/ -->\n<title>D\u00e9carbonation : l\u2019industrie cosm\u00e9tique engag\u00e9e \u00e0 r\u00e9duire son empreinte environnementale - Emballage Digest<\/title>\n<meta name=\"robots\" content=\"index, follow, max-snippet:-1, max-image-preview:large, max-video-preview:-1\" \/>\n<link rel=\"canonical\" href=\"https:\/\/www.emballagedigest.fr\/en\/decarbonation-lindustrie-cosmetique-engagee-a-reduire-son-empreinte-environnementale\/\" \/>\n<meta property=\"og:locale\" content=\"en_GB\" \/>\n<meta property=\"og:type\" content=\"article\" \/>\n<meta property=\"og:title\" content=\"D\u00e9carbonation : l\u2019industrie cosm\u00e9tique engag\u00e9e \u00e0 r\u00e9duire son empreinte environnementale - Emballage Digest\" \/>\n<meta property=\"og:description\" content=\"Acteur majeur du Made in France et de la souverainet\u00e9 industrielle, le secteur cosm\u00e9tique annonce un nouvel engagement au service du d\u00e9veloppement de l\u2019industrie verte. Face \u00e0 l\u2019urgence \u00e9cologique, la FEBEA mise sur la force du collectif, \u00e0 travers les \u00e9nergies de l\u2019ensemble des entreprises cosm\u00e9tiques petites, moyennes ou grandes. Avec l\u2019adoption en 2021 du [&hellip;]\" \/>\n<meta property=\"og:url\" content=\"https:\/\/www.emballagedigest.fr\/en\/decarbonation-lindustrie-cosmetique-engagee-a-reduire-son-empreinte-environnementale\/\" \/>\n<meta property=\"og:site_name\" content=\"Emballage Digest\" \/>\n<meta property=\"article:published_time\" content=\"2023-07-02T22:40:00+00:00\" \/>\n<meta property=\"article:modified_time\" content=\"2023-07-02T22:40:01+00:00\" \/>\n<meta property=\"og:image\" content=\"https:\/\/www.emballagedigest.fr\/wp-content\/uploads\/2023\/07\/febea1.jpg\" \/>\n\t<meta property=\"og:image:width\" content=\"800\" \/>\n\t<meta property=\"og:image:height\" content=\"534\" \/>\n\t<meta property=\"og:image:type\" content=\"image\/jpeg\" \/>\n<meta name=\"author\" content=\"Karine Duval\" \/>\n<meta name=\"twitter:card\" content=\"summary_large_image\" \/>\n<meta name=\"twitter:label1\" content=\"Written by\" \/>\n\t<meta name=\"twitter:data1\" content=\"Karine Duval\" \/>\n\t<meta name=\"twitter:label2\" content=\"Estimated reading time\" \/>\n\t<meta name=\"twitter:data2\" content=\"3 minutes\" \/>\n<script type=\"application\/ld+json\" class=\"yoast-schema-graph\">{\"@context\":\"https:\/\/schema.org\",\"@graph\":[{\"@type\":\"Article\",\"@id\":\"https:\/\/www.emballagedigest.fr\/decarbonation-lindustrie-cosmetique-engagee-a-reduire-son-empreinte-environnementale\/#article\",\"isPartOf\":{\"@id\":\"https:\/\/www.emballagedigest.fr\/decarbonation-lindustrie-cosmetique-engagee-a-reduire-son-empreinte-environnementale\/\"},\"author\":{\"name\":\"Karine Duval\",\"@id\":\"https:\/\/www.emballagedigest.fr\/#\/schema\/person\/76abe9f2b2ee4d3d520594c7a35da59f\"},\"headline\":\"D\u00e9carbonation : l\u2019industrie cosm\u00e9tique engag\u00e9e \u00e0 r\u00e9duire son empreinte environnementale\",\"datePublished\":\"2023-07-02T22:40:00+00:00\",\"dateModified\":\"2023-07-02T22:40:01+00:00\",\"mainEntityOfPage\":{\"@id\":\"https:\/\/www.emballagedigest.fr\/decarbonation-lindustrie-cosmetique-engagee-a-reduire-son-empreinte-environnementale\/\"},\"wordCount\":502,\"publisher\":{\"@id\":\"https:\/\/www.emballagedigest.fr\/#organization\"},\"image\":{\"@id\":\"https:\/\/www.emballagedigest.fr\/decarbonation-lindustrie-cosmetique-engagee-a-reduire-son-empreinte-environnementale\/#primaryimage\"},\"thumbnailUrl\":\"https:\/\/www.emballagedigest.fr\/wp-content\/uploads\/2023\/07\/febea1.jpg\",\"articleSection\":[\"Article entier\",\"Packaging\",\"Parfumerie &amp; Cosm\u00e9tique\"],\"inLanguage\":\"en-GB\"},{\"@type\":\"WebPage\",\"@id\":\"https:\/\/www.emballagedigest.fr\/decarbonation-lindustrie-cosmetique-engagee-a-reduire-son-empreinte-environnementale\/\",\"url\":\"https:\/\/www.emballagedigest.fr\/decarbonation-lindustrie-cosmetique-engagee-a-reduire-son-empreinte-environnementale\/\",\"name\":\"D\u00e9carbonation : l\u2019industrie cosm\u00e9tique engag\u00e9e \u00e0 r\u00e9duire son empreinte environnementale - Emballage Digest\",\"isPartOf\":{\"@id\":\"https:\/\/www.emballagedigest.fr\/#website\"},\"primaryImageOfPage\":{\"@id\":\"https:\/\/www.emballagedigest.fr\/decarbonation-lindustrie-cosmetique-engagee-a-reduire-son-empreinte-environnementale\/#primaryimage\"},\"image\":{\"@id\":\"https:\/\/www.emballagedigest.fr\/decarbonation-lindustrie-cosmetique-engagee-a-reduire-son-empreinte-environnementale\/#primaryimage\"},\"thumbnailUrl\":\"https:\/\/www.emballagedigest.fr\/wp-content\/uploads\/2023\/07\/febea1.jpg\",\"datePublished\":\"2023-07-02T22:40:00+00:00\",\"dateModified\":\"2023-07-02T22:40:01+00:00\",\"breadcrumb\":{\"@id\":\"https:\/\/www.emballagedigest.fr\/decarbonation-lindustrie-cosmetique-engagee-a-reduire-son-empreinte-environnementale\/#breadcrumb\"},\"inLanguage\":\"en-GB\",\"potentialAction\":[{\"@type\":\"ReadAction\",\"target\":[\"https:\/\/www.emballagedigest.fr\/decarbonation-lindustrie-cosmetique-engagee-a-reduire-son-empreinte-environnementale\/\"]}]},{\"@type\":\"ImageObject\",\"inLanguage\":\"en-GB\",\"@id\":\"https:\/\/www.emballagedigest.fr\/decarbonation-lindustrie-cosmetique-engagee-a-reduire-son-empreinte-environnementale\/#primaryimage\",\"url\":\"https:\/\/www.emballagedigest.fr\/wp-content\/uploads\/2023\/07\/febea1.jpg\",\"contentUrl\":\"https:\/\/www.emballagedigest.fr\/wp-content\/uploads\/2023\/07\/febea1.jpg\",\"width\":800,\"height\":534},{\"@type\":\"BreadcrumbList\",\"@id\":\"https:\/\/www.emballagedigest.fr\/decarbonation-lindustrie-cosmetique-engagee-a-reduire-son-empreinte-environnementale\/#breadcrumb\",\"itemListElement\":[{\"@type\":\"ListItem\",\"position\":1,\"name\":\"Accueil\",\"item\":\"https:\/\/www.emballagedigest.fr\/\"},{\"@type\":\"ListItem\",\"position\":2,\"name\":\"D\u00e9carbonation : l\u2019industrie cosm\u00e9tique engag\u00e9e \u00e0 r\u00e9duire son empreinte environnementale\"}]},{\"@type\":\"WebSite\",\"@id\":\"https:\/\/www.emballagedigest.fr\/#website\",\"url\":\"https:\/\/www.emballagedigest.fr\/\",\"name\":\"Emballage Digest\",\"description\":\"Revue professionnelle sur les emballages\",\"publisher\":{\"@id\":\"https:\/\/www.emballagedigest.fr\/#organization\"},\"potentialAction\":[{\"@type\":\"SearchAction\",\"target\":{\"@type\":\"EntryPoint\",\"urlTemplate\":\"https:\/\/www.emballagedigest.fr\/?s={search_term_string}\"},\"query-input\":{\"@type\":\"PropertyValueSpecification\",\"valueRequired\":true,\"valueName\":\"search_term_string\"}}],\"inLanguage\":\"en-GB\"},{\"@type\":\"Organization\",\"@id\":\"https:\/\/www.emballagedigest.fr\/#organization\",\"name\":\"Emballage Digest\",\"url\":\"https:\/\/www.emballagedigest.fr\/\",\"logo\":{\"@type\":\"ImageObject\",\"inLanguage\":\"en-GB\",\"@id\":\"https:\/\/www.emballagedigest.fr\/#\/schema\/logo\/image\/\",\"url\":\"https:\/\/www.emballagedigest.fr\/wp-content\/uploads\/2022\/07\/logo-ed.png\",\"contentUrl\":\"https:\/\/www.emballagedigest.fr\/wp-content\/uploads\/2022\/07\/logo-ed.png\",\"width\":379,\"height\":75,\"caption\":\"Emballage Digest\"},\"image\":{\"@id\":\"https:\/\/www.emballagedigest.fr\/#\/schema\/logo\/image\/\"}},{\"@type\":\"Person\",\"@id\":\"https:\/\/www.emballagedigest.fr\/#\/schema\/person\/76abe9f2b2ee4d3d520594c7a35da59f\",\"name\":\"Karine Duval\",\"image\":{\"@type\":\"ImageObject\",\"inLanguage\":\"en-GB\",\"@id\":\"https:\/\/www.emballagedigest.fr\/#\/schema\/person\/image\/\",\"url\":\"https:\/\/secure.gravatar.com\/avatar\/f552799261cdd2e076e6677d780ef07bdb13aa4c196ab75b39abcbcdcae2d4e5?s=96&d=mm&r=g\",\"contentUrl\":\"https:\/\/secure.gravatar.com\/avatar\/f552799261cdd2e076e6677d780ef07bdb13aa4c196ab75b39abcbcdcae2d4e5?s=96&d=mm&r=g\",\"caption\":\"Karine Duval\"},\"url\":\"https:\/\/www.emballagedigest.fr\/en\/author\/admin_karduv\/\"}]}<\/script>\n<!-- \/ Yoast SEO plugin. -->","yoast_head_json":{"title":"D\u00e9carbonation : l\u2019industrie cosm\u00e9tique engag\u00e9e \u00e0 r\u00e9duire son empreinte environnementale - Emballage Digest","robots":{"index":"index","follow":"follow","max-snippet":"max-snippet:-1","max-image-preview":"max-image-preview:large","max-video-preview":"max-video-preview:-1"},"canonical":"https:\/\/www.emballagedigest.fr\/en\/decarbonation-lindustrie-cosmetique-engagee-a-reduire-son-empreinte-environnementale\/","og_locale":"en_GB","og_type":"article","og_title":"D\u00e9carbonation : l\u2019industrie cosm\u00e9tique engag\u00e9e \u00e0 r\u00e9duire son empreinte environnementale - Emballage Digest","og_description":"Acteur majeur du Made in France et de la souverainet\u00e9 industrielle, le secteur cosm\u00e9tique annonce un nouvel engagement au service du d\u00e9veloppement de l\u2019industrie verte. Face \u00e0 l\u2019urgence \u00e9cologique, la FEBEA mise sur la force du collectif, \u00e0 travers les \u00e9nergies de l\u2019ensemble des entreprises cosm\u00e9tiques petites, moyennes ou grandes. Avec l\u2019adoption en 2021 du [&hellip;]","og_url":"https:\/\/www.emballagedigest.fr\/en\/decarbonation-lindustrie-cosmetique-engagee-a-reduire-son-empreinte-environnementale\/","og_site_name":"Emballage Digest","article_published_time":"2023-07-02T22:40:00+00:00","article_modified_time":"2023-07-02T22:40:01+00:00","og_image":[{"width":800,"height":534,"url":"https:\/\/www.emballagedigest.fr\/wp-content\/uploads\/2023\/07\/febea1.jpg","type":"image\/jpeg"}],"author":"Karine Duval","twitter_card":"summary_large_image","twitter_misc":{"Written by":"Karine Duval","Estimated reading time":"3 minutes"},"schema":{"@context":"https:\/\/schema.org","@graph":[{"@type":"Article","@id":"https:\/\/www.emballagedigest.fr\/decarbonation-lindustrie-cosmetique-engagee-a-reduire-son-empreinte-environnementale\/#article","isPartOf":{"@id":"https:\/\/www.emballagedigest.fr\/decarbonation-lindustrie-cosmetique-engagee-a-reduire-son-empreinte-environnementale\/"},"author":{"name":"Karine Duval","@id":"https:\/\/www.emballagedigest.fr\/#\/schema\/person\/76abe9f2b2ee4d3d520594c7a35da59f"},"headline":"D\u00e9carbonation : l\u2019industrie cosm\u00e9tique engag\u00e9e \u00e0 r\u00e9duire son empreinte environnementale","datePublished":"2023-07-02T22:40:00+00:00","dateModified":"2023-07-02T22:40:01+00:00","mainEntityOfPage":{"@id":"https:\/\/www.emballagedigest.fr\/decarbonation-lindustrie-cosmetique-engagee-a-reduire-son-empreinte-environnementale\/"},"wordCount":502,"publisher":{"@id":"https:\/\/www.emballagedigest.fr\/#organization"},"image":{"@id":"https:\/\/www.emballagedigest.fr\/decarbonation-lindustrie-cosmetique-engagee-a-reduire-son-empreinte-environnementale\/#primaryimage"},"thumbnailUrl":"https:\/\/www.emballagedigest.fr\/wp-content\/uploads\/2023\/07\/febea1.jpg","articleSection":["Article entier","Packaging","Parfumerie &amp; Cosm\u00e9tique"],"inLanguage":"en-GB"},{"@type":"WebPage","@id":"https:\/\/www.emballagedigest.fr\/decarbonation-lindustrie-cosmetique-engagee-a-reduire-son-empreinte-environnementale\/","url":"https:\/\/www.emballagedigest.fr\/decarbonation-lindustrie-cosmetique-engagee-a-reduire-son-empreinte-environnementale\/","name":"D\u00e9carbonation : l\u2019industrie cosm\u00e9tique engag\u00e9e \u00e0 r\u00e9duire son empreinte environnementale - Emballage Digest","isPartOf":{"@id":"https:\/\/www.emballagedigest.fr\/#website"},"primaryImageOfPage":{"@id":"https:\/\/www.emballagedigest.fr\/decarbonation-lindustrie-cosmetique-engagee-a-reduire-son-empreinte-environnementale\/#primaryimage"},"image":{"@id":"https:\/\/www.emballagedigest.fr\/decarbonation-lindustrie-cosmetique-engagee-a-reduire-son-empreinte-environnementale\/#primaryimage"},"thumbnailUrl":"https:\/\/www.emballagedigest.fr\/wp-content\/uploads\/2023\/07\/febea1.jpg","datePublished":"2023-07-02T22:40:00+00:00","dateModified":"2023-07-02T22:40:01+00:00","breadcrumb":{"@id":"https:\/\/www.emballagedigest.fr\/decarbonation-lindustrie-cosmetique-engagee-a-reduire-son-empreinte-environnementale\/#breadcrumb"},"inLanguage":"en-GB","potentialAction":[{"@type":"ReadAction","target":["https:\/\/www.emballagedigest.fr\/decarbonation-lindustrie-cosmetique-engagee-a-reduire-son-empreinte-environnementale\/"]}]},{"@type":"ImageObject","inLanguage":"en-GB","@id":"https:\/\/www.emballagedigest.fr\/decarbonation-lindustrie-cosmetique-engagee-a-reduire-son-empreinte-environnementale\/#primaryimage","url":"https:\/\/www.emballagedigest.fr\/wp-content\/uploads\/2023\/07\/febea1.jpg","contentUrl":"https:\/\/www.emballagedigest.fr\/wp-content\/uploads\/2023\/07\/febea1.jpg","width":800,"height":534},{"@type":"BreadcrumbList","@id":"https:\/\/www.emballagedigest.fr\/decarbonation-lindustrie-cosmetique-engagee-a-reduire-son-empreinte-environnementale\/#breadcrumb","itemListElement":[{"@type":"ListItem","position":1,"name":"Accueil","item":"https:\/\/www.emballagedigest.fr\/"},{"@type":"ListItem","position":2,"name":"D\u00e9carbonation : l\u2019industrie cosm\u00e9tique engag\u00e9e \u00e0 r\u00e9duire son empreinte environnementale"}]},{"@type":"WebSite","@id":"https:\/\/www.emballagedigest.fr\/#website","url":"https:\/\/www.emballagedigest.fr\/","name":"Emballage Digest","description":"Revue professionnelle sur les emballages","publisher":{"@id":"https:\/\/www.emballagedigest.fr\/#organization"},"potentialAction":[{"@type":"SearchAction","target":{"@type":"EntryPoint","urlTemplate":"https:\/\/www.emballagedigest.fr\/?s={search_term_string}"},"query-input":{"@type":"PropertyValueSpecification","valueRequired":true,"valueName":"search_term_string"}}],"inLanguage":"en-GB"},{"@type":"Organization","@id":"https:\/\/www.emballagedigest.fr\/#organization","name":"Emballage Digest","url":"https:\/\/www.emballagedigest.fr\/","logo":{"@type":"ImageObject","inLanguage":"en-GB","@id":"https:\/\/www.emballagedigest.fr\/#\/schema\/logo\/image\/","url":"https:\/\/www.emballagedigest.fr\/wp-content\/uploads\/2022\/07\/logo-ed.png","contentUrl":"https:\/\/www.emballagedigest.fr\/wp-content\/uploads\/2022\/07\/logo-ed.png","width":379,"height":75,"caption":"Emballage Digest"},"image":{"@id":"https:\/\/www.emballagedigest.fr\/#\/schema\/logo\/image\/"}},{"@type":"Person","@id":"https:\/\/www.emballagedigest.fr\/#\/schema\/person\/76abe9f2b2ee4d3d520594c7a35da59f","name":"Karine Duval","image":{"@type":"ImageObject","inLanguage":"en-GB","@id":"https:\/\/www.emballagedigest.fr\/#\/schema\/person\/image\/","url":"https:\/\/secure.gravatar.com\/avatar\/f552799261cdd2e076e6677d780ef07bdb13aa4c196ab75b39abcbcdcae2d4e5?s=96&d=mm&r=g","contentUrl":"https:\/\/secure.gravatar.com\/avatar\/f552799261cdd2e076e6677d780ef07bdb13aa4c196ab75b39abcbcdcae2d4e5?s=96&d=mm&r=g","caption":"Karine Duval"},"url":"https:\/\/www.emballagedigest.fr\/en\/author\/admin_karduv\/"}]}},"_links":{"self":[{"href":"https:\/\/www.emballagedigest.fr\/en\/wp-json\/wp\/v2\/posts\/37706","targetHints":{"allow":["GET"]}}],"collection":[{"href":"https:\/\/www.emballagedigest.fr\/en\/wp-json\/wp\/v2\/posts"}],"about":[{"href":"https:\/\/www.emballagedigest.fr\/en\/wp-json\/wp\/v2\/types\/post"}],"author":[{"embeddable":true,"href":"https:\/\/www.emballagedigest.fr\/en\/wp-json\/wp\/v2\/users\/2"}],"replies":[{"embeddable":true,"href":"https:\/\/www.emballagedigest.fr\/en\/wp-json\/wp\/v2\/comments?post=37706"}],"version-history":[{"count":1,"href":"https:\/\/www.emballagedigest.fr\/en\/wp-json\/wp\/v2\/posts\/37706\/revisions"}],"predecessor-version":[{"id":37709,"href":"https:\/\/www.emballagedigest.fr\/en\/wp-json\/wp\/v2\/posts\/37706\/revisions\/37709"}],"wp:featuredmedia":[{"embeddable":true,"href":"https:\/\/www.emballagedigest.fr\/en\/wp-json\/wp\/v2\/media\/37707"}],"wp:attachment":[{"href":"https:\/\/www.emballagedigest.fr\/en\/wp-json\/wp\/v2\/media?parent=37706"}],"wp:term":[{"taxonomy":"category","embeddable":true,"href":"https:\/\/www.emballagedigest.fr\/en\/wp-json\/wp\/v2\/categories?post=37706"},{"taxonomy":"post_tag","embeddable":true,"href":"https:\/\/www.emballagedigest.fr\/en\/wp-json\/wp\/v2\/tags?post=37706"}],"curies":[{"name":"wp","href":"https:\/\/api.w.org\/{rel}","templated":true}]}}