{"id":37796,"date":"2023-07-04T10:22:34","date_gmt":"2023-07-04T08:22:34","guid":{"rendered":"https:\/\/www.emballagedigest.fr\/?p=37796"},"modified":"2023-07-04T10:22:36","modified_gmt":"2023-07-04T08:22:36","slug":"une-collection-daccessoires-maquillage-soins-tout-en-precision","status":"publish","type":"post","link":"https:\/\/www.emballagedigest.fr\/en\/une-collection-daccessoires-maquillage-soins-tout-en-precision\/","title":{"rendered":"Une collection d\u2019accessoires maquillage &#038; soins tout en pr\u00e9cision"},"content":{"rendered":"<p><strong>Sur le dernier salon Make up in Paris, Texen d\u00e9voilait sa nouvelle collection EDGE. Huit accessoires soin et maquillage la composent, revendiquant d\u00e9finition, pr\u00e9cision, et \u00e9conomie des formules. <\/strong><\/p>\n\n\n\n<p>\u00abLa gamme est le fruit d\u2019une \u00e9tude de march\u00e9 visant \u00e0 analyser les besoins des consommateurs et d\u2019un d\u00e9veloppement inspir\u00e9 d\u2019\u00e9changes avec nos sites industriels et nos partenaires\u00a0pour aboutir \u00e0 des applicateurs innovants sans ABS, POM et nitrile et offrant une gestuelle pr\u00e9cise aux utilisateurs. La collection Edge sera d\u00e9velopp\u00e9e pour les marques dans des mat\u00e9riaux tels que PP, PETG ou PE\u00bb, explique Nathasha Marquez, chef de produits chez Texen.<\/p>\n\n\n\n<p>Ainsi, No Boundary est un mascara sans poils ou picots \u00e0 l\u2019allure d\u2019une vis. Gr\u00e2ce \u00e0 son creux faisant office de r\u00e9servoir, il d\u00e9finit les cils \u2013 quelle que soit leur taille \u2013 \u00abavec une d\u00e9finition incroyable\u00bb, indique Texen. De premi\u00e8res marques ont d\u00e9j\u00e0 lanc\u00e9 ce type de mascara \u00abrupturiste\u00bb \u00e0 l\u2019instar de Neogen ou Hourglass.<\/p>\n\n\n\n<p>Portal est un lipgloss \u00e0 l\u2019applicateur silicone dont le c\u0153ur creux permet de dessiner parfaitement \u00e0 la fois le contour des l\u00e8vres et l\u2019int\u00e9rieur de la bouche, apportant une homog\u00e9n\u00e9it\u00e9 en termes de distribution de la formule.<\/p>\n\n\n\n<p>Gr\u00e2ce \u00e0 un point de pression en silicone incrust\u00e9 dans le corps du flacon, Tip permet d\u2019appliquer les soins ou des produits de maquillage pour le teint de fa\u00e7on tr\u00e8s pr\u00e9cise, gr\u00e2ce \u00e0 un contr\u00f4le de la distribution. \u00c9galement \u00e9quip\u00e9 d\u2019une pointe en plastique, Peak s\u2019inspire du m\u00eame concept mais en version dropper.<br>La gamme int\u00e8gre aussi Frontier, un pot airless \u00e0 poche. Gr\u00e2ce \u00e0 un bouton poussoir sur le dessus du pot, le consommateur obtient par l\u2019orifice de sortie, une quantit\u00e9 pr\u00e9cise de formule. Herm\u00e9tique, il \u00e9vite toute contamination du produit.<\/p>\n\n\n\n<p>Pour le fond de teint, Frame est un tube \u00e9quip\u00e9 d\u2019un applicateur roll-on en mousse pour une distribution homog\u00e8ne de la formule.<\/p>\n\n\n\n<p>Enfin, deux liners Border Line et Extremity proposent une nouvelle gestuelle pour habiller le regard, le premier s\u2019applique tel un stylo calligraphique, le second tel un feutre avec sa pointe longue.<\/p>","protected":false},"excerpt":{"rendered":"<p>Sur le dernier salon Make up in Paris, Texen d\u00e9voilait sa nouvelle collection EDGE. Huit accessoires soin et maquillage la composent, revendiquant d\u00e9finition, pr\u00e9cision, et \u00e9conomie des formules. \u00abLa gamme est le fruit d\u2019une \u00e9tude de march\u00e9 visant \u00e0 analyser les besoins des consommateurs et d\u2019un d\u00e9veloppement inspir\u00e9 d\u2019\u00e9changes avec nos sites industriels et nos [&hellip;]<\/p>","protected":false},"author":2,"featured_media":37797,"comment_status":"closed","ping_status":"closed","sticky":false,"template":"","format":"standard","meta":{"_acf_changed":false,"inline_featured_image":false,"iawp_total_views":0,"footnotes":""},"categories":[28,26,81,6,65],"tags":[],"class_list":["post-37796","post","type-post","status-publish","format-standard","has-post-thumbnail","hentry","category-article-entier","category-laterale","category-packaging","category-parfumerie-cosmetique","category-vu-dans-le-mag"],"acf":[],"yoast_head":"<!-- This site is optimized with the Yoast SEO plugin v24.4 - https:\/\/yoast.com\/wordpress\/plugins\/seo\/ -->\n<title>Une collection d\u2019accessoires maquillage &amp; soins tout en pr\u00e9cision - Emballage Digest<\/title>\n<meta name=\"robots\" content=\"index, follow, max-snippet:-1, max-image-preview:large, max-video-preview:-1\" \/>\n<link rel=\"canonical\" href=\"https:\/\/www.emballagedigest.fr\/en\/une-collection-daccessoires-maquillage-soins-tout-en-precision\/\" \/>\n<meta property=\"og:locale\" content=\"en_GB\" \/>\n<meta property=\"og:type\" content=\"article\" \/>\n<meta property=\"og:title\" content=\"Une collection d\u2019accessoires maquillage &amp; soins tout en pr\u00e9cision - Emballage Digest\" \/>\n<meta property=\"og:description\" content=\"Sur le dernier salon Make up in Paris, Texen d\u00e9voilait sa nouvelle collection EDGE. Huit accessoires soin et maquillage la composent, revendiquant d\u00e9finition, pr\u00e9cision, et \u00e9conomie des formules. \u00abLa gamme est le fruit d\u2019une \u00e9tude de march\u00e9 visant \u00e0 analyser les besoins des consommateurs et d\u2019un d\u00e9veloppement inspir\u00e9 d\u2019\u00e9changes avec nos sites industriels et nos [&hellip;]\" \/>\n<meta property=\"og:url\" content=\"https:\/\/www.emballagedigest.fr\/en\/une-collection-daccessoires-maquillage-soins-tout-en-precision\/\" \/>\n<meta property=\"og:site_name\" content=\"Emballage Digest\" \/>\n<meta property=\"article:published_time\" content=\"2023-07-04T08:22:34+00:00\" \/>\n<meta property=\"article:modified_time\" content=\"2023-07-04T08:22:36+00:00\" \/>\n<meta property=\"og:image\" content=\"https:\/\/www.emballagedigest.fr\/wp-content\/uploads\/2023\/07\/texen.jpg\" \/>\n\t<meta property=\"og:image:width\" content=\"800\" \/>\n\t<meta property=\"og:image:height\" content=\"568\" \/>\n\t<meta property=\"og:image:type\" content=\"image\/jpeg\" \/>\n<meta name=\"author\" content=\"Karine Duval\" \/>\n<meta name=\"twitter:card\" content=\"summary_large_image\" \/>\n<meta name=\"twitter:label1\" content=\"Written by\" \/>\n\t<meta name=\"twitter:data1\" content=\"Karine Duval\" \/>\n\t<meta name=\"twitter:label2\" content=\"Estimated reading time\" \/>\n\t<meta name=\"twitter:data2\" content=\"2 minutes\" \/>\n<script type=\"application\/ld+json\" class=\"yoast-schema-graph\">{\"@context\":\"https:\/\/schema.org\",\"@graph\":[{\"@type\":\"Article\",\"@id\":\"https:\/\/www.emballagedigest.fr\/une-collection-daccessoires-maquillage-soins-tout-en-precision\/#article\",\"isPartOf\":{\"@id\":\"https:\/\/www.emballagedigest.fr\/une-collection-daccessoires-maquillage-soins-tout-en-precision\/\"},\"author\":{\"name\":\"Karine Duval\",\"@id\":\"https:\/\/www.emballagedigest.fr\/#\/schema\/person\/76abe9f2b2ee4d3d520594c7a35da59f\"},\"headline\":\"Une collection d\u2019accessoires maquillage &#038; soins tout en pr\u00e9cision\",\"datePublished\":\"2023-07-04T08:22:34+00:00\",\"dateModified\":\"2023-07-04T08:22:36+00:00\",\"mainEntityOfPage\":{\"@id\":\"https:\/\/www.emballagedigest.fr\/une-collection-daccessoires-maquillage-soins-tout-en-precision\/\"},\"wordCount\":379,\"publisher\":{\"@id\":\"https:\/\/www.emballagedigest.fr\/#organization\"},\"image\":{\"@id\":\"https:\/\/www.emballagedigest.fr\/une-collection-daccessoires-maquillage-soins-tout-en-precision\/#primaryimage\"},\"thumbnailUrl\":\"https:\/\/www.emballagedigest.fr\/wp-content\/uploads\/2023\/07\/texen.jpg\",\"articleSection\":[\"Article entier\",\"Barre lat\u00e9rale\",\"Packaging\",\"Parfumerie &amp; Cosm\u00e9tique\",\"Vu dans le mag\"],\"inLanguage\":\"en-GB\"},{\"@type\":\"WebPage\",\"@id\":\"https:\/\/www.emballagedigest.fr\/une-collection-daccessoires-maquillage-soins-tout-en-precision\/\",\"url\":\"https:\/\/www.emballagedigest.fr\/une-collection-daccessoires-maquillage-soins-tout-en-precision\/\",\"name\":\"Une collection d\u2019accessoires maquillage & soins tout en pr\u00e9cision - Emballage Digest\",\"isPartOf\":{\"@id\":\"https:\/\/www.emballagedigest.fr\/#website\"},\"primaryImageOfPage\":{\"@id\":\"https:\/\/www.emballagedigest.fr\/une-collection-daccessoires-maquillage-soins-tout-en-precision\/#primaryimage\"},\"image\":{\"@id\":\"https:\/\/www.emballagedigest.fr\/une-collection-daccessoires-maquillage-soins-tout-en-precision\/#primaryimage\"},\"thumbnailUrl\":\"https:\/\/www.emballagedigest.fr\/wp-content\/uploads\/2023\/07\/texen.jpg\",\"datePublished\":\"2023-07-04T08:22:34+00:00\",\"dateModified\":\"2023-07-04T08:22:36+00:00\",\"breadcrumb\":{\"@id\":\"https:\/\/www.emballagedigest.fr\/une-collection-daccessoires-maquillage-soins-tout-en-precision\/#breadcrumb\"},\"inLanguage\":\"en-GB\",\"potentialAction\":[{\"@type\":\"ReadAction\",\"target\":[\"https:\/\/www.emballagedigest.fr\/une-collection-daccessoires-maquillage-soins-tout-en-precision\/\"]}]},{\"@type\":\"ImageObject\",\"inLanguage\":\"en-GB\",\"@id\":\"https:\/\/www.emballagedigest.fr\/une-collection-daccessoires-maquillage-soins-tout-en-precision\/#primaryimage\",\"url\":\"https:\/\/www.emballagedigest.fr\/wp-content\/uploads\/2023\/07\/texen.jpg\",\"contentUrl\":\"https:\/\/www.emballagedigest.fr\/wp-content\/uploads\/2023\/07\/texen.jpg\",\"width\":800,\"height\":568},{\"@type\":\"BreadcrumbList\",\"@id\":\"https:\/\/www.emballagedigest.fr\/une-collection-daccessoires-maquillage-soins-tout-en-precision\/#breadcrumb\",\"itemListElement\":[{\"@type\":\"ListItem\",\"position\":1,\"name\":\"Accueil\",\"item\":\"https:\/\/www.emballagedigest.fr\/\"},{\"@type\":\"ListItem\",\"position\":2,\"name\":\"Une collection d\u2019accessoires maquillage &#038; soins tout en pr\u00e9cision\"}]},{\"@type\":\"WebSite\",\"@id\":\"https:\/\/www.emballagedigest.fr\/#website\",\"url\":\"https:\/\/www.emballagedigest.fr\/\",\"name\":\"Emballage Digest\",\"description\":\"Revue professionnelle sur les emballages\",\"publisher\":{\"@id\":\"https:\/\/www.emballagedigest.fr\/#organization\"},\"potentialAction\":[{\"@type\":\"SearchAction\",\"target\":{\"@type\":\"EntryPoint\",\"urlTemplate\":\"https:\/\/www.emballagedigest.fr\/?s={search_term_string}\"},\"query-input\":{\"@type\":\"PropertyValueSpecification\",\"valueRequired\":true,\"valueName\":\"search_term_string\"}}],\"inLanguage\":\"en-GB\"},{\"@type\":\"Organization\",\"@id\":\"https:\/\/www.emballagedigest.fr\/#organization\",\"name\":\"Emballage Digest\",\"url\":\"https:\/\/www.emballagedigest.fr\/\",\"logo\":{\"@type\":\"ImageObject\",\"inLanguage\":\"en-GB\",\"@id\":\"https:\/\/www.emballagedigest.fr\/#\/schema\/logo\/image\/\",\"url\":\"https:\/\/www.emballagedigest.fr\/wp-content\/uploads\/2022\/07\/logo-ed.png\",\"contentUrl\":\"https:\/\/www.emballagedigest.fr\/wp-content\/uploads\/2022\/07\/logo-ed.png\",\"width\":379,\"height\":75,\"caption\":\"Emballage Digest\"},\"image\":{\"@id\":\"https:\/\/www.emballagedigest.fr\/#\/schema\/logo\/image\/\"}},{\"@type\":\"Person\",\"@id\":\"https:\/\/www.emballagedigest.fr\/#\/schema\/person\/76abe9f2b2ee4d3d520594c7a35da59f\",\"name\":\"Karine Duval\",\"image\":{\"@type\":\"ImageObject\",\"inLanguage\":\"en-GB\",\"@id\":\"https:\/\/www.emballagedigest.fr\/#\/schema\/person\/image\/\",\"url\":\"https:\/\/secure.gravatar.com\/avatar\/f552799261cdd2e076e6677d780ef07bdb13aa4c196ab75b39abcbcdcae2d4e5?s=96&d=mm&r=g\",\"contentUrl\":\"https:\/\/secure.gravatar.com\/avatar\/f552799261cdd2e076e6677d780ef07bdb13aa4c196ab75b39abcbcdcae2d4e5?s=96&d=mm&r=g\",\"caption\":\"Karine Duval\"},\"url\":\"https:\/\/www.emballagedigest.fr\/en\/author\/admin_karduv\/\"}]}<\/script>\n<!-- \/ Yoast SEO plugin. -->","yoast_head_json":{"title":"Une collection d\u2019accessoires maquillage & soins tout en pr\u00e9cision - Emballage Digest","robots":{"index":"index","follow":"follow","max-snippet":"max-snippet:-1","max-image-preview":"max-image-preview:large","max-video-preview":"max-video-preview:-1"},"canonical":"https:\/\/www.emballagedigest.fr\/en\/une-collection-daccessoires-maquillage-soins-tout-en-precision\/","og_locale":"en_GB","og_type":"article","og_title":"Une collection d\u2019accessoires maquillage & soins tout en pr\u00e9cision - Emballage Digest","og_description":"Sur le dernier salon Make up in Paris, Texen d\u00e9voilait sa nouvelle collection EDGE. Huit accessoires soin et maquillage la composent, revendiquant d\u00e9finition, pr\u00e9cision, et \u00e9conomie des formules. \u00abLa gamme est le fruit d\u2019une \u00e9tude de march\u00e9 visant \u00e0 analyser les besoins des consommateurs et d\u2019un d\u00e9veloppement inspir\u00e9 d\u2019\u00e9changes avec nos sites industriels et nos [&hellip;]","og_url":"https:\/\/www.emballagedigest.fr\/en\/une-collection-daccessoires-maquillage-soins-tout-en-precision\/","og_site_name":"Emballage Digest","article_published_time":"2023-07-04T08:22:34+00:00","article_modified_time":"2023-07-04T08:22:36+00:00","og_image":[{"width":800,"height":568,"url":"https:\/\/www.emballagedigest.fr\/wp-content\/uploads\/2023\/07\/texen.jpg","type":"image\/jpeg"}],"author":"Karine Duval","twitter_card":"summary_large_image","twitter_misc":{"Written by":"Karine Duval","Estimated reading time":"2 minutes"},"schema":{"@context":"https:\/\/schema.org","@graph":[{"@type":"Article","@id":"https:\/\/www.emballagedigest.fr\/une-collection-daccessoires-maquillage-soins-tout-en-precision\/#article","isPartOf":{"@id":"https:\/\/www.emballagedigest.fr\/une-collection-daccessoires-maquillage-soins-tout-en-precision\/"},"author":{"name":"Karine Duval","@id":"https:\/\/www.emballagedigest.fr\/#\/schema\/person\/76abe9f2b2ee4d3d520594c7a35da59f"},"headline":"Une collection d\u2019accessoires maquillage &#038; soins tout en pr\u00e9cision","datePublished":"2023-07-04T08:22:34+00:00","dateModified":"2023-07-04T08:22:36+00:00","mainEntityOfPage":{"@id":"https:\/\/www.emballagedigest.fr\/une-collection-daccessoires-maquillage-soins-tout-en-precision\/"},"wordCount":379,"publisher":{"@id":"https:\/\/www.emballagedigest.fr\/#organization"},"image":{"@id":"https:\/\/www.emballagedigest.fr\/une-collection-daccessoires-maquillage-soins-tout-en-precision\/#primaryimage"},"thumbnailUrl":"https:\/\/www.emballagedigest.fr\/wp-content\/uploads\/2023\/07\/texen.jpg","articleSection":["Article entier","Barre lat\u00e9rale","Packaging","Parfumerie &amp; Cosm\u00e9tique","Vu dans le mag"],"inLanguage":"en-GB"},{"@type":"WebPage","@id":"https:\/\/www.emballagedigest.fr\/une-collection-daccessoires-maquillage-soins-tout-en-precision\/","url":"https:\/\/www.emballagedigest.fr\/une-collection-daccessoires-maquillage-soins-tout-en-precision\/","name":"Une collection d\u2019accessoires maquillage & soins tout en pr\u00e9cision - Emballage Digest","isPartOf":{"@id":"https:\/\/www.emballagedigest.fr\/#website"},"primaryImageOfPage":{"@id":"https:\/\/www.emballagedigest.fr\/une-collection-daccessoires-maquillage-soins-tout-en-precision\/#primaryimage"},"image":{"@id":"https:\/\/www.emballagedigest.fr\/une-collection-daccessoires-maquillage-soins-tout-en-precision\/#primaryimage"},"thumbnailUrl":"https:\/\/www.emballagedigest.fr\/wp-content\/uploads\/2023\/07\/texen.jpg","datePublished":"2023-07-04T08:22:34+00:00","dateModified":"2023-07-04T08:22:36+00:00","breadcrumb":{"@id":"https:\/\/www.emballagedigest.fr\/une-collection-daccessoires-maquillage-soins-tout-en-precision\/#breadcrumb"},"inLanguage":"en-GB","potentialAction":[{"@type":"ReadAction","target":["https:\/\/www.emballagedigest.fr\/une-collection-daccessoires-maquillage-soins-tout-en-precision\/"]}]},{"@type":"ImageObject","inLanguage":"en-GB","@id":"https:\/\/www.emballagedigest.fr\/une-collection-daccessoires-maquillage-soins-tout-en-precision\/#primaryimage","url":"https:\/\/www.emballagedigest.fr\/wp-content\/uploads\/2023\/07\/texen.jpg","contentUrl":"https:\/\/www.emballagedigest.fr\/wp-content\/uploads\/2023\/07\/texen.jpg","width":800,"height":568},{"@type":"BreadcrumbList","@id":"https:\/\/www.emballagedigest.fr\/une-collection-daccessoires-maquillage-soins-tout-en-precision\/#breadcrumb","itemListElement":[{"@type":"ListItem","position":1,"name":"Accueil","item":"https:\/\/www.emballagedigest.fr\/"},{"@type":"ListItem","position":2,"name":"Une collection d\u2019accessoires maquillage &#038; soins tout en pr\u00e9cision"}]},{"@type":"WebSite","@id":"https:\/\/www.emballagedigest.fr\/#website","url":"https:\/\/www.emballagedigest.fr\/","name":"Emballage Digest","description":"Revue professionnelle sur les emballages","publisher":{"@id":"https:\/\/www.emballagedigest.fr\/#organization"},"potentialAction":[{"@type":"SearchAction","target":{"@type":"EntryPoint","urlTemplate":"https:\/\/www.emballagedigest.fr\/?s={search_term_string}"},"query-input":{"@type":"PropertyValueSpecification","valueRequired":true,"valueName":"search_term_string"}}],"inLanguage":"en-GB"},{"@type":"Organization","@id":"https:\/\/www.emballagedigest.fr\/#organization","name":"Emballage Digest","url":"https:\/\/www.emballagedigest.fr\/","logo":{"@type":"ImageObject","inLanguage":"en-GB","@id":"https:\/\/www.emballagedigest.fr\/#\/schema\/logo\/image\/","url":"https:\/\/www.emballagedigest.fr\/wp-content\/uploads\/2022\/07\/logo-ed.png","contentUrl":"https:\/\/www.emballagedigest.fr\/wp-content\/uploads\/2022\/07\/logo-ed.png","width":379,"height":75,"caption":"Emballage Digest"},"image":{"@id":"https:\/\/www.emballagedigest.fr\/#\/schema\/logo\/image\/"}},{"@type":"Person","@id":"https:\/\/www.emballagedigest.fr\/#\/schema\/person\/76abe9f2b2ee4d3d520594c7a35da59f","name":"Karine Duval","image":{"@type":"ImageObject","inLanguage":"en-GB","@id":"https:\/\/www.emballagedigest.fr\/#\/schema\/person\/image\/","url":"https:\/\/secure.gravatar.com\/avatar\/f552799261cdd2e076e6677d780ef07bdb13aa4c196ab75b39abcbcdcae2d4e5?s=96&d=mm&r=g","contentUrl":"https:\/\/secure.gravatar.com\/avatar\/f552799261cdd2e076e6677d780ef07bdb13aa4c196ab75b39abcbcdcae2d4e5?s=96&d=mm&r=g","caption":"Karine Duval"},"url":"https:\/\/www.emballagedigest.fr\/en\/author\/admin_karduv\/"}]}},"_links":{"self":[{"href":"https:\/\/www.emballagedigest.fr\/en\/wp-json\/wp\/v2\/posts\/37796","targetHints":{"allow":["GET"]}}],"collection":[{"href":"https:\/\/www.emballagedigest.fr\/en\/wp-json\/wp\/v2\/posts"}],"about":[{"href":"https:\/\/www.emballagedigest.fr\/en\/wp-json\/wp\/v2\/types\/post"}],"author":[{"embeddable":true,"href":"https:\/\/www.emballagedigest.fr\/en\/wp-json\/wp\/v2\/users\/2"}],"replies":[{"embeddable":true,"href":"https:\/\/www.emballagedigest.fr\/en\/wp-json\/wp\/v2\/comments?post=37796"}],"version-history":[{"count":1,"href":"https:\/\/www.emballagedigest.fr\/en\/wp-json\/wp\/v2\/posts\/37796\/revisions"}],"predecessor-version":[{"id":37798,"href":"https:\/\/www.emballagedigest.fr\/en\/wp-json\/wp\/v2\/posts\/37796\/revisions\/37798"}],"wp:featuredmedia":[{"embeddable":true,"href":"https:\/\/www.emballagedigest.fr\/en\/wp-json\/wp\/v2\/media\/37797"}],"wp:attachment":[{"href":"https:\/\/www.emballagedigest.fr\/en\/wp-json\/wp\/v2\/media?parent=37796"}],"wp:term":[{"taxonomy":"category","embeddable":true,"href":"https:\/\/www.emballagedigest.fr\/en\/wp-json\/wp\/v2\/categories?post=37796"},{"taxonomy":"post_tag","embeddable":true,"href":"https:\/\/www.emballagedigest.fr\/en\/wp-json\/wp\/v2\/tags?post=37796"}],"curies":[{"name":"wp","href":"https:\/\/api.w.org\/{rel}","templated":true}]}}