{"id":37978,"date":"2023-07-24T00:29:38","date_gmt":"2023-07-23T22:29:38","guid":{"rendered":"https:\/\/www.emballagedigest.fr\/?p=37978"},"modified":"2023-07-24T00:29:40","modified_gmt":"2023-07-23T22:29:40","slug":"procos-renforce-sa-presence-sur-le-marche-americain","status":"publish","type":"post","link":"https:\/\/www.emballagedigest.fr\/en\/procos-renforce-sa-presence-sur-le-marche-americain\/","title":{"rendered":"Procos renforce sa pr\u00e9sence sur le march\u00e9 am\u00e9ricain"},"content":{"rendered":"<p><strong>Afin de renforcer sa pr\u00e9sence sur le march\u00e9 am\u00e9ricain, Procos Americas annonce l&rsquo;arriv\u00e9e de Claudia Jacober en tant que Vice-Pr\u00e9sidente Ventes Packaging de Luxe. Cette nomination strat\u00e9gique souligne la volont\u00e9 de Procos de d\u00e9velopper encore plus ses activit\u00e9s sur le march\u00e9 am\u00e9ricain de l&#8217;emballage de luxe.<\/strong><\/p>\n\n\n\n<p>L&rsquo;arriv\u00e9e de Claudia Jacober en tant que Vice-Pr\u00e9sidente Ventes Packaging de Luxe renforce la position de l&rsquo;entreprise sur le march\u00e9 am\u00e9ricain et d\u00e9montre son engagement \u00e0 fournir des solutions d&#8217;emballage exceptionnelles \u00e0 ses clients. Procos se r\u00e9jouit de travailler avec Claudia Jacober pour atteindre de nouveaux sommets dans l&rsquo;industrie de l&#8217;emballage de luxe aux \u00c9tats-Unis.<\/p>\n\n\n\n<p>Claudia Jacober, qui poss\u00e8de une vaste exp\u00e9rience dans le secteur, sera charg\u00e9e de d\u00e9velopper les relations avec les clients cl\u00e9s et de fournir des solutions d&#8217;emballage haut de gamme adapt\u00e9es aux besoins du march\u00e9 am\u00e9ricain.<\/p>\n\n\n\n<p>Procos, fabricant mondial dont le si\u00e8ge est situ\u00e9 en Allemagne, con\u00e7oit des sacs shopping, des bo\u00eetes rigides, des bo\u00eetes pliantes, des housses de v\u00eatements, des pochettes en papier ou en tissu pour les marques de luxe, le tout personnalis\u00e9, connect\u00e9 et \u00e9co-responsable. Partenaire des plus grandes marques dans les secteurs de la mode, du parfum, des cosm\u00e9tiques, de la d\u00e9coration, de la joaillerie, des vins et spiritueux, Procos a cr\u00e9\u00e9 une filiale aux Etats-Unis : Procos Americas, Inc. en 2021, bas\u00e9e dans la r\u00e9gion m\u00e9tropolitaine de New York, afin de mieux soutenir le march\u00e9 am\u00e9ricain et le continent am\u00e9ricain en g\u00e9n\u00e9ral.<\/p>","protected":false},"excerpt":{"rendered":"<p>Afin de renforcer sa pr\u00e9sence sur le march\u00e9 am\u00e9ricain, Procos Americas annonce l&rsquo;arriv\u00e9e de Claudia Jacober en tant que Vice-Pr\u00e9sidente Ventes Packaging de Luxe. Cette nomination strat\u00e9gique souligne la volont\u00e9 de Procos de d\u00e9velopper encore plus ses activit\u00e9s sur le march\u00e9 am\u00e9ricain de l&#8217;emballage de luxe. L&rsquo;arriv\u00e9e de Claudia Jacober en tant que Vice-Pr\u00e9sidente Ventes [&hellip;]<\/p>","protected":false},"author":2,"featured_media":37979,"comment_status":"closed","ping_status":"closed","sticky":false,"template":"","format":"standard","meta":{"_acf_changed":false,"inline_featured_image":false,"iawp_total_views":0,"footnotes":""},"categories":[28,76,81,6],"tags":[],"class_list":["post-37978","post","type-post","status-publish","format-standard","has-post-thumbnail","hentry","category-article-entier","category-nomination","category-packaging","category-parfumerie-cosmetique"],"acf":[],"yoast_head":"<!-- This site is optimized with the Yoast SEO plugin v24.4 - https:\/\/yoast.com\/wordpress\/plugins\/seo\/ -->\n<title>Procos renforce sa pr\u00e9sence sur le march\u00e9 am\u00e9ricain - Emballage Digest<\/title>\n<meta name=\"robots\" content=\"index, follow, max-snippet:-1, max-image-preview:large, max-video-preview:-1\" \/>\n<link rel=\"canonical\" href=\"https:\/\/www.emballagedigest.fr\/en\/procos-renforce-sa-presence-sur-le-marche-americain\/\" \/>\n<meta property=\"og:locale\" content=\"en_GB\" \/>\n<meta property=\"og:type\" content=\"article\" \/>\n<meta property=\"og:title\" content=\"Procos renforce sa pr\u00e9sence sur le march\u00e9 am\u00e9ricain - Emballage Digest\" \/>\n<meta property=\"og:description\" content=\"Afin de renforcer sa pr\u00e9sence sur le march\u00e9 am\u00e9ricain, Procos Americas annonce l&rsquo;arriv\u00e9e de Claudia Jacober en tant que Vice-Pr\u00e9sidente Ventes Packaging de Luxe. Cette nomination strat\u00e9gique souligne la volont\u00e9 de Procos de d\u00e9velopper encore plus ses activit\u00e9s sur le march\u00e9 am\u00e9ricain de l&#8217;emballage de luxe. L&rsquo;arriv\u00e9e de Claudia Jacober en tant que Vice-Pr\u00e9sidente Ventes [&hellip;]\" \/>\n<meta property=\"og:url\" content=\"https:\/\/www.emballagedigest.fr\/en\/procos-renforce-sa-presence-sur-le-marche-americain\/\" \/>\n<meta property=\"og:site_name\" content=\"Emballage Digest\" \/>\n<meta property=\"article:published_time\" content=\"2023-07-23T22:29:38+00:00\" \/>\n<meta property=\"article:modified_time\" content=\"2023-07-23T22:29:40+00:00\" \/>\n<meta property=\"og:image\" content=\"https:\/\/www.emballagedigest.fr\/wp-content\/uploads\/2023\/07\/Claudia-Jacober-procos.jpg\" \/>\n\t<meta property=\"og:image:width\" content=\"800\" \/>\n\t<meta property=\"og:image:height\" content=\"450\" \/>\n\t<meta property=\"og:image:type\" content=\"image\/jpeg\" \/>\n<meta name=\"author\" content=\"Karine Duval\" \/>\n<meta name=\"twitter:card\" content=\"summary_large_image\" \/>\n<meta name=\"twitter:label1\" content=\"Written by\" \/>\n\t<meta name=\"twitter:data1\" content=\"Karine Duval\" \/>\n\t<meta name=\"twitter:label2\" content=\"Estimated reading time\" \/>\n\t<meta name=\"twitter:data2\" content=\"2 minutes\" \/>\n<script type=\"application\/ld+json\" class=\"yoast-schema-graph\">{\"@context\":\"https:\/\/schema.org\",\"@graph\":[{\"@type\":\"Article\",\"@id\":\"https:\/\/www.emballagedigest.fr\/procos-renforce-sa-presence-sur-le-marche-americain\/#article\",\"isPartOf\":{\"@id\":\"https:\/\/www.emballagedigest.fr\/procos-renforce-sa-presence-sur-le-marche-americain\/\"},\"author\":{\"name\":\"Karine Duval\",\"@id\":\"https:\/\/www.emballagedigest.fr\/#\/schema\/person\/76abe9f2b2ee4d3d520594c7a35da59f\"},\"headline\":\"Procos renforce sa pr\u00e9sence sur le march\u00e9 am\u00e9ricain\",\"datePublished\":\"2023-07-23T22:29:38+00:00\",\"dateModified\":\"2023-07-23T22:29:40+00:00\",\"mainEntityOfPage\":{\"@id\":\"https:\/\/www.emballagedigest.fr\/procos-renforce-sa-presence-sur-le-marche-americain\/\"},\"wordCount\":285,\"publisher\":{\"@id\":\"https:\/\/www.emballagedigest.fr\/#organization\"},\"image\":{\"@id\":\"https:\/\/www.emballagedigest.fr\/procos-renforce-sa-presence-sur-le-marche-americain\/#primaryimage\"},\"thumbnailUrl\":\"https:\/\/www.emballagedigest.fr\/wp-content\/uploads\/2023\/07\/Claudia-Jacober-procos.jpg\",\"articleSection\":[\"Article entier\",\"Nomination\",\"Packaging\",\"Parfumerie &amp; Cosm\u00e9tique\"],\"inLanguage\":\"en-GB\"},{\"@type\":\"WebPage\",\"@id\":\"https:\/\/www.emballagedigest.fr\/procos-renforce-sa-presence-sur-le-marche-americain\/\",\"url\":\"https:\/\/www.emballagedigest.fr\/procos-renforce-sa-presence-sur-le-marche-americain\/\",\"name\":\"Procos renforce sa pr\u00e9sence sur le march\u00e9 am\u00e9ricain - Emballage Digest\",\"isPartOf\":{\"@id\":\"https:\/\/www.emballagedigest.fr\/#website\"},\"primaryImageOfPage\":{\"@id\":\"https:\/\/www.emballagedigest.fr\/procos-renforce-sa-presence-sur-le-marche-americain\/#primaryimage\"},\"image\":{\"@id\":\"https:\/\/www.emballagedigest.fr\/procos-renforce-sa-presence-sur-le-marche-americain\/#primaryimage\"},\"thumbnailUrl\":\"https:\/\/www.emballagedigest.fr\/wp-content\/uploads\/2023\/07\/Claudia-Jacober-procos.jpg\",\"datePublished\":\"2023-07-23T22:29:38+00:00\",\"dateModified\":\"2023-07-23T22:29:40+00:00\",\"breadcrumb\":{\"@id\":\"https:\/\/www.emballagedigest.fr\/procos-renforce-sa-presence-sur-le-marche-americain\/#breadcrumb\"},\"inLanguage\":\"en-GB\",\"potentialAction\":[{\"@type\":\"ReadAction\",\"target\":[\"https:\/\/www.emballagedigest.fr\/procos-renforce-sa-presence-sur-le-marche-americain\/\"]}]},{\"@type\":\"ImageObject\",\"inLanguage\":\"en-GB\",\"@id\":\"https:\/\/www.emballagedigest.fr\/procos-renforce-sa-presence-sur-le-marche-americain\/#primaryimage\",\"url\":\"https:\/\/www.emballagedigest.fr\/wp-content\/uploads\/2023\/07\/Claudia-Jacober-procos.jpg\",\"contentUrl\":\"https:\/\/www.emballagedigest.fr\/wp-content\/uploads\/2023\/07\/Claudia-Jacober-procos.jpg\",\"width\":800,\"height\":450},{\"@type\":\"BreadcrumbList\",\"@id\":\"https:\/\/www.emballagedigest.fr\/procos-renforce-sa-presence-sur-le-marche-americain\/#breadcrumb\",\"itemListElement\":[{\"@type\":\"ListItem\",\"position\":1,\"name\":\"Accueil\",\"item\":\"https:\/\/www.emballagedigest.fr\/\"},{\"@type\":\"ListItem\",\"position\":2,\"name\":\"Procos renforce sa pr\u00e9sence sur le march\u00e9 am\u00e9ricain\"}]},{\"@type\":\"WebSite\",\"@id\":\"https:\/\/www.emballagedigest.fr\/#website\",\"url\":\"https:\/\/www.emballagedigest.fr\/\",\"name\":\"Emballage Digest\",\"description\":\"Revue professionnelle sur les emballages\",\"publisher\":{\"@id\":\"https:\/\/www.emballagedigest.fr\/#organization\"},\"potentialAction\":[{\"@type\":\"SearchAction\",\"target\":{\"@type\":\"EntryPoint\",\"urlTemplate\":\"https:\/\/www.emballagedigest.fr\/?s={search_term_string}\"},\"query-input\":{\"@type\":\"PropertyValueSpecification\",\"valueRequired\":true,\"valueName\":\"search_term_string\"}}],\"inLanguage\":\"en-GB\"},{\"@type\":\"Organization\",\"@id\":\"https:\/\/www.emballagedigest.fr\/#organization\",\"name\":\"Emballage Digest\",\"url\":\"https:\/\/www.emballagedigest.fr\/\",\"logo\":{\"@type\":\"ImageObject\",\"inLanguage\":\"en-GB\",\"@id\":\"https:\/\/www.emballagedigest.fr\/#\/schema\/logo\/image\/\",\"url\":\"https:\/\/www.emballagedigest.fr\/wp-content\/uploads\/2022\/07\/logo-ed.png\",\"contentUrl\":\"https:\/\/www.emballagedigest.fr\/wp-content\/uploads\/2022\/07\/logo-ed.png\",\"width\":379,\"height\":75,\"caption\":\"Emballage Digest\"},\"image\":{\"@id\":\"https:\/\/www.emballagedigest.fr\/#\/schema\/logo\/image\/\"}},{\"@type\":\"Person\",\"@id\":\"https:\/\/www.emballagedigest.fr\/#\/schema\/person\/76abe9f2b2ee4d3d520594c7a35da59f\",\"name\":\"Karine Duval\",\"image\":{\"@type\":\"ImageObject\",\"inLanguage\":\"en-GB\",\"@id\":\"https:\/\/www.emballagedigest.fr\/#\/schema\/person\/image\/\",\"url\":\"https:\/\/secure.gravatar.com\/avatar\/f552799261cdd2e076e6677d780ef07bdb13aa4c196ab75b39abcbcdcae2d4e5?s=96&d=mm&r=g\",\"contentUrl\":\"https:\/\/secure.gravatar.com\/avatar\/f552799261cdd2e076e6677d780ef07bdb13aa4c196ab75b39abcbcdcae2d4e5?s=96&d=mm&r=g\",\"caption\":\"Karine Duval\"},\"url\":\"https:\/\/www.emballagedigest.fr\/en\/author\/admin_karduv\/\"}]}<\/script>\n<!-- \/ Yoast SEO plugin. -->","yoast_head_json":{"title":"Procos renforce sa pr\u00e9sence sur le march\u00e9 am\u00e9ricain - Emballage Digest","robots":{"index":"index","follow":"follow","max-snippet":"max-snippet:-1","max-image-preview":"max-image-preview:large","max-video-preview":"max-video-preview:-1"},"canonical":"https:\/\/www.emballagedigest.fr\/en\/procos-renforce-sa-presence-sur-le-marche-americain\/","og_locale":"en_GB","og_type":"article","og_title":"Procos renforce sa pr\u00e9sence sur le march\u00e9 am\u00e9ricain - Emballage Digest","og_description":"Afin de renforcer sa pr\u00e9sence sur le march\u00e9 am\u00e9ricain, Procos Americas annonce l&rsquo;arriv\u00e9e de Claudia Jacober en tant que Vice-Pr\u00e9sidente Ventes Packaging de Luxe. Cette nomination strat\u00e9gique souligne la volont\u00e9 de Procos de d\u00e9velopper encore plus ses activit\u00e9s sur le march\u00e9 am\u00e9ricain de l&#8217;emballage de luxe. L&rsquo;arriv\u00e9e de Claudia Jacober en tant que Vice-Pr\u00e9sidente Ventes [&hellip;]","og_url":"https:\/\/www.emballagedigest.fr\/en\/procos-renforce-sa-presence-sur-le-marche-americain\/","og_site_name":"Emballage Digest","article_published_time":"2023-07-23T22:29:38+00:00","article_modified_time":"2023-07-23T22:29:40+00:00","og_image":[{"width":800,"height":450,"url":"https:\/\/www.emballagedigest.fr\/wp-content\/uploads\/2023\/07\/Claudia-Jacober-procos.jpg","type":"image\/jpeg"}],"author":"Karine Duval","twitter_card":"summary_large_image","twitter_misc":{"Written by":"Karine Duval","Estimated reading time":"2 minutes"},"schema":{"@context":"https:\/\/schema.org","@graph":[{"@type":"Article","@id":"https:\/\/www.emballagedigest.fr\/procos-renforce-sa-presence-sur-le-marche-americain\/#article","isPartOf":{"@id":"https:\/\/www.emballagedigest.fr\/procos-renforce-sa-presence-sur-le-marche-americain\/"},"author":{"name":"Karine Duval","@id":"https:\/\/www.emballagedigest.fr\/#\/schema\/person\/76abe9f2b2ee4d3d520594c7a35da59f"},"headline":"Procos renforce sa pr\u00e9sence sur le march\u00e9 am\u00e9ricain","datePublished":"2023-07-23T22:29:38+00:00","dateModified":"2023-07-23T22:29:40+00:00","mainEntityOfPage":{"@id":"https:\/\/www.emballagedigest.fr\/procos-renforce-sa-presence-sur-le-marche-americain\/"},"wordCount":285,"publisher":{"@id":"https:\/\/www.emballagedigest.fr\/#organization"},"image":{"@id":"https:\/\/www.emballagedigest.fr\/procos-renforce-sa-presence-sur-le-marche-americain\/#primaryimage"},"thumbnailUrl":"https:\/\/www.emballagedigest.fr\/wp-content\/uploads\/2023\/07\/Claudia-Jacober-procos.jpg","articleSection":["Article entier","Nomination","Packaging","Parfumerie &amp; Cosm\u00e9tique"],"inLanguage":"en-GB"},{"@type":"WebPage","@id":"https:\/\/www.emballagedigest.fr\/procos-renforce-sa-presence-sur-le-marche-americain\/","url":"https:\/\/www.emballagedigest.fr\/procos-renforce-sa-presence-sur-le-marche-americain\/","name":"Procos renforce sa pr\u00e9sence sur le march\u00e9 am\u00e9ricain - Emballage Digest","isPartOf":{"@id":"https:\/\/www.emballagedigest.fr\/#website"},"primaryImageOfPage":{"@id":"https:\/\/www.emballagedigest.fr\/procos-renforce-sa-presence-sur-le-marche-americain\/#primaryimage"},"image":{"@id":"https:\/\/www.emballagedigest.fr\/procos-renforce-sa-presence-sur-le-marche-americain\/#primaryimage"},"thumbnailUrl":"https:\/\/www.emballagedigest.fr\/wp-content\/uploads\/2023\/07\/Claudia-Jacober-procos.jpg","datePublished":"2023-07-23T22:29:38+00:00","dateModified":"2023-07-23T22:29:40+00:00","breadcrumb":{"@id":"https:\/\/www.emballagedigest.fr\/procos-renforce-sa-presence-sur-le-marche-americain\/#breadcrumb"},"inLanguage":"en-GB","potentialAction":[{"@type":"ReadAction","target":["https:\/\/www.emballagedigest.fr\/procos-renforce-sa-presence-sur-le-marche-americain\/"]}]},{"@type":"ImageObject","inLanguage":"en-GB","@id":"https:\/\/www.emballagedigest.fr\/procos-renforce-sa-presence-sur-le-marche-americain\/#primaryimage","url":"https:\/\/www.emballagedigest.fr\/wp-content\/uploads\/2023\/07\/Claudia-Jacober-procos.jpg","contentUrl":"https:\/\/www.emballagedigest.fr\/wp-content\/uploads\/2023\/07\/Claudia-Jacober-procos.jpg","width":800,"height":450},{"@type":"BreadcrumbList","@id":"https:\/\/www.emballagedigest.fr\/procos-renforce-sa-presence-sur-le-marche-americain\/#breadcrumb","itemListElement":[{"@type":"ListItem","position":1,"name":"Accueil","item":"https:\/\/www.emballagedigest.fr\/"},{"@type":"ListItem","position":2,"name":"Procos renforce sa pr\u00e9sence sur le march\u00e9 am\u00e9ricain"}]},{"@type":"WebSite","@id":"https:\/\/www.emballagedigest.fr\/#website","url":"https:\/\/www.emballagedigest.fr\/","name":"Emballage Digest","description":"Revue professionnelle sur les emballages","publisher":{"@id":"https:\/\/www.emballagedigest.fr\/#organization"},"potentialAction":[{"@type":"SearchAction","target":{"@type":"EntryPoint","urlTemplate":"https:\/\/www.emballagedigest.fr\/?s={search_term_string}"},"query-input":{"@type":"PropertyValueSpecification","valueRequired":true,"valueName":"search_term_string"}}],"inLanguage":"en-GB"},{"@type":"Organization","@id":"https:\/\/www.emballagedigest.fr\/#organization","name":"Emballage Digest","url":"https:\/\/www.emballagedigest.fr\/","logo":{"@type":"ImageObject","inLanguage":"en-GB","@id":"https:\/\/www.emballagedigest.fr\/#\/schema\/logo\/image\/","url":"https:\/\/www.emballagedigest.fr\/wp-content\/uploads\/2022\/07\/logo-ed.png","contentUrl":"https:\/\/www.emballagedigest.fr\/wp-content\/uploads\/2022\/07\/logo-ed.png","width":379,"height":75,"caption":"Emballage Digest"},"image":{"@id":"https:\/\/www.emballagedigest.fr\/#\/schema\/logo\/image\/"}},{"@type":"Person","@id":"https:\/\/www.emballagedigest.fr\/#\/schema\/person\/76abe9f2b2ee4d3d520594c7a35da59f","name":"Karine Duval","image":{"@type":"ImageObject","inLanguage":"en-GB","@id":"https:\/\/www.emballagedigest.fr\/#\/schema\/person\/image\/","url":"https:\/\/secure.gravatar.com\/avatar\/f552799261cdd2e076e6677d780ef07bdb13aa4c196ab75b39abcbcdcae2d4e5?s=96&d=mm&r=g","contentUrl":"https:\/\/secure.gravatar.com\/avatar\/f552799261cdd2e076e6677d780ef07bdb13aa4c196ab75b39abcbcdcae2d4e5?s=96&d=mm&r=g","caption":"Karine Duval"},"url":"https:\/\/www.emballagedigest.fr\/en\/author\/admin_karduv\/"}]}},"_links":{"self":[{"href":"https:\/\/www.emballagedigest.fr\/en\/wp-json\/wp\/v2\/posts\/37978","targetHints":{"allow":["GET"]}}],"collection":[{"href":"https:\/\/www.emballagedigest.fr\/en\/wp-json\/wp\/v2\/posts"}],"about":[{"href":"https:\/\/www.emballagedigest.fr\/en\/wp-json\/wp\/v2\/types\/post"}],"author":[{"embeddable":true,"href":"https:\/\/www.emballagedigest.fr\/en\/wp-json\/wp\/v2\/users\/2"}],"replies":[{"embeddable":true,"href":"https:\/\/www.emballagedigest.fr\/en\/wp-json\/wp\/v2\/comments?post=37978"}],"version-history":[{"count":2,"href":"https:\/\/www.emballagedigest.fr\/en\/wp-json\/wp\/v2\/posts\/37978\/revisions"}],"predecessor-version":[{"id":37981,"href":"https:\/\/www.emballagedigest.fr\/en\/wp-json\/wp\/v2\/posts\/37978\/revisions\/37981"}],"wp:featuredmedia":[{"embeddable":true,"href":"https:\/\/www.emballagedigest.fr\/en\/wp-json\/wp\/v2\/media\/37979"}],"wp:attachment":[{"href":"https:\/\/www.emballagedigest.fr\/en\/wp-json\/wp\/v2\/media?parent=37978"}],"wp:term":[{"taxonomy":"category","embeddable":true,"href":"https:\/\/www.emballagedigest.fr\/en\/wp-json\/wp\/v2\/categories?post=37978"},{"taxonomy":"post_tag","embeddable":true,"href":"https:\/\/www.emballagedigest.fr\/en\/wp-json\/wp\/v2\/tags?post=37978"}],"curies":[{"name":"wp","href":"https:\/\/api.w.org\/{rel}","templated":true}]}}