{"id":38359,"date":"2023-09-22T09:36:34","date_gmt":"2023-09-22T07:36:34","guid":{"rendered":"https:\/\/www.emballagedigest.fr\/?p=38359"},"modified":"2023-09-22T09:36:35","modified_gmt":"2023-09-22T07:36:35","slug":"syntegon-nomme-torsten-turling-au-poste-de-pdg","status":"publish","type":"post","link":"https:\/\/www.emballagedigest.fr\/en\/syntegon-nomme-torsten-turling-au-poste-de-pdg\/","title":{"rendered":"Syntegon nomme Torsten T\u00fcrling au poste de pdg"},"content":{"rendered":"<p><strong>Il succ\u00e8de au Dr Michael Grosse, qui quittera l&rsquo;entreprise d&rsquo;un commun accord le 31 octobre 2023, apr\u00e8s trois ans et demi \u00e0 ce poste.<\/strong><\/p>\n\n\n\n<p>Avec Torsten T\u00fcrling, Syntegon s\u2019offre un strat\u00e8ge orient\u00e9 vers la croissance et fortement ax\u00e9 sur la mise en \u0153uvre op\u00e9rationnelle. Fort de 30 ans d&rsquo;exp\u00e9rience internationale en mati\u00e8re de gestion et de vente, ainsi qu&rsquo;une vaste exp\u00e9rience en management \u00e0 la t\u00eate d&rsquo;entreprises cot\u00e9es en bourse et priv\u00e9es de renom \u00e0 l\u2019instar de Nilfisk au Danemark ou encore d&rsquo;Ideal Standard International et de Linde, Torsten T\u00fcrling est titulaire d&rsquo;une ma\u00eetrise en administration des affaires de l&rsquo;universit\u00e9 de Sarrebruck et d&rsquo;une ma\u00eetrise en gestion des affaires de l&rsquo;universit\u00e9 d&rsquo;Amsterdam. Il succ\u00e8de ainsi \u00e0 Michael Grosse, pdg de Syntegon depuis 2020, ayant \u0153uvr\u00e9 \u00e0 la transformation de l&rsquo;entreprise en un groupe international ind\u00e9pendant apr\u00e8s sa scission de Bosch \u00e0 la fin 2019.<\/p>\n\n\n\n<p>\u00ab&nbsp;Michael Grosse a conduit l&rsquo;entreprise en toute s\u00e9curit\u00e9 \u00e0 travers la pand\u00e9mie et la crise actuelle de la cha\u00eene d&rsquo;approvisionnement mondiale. Sous sa direction, Syntegon a r\u00e9alis\u00e9 d&rsquo;excellents progr\u00e8s ces derni\u00e8res ann\u00e9es. Pour la prochaine phase du d\u00e9veloppement de Syntegon, nous sommes ravis d&rsquo;accueillir Torsten T\u00fcrling, un directeur exp\u00e9riment\u00e9 au niveau international et dot\u00e9 d&rsquo;une expertise commerciale \u00e9prouv\u00e9e. En mettant l&rsquo;accent sur l&rsquo;innovation et l&rsquo;expansion des structures de vente, Torsten contribuera \u00e0 la croissance de l&rsquo;entreprise&nbsp;\u00bb, a comment\u00e9 Marc Strobel, pr\u00e9sident du conseil de surveillance de Syntegon.<\/p>\n\n\n\n<p>\u00ab&nbsp;C\u2019est un grand plaisir et un honneur de diriger Syntegon sur son chemin pour devenir un fournisseur ind\u00e9pendant, leader et mondial de solutions de traitement et d&#8217;emballage innovantes et durables&nbsp;\u00bb, a ajout\u00e9 Torsten T\u00fcrling.<\/p>","protected":false},"excerpt":{"rendered":"<p>Il succ\u00e8de au Dr Michael Grosse, qui quittera l&rsquo;entreprise d&rsquo;un commun accord le 31 octobre 2023, apr\u00e8s trois ans et demi \u00e0 ce poste. Avec Torsten T\u00fcrling, Syntegon s\u2019offre un strat\u00e8ge orient\u00e9 vers la croissance et fortement ax\u00e9 sur la mise en \u0153uvre op\u00e9rationnelle. Fort de 30 ans d&rsquo;exp\u00e9rience internationale en mati\u00e8re de gestion et [&hellip;]<\/p>","protected":false},"author":2,"featured_media":38360,"comment_status":"closed","ping_status":"closed","sticky":false,"template":"","format":"standard","meta":{"_acf_changed":false,"inline_featured_image":false,"iawp_total_views":1,"footnotes":""},"categories":[5,28,81],"tags":[],"class_list":["post-38359","post","type-post","status-publish","format-standard","has-post-thumbnail","hentry","category-alimentaire","category-article-entier","category-packaging"],"acf":[],"yoast_head":"<!-- This site is optimized with the Yoast SEO plugin v24.4 - https:\/\/yoast.com\/wordpress\/plugins\/seo\/ -->\n<title>Syntegon nomme Torsten T\u00fcrling au poste de pdg - Emballage Digest<\/title>\n<meta name=\"robots\" content=\"index, follow, max-snippet:-1, max-image-preview:large, max-video-preview:-1\" \/>\n<link rel=\"canonical\" href=\"https:\/\/www.emballagedigest.fr\/en\/syntegon-nomme-torsten-turling-au-poste-de-pdg\/\" \/>\n<meta property=\"og:locale\" content=\"en_GB\" \/>\n<meta property=\"og:type\" content=\"article\" \/>\n<meta property=\"og:title\" content=\"Syntegon nomme Torsten T\u00fcrling au poste de pdg - Emballage Digest\" \/>\n<meta property=\"og:description\" content=\"Il succ\u00e8de au Dr Michael Grosse, qui quittera l&rsquo;entreprise d&rsquo;un commun accord le 31 octobre 2023, apr\u00e8s trois ans et demi \u00e0 ce poste. Avec Torsten T\u00fcrling, Syntegon s\u2019offre un strat\u00e8ge orient\u00e9 vers la croissance et fortement ax\u00e9 sur la mise en \u0153uvre op\u00e9rationnelle. Fort de 30 ans d&rsquo;exp\u00e9rience internationale en mati\u00e8re de gestion et [&hellip;]\" \/>\n<meta property=\"og:url\" content=\"https:\/\/www.emballagedigest.fr\/en\/syntegon-nomme-torsten-turling-au-poste-de-pdg\/\" \/>\n<meta property=\"og:site_name\" content=\"Emballage Digest\" \/>\n<meta property=\"article:published_time\" content=\"2023-09-22T07:36:34+00:00\" \/>\n<meta property=\"article:modified_time\" content=\"2023-09-22T07:36:35+00:00\" \/>\n<meta property=\"og:image\" content=\"https:\/\/www.emballagedigest.fr\/wp-content\/uploads\/2023\/09\/syntegon.jpg\" \/>\n\t<meta property=\"og:image:width\" content=\"800\" \/>\n\t<meta property=\"og:image:height\" content=\"569\" \/>\n\t<meta property=\"og:image:type\" content=\"image\/jpeg\" \/>\n<meta name=\"author\" content=\"Karine Duval\" \/>\n<meta name=\"twitter:card\" content=\"summary_large_image\" \/>\n<meta name=\"twitter:label1\" content=\"Written by\" \/>\n\t<meta name=\"twitter:data1\" content=\"Karine Duval\" \/>\n\t<meta name=\"twitter:label2\" content=\"Estimated reading time\" \/>\n\t<meta name=\"twitter:data2\" content=\"2 minutes\" \/>\n<script type=\"application\/ld+json\" class=\"yoast-schema-graph\">{\"@context\":\"https:\/\/schema.org\",\"@graph\":[{\"@type\":\"Article\",\"@id\":\"https:\/\/www.emballagedigest.fr\/syntegon-nomme-torsten-turling-au-poste-de-pdg\/#article\",\"isPartOf\":{\"@id\":\"https:\/\/www.emballagedigest.fr\/syntegon-nomme-torsten-turling-au-poste-de-pdg\/\"},\"author\":{\"name\":\"Karine Duval\",\"@id\":\"https:\/\/www.emballagedigest.fr\/#\/schema\/person\/76abe9f2b2ee4d3d520594c7a35da59f\"},\"headline\":\"Syntegon nomme Torsten T\u00fcrling au poste de pdg\",\"datePublished\":\"2023-09-22T07:36:34+00:00\",\"dateModified\":\"2023-09-22T07:36:35+00:00\",\"mainEntityOfPage\":{\"@id\":\"https:\/\/www.emballagedigest.fr\/syntegon-nomme-torsten-turling-au-poste-de-pdg\/\"},\"wordCount\":321,\"publisher\":{\"@id\":\"https:\/\/www.emballagedigest.fr\/#organization\"},\"image\":{\"@id\":\"https:\/\/www.emballagedigest.fr\/syntegon-nomme-torsten-turling-au-poste-de-pdg\/#primaryimage\"},\"thumbnailUrl\":\"https:\/\/www.emballagedigest.fr\/wp-content\/uploads\/2023\/09\/syntegon.jpg\",\"articleSection\":[\"Alimentaire\",\"Article entier\",\"Packaging\"],\"inLanguage\":\"en-GB\"},{\"@type\":\"WebPage\",\"@id\":\"https:\/\/www.emballagedigest.fr\/syntegon-nomme-torsten-turling-au-poste-de-pdg\/\",\"url\":\"https:\/\/www.emballagedigest.fr\/syntegon-nomme-torsten-turling-au-poste-de-pdg\/\",\"name\":\"Syntegon nomme Torsten T\u00fcrling au poste de pdg - Emballage Digest\",\"isPartOf\":{\"@id\":\"https:\/\/www.emballagedigest.fr\/#website\"},\"primaryImageOfPage\":{\"@id\":\"https:\/\/www.emballagedigest.fr\/syntegon-nomme-torsten-turling-au-poste-de-pdg\/#primaryimage\"},\"image\":{\"@id\":\"https:\/\/www.emballagedigest.fr\/syntegon-nomme-torsten-turling-au-poste-de-pdg\/#primaryimage\"},\"thumbnailUrl\":\"https:\/\/www.emballagedigest.fr\/wp-content\/uploads\/2023\/09\/syntegon.jpg\",\"datePublished\":\"2023-09-22T07:36:34+00:00\",\"dateModified\":\"2023-09-22T07:36:35+00:00\",\"breadcrumb\":{\"@id\":\"https:\/\/www.emballagedigest.fr\/syntegon-nomme-torsten-turling-au-poste-de-pdg\/#breadcrumb\"},\"inLanguage\":\"en-GB\",\"potentialAction\":[{\"@type\":\"ReadAction\",\"target\":[\"https:\/\/www.emballagedigest.fr\/syntegon-nomme-torsten-turling-au-poste-de-pdg\/\"]}]},{\"@type\":\"ImageObject\",\"inLanguage\":\"en-GB\",\"@id\":\"https:\/\/www.emballagedigest.fr\/syntegon-nomme-torsten-turling-au-poste-de-pdg\/#primaryimage\",\"url\":\"https:\/\/www.emballagedigest.fr\/wp-content\/uploads\/2023\/09\/syntegon.jpg\",\"contentUrl\":\"https:\/\/www.emballagedigest.fr\/wp-content\/uploads\/2023\/09\/syntegon.jpg\",\"width\":800,\"height\":569},{\"@type\":\"BreadcrumbList\",\"@id\":\"https:\/\/www.emballagedigest.fr\/syntegon-nomme-torsten-turling-au-poste-de-pdg\/#breadcrumb\",\"itemListElement\":[{\"@type\":\"ListItem\",\"position\":1,\"name\":\"Accueil\",\"item\":\"https:\/\/www.emballagedigest.fr\/\"},{\"@type\":\"ListItem\",\"position\":2,\"name\":\"Syntegon nomme Torsten T\u00fcrling au poste de pdg\"}]},{\"@type\":\"WebSite\",\"@id\":\"https:\/\/www.emballagedigest.fr\/#website\",\"url\":\"https:\/\/www.emballagedigest.fr\/\",\"name\":\"Emballage Digest\",\"description\":\"Revue professionnelle sur les emballages\",\"publisher\":{\"@id\":\"https:\/\/www.emballagedigest.fr\/#organization\"},\"potentialAction\":[{\"@type\":\"SearchAction\",\"target\":{\"@type\":\"EntryPoint\",\"urlTemplate\":\"https:\/\/www.emballagedigest.fr\/?s={search_term_string}\"},\"query-input\":{\"@type\":\"PropertyValueSpecification\",\"valueRequired\":true,\"valueName\":\"search_term_string\"}}],\"inLanguage\":\"en-GB\"},{\"@type\":\"Organization\",\"@id\":\"https:\/\/www.emballagedigest.fr\/#organization\",\"name\":\"Emballage Digest\",\"url\":\"https:\/\/www.emballagedigest.fr\/\",\"logo\":{\"@type\":\"ImageObject\",\"inLanguage\":\"en-GB\",\"@id\":\"https:\/\/www.emballagedigest.fr\/#\/schema\/logo\/image\/\",\"url\":\"https:\/\/www.emballagedigest.fr\/wp-content\/uploads\/2022\/07\/logo-ed.png\",\"contentUrl\":\"https:\/\/www.emballagedigest.fr\/wp-content\/uploads\/2022\/07\/logo-ed.png\",\"width\":379,\"height\":75,\"caption\":\"Emballage Digest\"},\"image\":{\"@id\":\"https:\/\/www.emballagedigest.fr\/#\/schema\/logo\/image\/\"}},{\"@type\":\"Person\",\"@id\":\"https:\/\/www.emballagedigest.fr\/#\/schema\/person\/76abe9f2b2ee4d3d520594c7a35da59f\",\"name\":\"Karine Duval\",\"image\":{\"@type\":\"ImageObject\",\"inLanguage\":\"en-GB\",\"@id\":\"https:\/\/www.emballagedigest.fr\/#\/schema\/person\/image\/\",\"url\":\"https:\/\/secure.gravatar.com\/avatar\/f552799261cdd2e076e6677d780ef07bdb13aa4c196ab75b39abcbcdcae2d4e5?s=96&d=mm&r=g\",\"contentUrl\":\"https:\/\/secure.gravatar.com\/avatar\/f552799261cdd2e076e6677d780ef07bdb13aa4c196ab75b39abcbcdcae2d4e5?s=96&d=mm&r=g\",\"caption\":\"Karine Duval\"},\"url\":\"https:\/\/www.emballagedigest.fr\/en\/author\/admin_karduv\/\"}]}<\/script>\n<!-- \/ Yoast SEO plugin. -->","yoast_head_json":{"title":"Syntegon nomme Torsten T\u00fcrling au poste de pdg - Emballage Digest","robots":{"index":"index","follow":"follow","max-snippet":"max-snippet:-1","max-image-preview":"max-image-preview:large","max-video-preview":"max-video-preview:-1"},"canonical":"https:\/\/www.emballagedigest.fr\/en\/syntegon-nomme-torsten-turling-au-poste-de-pdg\/","og_locale":"en_GB","og_type":"article","og_title":"Syntegon nomme Torsten T\u00fcrling au poste de pdg - Emballage Digest","og_description":"Il succ\u00e8de au Dr Michael Grosse, qui quittera l&rsquo;entreprise d&rsquo;un commun accord le 31 octobre 2023, apr\u00e8s trois ans et demi \u00e0 ce poste. Avec Torsten T\u00fcrling, Syntegon s\u2019offre un strat\u00e8ge orient\u00e9 vers la croissance et fortement ax\u00e9 sur la mise en \u0153uvre op\u00e9rationnelle. Fort de 30 ans d&rsquo;exp\u00e9rience internationale en mati\u00e8re de gestion et [&hellip;]","og_url":"https:\/\/www.emballagedigest.fr\/en\/syntegon-nomme-torsten-turling-au-poste-de-pdg\/","og_site_name":"Emballage Digest","article_published_time":"2023-09-22T07:36:34+00:00","article_modified_time":"2023-09-22T07:36:35+00:00","og_image":[{"width":800,"height":569,"url":"https:\/\/www.emballagedigest.fr\/wp-content\/uploads\/2023\/09\/syntegon.jpg","type":"image\/jpeg"}],"author":"Karine Duval","twitter_card":"summary_large_image","twitter_misc":{"Written by":"Karine Duval","Estimated reading time":"2 minutes"},"schema":{"@context":"https:\/\/schema.org","@graph":[{"@type":"Article","@id":"https:\/\/www.emballagedigest.fr\/syntegon-nomme-torsten-turling-au-poste-de-pdg\/#article","isPartOf":{"@id":"https:\/\/www.emballagedigest.fr\/syntegon-nomme-torsten-turling-au-poste-de-pdg\/"},"author":{"name":"Karine Duval","@id":"https:\/\/www.emballagedigest.fr\/#\/schema\/person\/76abe9f2b2ee4d3d520594c7a35da59f"},"headline":"Syntegon nomme Torsten T\u00fcrling au poste de pdg","datePublished":"2023-09-22T07:36:34+00:00","dateModified":"2023-09-22T07:36:35+00:00","mainEntityOfPage":{"@id":"https:\/\/www.emballagedigest.fr\/syntegon-nomme-torsten-turling-au-poste-de-pdg\/"},"wordCount":321,"publisher":{"@id":"https:\/\/www.emballagedigest.fr\/#organization"},"image":{"@id":"https:\/\/www.emballagedigest.fr\/syntegon-nomme-torsten-turling-au-poste-de-pdg\/#primaryimage"},"thumbnailUrl":"https:\/\/www.emballagedigest.fr\/wp-content\/uploads\/2023\/09\/syntegon.jpg","articleSection":["Alimentaire","Article entier","Packaging"],"inLanguage":"en-GB"},{"@type":"WebPage","@id":"https:\/\/www.emballagedigest.fr\/syntegon-nomme-torsten-turling-au-poste-de-pdg\/","url":"https:\/\/www.emballagedigest.fr\/syntegon-nomme-torsten-turling-au-poste-de-pdg\/","name":"Syntegon nomme Torsten T\u00fcrling au poste de pdg - Emballage Digest","isPartOf":{"@id":"https:\/\/www.emballagedigest.fr\/#website"},"primaryImageOfPage":{"@id":"https:\/\/www.emballagedigest.fr\/syntegon-nomme-torsten-turling-au-poste-de-pdg\/#primaryimage"},"image":{"@id":"https:\/\/www.emballagedigest.fr\/syntegon-nomme-torsten-turling-au-poste-de-pdg\/#primaryimage"},"thumbnailUrl":"https:\/\/www.emballagedigest.fr\/wp-content\/uploads\/2023\/09\/syntegon.jpg","datePublished":"2023-09-22T07:36:34+00:00","dateModified":"2023-09-22T07:36:35+00:00","breadcrumb":{"@id":"https:\/\/www.emballagedigest.fr\/syntegon-nomme-torsten-turling-au-poste-de-pdg\/#breadcrumb"},"inLanguage":"en-GB","potentialAction":[{"@type":"ReadAction","target":["https:\/\/www.emballagedigest.fr\/syntegon-nomme-torsten-turling-au-poste-de-pdg\/"]}]},{"@type":"ImageObject","inLanguage":"en-GB","@id":"https:\/\/www.emballagedigest.fr\/syntegon-nomme-torsten-turling-au-poste-de-pdg\/#primaryimage","url":"https:\/\/www.emballagedigest.fr\/wp-content\/uploads\/2023\/09\/syntegon.jpg","contentUrl":"https:\/\/www.emballagedigest.fr\/wp-content\/uploads\/2023\/09\/syntegon.jpg","width":800,"height":569},{"@type":"BreadcrumbList","@id":"https:\/\/www.emballagedigest.fr\/syntegon-nomme-torsten-turling-au-poste-de-pdg\/#breadcrumb","itemListElement":[{"@type":"ListItem","position":1,"name":"Accueil","item":"https:\/\/www.emballagedigest.fr\/"},{"@type":"ListItem","position":2,"name":"Syntegon nomme Torsten T\u00fcrling au poste de pdg"}]},{"@type":"WebSite","@id":"https:\/\/www.emballagedigest.fr\/#website","url":"https:\/\/www.emballagedigest.fr\/","name":"Emballage Digest","description":"Revue professionnelle sur les emballages","publisher":{"@id":"https:\/\/www.emballagedigest.fr\/#organization"},"potentialAction":[{"@type":"SearchAction","target":{"@type":"EntryPoint","urlTemplate":"https:\/\/www.emballagedigest.fr\/?s={search_term_string}"},"query-input":{"@type":"PropertyValueSpecification","valueRequired":true,"valueName":"search_term_string"}}],"inLanguage":"en-GB"},{"@type":"Organization","@id":"https:\/\/www.emballagedigest.fr\/#organization","name":"Emballage Digest","url":"https:\/\/www.emballagedigest.fr\/","logo":{"@type":"ImageObject","inLanguage":"en-GB","@id":"https:\/\/www.emballagedigest.fr\/#\/schema\/logo\/image\/","url":"https:\/\/www.emballagedigest.fr\/wp-content\/uploads\/2022\/07\/logo-ed.png","contentUrl":"https:\/\/www.emballagedigest.fr\/wp-content\/uploads\/2022\/07\/logo-ed.png","width":379,"height":75,"caption":"Emballage Digest"},"image":{"@id":"https:\/\/www.emballagedigest.fr\/#\/schema\/logo\/image\/"}},{"@type":"Person","@id":"https:\/\/www.emballagedigest.fr\/#\/schema\/person\/76abe9f2b2ee4d3d520594c7a35da59f","name":"Karine Duval","image":{"@type":"ImageObject","inLanguage":"en-GB","@id":"https:\/\/www.emballagedigest.fr\/#\/schema\/person\/image\/","url":"https:\/\/secure.gravatar.com\/avatar\/f552799261cdd2e076e6677d780ef07bdb13aa4c196ab75b39abcbcdcae2d4e5?s=96&d=mm&r=g","contentUrl":"https:\/\/secure.gravatar.com\/avatar\/f552799261cdd2e076e6677d780ef07bdb13aa4c196ab75b39abcbcdcae2d4e5?s=96&d=mm&r=g","caption":"Karine Duval"},"url":"https:\/\/www.emballagedigest.fr\/en\/author\/admin_karduv\/"}]}},"_links":{"self":[{"href":"https:\/\/www.emballagedigest.fr\/en\/wp-json\/wp\/v2\/posts\/38359","targetHints":{"allow":["GET"]}}],"collection":[{"href":"https:\/\/www.emballagedigest.fr\/en\/wp-json\/wp\/v2\/posts"}],"about":[{"href":"https:\/\/www.emballagedigest.fr\/en\/wp-json\/wp\/v2\/types\/post"}],"author":[{"embeddable":true,"href":"https:\/\/www.emballagedigest.fr\/en\/wp-json\/wp\/v2\/users\/2"}],"replies":[{"embeddable":true,"href":"https:\/\/www.emballagedigest.fr\/en\/wp-json\/wp\/v2\/comments?post=38359"}],"version-history":[{"count":2,"href":"https:\/\/www.emballagedigest.fr\/en\/wp-json\/wp\/v2\/posts\/38359\/revisions"}],"predecessor-version":[{"id":38362,"href":"https:\/\/www.emballagedigest.fr\/en\/wp-json\/wp\/v2\/posts\/38359\/revisions\/38362"}],"wp:featuredmedia":[{"embeddable":true,"href":"https:\/\/www.emballagedigest.fr\/en\/wp-json\/wp\/v2\/media\/38360"}],"wp:attachment":[{"href":"https:\/\/www.emballagedigest.fr\/en\/wp-json\/wp\/v2\/media?parent=38359"}],"wp:term":[{"taxonomy":"category","embeddable":true,"href":"https:\/\/www.emballagedigest.fr\/en\/wp-json\/wp\/v2\/categories?post=38359"},{"taxonomy":"post_tag","embeddable":true,"href":"https:\/\/www.emballagedigest.fr\/en\/wp-json\/wp\/v2\/tags?post=38359"}],"curies":[{"name":"wp","href":"https:\/\/api.w.org\/{rel}","templated":true}]}}