{"id":38367,"date":"2023-09-25T09:32:30","date_gmt":"2023-09-25T07:32:30","guid":{"rendered":"https:\/\/www.emballagedigest.fr\/?p=38367"},"modified":"2023-09-26T00:21:40","modified_gmt":"2023-09-25T22:21:40","slug":"sudpack-medica-etend-sa-capacite-de-production-de-sachets-en-salle-blanche","status":"publish","type":"post","link":"https:\/\/www.emballagedigest.fr\/en\/sudpack-medica-etend-sa-capacite-de-production-de-sachets-en-salle-blanche\/","title":{"rendered":"S\u00fcdpack Medica \u00e9tend sa capacit\u00e9 de production de sachets en salle blanche"},"content":{"rendered":"<p><strong>Pour r\u00e9pondre \u00e0 la demande croissante de solutions d\u2019emballage de produits st\u00e9riles, S<\/strong><strong>\u00fcdpack<\/strong><strong> Medica<\/strong><strong> <\/strong><strong>investit dans l\u2019extension de son site fran\u00e7ais dans l\u2019Orne. Le 19 septembre, l\u2019entreprise a donn\u00e9 le premier coup de pioche sur son site de Coulmer, une \u00e9tape majeure pour renforcer sa production de sachets dans des conditions de salle blanche ISO 7. <\/strong><strong><\/strong><\/p>\n\n\n\n<p>\u00ab\u00a0L\u2019extension de nos capacit\u00e9s de production va nous permettre de nous positionner plus solidement encore dans l\u2019industrie pharmaceutique, parall\u00e8lement \u00e0 l\u2019industrie des produits m\u00e9dicaux\u00a0\u00bb, souligne Thomas Freis, g\u00e9rant de S\u00fcdpack Medica. Depuis plus de 30 ans, le groupe est un partenaire reconnu du secteur de la sant\u00e9. Le site de Coulmer produit essentiellement des sachets \u00e0 barri\u00e8re st\u00e9rile, utilis\u00e9s par exemple pour l\u2019emballage d\u2019implants. La gamme propose \u00e9galement un large \u00e9ventail de produits en bobines et de solutions d\u2019operculage en film, Tyvek\u00ae et papier. Les Headerbags constitueront un point fort de la future production, notamment pour les produits volumineux du secteur de la technique m\u00e9dicale qui sont g\u00e9n\u00e9ralement soumis \u00e0 une st\u00e9rilisation \u00e0 l\u2019oxyde d\u2019\u00e9thyl\u00e8ne (EtO). Ils sont notamment utilis\u00e9s pour les nests \u00e0 seringues, les bo\u00eetes \u00e0 pipettes, les sets chirurgicaux, les produits de soins des plaies et les textiles chirurgicaux.<\/p>\n\n\n\n<p>Au cours des derni\u00e8res ann\u00e9es, des investissements ont \u00e9t\u00e9 r\u00e9alis\u00e9s dans des installations de sachets tubulaires et de sachets trois soudures afin de r\u00e9pondre \u00e0 la demande accrue de films et de sachets pouvant \u00eatre utilis\u00e9s \u00e0 diff\u00e9rentes \u00e9tapes du process de fabrication, y compris dans l\u2019industrie pharmaceutique. Ils constituent un concept d\u2019emballage optimal pour le conditionnement de produits tels que les obturateurs, les filtres ou les connecteurs, mais ils sont \u00e9galement utilis\u00e9s comme simples emballages interm\u00e9diaires et, surtout, comme emballages de transfert.<\/p>\n\n\n\n<p>C\u2019est justement pour ces emballages de transport ou de processus, utilis\u00e9s pour le transfert de salle blanche en salle blanche, que Thomas Freis entrevoit un immense potentiel de march\u00e9 pour S\u00fcdpack Medica\u00a0: \u00ab\u00a0Les flacons en verre, les ampoules ou les seringues indispensables \u00e0 l\u2019administration de produits liquides, par exemple sous forme de perfusion, doivent \u00eatre imp\u00e9rativement exempts de germes avant d\u2019\u00eatre remplis. L\u2019agrandissement de l\u2019usine va nous permettre de doubler pratiquement notre surface de production en salle blanche dans les conditions ISO 7 et positionner l\u2019usine de Coulmer en tant de fournisseur incontournable sur le march\u00e9 des emballages st\u00e9riles, n\u00e9cessitant des produits de grande qualit\u00e9\u00a0\u00bb.<\/p>","protected":false},"excerpt":{"rendered":"<p>Pour r\u00e9pondre \u00e0 la demande croissante de solutions d\u2019emballage de produits st\u00e9riles, S\u00fcdpack Medica investit dans l\u2019extension de son site fran\u00e7ais dans l\u2019Orne. Le 19 septembre, l\u2019entreprise a donn\u00e9 le premier coup de pioche sur son site de Coulmer, une \u00e9tape majeure pour renforcer sa production de sachets dans des conditions de salle blanche ISO [&hellip;]<\/p>","protected":false},"author":2,"featured_media":38368,"comment_status":"closed","ping_status":"closed","sticky":false,"template":"","format":"standard","meta":{"_acf_changed":false,"inline_featured_image":false,"iawp_total_views":1,"footnotes":""},"categories":[28,81,7],"tags":[],"class_list":["post-38367","post","type-post","status-publish","format-standard","has-post-thumbnail","hentry","category-article-entier","category-packaging","category-pharmacie"],"acf":[],"yoast_head":"<!-- This site is optimized with the Yoast SEO plugin v24.4 - https:\/\/yoast.com\/wordpress\/plugins\/seo\/ -->\n<title>S\u00fcdpack Medica \u00e9tend sa capacit\u00e9 de production de sachets en salle blanche - Emballage Digest<\/title>\n<meta name=\"robots\" content=\"index, follow, max-snippet:-1, max-image-preview:large, max-video-preview:-1\" \/>\n<link rel=\"canonical\" href=\"https:\/\/www.emballagedigest.fr\/en\/sudpack-medica-etend-sa-capacite-de-production-de-sachets-en-salle-blanche\/\" \/>\n<meta property=\"og:locale\" content=\"en_GB\" \/>\n<meta property=\"og:type\" content=\"article\" \/>\n<meta property=\"og:title\" content=\"S\u00fcdpack Medica \u00e9tend sa capacit\u00e9 de production de sachets en salle blanche - Emballage Digest\" \/>\n<meta property=\"og:description\" content=\"Pour r\u00e9pondre \u00e0 la demande croissante de solutions d\u2019emballage de produits st\u00e9riles, S\u00fcdpack Medica investit dans l\u2019extension de son site fran\u00e7ais dans l\u2019Orne. Le 19 septembre, l\u2019entreprise a donn\u00e9 le premier coup de pioche sur son site de Coulmer, une \u00e9tape majeure pour renforcer sa production de sachets dans des conditions de salle blanche ISO [&hellip;]\" \/>\n<meta property=\"og:url\" content=\"https:\/\/www.emballagedigest.fr\/en\/sudpack-medica-etend-sa-capacite-de-production-de-sachets-en-salle-blanche\/\" \/>\n<meta property=\"og:site_name\" content=\"Emballage Digest\" \/>\n<meta property=\"article:published_time\" content=\"2023-09-25T07:32:30+00:00\" \/>\n<meta property=\"article:modified_time\" content=\"2023-09-25T22:21:40+00:00\" \/>\n<meta property=\"og:image\" content=\"https:\/\/www.emballagedigest.fr\/wp-content\/uploads\/2023\/09\/SUDPACK.jpg\" \/>\n\t<meta property=\"og:image:width\" content=\"800\" \/>\n\t<meta property=\"og:image:height\" content=\"528\" \/>\n\t<meta property=\"og:image:type\" content=\"image\/jpeg\" \/>\n<meta name=\"author\" content=\"Karine Duval\" \/>\n<meta name=\"twitter:card\" content=\"summary_large_image\" \/>\n<meta name=\"twitter:label1\" content=\"Written by\" \/>\n\t<meta name=\"twitter:data1\" content=\"Karine Duval\" \/>\n\t<meta name=\"twitter:label2\" content=\"Estimated reading time\" \/>\n\t<meta name=\"twitter:data2\" content=\"2 minutes\" \/>\n<script type=\"application\/ld+json\" class=\"yoast-schema-graph\">{\"@context\":\"https:\/\/schema.org\",\"@graph\":[{\"@type\":\"Article\",\"@id\":\"https:\/\/www.emballagedigest.fr\/sudpack-medica-etend-sa-capacite-de-production-de-sachets-en-salle-blanche\/#article\",\"isPartOf\":{\"@id\":\"https:\/\/www.emballagedigest.fr\/sudpack-medica-etend-sa-capacite-de-production-de-sachets-en-salle-blanche\/\"},\"author\":{\"name\":\"Karine Duval\",\"@id\":\"https:\/\/www.emballagedigest.fr\/#\/schema\/person\/76abe9f2b2ee4d3d520594c7a35da59f\"},\"headline\":\"S\u00fcdpack Medica \u00e9tend sa capacit\u00e9 de production de sachets en salle blanche\",\"datePublished\":\"2023-09-25T07:32:30+00:00\",\"dateModified\":\"2023-09-25T22:21:40+00:00\",\"mainEntityOfPage\":{\"@id\":\"https:\/\/www.emballagedigest.fr\/sudpack-medica-etend-sa-capacite-de-production-de-sachets-en-salle-blanche\/\"},\"wordCount\":438,\"publisher\":{\"@id\":\"https:\/\/www.emballagedigest.fr\/#organization\"},\"image\":{\"@id\":\"https:\/\/www.emballagedigest.fr\/sudpack-medica-etend-sa-capacite-de-production-de-sachets-en-salle-blanche\/#primaryimage\"},\"thumbnailUrl\":\"https:\/\/www.emballagedigest.fr\/wp-content\/uploads\/2023\/09\/SUDPACK.jpg\",\"articleSection\":[\"Article entier\",\"Packaging\",\"Pharmacie\"],\"inLanguage\":\"en-GB\"},{\"@type\":\"WebPage\",\"@id\":\"https:\/\/www.emballagedigest.fr\/sudpack-medica-etend-sa-capacite-de-production-de-sachets-en-salle-blanche\/\",\"url\":\"https:\/\/www.emballagedigest.fr\/sudpack-medica-etend-sa-capacite-de-production-de-sachets-en-salle-blanche\/\",\"name\":\"S\u00fcdpack Medica \u00e9tend sa capacit\u00e9 de production de sachets en salle blanche - Emballage Digest\",\"isPartOf\":{\"@id\":\"https:\/\/www.emballagedigest.fr\/#website\"},\"primaryImageOfPage\":{\"@id\":\"https:\/\/www.emballagedigest.fr\/sudpack-medica-etend-sa-capacite-de-production-de-sachets-en-salle-blanche\/#primaryimage\"},\"image\":{\"@id\":\"https:\/\/www.emballagedigest.fr\/sudpack-medica-etend-sa-capacite-de-production-de-sachets-en-salle-blanche\/#primaryimage\"},\"thumbnailUrl\":\"https:\/\/www.emballagedigest.fr\/wp-content\/uploads\/2023\/09\/SUDPACK.jpg\",\"datePublished\":\"2023-09-25T07:32:30+00:00\",\"dateModified\":\"2023-09-25T22:21:40+00:00\",\"breadcrumb\":{\"@id\":\"https:\/\/www.emballagedigest.fr\/sudpack-medica-etend-sa-capacite-de-production-de-sachets-en-salle-blanche\/#breadcrumb\"},\"inLanguage\":\"en-GB\",\"potentialAction\":[{\"@type\":\"ReadAction\",\"target\":[\"https:\/\/www.emballagedigest.fr\/sudpack-medica-etend-sa-capacite-de-production-de-sachets-en-salle-blanche\/\"]}]},{\"@type\":\"ImageObject\",\"inLanguage\":\"en-GB\",\"@id\":\"https:\/\/www.emballagedigest.fr\/sudpack-medica-etend-sa-capacite-de-production-de-sachets-en-salle-blanche\/#primaryimage\",\"url\":\"https:\/\/www.emballagedigest.fr\/wp-content\/uploads\/2023\/09\/SUDPACK.jpg\",\"contentUrl\":\"https:\/\/www.emballagedigest.fr\/wp-content\/uploads\/2023\/09\/SUDPACK.jpg\",\"width\":800,\"height\":528},{\"@type\":\"BreadcrumbList\",\"@id\":\"https:\/\/www.emballagedigest.fr\/sudpack-medica-etend-sa-capacite-de-production-de-sachets-en-salle-blanche\/#breadcrumb\",\"itemListElement\":[{\"@type\":\"ListItem\",\"position\":1,\"name\":\"Accueil\",\"item\":\"https:\/\/www.emballagedigest.fr\/\"},{\"@type\":\"ListItem\",\"position\":2,\"name\":\"S\u00fcdpack Medica \u00e9tend sa capacit\u00e9 de production de sachets en salle blanche\"}]},{\"@type\":\"WebSite\",\"@id\":\"https:\/\/www.emballagedigest.fr\/#website\",\"url\":\"https:\/\/www.emballagedigest.fr\/\",\"name\":\"Emballage Digest\",\"description\":\"Revue professionnelle sur les emballages\",\"publisher\":{\"@id\":\"https:\/\/www.emballagedigest.fr\/#organization\"},\"potentialAction\":[{\"@type\":\"SearchAction\",\"target\":{\"@type\":\"EntryPoint\",\"urlTemplate\":\"https:\/\/www.emballagedigest.fr\/?s={search_term_string}\"},\"query-input\":{\"@type\":\"PropertyValueSpecification\",\"valueRequired\":true,\"valueName\":\"search_term_string\"}}],\"inLanguage\":\"en-GB\"},{\"@type\":\"Organization\",\"@id\":\"https:\/\/www.emballagedigest.fr\/#organization\",\"name\":\"Emballage Digest\",\"url\":\"https:\/\/www.emballagedigest.fr\/\",\"logo\":{\"@type\":\"ImageObject\",\"inLanguage\":\"en-GB\",\"@id\":\"https:\/\/www.emballagedigest.fr\/#\/schema\/logo\/image\/\",\"url\":\"https:\/\/www.emballagedigest.fr\/wp-content\/uploads\/2022\/07\/logo-ed.png\",\"contentUrl\":\"https:\/\/www.emballagedigest.fr\/wp-content\/uploads\/2022\/07\/logo-ed.png\",\"width\":379,\"height\":75,\"caption\":\"Emballage Digest\"},\"image\":{\"@id\":\"https:\/\/www.emballagedigest.fr\/#\/schema\/logo\/image\/\"}},{\"@type\":\"Person\",\"@id\":\"https:\/\/www.emballagedigest.fr\/#\/schema\/person\/76abe9f2b2ee4d3d520594c7a35da59f\",\"name\":\"Karine Duval\",\"image\":{\"@type\":\"ImageObject\",\"inLanguage\":\"en-GB\",\"@id\":\"https:\/\/www.emballagedigest.fr\/#\/schema\/person\/image\/\",\"url\":\"https:\/\/secure.gravatar.com\/avatar\/f552799261cdd2e076e6677d780ef07bdb13aa4c196ab75b39abcbcdcae2d4e5?s=96&d=mm&r=g\",\"contentUrl\":\"https:\/\/secure.gravatar.com\/avatar\/f552799261cdd2e076e6677d780ef07bdb13aa4c196ab75b39abcbcdcae2d4e5?s=96&d=mm&r=g\",\"caption\":\"Karine Duval\"},\"url\":\"https:\/\/www.emballagedigest.fr\/en\/author\/admin_karduv\/\"}]}<\/script>\n<!-- \/ Yoast SEO plugin. -->","yoast_head_json":{"title":"S\u00fcdpack Medica \u00e9tend sa capacit\u00e9 de production de sachets en salle blanche - Emballage Digest","robots":{"index":"index","follow":"follow","max-snippet":"max-snippet:-1","max-image-preview":"max-image-preview:large","max-video-preview":"max-video-preview:-1"},"canonical":"https:\/\/www.emballagedigest.fr\/en\/sudpack-medica-etend-sa-capacite-de-production-de-sachets-en-salle-blanche\/","og_locale":"en_GB","og_type":"article","og_title":"S\u00fcdpack Medica \u00e9tend sa capacit\u00e9 de production de sachets en salle blanche - Emballage Digest","og_description":"Pour r\u00e9pondre \u00e0 la demande croissante de solutions d\u2019emballage de produits st\u00e9riles, S\u00fcdpack Medica investit dans l\u2019extension de son site fran\u00e7ais dans l\u2019Orne. Le 19 septembre, l\u2019entreprise a donn\u00e9 le premier coup de pioche sur son site de Coulmer, une \u00e9tape majeure pour renforcer sa production de sachets dans des conditions de salle blanche ISO [&hellip;]","og_url":"https:\/\/www.emballagedigest.fr\/en\/sudpack-medica-etend-sa-capacite-de-production-de-sachets-en-salle-blanche\/","og_site_name":"Emballage Digest","article_published_time":"2023-09-25T07:32:30+00:00","article_modified_time":"2023-09-25T22:21:40+00:00","og_image":[{"width":800,"height":528,"url":"https:\/\/www.emballagedigest.fr\/wp-content\/uploads\/2023\/09\/SUDPACK.jpg","type":"image\/jpeg"}],"author":"Karine Duval","twitter_card":"summary_large_image","twitter_misc":{"Written by":"Karine Duval","Estimated reading time":"2 minutes"},"schema":{"@context":"https:\/\/schema.org","@graph":[{"@type":"Article","@id":"https:\/\/www.emballagedigest.fr\/sudpack-medica-etend-sa-capacite-de-production-de-sachets-en-salle-blanche\/#article","isPartOf":{"@id":"https:\/\/www.emballagedigest.fr\/sudpack-medica-etend-sa-capacite-de-production-de-sachets-en-salle-blanche\/"},"author":{"name":"Karine Duval","@id":"https:\/\/www.emballagedigest.fr\/#\/schema\/person\/76abe9f2b2ee4d3d520594c7a35da59f"},"headline":"S\u00fcdpack Medica \u00e9tend sa capacit\u00e9 de production de sachets en salle blanche","datePublished":"2023-09-25T07:32:30+00:00","dateModified":"2023-09-25T22:21:40+00:00","mainEntityOfPage":{"@id":"https:\/\/www.emballagedigest.fr\/sudpack-medica-etend-sa-capacite-de-production-de-sachets-en-salle-blanche\/"},"wordCount":438,"publisher":{"@id":"https:\/\/www.emballagedigest.fr\/#organization"},"image":{"@id":"https:\/\/www.emballagedigest.fr\/sudpack-medica-etend-sa-capacite-de-production-de-sachets-en-salle-blanche\/#primaryimage"},"thumbnailUrl":"https:\/\/www.emballagedigest.fr\/wp-content\/uploads\/2023\/09\/SUDPACK.jpg","articleSection":["Article entier","Packaging","Pharmacie"],"inLanguage":"en-GB"},{"@type":"WebPage","@id":"https:\/\/www.emballagedigest.fr\/sudpack-medica-etend-sa-capacite-de-production-de-sachets-en-salle-blanche\/","url":"https:\/\/www.emballagedigest.fr\/sudpack-medica-etend-sa-capacite-de-production-de-sachets-en-salle-blanche\/","name":"S\u00fcdpack Medica \u00e9tend sa capacit\u00e9 de production de sachets en salle blanche - Emballage Digest","isPartOf":{"@id":"https:\/\/www.emballagedigest.fr\/#website"},"primaryImageOfPage":{"@id":"https:\/\/www.emballagedigest.fr\/sudpack-medica-etend-sa-capacite-de-production-de-sachets-en-salle-blanche\/#primaryimage"},"image":{"@id":"https:\/\/www.emballagedigest.fr\/sudpack-medica-etend-sa-capacite-de-production-de-sachets-en-salle-blanche\/#primaryimage"},"thumbnailUrl":"https:\/\/www.emballagedigest.fr\/wp-content\/uploads\/2023\/09\/SUDPACK.jpg","datePublished":"2023-09-25T07:32:30+00:00","dateModified":"2023-09-25T22:21:40+00:00","breadcrumb":{"@id":"https:\/\/www.emballagedigest.fr\/sudpack-medica-etend-sa-capacite-de-production-de-sachets-en-salle-blanche\/#breadcrumb"},"inLanguage":"en-GB","potentialAction":[{"@type":"ReadAction","target":["https:\/\/www.emballagedigest.fr\/sudpack-medica-etend-sa-capacite-de-production-de-sachets-en-salle-blanche\/"]}]},{"@type":"ImageObject","inLanguage":"en-GB","@id":"https:\/\/www.emballagedigest.fr\/sudpack-medica-etend-sa-capacite-de-production-de-sachets-en-salle-blanche\/#primaryimage","url":"https:\/\/www.emballagedigest.fr\/wp-content\/uploads\/2023\/09\/SUDPACK.jpg","contentUrl":"https:\/\/www.emballagedigest.fr\/wp-content\/uploads\/2023\/09\/SUDPACK.jpg","width":800,"height":528},{"@type":"BreadcrumbList","@id":"https:\/\/www.emballagedigest.fr\/sudpack-medica-etend-sa-capacite-de-production-de-sachets-en-salle-blanche\/#breadcrumb","itemListElement":[{"@type":"ListItem","position":1,"name":"Accueil","item":"https:\/\/www.emballagedigest.fr\/"},{"@type":"ListItem","position":2,"name":"S\u00fcdpack Medica \u00e9tend sa capacit\u00e9 de production de sachets en salle blanche"}]},{"@type":"WebSite","@id":"https:\/\/www.emballagedigest.fr\/#website","url":"https:\/\/www.emballagedigest.fr\/","name":"Emballage Digest","description":"Revue professionnelle sur les emballages","publisher":{"@id":"https:\/\/www.emballagedigest.fr\/#organization"},"potentialAction":[{"@type":"SearchAction","target":{"@type":"EntryPoint","urlTemplate":"https:\/\/www.emballagedigest.fr\/?s={search_term_string}"},"query-input":{"@type":"PropertyValueSpecification","valueRequired":true,"valueName":"search_term_string"}}],"inLanguage":"en-GB"},{"@type":"Organization","@id":"https:\/\/www.emballagedigest.fr\/#organization","name":"Emballage Digest","url":"https:\/\/www.emballagedigest.fr\/","logo":{"@type":"ImageObject","inLanguage":"en-GB","@id":"https:\/\/www.emballagedigest.fr\/#\/schema\/logo\/image\/","url":"https:\/\/www.emballagedigest.fr\/wp-content\/uploads\/2022\/07\/logo-ed.png","contentUrl":"https:\/\/www.emballagedigest.fr\/wp-content\/uploads\/2022\/07\/logo-ed.png","width":379,"height":75,"caption":"Emballage Digest"},"image":{"@id":"https:\/\/www.emballagedigest.fr\/#\/schema\/logo\/image\/"}},{"@type":"Person","@id":"https:\/\/www.emballagedigest.fr\/#\/schema\/person\/76abe9f2b2ee4d3d520594c7a35da59f","name":"Karine Duval","image":{"@type":"ImageObject","inLanguage":"en-GB","@id":"https:\/\/www.emballagedigest.fr\/#\/schema\/person\/image\/","url":"https:\/\/secure.gravatar.com\/avatar\/f552799261cdd2e076e6677d780ef07bdb13aa4c196ab75b39abcbcdcae2d4e5?s=96&d=mm&r=g","contentUrl":"https:\/\/secure.gravatar.com\/avatar\/f552799261cdd2e076e6677d780ef07bdb13aa4c196ab75b39abcbcdcae2d4e5?s=96&d=mm&r=g","caption":"Karine Duval"},"url":"https:\/\/www.emballagedigest.fr\/en\/author\/admin_karduv\/"}]}},"_links":{"self":[{"href":"https:\/\/www.emballagedigest.fr\/en\/wp-json\/wp\/v2\/posts\/38367","targetHints":{"allow":["GET"]}}],"collection":[{"href":"https:\/\/www.emballagedigest.fr\/en\/wp-json\/wp\/v2\/posts"}],"about":[{"href":"https:\/\/www.emballagedigest.fr\/en\/wp-json\/wp\/v2\/types\/post"}],"author":[{"embeddable":true,"href":"https:\/\/www.emballagedigest.fr\/en\/wp-json\/wp\/v2\/users\/2"}],"replies":[{"embeddable":true,"href":"https:\/\/www.emballagedigest.fr\/en\/wp-json\/wp\/v2\/comments?post=38367"}],"version-history":[{"count":1,"href":"https:\/\/www.emballagedigest.fr\/en\/wp-json\/wp\/v2\/posts\/38367\/revisions"}],"predecessor-version":[{"id":38369,"href":"https:\/\/www.emballagedigest.fr\/en\/wp-json\/wp\/v2\/posts\/38367\/revisions\/38369"}],"wp:featuredmedia":[{"embeddable":true,"href":"https:\/\/www.emballagedigest.fr\/en\/wp-json\/wp\/v2\/media\/38368"}],"wp:attachment":[{"href":"https:\/\/www.emballagedigest.fr\/en\/wp-json\/wp\/v2\/media?parent=38367"}],"wp:term":[{"taxonomy":"category","embeddable":true,"href":"https:\/\/www.emballagedigest.fr\/en\/wp-json\/wp\/v2\/categories?post=38367"},{"taxonomy":"post_tag","embeddable":true,"href":"https:\/\/www.emballagedigest.fr\/en\/wp-json\/wp\/v2\/tags?post=38367"}],"curies":[{"name":"wp","href":"https:\/\/api.w.org\/{rel}","templated":true}]}}