{"id":38370,"date":"2023-09-25T09:33:47","date_gmt":"2023-09-25T07:33:47","guid":{"rendered":"https:\/\/www.emballagedigest.fr\/?p=38370"},"modified":"2023-09-25T09:33:48","modified_gmt":"2023-09-25T07:33:48","slug":"o-i-glass-personnalise-des-bouteilles-en-verre-a-lunite","status":"publish","type":"post","link":"https:\/\/www.emballagedigest.fr\/en\/o-i-glass-personnalise-des-bouteilles-en-verre-a-lunite\/","title":{"rendered":"O-I Glass personnalise des bouteilles en verre \u00e0 l\u2019unit\u00e9"},"content":{"rendered":"<p><strong>En 2018, le verrier d\u00e9voilait sa technologie de personnalisation directe sur verre O-I&nbsp;: Expressions. Depuis, O-I Glass franchit un nouveau cap en lan\u00e7ant O-I&nbsp;: Expressions Signature, un proc\u00e9d\u00e9 d\u2019impression de d\u00e9coration sur-mesure avec donn\u00e9es variables.<\/strong><\/p>\n\n\n\n<p>Avec O-I&nbsp;:&nbsp;Expressions Signature, le groupe offre la possibilit\u00e9 de choisir entre plusieurs variables au cours d\u2019un m\u00eame tirage, notamment : la modification de l&rsquo;image graphique, du nom ou d\u2019un mot sur la bouteille&nbsp;; le changement des couleurs dans la conception graphique&nbsp;; l\u2019utilisation de diff\u00e9rents effets tactiles personnalis\u00e9s imprim\u00e9s num\u00e9riquement avec O-I : Expressions Relief. Autre avantage&nbsp;: la s\u00e9rialisation des bouteilles, par exemple en appliquant un num\u00e9ro s\u00e9quentiel pour les \u00e9ditions limit\u00e9es ou un code fixe individuel, QR Code ou datamatrix 2D, permettant une exp\u00e9rience consommateur en ligne et des solutions de tra\u00e7abilit\u00e9 accrues.<\/p>\n\n\n\n<p>Pour arriver \u00e0 ce r\u00e9sultat, O-I Glass a collabor\u00e9 avec ses diff\u00e9rents partenaires pour surmonter toute une s\u00e9rie de d\u00e9fis techniques. Il s\u2019agit notamment de garantir l\u2019exactitude de la lecture des donn\u00e9es du client, de minimiser les retards dans le cycle d\u2019impression, d\u2019inspecter les bouteilles \u00e0 impression variable et de prot\u00e9ger les donn\u00e9es. \u00ab En effet, l&rsquo;industrie d\u00e9veloppe rapidement des emballages plus attrayants et durables. Nous voyons de grandes opportunit\u00e9s pour O-I : Expressions Signature, non seulement pour les \u00e9ditions sp\u00e9ciales haut de gamme et de luxe, mais \u00e9galement pour les marques qui peuvent cr\u00e9er un seul tirage d&rsquo;une forme de bouteille commune, puis cr\u00e9er des designs appropri\u00e9s aux diff\u00e9rents march\u00e9s au sein du m\u00eame tirage&nbsp;\u00bb, a comment\u00e9 Melianthe Leeman, directrice marketing Monde, Vins &amp; Spiritueux chez O-I Glass.<\/p>\n\n\n\n<p>Lanc\u00e9 \u00e0 l\u2019occasion du salon PLD Londres, O-I : Expressions Signature a propos\u00e9 des \u00e9chantillons de bouteilles pr\u00e9sentant les impressions personnalis\u00e9es de huit villes diff\u00e9rentes : Londres, Paris, Milan, Barcelone, New York, Monaco, Berlin et Tokyo. Chacune a \u00e9t\u00e9 imprim\u00e9e dans des couleurs diff\u00e9rentes, avec le nom de la ville \u00ab en relief \u00bb verticalement gr\u00e2ce \u00e0 une impression en relief transparent. Les bouteilles comportent chacune un QR code dirigeant les utilisateurs vers le site Web O-I Expressions. Une animation comparable sera propos\u00e9e sur l\u2019espace O-I Glas lors du salon Luxe Pack Monaco du 2 au 4 octobre prochain.<\/p>","protected":false},"excerpt":{"rendered":"<p>En 2018, le verrier d\u00e9voilait sa technologie de personnalisation directe sur verre O-I&nbsp;: Expressions. Depuis, O-I Glass franchit un nouveau cap en lan\u00e7ant O-I&nbsp;: Expressions Signature, un proc\u00e9d\u00e9 d\u2019impression de d\u00e9coration sur-mesure avec donn\u00e9es variables. Avec O-I&nbsp;:&nbsp;Expressions Signature, le groupe offre la possibilit\u00e9 de choisir entre plusieurs variables au cours d\u2019un m\u00eame tirage, notamment : [&hellip;]<\/p>","protected":false},"author":2,"featured_media":38371,"comment_status":"closed","ping_status":"closed","sticky":false,"template":"","format":"standard","meta":{"_acf_changed":false,"inline_featured_image":false,"iawp_total_views":4,"footnotes":""},"categories":[5,28,81],"tags":[],"class_list":["post-38370","post","type-post","status-publish","format-standard","has-post-thumbnail","hentry","category-alimentaire","category-article-entier","category-packaging"],"acf":[],"yoast_head":"<!-- This site is optimized with the Yoast SEO plugin v24.4 - https:\/\/yoast.com\/wordpress\/plugins\/seo\/ -->\n<title>O-I Glass personnalise des bouteilles en verre \u00e0 l\u2019unit\u00e9 - Emballage Digest<\/title>\n<meta name=\"robots\" content=\"index, follow, max-snippet:-1, max-image-preview:large, max-video-preview:-1\" \/>\n<link rel=\"canonical\" href=\"https:\/\/www.emballagedigest.fr\/en\/o-i-glass-personnalise-des-bouteilles-en-verre-a-lunite\/\" \/>\n<meta property=\"og:locale\" content=\"en_GB\" \/>\n<meta property=\"og:type\" content=\"article\" \/>\n<meta property=\"og:title\" content=\"O-I Glass personnalise des bouteilles en verre \u00e0 l\u2019unit\u00e9 - Emballage Digest\" \/>\n<meta property=\"og:description\" content=\"En 2018, le verrier d\u00e9voilait sa technologie de personnalisation directe sur verre O-I&nbsp;: Expressions. Depuis, O-I Glass franchit un nouveau cap en lan\u00e7ant O-I&nbsp;: Expressions Signature, un proc\u00e9d\u00e9 d\u2019impression de d\u00e9coration sur-mesure avec donn\u00e9es variables. Avec O-I&nbsp;:&nbsp;Expressions Signature, le groupe offre la possibilit\u00e9 de choisir entre plusieurs variables au cours d\u2019un m\u00eame tirage, notamment : [&hellip;]\" \/>\n<meta property=\"og:url\" content=\"https:\/\/www.emballagedigest.fr\/en\/o-i-glass-personnalise-des-bouteilles-en-verre-a-lunite\/\" \/>\n<meta property=\"og:site_name\" content=\"Emballage Digest\" \/>\n<meta property=\"article:published_time\" content=\"2023-09-25T07:33:47+00:00\" \/>\n<meta property=\"article:modified_time\" content=\"2023-09-25T07:33:48+00:00\" \/>\n<meta property=\"og:image\" content=\"https:\/\/www.emballagedigest.fr\/wp-content\/uploads\/2023\/09\/OI-Glass.jpg\" \/>\n\t<meta property=\"og:image:width\" content=\"689\" \/>\n\t<meta property=\"og:image:height\" content=\"600\" \/>\n\t<meta property=\"og:image:type\" content=\"image\/jpeg\" \/>\n<meta name=\"author\" content=\"Karine Duval\" \/>\n<meta name=\"twitter:card\" content=\"summary_large_image\" \/>\n<meta name=\"twitter:label1\" content=\"Written by\" \/>\n\t<meta name=\"twitter:data1\" content=\"Karine Duval\" \/>\n\t<meta name=\"twitter:label2\" content=\"Estimated reading time\" \/>\n\t<meta name=\"twitter:data2\" content=\"2 minutes\" \/>\n<script type=\"application\/ld+json\" class=\"yoast-schema-graph\">{\"@context\":\"https:\/\/schema.org\",\"@graph\":[{\"@type\":\"Article\",\"@id\":\"https:\/\/www.emballagedigest.fr\/o-i-glass-personnalise-des-bouteilles-en-verre-a-lunite\/#article\",\"isPartOf\":{\"@id\":\"https:\/\/www.emballagedigest.fr\/o-i-glass-personnalise-des-bouteilles-en-verre-a-lunite\/\"},\"author\":{\"name\":\"Karine Duval\",\"@id\":\"https:\/\/www.emballagedigest.fr\/#\/schema\/person\/76abe9f2b2ee4d3d520594c7a35da59f\"},\"headline\":\"O-I Glass personnalise des bouteilles en verre \u00e0 l\u2019unit\u00e9\",\"datePublished\":\"2023-09-25T07:33:47+00:00\",\"dateModified\":\"2023-09-25T07:33:48+00:00\",\"mainEntityOfPage\":{\"@id\":\"https:\/\/www.emballagedigest.fr\/o-i-glass-personnalise-des-bouteilles-en-verre-a-lunite\/\"},\"wordCount\":411,\"publisher\":{\"@id\":\"https:\/\/www.emballagedigest.fr\/#organization\"},\"image\":{\"@id\":\"https:\/\/www.emballagedigest.fr\/o-i-glass-personnalise-des-bouteilles-en-verre-a-lunite\/#primaryimage\"},\"thumbnailUrl\":\"https:\/\/www.emballagedigest.fr\/wp-content\/uploads\/2023\/09\/OI-Glass.jpg\",\"articleSection\":[\"Alimentaire\",\"Article entier\",\"Packaging\"],\"inLanguage\":\"en-GB\"},{\"@type\":\"WebPage\",\"@id\":\"https:\/\/www.emballagedigest.fr\/o-i-glass-personnalise-des-bouteilles-en-verre-a-lunite\/\",\"url\":\"https:\/\/www.emballagedigest.fr\/o-i-glass-personnalise-des-bouteilles-en-verre-a-lunite\/\",\"name\":\"O-I Glass personnalise des bouteilles en verre \u00e0 l\u2019unit\u00e9 - Emballage Digest\",\"isPartOf\":{\"@id\":\"https:\/\/www.emballagedigest.fr\/#website\"},\"primaryImageOfPage\":{\"@id\":\"https:\/\/www.emballagedigest.fr\/o-i-glass-personnalise-des-bouteilles-en-verre-a-lunite\/#primaryimage\"},\"image\":{\"@id\":\"https:\/\/www.emballagedigest.fr\/o-i-glass-personnalise-des-bouteilles-en-verre-a-lunite\/#primaryimage\"},\"thumbnailUrl\":\"https:\/\/www.emballagedigest.fr\/wp-content\/uploads\/2023\/09\/OI-Glass.jpg\",\"datePublished\":\"2023-09-25T07:33:47+00:00\",\"dateModified\":\"2023-09-25T07:33:48+00:00\",\"breadcrumb\":{\"@id\":\"https:\/\/www.emballagedigest.fr\/o-i-glass-personnalise-des-bouteilles-en-verre-a-lunite\/#breadcrumb\"},\"inLanguage\":\"en-GB\",\"potentialAction\":[{\"@type\":\"ReadAction\",\"target\":[\"https:\/\/www.emballagedigest.fr\/o-i-glass-personnalise-des-bouteilles-en-verre-a-lunite\/\"]}]},{\"@type\":\"ImageObject\",\"inLanguage\":\"en-GB\",\"@id\":\"https:\/\/www.emballagedigest.fr\/o-i-glass-personnalise-des-bouteilles-en-verre-a-lunite\/#primaryimage\",\"url\":\"https:\/\/www.emballagedigest.fr\/wp-content\/uploads\/2023\/09\/OI-Glass.jpg\",\"contentUrl\":\"https:\/\/www.emballagedigest.fr\/wp-content\/uploads\/2023\/09\/OI-Glass.jpg\",\"width\":689,\"height\":600},{\"@type\":\"BreadcrumbList\",\"@id\":\"https:\/\/www.emballagedigest.fr\/o-i-glass-personnalise-des-bouteilles-en-verre-a-lunite\/#breadcrumb\",\"itemListElement\":[{\"@type\":\"ListItem\",\"position\":1,\"name\":\"Accueil\",\"item\":\"https:\/\/www.emballagedigest.fr\/\"},{\"@type\":\"ListItem\",\"position\":2,\"name\":\"O-I Glass personnalise des bouteilles en verre \u00e0 l\u2019unit\u00e9\"}]},{\"@type\":\"WebSite\",\"@id\":\"https:\/\/www.emballagedigest.fr\/#website\",\"url\":\"https:\/\/www.emballagedigest.fr\/\",\"name\":\"Emballage Digest\",\"description\":\"Revue professionnelle sur les emballages\",\"publisher\":{\"@id\":\"https:\/\/www.emballagedigest.fr\/#organization\"},\"potentialAction\":[{\"@type\":\"SearchAction\",\"target\":{\"@type\":\"EntryPoint\",\"urlTemplate\":\"https:\/\/www.emballagedigest.fr\/?s={search_term_string}\"},\"query-input\":{\"@type\":\"PropertyValueSpecification\",\"valueRequired\":true,\"valueName\":\"search_term_string\"}}],\"inLanguage\":\"en-GB\"},{\"@type\":\"Organization\",\"@id\":\"https:\/\/www.emballagedigest.fr\/#organization\",\"name\":\"Emballage Digest\",\"url\":\"https:\/\/www.emballagedigest.fr\/\",\"logo\":{\"@type\":\"ImageObject\",\"inLanguage\":\"en-GB\",\"@id\":\"https:\/\/www.emballagedigest.fr\/#\/schema\/logo\/image\/\",\"url\":\"https:\/\/www.emballagedigest.fr\/wp-content\/uploads\/2022\/07\/logo-ed.png\",\"contentUrl\":\"https:\/\/www.emballagedigest.fr\/wp-content\/uploads\/2022\/07\/logo-ed.png\",\"width\":379,\"height\":75,\"caption\":\"Emballage Digest\"},\"image\":{\"@id\":\"https:\/\/www.emballagedigest.fr\/#\/schema\/logo\/image\/\"}},{\"@type\":\"Person\",\"@id\":\"https:\/\/www.emballagedigest.fr\/#\/schema\/person\/76abe9f2b2ee4d3d520594c7a35da59f\",\"name\":\"Karine Duval\",\"image\":{\"@type\":\"ImageObject\",\"inLanguage\":\"en-GB\",\"@id\":\"https:\/\/www.emballagedigest.fr\/#\/schema\/person\/image\/\",\"url\":\"https:\/\/secure.gravatar.com\/avatar\/f552799261cdd2e076e6677d780ef07bdb13aa4c196ab75b39abcbcdcae2d4e5?s=96&d=mm&r=g\",\"contentUrl\":\"https:\/\/secure.gravatar.com\/avatar\/f552799261cdd2e076e6677d780ef07bdb13aa4c196ab75b39abcbcdcae2d4e5?s=96&d=mm&r=g\",\"caption\":\"Karine Duval\"},\"url\":\"https:\/\/www.emballagedigest.fr\/en\/author\/admin_karduv\/\"}]}<\/script>\n<!-- \/ Yoast SEO plugin. -->","yoast_head_json":{"title":"O-I Glass personnalise des bouteilles en verre \u00e0 l\u2019unit\u00e9 - Emballage Digest","robots":{"index":"index","follow":"follow","max-snippet":"max-snippet:-1","max-image-preview":"max-image-preview:large","max-video-preview":"max-video-preview:-1"},"canonical":"https:\/\/www.emballagedigest.fr\/en\/o-i-glass-personnalise-des-bouteilles-en-verre-a-lunite\/","og_locale":"en_GB","og_type":"article","og_title":"O-I Glass personnalise des bouteilles en verre \u00e0 l\u2019unit\u00e9 - Emballage Digest","og_description":"En 2018, le verrier d\u00e9voilait sa technologie de personnalisation directe sur verre O-I&nbsp;: Expressions. Depuis, O-I Glass franchit un nouveau cap en lan\u00e7ant O-I&nbsp;: Expressions Signature, un proc\u00e9d\u00e9 d\u2019impression de d\u00e9coration sur-mesure avec donn\u00e9es variables. Avec O-I&nbsp;:&nbsp;Expressions Signature, le groupe offre la possibilit\u00e9 de choisir entre plusieurs variables au cours d\u2019un m\u00eame tirage, notamment : [&hellip;]","og_url":"https:\/\/www.emballagedigest.fr\/en\/o-i-glass-personnalise-des-bouteilles-en-verre-a-lunite\/","og_site_name":"Emballage Digest","article_published_time":"2023-09-25T07:33:47+00:00","article_modified_time":"2023-09-25T07:33:48+00:00","og_image":[{"width":689,"height":600,"url":"https:\/\/www.emballagedigest.fr\/wp-content\/uploads\/2023\/09\/OI-Glass.jpg","type":"image\/jpeg"}],"author":"Karine Duval","twitter_card":"summary_large_image","twitter_misc":{"Written by":"Karine Duval","Estimated reading time":"2 minutes"},"schema":{"@context":"https:\/\/schema.org","@graph":[{"@type":"Article","@id":"https:\/\/www.emballagedigest.fr\/o-i-glass-personnalise-des-bouteilles-en-verre-a-lunite\/#article","isPartOf":{"@id":"https:\/\/www.emballagedigest.fr\/o-i-glass-personnalise-des-bouteilles-en-verre-a-lunite\/"},"author":{"name":"Karine Duval","@id":"https:\/\/www.emballagedigest.fr\/#\/schema\/person\/76abe9f2b2ee4d3d520594c7a35da59f"},"headline":"O-I Glass personnalise des bouteilles en verre \u00e0 l\u2019unit\u00e9","datePublished":"2023-09-25T07:33:47+00:00","dateModified":"2023-09-25T07:33:48+00:00","mainEntityOfPage":{"@id":"https:\/\/www.emballagedigest.fr\/o-i-glass-personnalise-des-bouteilles-en-verre-a-lunite\/"},"wordCount":411,"publisher":{"@id":"https:\/\/www.emballagedigest.fr\/#organization"},"image":{"@id":"https:\/\/www.emballagedigest.fr\/o-i-glass-personnalise-des-bouteilles-en-verre-a-lunite\/#primaryimage"},"thumbnailUrl":"https:\/\/www.emballagedigest.fr\/wp-content\/uploads\/2023\/09\/OI-Glass.jpg","articleSection":["Alimentaire","Article entier","Packaging"],"inLanguage":"en-GB"},{"@type":"WebPage","@id":"https:\/\/www.emballagedigest.fr\/o-i-glass-personnalise-des-bouteilles-en-verre-a-lunite\/","url":"https:\/\/www.emballagedigest.fr\/o-i-glass-personnalise-des-bouteilles-en-verre-a-lunite\/","name":"O-I Glass personnalise des bouteilles en verre \u00e0 l\u2019unit\u00e9 - Emballage Digest","isPartOf":{"@id":"https:\/\/www.emballagedigest.fr\/#website"},"primaryImageOfPage":{"@id":"https:\/\/www.emballagedigest.fr\/o-i-glass-personnalise-des-bouteilles-en-verre-a-lunite\/#primaryimage"},"image":{"@id":"https:\/\/www.emballagedigest.fr\/o-i-glass-personnalise-des-bouteilles-en-verre-a-lunite\/#primaryimage"},"thumbnailUrl":"https:\/\/www.emballagedigest.fr\/wp-content\/uploads\/2023\/09\/OI-Glass.jpg","datePublished":"2023-09-25T07:33:47+00:00","dateModified":"2023-09-25T07:33:48+00:00","breadcrumb":{"@id":"https:\/\/www.emballagedigest.fr\/o-i-glass-personnalise-des-bouteilles-en-verre-a-lunite\/#breadcrumb"},"inLanguage":"en-GB","potentialAction":[{"@type":"ReadAction","target":["https:\/\/www.emballagedigest.fr\/o-i-glass-personnalise-des-bouteilles-en-verre-a-lunite\/"]}]},{"@type":"ImageObject","inLanguage":"en-GB","@id":"https:\/\/www.emballagedigest.fr\/o-i-glass-personnalise-des-bouteilles-en-verre-a-lunite\/#primaryimage","url":"https:\/\/www.emballagedigest.fr\/wp-content\/uploads\/2023\/09\/OI-Glass.jpg","contentUrl":"https:\/\/www.emballagedigest.fr\/wp-content\/uploads\/2023\/09\/OI-Glass.jpg","width":689,"height":600},{"@type":"BreadcrumbList","@id":"https:\/\/www.emballagedigest.fr\/o-i-glass-personnalise-des-bouteilles-en-verre-a-lunite\/#breadcrumb","itemListElement":[{"@type":"ListItem","position":1,"name":"Accueil","item":"https:\/\/www.emballagedigest.fr\/"},{"@type":"ListItem","position":2,"name":"O-I Glass personnalise des bouteilles en verre \u00e0 l\u2019unit\u00e9"}]},{"@type":"WebSite","@id":"https:\/\/www.emballagedigest.fr\/#website","url":"https:\/\/www.emballagedigest.fr\/","name":"Emballage Digest","description":"Revue professionnelle sur les emballages","publisher":{"@id":"https:\/\/www.emballagedigest.fr\/#organization"},"potentialAction":[{"@type":"SearchAction","target":{"@type":"EntryPoint","urlTemplate":"https:\/\/www.emballagedigest.fr\/?s={search_term_string}"},"query-input":{"@type":"PropertyValueSpecification","valueRequired":true,"valueName":"search_term_string"}}],"inLanguage":"en-GB"},{"@type":"Organization","@id":"https:\/\/www.emballagedigest.fr\/#organization","name":"Emballage Digest","url":"https:\/\/www.emballagedigest.fr\/","logo":{"@type":"ImageObject","inLanguage":"en-GB","@id":"https:\/\/www.emballagedigest.fr\/#\/schema\/logo\/image\/","url":"https:\/\/www.emballagedigest.fr\/wp-content\/uploads\/2022\/07\/logo-ed.png","contentUrl":"https:\/\/www.emballagedigest.fr\/wp-content\/uploads\/2022\/07\/logo-ed.png","width":379,"height":75,"caption":"Emballage Digest"},"image":{"@id":"https:\/\/www.emballagedigest.fr\/#\/schema\/logo\/image\/"}},{"@type":"Person","@id":"https:\/\/www.emballagedigest.fr\/#\/schema\/person\/76abe9f2b2ee4d3d520594c7a35da59f","name":"Karine Duval","image":{"@type":"ImageObject","inLanguage":"en-GB","@id":"https:\/\/www.emballagedigest.fr\/#\/schema\/person\/image\/","url":"https:\/\/secure.gravatar.com\/avatar\/f552799261cdd2e076e6677d780ef07bdb13aa4c196ab75b39abcbcdcae2d4e5?s=96&d=mm&r=g","contentUrl":"https:\/\/secure.gravatar.com\/avatar\/f552799261cdd2e076e6677d780ef07bdb13aa4c196ab75b39abcbcdcae2d4e5?s=96&d=mm&r=g","caption":"Karine Duval"},"url":"https:\/\/www.emballagedigest.fr\/en\/author\/admin_karduv\/"}]}},"_links":{"self":[{"href":"https:\/\/www.emballagedigest.fr\/en\/wp-json\/wp\/v2\/posts\/38370","targetHints":{"allow":["GET"]}}],"collection":[{"href":"https:\/\/www.emballagedigest.fr\/en\/wp-json\/wp\/v2\/posts"}],"about":[{"href":"https:\/\/www.emballagedigest.fr\/en\/wp-json\/wp\/v2\/types\/post"}],"author":[{"embeddable":true,"href":"https:\/\/www.emballagedigest.fr\/en\/wp-json\/wp\/v2\/users\/2"}],"replies":[{"embeddable":true,"href":"https:\/\/www.emballagedigest.fr\/en\/wp-json\/wp\/v2\/comments?post=38370"}],"version-history":[{"count":2,"href":"https:\/\/www.emballagedigest.fr\/en\/wp-json\/wp\/v2\/posts\/38370\/revisions"}],"predecessor-version":[{"id":38373,"href":"https:\/\/www.emballagedigest.fr\/en\/wp-json\/wp\/v2\/posts\/38370\/revisions\/38373"}],"wp:featuredmedia":[{"embeddable":true,"href":"https:\/\/www.emballagedigest.fr\/en\/wp-json\/wp\/v2\/media\/38371"}],"wp:attachment":[{"href":"https:\/\/www.emballagedigest.fr\/en\/wp-json\/wp\/v2\/media?parent=38370"}],"wp:term":[{"taxonomy":"category","embeddable":true,"href":"https:\/\/www.emballagedigest.fr\/en\/wp-json\/wp\/v2\/categories?post=38370"},{"taxonomy":"post_tag","embeddable":true,"href":"https:\/\/www.emballagedigest.fr\/en\/wp-json\/wp\/v2\/tags?post=38370"}],"curies":[{"name":"wp","href":"https:\/\/api.w.org\/{rel}","templated":true}]}}