{"id":38568,"date":"2023-09-30T11:12:00","date_gmt":"2023-09-30T09:12:00","guid":{"rendered":"https:\/\/www.emballagedigest.fr\/?p=38568"},"modified":"2023-10-12T11:15:03","modified_gmt":"2023-10-12T09:15:03","slug":"solution-dintegration-des-flux-de-travail","status":"publish","type":"post","link":"https:\/\/www.emballagedigest.fr\/en\/solution-dintegration-des-flux-de-travail\/","title":{"rendered":"Solution d\u2019int\u00e9gration des flux de travail"},"content":{"rendered":"<p><strong>EyeC et Hybrid Software ont \u00e9tendu leur collaboration et pr\u00e9sentaient leur derni\u00e8re int\u00e9gration de flux de travail \u00e0 Labelexpo Europe 2023. L\u2019int\u00e9gration directe du syst\u00e8me de relecture de maquettes bas\u00e9 sur le web EyeC ProofText dans CloudFlow d\u2019Hybrid Software permet une efficacit\u00e9 maximale d\u00e8s le processus de cr\u00e9ation des maquettes. La collaboration entre les deux experts en logiciels porte l\u2019assurance qualit\u00e9 au stade du pr\u00e9presse \u00e0 un niveau sup\u00e9rieur. Pour ce faire, EyeC ProofText utilise la technologie Mako\u2122 Core de Global Graphics Software, une soci\u00e9t\u00e9 du groupe Hybrid Software, pour traiter les documents PDF. <\/strong><\/p>\n\n\n\n<p>Con\u00e7u comme le kit de d\u00e9veloppement logiciel (SDK) ultime, Mako Core utilise un mod\u00e8le d\u2019objet de document (DOM) unique pour contr\u00f4ler la couleur, les polices, le texte, les images, le contenu vectoriel et les m\u00e9tadonn\u00e9es. Gr\u00e2ce aux API DOM, le contenu peut \u00eatre interrog\u00e9 et \u00e9dit\u00e9 dans tous les formats et sur toutes les plateformes, et les documents num\u00e9riques peuvent \u00eatre modifi\u00e9s. Gr\u00e2ce \u00e0 un algorithme intelligent, le syst\u00e8me des fichiers graphiques hautement automatis\u00e9 bas\u00e9 sur le web EyeC ProofText d\u00e9tecte et \u00e9value de mani\u00e8re fiable les \u00e9carts dans le contr\u00f4le de r\u00e9vision, y compris le contenu et le style de police, au cours d\u2019une seule \u00e9tape du processus. <\/p>\n\n\n\n<figure class=\"wp-block-image size-full is-resized\"><img loading=\"lazy\" decoding=\"async\" src=\"https:\/\/www.emballagedigest.fr\/wp-content\/uploads\/2023\/10\/EyeC-and-HYBRID-Image-3.jpg\" alt=\"\" class=\"wp-image-38570\" width=\"820\" height=\"499\" srcset=\"https:\/\/www.emballagedigest.fr\/wp-content\/uploads\/2023\/10\/EyeC-and-HYBRID-Image-3.jpg 800w, https:\/\/www.emballagedigest.fr\/wp-content\/uploads\/2023\/10\/EyeC-and-HYBRID-Image-3-300x183.jpg 300w, https:\/\/www.emballagedigest.fr\/wp-content\/uploads\/2023\/10\/EyeC-and-HYBRID-Image-3-768x468.jpg 768w, https:\/\/www.emballagedigest.fr\/wp-content\/uploads\/2023\/10\/EyeC-and-HYBRID-Image-3-18x12.jpg 18w\" sizes=\"auto, (max-width: 820px) 100vw, 820px\" \/><\/figure>\n\n\n\n<p>La combinaison des technologies des deux entreprises permet l\u2019automatisation compl\u00e8te des travaux r\u00e9p\u00e9titifs dans un flux de travail fluide. Outre la r\u00e9duction des d\u00e9lais de traitement et l\u2019\u00e9vitement d\u2019erreurs co\u00fbteuses, cela garantit un produit final de la plus haute qualit\u00e9 d\u00e8s le processus de gestion de la maquette. Parall\u00e8lement, le principe du flux de travail num\u00e9rique optimise l\u2019assurance qualit\u00e9 et permet d\u2019\u00e9conomiser des ressources en r\u00e9duisant les efforts manuels. M\u00eame dans les cas tr\u00e8s complexes, la combinaison des syst\u00e8mes permet d\u2019obtenir des performances jusqu\u2019\u00e0 50% plus rapides.<\/p>","protected":false},"excerpt":{"rendered":"<p>EyeC et Hybrid Software ont \u00e9tendu leur collaboration et pr\u00e9sentaient leur derni\u00e8re int\u00e9gration de flux de travail \u00e0 Labelexpo Europe 2023. L\u2019int\u00e9gration directe du syst\u00e8me de relecture de maquettes bas\u00e9 sur le web EyeC ProofText dans CloudFlow d\u2019Hybrid Software permet une efficacit\u00e9 maximale d\u00e8s le processus de cr\u00e9ation des maquettes. La collaboration entre les deux [&hellip;]<\/p>","protected":false},"author":2,"featured_media":38569,"comment_status":"closed","ping_status":"closed","sticky":false,"template":"","format":"standard","meta":{"_acf_changed":false,"inline_featured_image":false,"iawp_total_views":3,"footnotes":""},"categories":[28,26,9,65],"tags":[],"class_list":["post-38568","post","type-post","status-publish","format-standard","has-post-thumbnail","hentry","category-article-entier","category-laterale","category-materiel","category-vu-dans-le-mag"],"acf":[],"yoast_head":"<!-- This site is optimized with the Yoast SEO plugin v24.4 - https:\/\/yoast.com\/wordpress\/plugins\/seo\/ -->\n<title>Solution d\u2019int\u00e9gration des flux de travail - Emballage Digest<\/title>\n<meta name=\"robots\" content=\"index, follow, max-snippet:-1, max-image-preview:large, max-video-preview:-1\" \/>\n<link rel=\"canonical\" href=\"https:\/\/www.emballagedigest.fr\/en\/solution-dintegration-des-flux-de-travail\/\" \/>\n<meta property=\"og:locale\" content=\"en_GB\" \/>\n<meta property=\"og:type\" content=\"article\" \/>\n<meta property=\"og:title\" content=\"Solution d\u2019int\u00e9gration des flux de travail - Emballage Digest\" \/>\n<meta property=\"og:description\" content=\"EyeC et Hybrid Software ont \u00e9tendu leur collaboration et pr\u00e9sentaient leur derni\u00e8re int\u00e9gration de flux de travail \u00e0 Labelexpo Europe 2023. L\u2019int\u00e9gration directe du syst\u00e8me de relecture de maquettes bas\u00e9 sur le web EyeC ProofText dans CloudFlow d\u2019Hybrid Software permet une efficacit\u00e9 maximale d\u00e8s le processus de cr\u00e9ation des maquettes. La collaboration entre les deux [&hellip;]\" \/>\n<meta property=\"og:url\" content=\"https:\/\/www.emballagedigest.fr\/en\/solution-dintegration-des-flux-de-travail\/\" \/>\n<meta property=\"og:site_name\" content=\"Emballage Digest\" \/>\n<meta property=\"article:published_time\" content=\"2023-09-30T09:12:00+00:00\" \/>\n<meta property=\"article:modified_time\" content=\"2023-10-12T09:15:03+00:00\" \/>\n<meta property=\"og:image\" content=\"https:\/\/www.emballagedigest.fr\/wp-content\/uploads\/2023\/10\/EyeC-and-HYBRID-Image-1.jpg\" \/>\n\t<meta property=\"og:image:width\" content=\"800\" \/>\n\t<meta property=\"og:image:height\" content=\"492\" \/>\n\t<meta property=\"og:image:type\" content=\"image\/jpeg\" \/>\n<meta name=\"author\" content=\"Karine Duval\" \/>\n<meta name=\"twitter:card\" content=\"summary_large_image\" \/>\n<meta name=\"twitter:label1\" content=\"Written by\" \/>\n\t<meta name=\"twitter:data1\" content=\"Karine Duval\" \/>\n\t<meta name=\"twitter:label2\" content=\"Estimated reading time\" \/>\n\t<meta name=\"twitter:data2\" content=\"2 minutes\" \/>\n<script type=\"application\/ld+json\" class=\"yoast-schema-graph\">{\"@context\":\"https:\/\/schema.org\",\"@graph\":[{\"@type\":\"Article\",\"@id\":\"https:\/\/www.emballagedigest.fr\/solution-dintegration-des-flux-de-travail\/#article\",\"isPartOf\":{\"@id\":\"https:\/\/www.emballagedigest.fr\/solution-dintegration-des-flux-de-travail\/\"},\"author\":{\"name\":\"Karine Duval\",\"@id\":\"https:\/\/www.emballagedigest.fr\/#\/schema\/person\/76abe9f2b2ee4d3d520594c7a35da59f\"},\"headline\":\"Solution d\u2019int\u00e9gration des flux de travail\",\"datePublished\":\"2023-09-30T09:12:00+00:00\",\"dateModified\":\"2023-10-12T09:15:03+00:00\",\"mainEntityOfPage\":{\"@id\":\"https:\/\/www.emballagedigest.fr\/solution-dintegration-des-flux-de-travail\/\"},\"wordCount\":342,\"publisher\":{\"@id\":\"https:\/\/www.emballagedigest.fr\/#organization\"},\"image\":{\"@id\":\"https:\/\/www.emballagedigest.fr\/solution-dintegration-des-flux-de-travail\/#primaryimage\"},\"thumbnailUrl\":\"https:\/\/www.emballagedigest.fr\/wp-content\/uploads\/2023\/10\/EyeC-and-HYBRID-Image-1.jpg\",\"articleSection\":[\"Article entier\",\"Barre lat\u00e9rale\",\"Mat\u00e9riel\",\"Vu dans le mag\"],\"inLanguage\":\"en-GB\"},{\"@type\":\"WebPage\",\"@id\":\"https:\/\/www.emballagedigest.fr\/solution-dintegration-des-flux-de-travail\/\",\"url\":\"https:\/\/www.emballagedigest.fr\/solution-dintegration-des-flux-de-travail\/\",\"name\":\"Solution d\u2019int\u00e9gration des flux de travail - Emballage Digest\",\"isPartOf\":{\"@id\":\"https:\/\/www.emballagedigest.fr\/#website\"},\"primaryImageOfPage\":{\"@id\":\"https:\/\/www.emballagedigest.fr\/solution-dintegration-des-flux-de-travail\/#primaryimage\"},\"image\":{\"@id\":\"https:\/\/www.emballagedigest.fr\/solution-dintegration-des-flux-de-travail\/#primaryimage\"},\"thumbnailUrl\":\"https:\/\/www.emballagedigest.fr\/wp-content\/uploads\/2023\/10\/EyeC-and-HYBRID-Image-1.jpg\",\"datePublished\":\"2023-09-30T09:12:00+00:00\",\"dateModified\":\"2023-10-12T09:15:03+00:00\",\"breadcrumb\":{\"@id\":\"https:\/\/www.emballagedigest.fr\/solution-dintegration-des-flux-de-travail\/#breadcrumb\"},\"inLanguage\":\"en-GB\",\"potentialAction\":[{\"@type\":\"ReadAction\",\"target\":[\"https:\/\/www.emballagedigest.fr\/solution-dintegration-des-flux-de-travail\/\"]}]},{\"@type\":\"ImageObject\",\"inLanguage\":\"en-GB\",\"@id\":\"https:\/\/www.emballagedigest.fr\/solution-dintegration-des-flux-de-travail\/#primaryimage\",\"url\":\"https:\/\/www.emballagedigest.fr\/wp-content\/uploads\/2023\/10\/EyeC-and-HYBRID-Image-1.jpg\",\"contentUrl\":\"https:\/\/www.emballagedigest.fr\/wp-content\/uploads\/2023\/10\/EyeC-and-HYBRID-Image-1.jpg\",\"width\":800,\"height\":492},{\"@type\":\"BreadcrumbList\",\"@id\":\"https:\/\/www.emballagedigest.fr\/solution-dintegration-des-flux-de-travail\/#breadcrumb\",\"itemListElement\":[{\"@type\":\"ListItem\",\"position\":1,\"name\":\"Accueil\",\"item\":\"https:\/\/www.emballagedigest.fr\/\"},{\"@type\":\"ListItem\",\"position\":2,\"name\":\"Solution d\u2019int\u00e9gration des flux de travail\"}]},{\"@type\":\"WebSite\",\"@id\":\"https:\/\/www.emballagedigest.fr\/#website\",\"url\":\"https:\/\/www.emballagedigest.fr\/\",\"name\":\"Emballage Digest\",\"description\":\"Revue professionnelle sur les emballages\",\"publisher\":{\"@id\":\"https:\/\/www.emballagedigest.fr\/#organization\"},\"potentialAction\":[{\"@type\":\"SearchAction\",\"target\":{\"@type\":\"EntryPoint\",\"urlTemplate\":\"https:\/\/www.emballagedigest.fr\/?s={search_term_string}\"},\"query-input\":{\"@type\":\"PropertyValueSpecification\",\"valueRequired\":true,\"valueName\":\"search_term_string\"}}],\"inLanguage\":\"en-GB\"},{\"@type\":\"Organization\",\"@id\":\"https:\/\/www.emballagedigest.fr\/#organization\",\"name\":\"Emballage Digest\",\"url\":\"https:\/\/www.emballagedigest.fr\/\",\"logo\":{\"@type\":\"ImageObject\",\"inLanguage\":\"en-GB\",\"@id\":\"https:\/\/www.emballagedigest.fr\/#\/schema\/logo\/image\/\",\"url\":\"https:\/\/www.emballagedigest.fr\/wp-content\/uploads\/2022\/07\/logo-ed.png\",\"contentUrl\":\"https:\/\/www.emballagedigest.fr\/wp-content\/uploads\/2022\/07\/logo-ed.png\",\"width\":379,\"height\":75,\"caption\":\"Emballage Digest\"},\"image\":{\"@id\":\"https:\/\/www.emballagedigest.fr\/#\/schema\/logo\/image\/\"}},{\"@type\":\"Person\",\"@id\":\"https:\/\/www.emballagedigest.fr\/#\/schema\/person\/76abe9f2b2ee4d3d520594c7a35da59f\",\"name\":\"Karine Duval\",\"image\":{\"@type\":\"ImageObject\",\"inLanguage\":\"en-GB\",\"@id\":\"https:\/\/www.emballagedigest.fr\/#\/schema\/person\/image\/\",\"url\":\"https:\/\/secure.gravatar.com\/avatar\/f552799261cdd2e076e6677d780ef07bdb13aa4c196ab75b39abcbcdcae2d4e5?s=96&d=mm&r=g\",\"contentUrl\":\"https:\/\/secure.gravatar.com\/avatar\/f552799261cdd2e076e6677d780ef07bdb13aa4c196ab75b39abcbcdcae2d4e5?s=96&d=mm&r=g\",\"caption\":\"Karine Duval\"},\"url\":\"https:\/\/www.emballagedigest.fr\/en\/author\/admin_karduv\/\"}]}<\/script>\n<!-- \/ Yoast SEO plugin. -->","yoast_head_json":{"title":"Solution d\u2019int\u00e9gration des flux de travail - Emballage Digest","robots":{"index":"index","follow":"follow","max-snippet":"max-snippet:-1","max-image-preview":"max-image-preview:large","max-video-preview":"max-video-preview:-1"},"canonical":"https:\/\/www.emballagedigest.fr\/en\/solution-dintegration-des-flux-de-travail\/","og_locale":"en_GB","og_type":"article","og_title":"Solution d\u2019int\u00e9gration des flux de travail - Emballage Digest","og_description":"EyeC et Hybrid Software ont \u00e9tendu leur collaboration et pr\u00e9sentaient leur derni\u00e8re int\u00e9gration de flux de travail \u00e0 Labelexpo Europe 2023. L\u2019int\u00e9gration directe du syst\u00e8me de relecture de maquettes bas\u00e9 sur le web EyeC ProofText dans CloudFlow d\u2019Hybrid Software permet une efficacit\u00e9 maximale d\u00e8s le processus de cr\u00e9ation des maquettes. La collaboration entre les deux [&hellip;]","og_url":"https:\/\/www.emballagedigest.fr\/en\/solution-dintegration-des-flux-de-travail\/","og_site_name":"Emballage Digest","article_published_time":"2023-09-30T09:12:00+00:00","article_modified_time":"2023-10-12T09:15:03+00:00","og_image":[{"width":800,"height":492,"url":"https:\/\/www.emballagedigest.fr\/wp-content\/uploads\/2023\/10\/EyeC-and-HYBRID-Image-1.jpg","type":"image\/jpeg"}],"author":"Karine Duval","twitter_card":"summary_large_image","twitter_misc":{"Written by":"Karine Duval","Estimated reading time":"2 minutes"},"schema":{"@context":"https:\/\/schema.org","@graph":[{"@type":"Article","@id":"https:\/\/www.emballagedigest.fr\/solution-dintegration-des-flux-de-travail\/#article","isPartOf":{"@id":"https:\/\/www.emballagedigest.fr\/solution-dintegration-des-flux-de-travail\/"},"author":{"name":"Karine Duval","@id":"https:\/\/www.emballagedigest.fr\/#\/schema\/person\/76abe9f2b2ee4d3d520594c7a35da59f"},"headline":"Solution d\u2019int\u00e9gration des flux de travail","datePublished":"2023-09-30T09:12:00+00:00","dateModified":"2023-10-12T09:15:03+00:00","mainEntityOfPage":{"@id":"https:\/\/www.emballagedigest.fr\/solution-dintegration-des-flux-de-travail\/"},"wordCount":342,"publisher":{"@id":"https:\/\/www.emballagedigest.fr\/#organization"},"image":{"@id":"https:\/\/www.emballagedigest.fr\/solution-dintegration-des-flux-de-travail\/#primaryimage"},"thumbnailUrl":"https:\/\/www.emballagedigest.fr\/wp-content\/uploads\/2023\/10\/EyeC-and-HYBRID-Image-1.jpg","articleSection":["Article entier","Barre lat\u00e9rale","Mat\u00e9riel","Vu dans le mag"],"inLanguage":"en-GB"},{"@type":"WebPage","@id":"https:\/\/www.emballagedigest.fr\/solution-dintegration-des-flux-de-travail\/","url":"https:\/\/www.emballagedigest.fr\/solution-dintegration-des-flux-de-travail\/","name":"Solution d\u2019int\u00e9gration des flux de travail - Emballage Digest","isPartOf":{"@id":"https:\/\/www.emballagedigest.fr\/#website"},"primaryImageOfPage":{"@id":"https:\/\/www.emballagedigest.fr\/solution-dintegration-des-flux-de-travail\/#primaryimage"},"image":{"@id":"https:\/\/www.emballagedigest.fr\/solution-dintegration-des-flux-de-travail\/#primaryimage"},"thumbnailUrl":"https:\/\/www.emballagedigest.fr\/wp-content\/uploads\/2023\/10\/EyeC-and-HYBRID-Image-1.jpg","datePublished":"2023-09-30T09:12:00+00:00","dateModified":"2023-10-12T09:15:03+00:00","breadcrumb":{"@id":"https:\/\/www.emballagedigest.fr\/solution-dintegration-des-flux-de-travail\/#breadcrumb"},"inLanguage":"en-GB","potentialAction":[{"@type":"ReadAction","target":["https:\/\/www.emballagedigest.fr\/solution-dintegration-des-flux-de-travail\/"]}]},{"@type":"ImageObject","inLanguage":"en-GB","@id":"https:\/\/www.emballagedigest.fr\/solution-dintegration-des-flux-de-travail\/#primaryimage","url":"https:\/\/www.emballagedigest.fr\/wp-content\/uploads\/2023\/10\/EyeC-and-HYBRID-Image-1.jpg","contentUrl":"https:\/\/www.emballagedigest.fr\/wp-content\/uploads\/2023\/10\/EyeC-and-HYBRID-Image-1.jpg","width":800,"height":492},{"@type":"BreadcrumbList","@id":"https:\/\/www.emballagedigest.fr\/solution-dintegration-des-flux-de-travail\/#breadcrumb","itemListElement":[{"@type":"ListItem","position":1,"name":"Accueil","item":"https:\/\/www.emballagedigest.fr\/"},{"@type":"ListItem","position":2,"name":"Solution d\u2019int\u00e9gration des flux de travail"}]},{"@type":"WebSite","@id":"https:\/\/www.emballagedigest.fr\/#website","url":"https:\/\/www.emballagedigest.fr\/","name":"Emballage Digest","description":"Revue professionnelle sur les emballages","publisher":{"@id":"https:\/\/www.emballagedigest.fr\/#organization"},"potentialAction":[{"@type":"SearchAction","target":{"@type":"EntryPoint","urlTemplate":"https:\/\/www.emballagedigest.fr\/?s={search_term_string}"},"query-input":{"@type":"PropertyValueSpecification","valueRequired":true,"valueName":"search_term_string"}}],"inLanguage":"en-GB"},{"@type":"Organization","@id":"https:\/\/www.emballagedigest.fr\/#organization","name":"Emballage Digest","url":"https:\/\/www.emballagedigest.fr\/","logo":{"@type":"ImageObject","inLanguage":"en-GB","@id":"https:\/\/www.emballagedigest.fr\/#\/schema\/logo\/image\/","url":"https:\/\/www.emballagedigest.fr\/wp-content\/uploads\/2022\/07\/logo-ed.png","contentUrl":"https:\/\/www.emballagedigest.fr\/wp-content\/uploads\/2022\/07\/logo-ed.png","width":379,"height":75,"caption":"Emballage Digest"},"image":{"@id":"https:\/\/www.emballagedigest.fr\/#\/schema\/logo\/image\/"}},{"@type":"Person","@id":"https:\/\/www.emballagedigest.fr\/#\/schema\/person\/76abe9f2b2ee4d3d520594c7a35da59f","name":"Karine Duval","image":{"@type":"ImageObject","inLanguage":"en-GB","@id":"https:\/\/www.emballagedigest.fr\/#\/schema\/person\/image\/","url":"https:\/\/secure.gravatar.com\/avatar\/f552799261cdd2e076e6677d780ef07bdb13aa4c196ab75b39abcbcdcae2d4e5?s=96&d=mm&r=g","contentUrl":"https:\/\/secure.gravatar.com\/avatar\/f552799261cdd2e076e6677d780ef07bdb13aa4c196ab75b39abcbcdcae2d4e5?s=96&d=mm&r=g","caption":"Karine Duval"},"url":"https:\/\/www.emballagedigest.fr\/en\/author\/admin_karduv\/"}]}},"_links":{"self":[{"href":"https:\/\/www.emballagedigest.fr\/en\/wp-json\/wp\/v2\/posts\/38568","targetHints":{"allow":["GET"]}}],"collection":[{"href":"https:\/\/www.emballagedigest.fr\/en\/wp-json\/wp\/v2\/posts"}],"about":[{"href":"https:\/\/www.emballagedigest.fr\/en\/wp-json\/wp\/v2\/types\/post"}],"author":[{"embeddable":true,"href":"https:\/\/www.emballagedigest.fr\/en\/wp-json\/wp\/v2\/users\/2"}],"replies":[{"embeddable":true,"href":"https:\/\/www.emballagedigest.fr\/en\/wp-json\/wp\/v2\/comments?post=38568"}],"version-history":[{"count":1,"href":"https:\/\/www.emballagedigest.fr\/en\/wp-json\/wp\/v2\/posts\/38568\/revisions"}],"predecessor-version":[{"id":38571,"href":"https:\/\/www.emballagedigest.fr\/en\/wp-json\/wp\/v2\/posts\/38568\/revisions\/38571"}],"wp:featuredmedia":[{"embeddable":true,"href":"https:\/\/www.emballagedigest.fr\/en\/wp-json\/wp\/v2\/media\/38569"}],"wp:attachment":[{"href":"https:\/\/www.emballagedigest.fr\/en\/wp-json\/wp\/v2\/media?parent=38568"}],"wp:term":[{"taxonomy":"category","embeddable":true,"href":"https:\/\/www.emballagedigest.fr\/en\/wp-json\/wp\/v2\/categories?post=38568"},{"taxonomy":"post_tag","embeddable":true,"href":"https:\/\/www.emballagedigest.fr\/en\/wp-json\/wp\/v2\/tags?post=38568"}],"curies":[{"name":"wp","href":"https:\/\/api.w.org\/{rel}","templated":true}]}}