{"id":38631,"date":"2023-10-19T00:12:51","date_gmt":"2023-10-18T22:12:51","guid":{"rendered":"https:\/\/www.emballagedigest.fr\/?p=38631"},"modified":"2023-10-20T08:09:48","modified_gmt":"2023-10-20T06:09:48","slug":"quelle-place-pour-lemballage-verre-dans-le-quotidien-des-francais","status":"publish","type":"post","link":"https:\/\/www.emballagedigest.fr\/en\/quelle-place-pour-lemballage-verre-dans-le-quotidien-des-francais\/","title":{"rendered":"Quelle place pour l\u2019emballage verre dans le quotidien des fran\u00e7ais ?"},"content":{"rendered":"<p><strong>C\u2019est la question \u00e0 laquelle a souhait\u00e9 r\u00e9pondre la F\u00e9d\u00e9ration des Industries du Verre dans sa derni\u00e8re \u00e9tude r\u00e9alis\u00e9e par CSA en juin 2023*. Cette \u00e9tude sur le verre dans le quotidien des Fran\u00e7ais r\u00e9v\u00e8le que ces derniers accordent leur confiance au verre, un emballage qui b\u00e9n\u00e9ficie d\u2019une image positive tant sur le plan environnemental que sanitaire.<\/strong><\/p>\n\n\n\n<p>En effet, les Fran\u00e7ais interrog\u00e9s attribuent au verre les notes de 8,4\/10 pour l\u2019image et 8,5\/10 pour la confiance, qui s\u2019est d\u2019ailleurs renforc\u00e9e pour 1\/3 (34%) d\u2019entre eux au cours des derniers mois. Le verre se d\u00e9marque des autres emballages : les Fran\u00e7ais sont 2\/3 \u00e0 juger d\u00e9favorablement le plastique et plus de la moiti\u00e9 le BiB. Cette confiance exprim\u00e9e est transg\u00e9n\u00e9rationnelle : le verre est pl\u00e9biscit\u00e9 quelles que soient les g\u00e9n\u00e9rations, et son niveau de confiance et d\u2019image se renforcent au fil de l\u2019\u00e2ge. Les moins de 35 ans attribuent au verre une note de confiance de 7,8\/10 alors que les 65 ans et plus lui attribuent la note de 9,2\/10.<\/p>\n\n\n\n<p>Interrog\u00e9s sur les types d\u2019emballage achet\u00e9s selon les cat\u00e9gories de produits alimentaires, 62% des Fran\u00e7ais privil\u00e9gient un emballage verre pour un m\u00eame produit alimentaire lorsque le choix est possible. Le verre se r\u00e9v\u00e8le \u00eatre un emballage de r\u00e9f\u00e9rence en magasin, qui est parfaitement install\u00e9 sur une dizaine de cat\u00e9gories de produits, parmi lesquelles les boissons alcoolis\u00e9es et notamment le vin (90%) et la bi\u00e8re (90%). L\u2019\u00e9tude confirme \u00e9galement la bonne image du verre, attendu sur plusieurs cat\u00e9gories o\u00f9 l\u2019offre d\u2019emballage n\u2019appara\u00eet pas au niveau de la demande. De nouvelles opportunit\u00e9s pour le verre se dessinent du c\u00f4t\u00e9 des liquides et notamment pour les boissons v\u00e9g\u00e9tales, attendues \u00e0 44%, le lait (33%) ou encore les jus de fruits (32%). On note aussi dans d\u2019autres cat\u00e9gories des attentes fortes pour des emballages en verre du c\u00f4t\u00e9 des soupes (40%), des plats cuisin\u00e9s (37%) ou encore des yaourts (36%).<\/p>\n\n\n\n<p>En mati\u00e8re de stockage, 72% des fran\u00e7ais utilisent des contenants en verre pour stocker des aliments. Si les contenants en verre sont en nette progression, on note que les autres types de contenants, comme le plastique, sont en retrait. En effet, parmi les 46% de Fran\u00e7ais qui ont chang\u00e9 leurs habitudes vis-\u00e0-vis de certains contenants, 80% ont arr\u00eat\u00e9 ou diminu\u00e9 leur utilisation des contenants en plastique.<\/p>\n\n\n\n<p>Par ailleurs, le verre v\u00e9hicule \u00e0 la fois esth\u00e9tisme (93%), pr\u00e9servation du go\u00fbt (96%), praticit\u00e9 (84%), tout en apportant une r\u00e9ponse aux probl\u00e9matiques comme la sant\u00e9 et la pr\u00e9servation de l\u2019environnement. L\u2019\u00e9tude r\u00e9v\u00e8le d\u2019ailleurs que 88% des Fran\u00e7ais consid\u00e8rent le verre comme \u00ab&nbsp;le meilleur emballage pour r\u00e9pondre aux probl\u00e9matiques de changement climatique \u00bb (42% \u00ab&nbsp;tout \u00e0 fait d\u2019accord&nbsp;\u00bb).<\/p>\n\n\n\n<p>Enfin, interrog\u00e9s sur leurs attentes en mati\u00e8re de r\u00e9emploi, 53% des Fran\u00e7ais se d\u00e9clarent favorables \u00e0 la consigne sur les emballages alimentaires en verre.<\/p>\n\n\n\n<p><em>*\u00e9tude r\u00e9alis\u00e9e en juin 2023 sur un panel de 1000 fran\u00e7ais de 18 ans et plus.<\/em><\/p>","protected":false},"excerpt":{"rendered":"<p>C\u2019est la question \u00e0 laquelle a souhait\u00e9 r\u00e9pondre la F\u00e9d\u00e9ration des Industries du Verre dans sa derni\u00e8re \u00e9tude r\u00e9alis\u00e9e par CSA en juin 2023*. Cette \u00e9tude sur le verre dans le quotidien des Fran\u00e7ais r\u00e9v\u00e8le que ces derniers accordent leur confiance au verre, un emballage qui b\u00e9n\u00e9ficie d\u2019une image positive tant sur le plan environnemental [&hellip;]<\/p>","protected":false},"author":2,"featured_media":38632,"comment_status":"closed","ping_status":"closed","sticky":false,"template":"","format":"standard","meta":{"_acf_changed":false,"inline_featured_image":false,"iawp_total_views":7,"footnotes":""},"categories":[5,28,81],"tags":[],"class_list":["post-38631","post","type-post","status-publish","format-standard","has-post-thumbnail","hentry","category-alimentaire","category-article-entier","category-packaging"],"acf":[],"yoast_head":"<!-- This site is optimized with the Yoast SEO plugin v24.4 - https:\/\/yoast.com\/wordpress\/plugins\/seo\/ -->\n<title>Quelle place pour l\u2019emballage verre dans le quotidien des fran\u00e7ais ? - Emballage Digest<\/title>\n<meta name=\"robots\" content=\"index, follow, max-snippet:-1, max-image-preview:large, max-video-preview:-1\" \/>\n<link rel=\"canonical\" href=\"https:\/\/www.emballagedigest.fr\/en\/quelle-place-pour-lemballage-verre-dans-le-quotidien-des-francais\/\" \/>\n<meta property=\"og:locale\" content=\"en_GB\" \/>\n<meta property=\"og:type\" content=\"article\" \/>\n<meta property=\"og:title\" content=\"Quelle place pour l\u2019emballage verre dans le quotidien des fran\u00e7ais ? - Emballage Digest\" \/>\n<meta property=\"og:description\" content=\"C\u2019est la question \u00e0 laquelle a souhait\u00e9 r\u00e9pondre la F\u00e9d\u00e9ration des Industries du Verre dans sa derni\u00e8re \u00e9tude r\u00e9alis\u00e9e par CSA en juin 2023*. Cette \u00e9tude sur le verre dans le quotidien des Fran\u00e7ais r\u00e9v\u00e8le que ces derniers accordent leur confiance au verre, un emballage qui b\u00e9n\u00e9ficie d\u2019une image positive tant sur le plan environnemental [&hellip;]\" \/>\n<meta property=\"og:url\" content=\"https:\/\/www.emballagedigest.fr\/en\/quelle-place-pour-lemballage-verre-dans-le-quotidien-des-francais\/\" \/>\n<meta property=\"og:site_name\" content=\"Emballage Digest\" \/>\n<meta property=\"article:published_time\" content=\"2023-10-18T22:12:51+00:00\" \/>\n<meta property=\"article:modified_time\" content=\"2023-10-20T06:09:48+00:00\" \/>\n<meta property=\"og:image\" content=\"https:\/\/www.emballagedigest.fr\/wp-content\/uploads\/2023\/10\/verre-conso.jpg\" \/>\n\t<meta property=\"og:image:width\" content=\"800\" \/>\n\t<meta property=\"og:image:height\" content=\"427\" \/>\n\t<meta property=\"og:image:type\" content=\"image\/jpeg\" \/>\n<meta name=\"author\" content=\"Karine Duval\" \/>\n<meta name=\"twitter:card\" content=\"summary_large_image\" \/>\n<meta name=\"twitter:label1\" content=\"Written by\" \/>\n\t<meta name=\"twitter:data1\" content=\"Karine Duval\" \/>\n\t<meta name=\"twitter:label2\" content=\"Estimated reading time\" \/>\n\t<meta name=\"twitter:data2\" content=\"3 minutes\" \/>\n<script type=\"application\/ld+json\" class=\"yoast-schema-graph\">{\"@context\":\"https:\/\/schema.org\",\"@graph\":[{\"@type\":\"Article\",\"@id\":\"https:\/\/www.emballagedigest.fr\/quelle-place-pour-lemballage-verre-dans-le-quotidien-des-francais\/#article\",\"isPartOf\":{\"@id\":\"https:\/\/www.emballagedigest.fr\/quelle-place-pour-lemballage-verre-dans-le-quotidien-des-francais\/\"},\"author\":{\"name\":\"Karine Duval\",\"@id\":\"https:\/\/www.emballagedigest.fr\/#\/schema\/person\/76abe9f2b2ee4d3d520594c7a35da59f\"},\"headline\":\"Quelle place pour l\u2019emballage verre dans le quotidien des fran\u00e7ais ?\",\"datePublished\":\"2023-10-18T22:12:51+00:00\",\"dateModified\":\"2023-10-20T06:09:48+00:00\",\"mainEntityOfPage\":{\"@id\":\"https:\/\/www.emballagedigest.fr\/quelle-place-pour-lemballage-verre-dans-le-quotidien-des-francais\/\"},\"wordCount\":543,\"publisher\":{\"@id\":\"https:\/\/www.emballagedigest.fr\/#organization\"},\"image\":{\"@id\":\"https:\/\/www.emballagedigest.fr\/quelle-place-pour-lemballage-verre-dans-le-quotidien-des-francais\/#primaryimage\"},\"thumbnailUrl\":\"https:\/\/www.emballagedigest.fr\/wp-content\/uploads\/2023\/10\/verre-conso.jpg\",\"articleSection\":[\"Alimentaire\",\"Article entier\",\"Packaging\"],\"inLanguage\":\"en-GB\"},{\"@type\":\"WebPage\",\"@id\":\"https:\/\/www.emballagedigest.fr\/quelle-place-pour-lemballage-verre-dans-le-quotidien-des-francais\/\",\"url\":\"https:\/\/www.emballagedigest.fr\/quelle-place-pour-lemballage-verre-dans-le-quotidien-des-francais\/\",\"name\":\"Quelle place pour l\u2019emballage verre dans le quotidien des fran\u00e7ais ? - Emballage Digest\",\"isPartOf\":{\"@id\":\"https:\/\/www.emballagedigest.fr\/#website\"},\"primaryImageOfPage\":{\"@id\":\"https:\/\/www.emballagedigest.fr\/quelle-place-pour-lemballage-verre-dans-le-quotidien-des-francais\/#primaryimage\"},\"image\":{\"@id\":\"https:\/\/www.emballagedigest.fr\/quelle-place-pour-lemballage-verre-dans-le-quotidien-des-francais\/#primaryimage\"},\"thumbnailUrl\":\"https:\/\/www.emballagedigest.fr\/wp-content\/uploads\/2023\/10\/verre-conso.jpg\",\"datePublished\":\"2023-10-18T22:12:51+00:00\",\"dateModified\":\"2023-10-20T06:09:48+00:00\",\"breadcrumb\":{\"@id\":\"https:\/\/www.emballagedigest.fr\/quelle-place-pour-lemballage-verre-dans-le-quotidien-des-francais\/#breadcrumb\"},\"inLanguage\":\"en-GB\",\"potentialAction\":[{\"@type\":\"ReadAction\",\"target\":[\"https:\/\/www.emballagedigest.fr\/quelle-place-pour-lemballage-verre-dans-le-quotidien-des-francais\/\"]}]},{\"@type\":\"ImageObject\",\"inLanguage\":\"en-GB\",\"@id\":\"https:\/\/www.emballagedigest.fr\/quelle-place-pour-lemballage-verre-dans-le-quotidien-des-francais\/#primaryimage\",\"url\":\"https:\/\/www.emballagedigest.fr\/wp-content\/uploads\/2023\/10\/verre-conso.jpg\",\"contentUrl\":\"https:\/\/www.emballagedigest.fr\/wp-content\/uploads\/2023\/10\/verre-conso.jpg\",\"width\":800,\"height\":427},{\"@type\":\"BreadcrumbList\",\"@id\":\"https:\/\/www.emballagedigest.fr\/quelle-place-pour-lemballage-verre-dans-le-quotidien-des-francais\/#breadcrumb\",\"itemListElement\":[{\"@type\":\"ListItem\",\"position\":1,\"name\":\"Accueil\",\"item\":\"https:\/\/www.emballagedigest.fr\/\"},{\"@type\":\"ListItem\",\"position\":2,\"name\":\"Quelle place pour l\u2019emballage verre dans le quotidien des fran\u00e7ais ?\"}]},{\"@type\":\"WebSite\",\"@id\":\"https:\/\/www.emballagedigest.fr\/#website\",\"url\":\"https:\/\/www.emballagedigest.fr\/\",\"name\":\"Emballage Digest\",\"description\":\"Revue professionnelle sur les emballages\",\"publisher\":{\"@id\":\"https:\/\/www.emballagedigest.fr\/#organization\"},\"potentialAction\":[{\"@type\":\"SearchAction\",\"target\":{\"@type\":\"EntryPoint\",\"urlTemplate\":\"https:\/\/www.emballagedigest.fr\/?s={search_term_string}\"},\"query-input\":{\"@type\":\"PropertyValueSpecification\",\"valueRequired\":true,\"valueName\":\"search_term_string\"}}],\"inLanguage\":\"en-GB\"},{\"@type\":\"Organization\",\"@id\":\"https:\/\/www.emballagedigest.fr\/#organization\",\"name\":\"Emballage Digest\",\"url\":\"https:\/\/www.emballagedigest.fr\/\",\"logo\":{\"@type\":\"ImageObject\",\"inLanguage\":\"en-GB\",\"@id\":\"https:\/\/www.emballagedigest.fr\/#\/schema\/logo\/image\/\",\"url\":\"https:\/\/www.emballagedigest.fr\/wp-content\/uploads\/2022\/07\/logo-ed.png\",\"contentUrl\":\"https:\/\/www.emballagedigest.fr\/wp-content\/uploads\/2022\/07\/logo-ed.png\",\"width\":379,\"height\":75,\"caption\":\"Emballage Digest\"},\"image\":{\"@id\":\"https:\/\/www.emballagedigest.fr\/#\/schema\/logo\/image\/\"}},{\"@type\":\"Person\",\"@id\":\"https:\/\/www.emballagedigest.fr\/#\/schema\/person\/76abe9f2b2ee4d3d520594c7a35da59f\",\"name\":\"Karine Duval\",\"image\":{\"@type\":\"ImageObject\",\"inLanguage\":\"en-GB\",\"@id\":\"https:\/\/www.emballagedigest.fr\/#\/schema\/person\/image\/\",\"url\":\"https:\/\/secure.gravatar.com\/avatar\/f552799261cdd2e076e6677d780ef07bdb13aa4c196ab75b39abcbcdcae2d4e5?s=96&d=mm&r=g\",\"contentUrl\":\"https:\/\/secure.gravatar.com\/avatar\/f552799261cdd2e076e6677d780ef07bdb13aa4c196ab75b39abcbcdcae2d4e5?s=96&d=mm&r=g\",\"caption\":\"Karine Duval\"},\"url\":\"https:\/\/www.emballagedigest.fr\/en\/author\/admin_karduv\/\"}]}<\/script>\n<!-- \/ Yoast SEO plugin. -->","yoast_head_json":{"title":"Quelle place pour l\u2019emballage verre dans le quotidien des fran\u00e7ais ? - Emballage Digest","robots":{"index":"index","follow":"follow","max-snippet":"max-snippet:-1","max-image-preview":"max-image-preview:large","max-video-preview":"max-video-preview:-1"},"canonical":"https:\/\/www.emballagedigest.fr\/en\/quelle-place-pour-lemballage-verre-dans-le-quotidien-des-francais\/","og_locale":"en_GB","og_type":"article","og_title":"Quelle place pour l\u2019emballage verre dans le quotidien des fran\u00e7ais ? - Emballage Digest","og_description":"C\u2019est la question \u00e0 laquelle a souhait\u00e9 r\u00e9pondre la F\u00e9d\u00e9ration des Industries du Verre dans sa derni\u00e8re \u00e9tude r\u00e9alis\u00e9e par CSA en juin 2023*. Cette \u00e9tude sur le verre dans le quotidien des Fran\u00e7ais r\u00e9v\u00e8le que ces derniers accordent leur confiance au verre, un emballage qui b\u00e9n\u00e9ficie d\u2019une image positive tant sur le plan environnemental [&hellip;]","og_url":"https:\/\/www.emballagedigest.fr\/en\/quelle-place-pour-lemballage-verre-dans-le-quotidien-des-francais\/","og_site_name":"Emballage Digest","article_published_time":"2023-10-18T22:12:51+00:00","article_modified_time":"2023-10-20T06:09:48+00:00","og_image":[{"width":800,"height":427,"url":"https:\/\/www.emballagedigest.fr\/wp-content\/uploads\/2023\/10\/verre-conso.jpg","type":"image\/jpeg"}],"author":"Karine Duval","twitter_card":"summary_large_image","twitter_misc":{"Written by":"Karine Duval","Estimated reading time":"3 minutes"},"schema":{"@context":"https:\/\/schema.org","@graph":[{"@type":"Article","@id":"https:\/\/www.emballagedigest.fr\/quelle-place-pour-lemballage-verre-dans-le-quotidien-des-francais\/#article","isPartOf":{"@id":"https:\/\/www.emballagedigest.fr\/quelle-place-pour-lemballage-verre-dans-le-quotidien-des-francais\/"},"author":{"name":"Karine Duval","@id":"https:\/\/www.emballagedigest.fr\/#\/schema\/person\/76abe9f2b2ee4d3d520594c7a35da59f"},"headline":"Quelle place pour l\u2019emballage verre dans le quotidien des fran\u00e7ais ?","datePublished":"2023-10-18T22:12:51+00:00","dateModified":"2023-10-20T06:09:48+00:00","mainEntityOfPage":{"@id":"https:\/\/www.emballagedigest.fr\/quelle-place-pour-lemballage-verre-dans-le-quotidien-des-francais\/"},"wordCount":543,"publisher":{"@id":"https:\/\/www.emballagedigest.fr\/#organization"},"image":{"@id":"https:\/\/www.emballagedigest.fr\/quelle-place-pour-lemballage-verre-dans-le-quotidien-des-francais\/#primaryimage"},"thumbnailUrl":"https:\/\/www.emballagedigest.fr\/wp-content\/uploads\/2023\/10\/verre-conso.jpg","articleSection":["Alimentaire","Article entier","Packaging"],"inLanguage":"en-GB"},{"@type":"WebPage","@id":"https:\/\/www.emballagedigest.fr\/quelle-place-pour-lemballage-verre-dans-le-quotidien-des-francais\/","url":"https:\/\/www.emballagedigest.fr\/quelle-place-pour-lemballage-verre-dans-le-quotidien-des-francais\/","name":"Quelle place pour l\u2019emballage verre dans le quotidien des fran\u00e7ais ? - Emballage Digest","isPartOf":{"@id":"https:\/\/www.emballagedigest.fr\/#website"},"primaryImageOfPage":{"@id":"https:\/\/www.emballagedigest.fr\/quelle-place-pour-lemballage-verre-dans-le-quotidien-des-francais\/#primaryimage"},"image":{"@id":"https:\/\/www.emballagedigest.fr\/quelle-place-pour-lemballage-verre-dans-le-quotidien-des-francais\/#primaryimage"},"thumbnailUrl":"https:\/\/www.emballagedigest.fr\/wp-content\/uploads\/2023\/10\/verre-conso.jpg","datePublished":"2023-10-18T22:12:51+00:00","dateModified":"2023-10-20T06:09:48+00:00","breadcrumb":{"@id":"https:\/\/www.emballagedigest.fr\/quelle-place-pour-lemballage-verre-dans-le-quotidien-des-francais\/#breadcrumb"},"inLanguage":"en-GB","potentialAction":[{"@type":"ReadAction","target":["https:\/\/www.emballagedigest.fr\/quelle-place-pour-lemballage-verre-dans-le-quotidien-des-francais\/"]}]},{"@type":"ImageObject","inLanguage":"en-GB","@id":"https:\/\/www.emballagedigest.fr\/quelle-place-pour-lemballage-verre-dans-le-quotidien-des-francais\/#primaryimage","url":"https:\/\/www.emballagedigest.fr\/wp-content\/uploads\/2023\/10\/verre-conso.jpg","contentUrl":"https:\/\/www.emballagedigest.fr\/wp-content\/uploads\/2023\/10\/verre-conso.jpg","width":800,"height":427},{"@type":"BreadcrumbList","@id":"https:\/\/www.emballagedigest.fr\/quelle-place-pour-lemballage-verre-dans-le-quotidien-des-francais\/#breadcrumb","itemListElement":[{"@type":"ListItem","position":1,"name":"Accueil","item":"https:\/\/www.emballagedigest.fr\/"},{"@type":"ListItem","position":2,"name":"Quelle place pour l\u2019emballage verre dans le quotidien des fran\u00e7ais ?"}]},{"@type":"WebSite","@id":"https:\/\/www.emballagedigest.fr\/#website","url":"https:\/\/www.emballagedigest.fr\/","name":"Emballage Digest","description":"Revue professionnelle sur les emballages","publisher":{"@id":"https:\/\/www.emballagedigest.fr\/#organization"},"potentialAction":[{"@type":"SearchAction","target":{"@type":"EntryPoint","urlTemplate":"https:\/\/www.emballagedigest.fr\/?s={search_term_string}"},"query-input":{"@type":"PropertyValueSpecification","valueRequired":true,"valueName":"search_term_string"}}],"inLanguage":"en-GB"},{"@type":"Organization","@id":"https:\/\/www.emballagedigest.fr\/#organization","name":"Emballage Digest","url":"https:\/\/www.emballagedigest.fr\/","logo":{"@type":"ImageObject","inLanguage":"en-GB","@id":"https:\/\/www.emballagedigest.fr\/#\/schema\/logo\/image\/","url":"https:\/\/www.emballagedigest.fr\/wp-content\/uploads\/2022\/07\/logo-ed.png","contentUrl":"https:\/\/www.emballagedigest.fr\/wp-content\/uploads\/2022\/07\/logo-ed.png","width":379,"height":75,"caption":"Emballage Digest"},"image":{"@id":"https:\/\/www.emballagedigest.fr\/#\/schema\/logo\/image\/"}},{"@type":"Person","@id":"https:\/\/www.emballagedigest.fr\/#\/schema\/person\/76abe9f2b2ee4d3d520594c7a35da59f","name":"Karine Duval","image":{"@type":"ImageObject","inLanguage":"en-GB","@id":"https:\/\/www.emballagedigest.fr\/#\/schema\/person\/image\/","url":"https:\/\/secure.gravatar.com\/avatar\/f552799261cdd2e076e6677d780ef07bdb13aa4c196ab75b39abcbcdcae2d4e5?s=96&d=mm&r=g","contentUrl":"https:\/\/secure.gravatar.com\/avatar\/f552799261cdd2e076e6677d780ef07bdb13aa4c196ab75b39abcbcdcae2d4e5?s=96&d=mm&r=g","caption":"Karine Duval"},"url":"https:\/\/www.emballagedigest.fr\/en\/author\/admin_karduv\/"}]}},"_links":{"self":[{"href":"https:\/\/www.emballagedigest.fr\/en\/wp-json\/wp\/v2\/posts\/38631","targetHints":{"allow":["GET"]}}],"collection":[{"href":"https:\/\/www.emballagedigest.fr\/en\/wp-json\/wp\/v2\/posts"}],"about":[{"href":"https:\/\/www.emballagedigest.fr\/en\/wp-json\/wp\/v2\/types\/post"}],"author":[{"embeddable":true,"href":"https:\/\/www.emballagedigest.fr\/en\/wp-json\/wp\/v2\/users\/2"}],"replies":[{"embeddable":true,"href":"https:\/\/www.emballagedigest.fr\/en\/wp-json\/wp\/v2\/comments?post=38631"}],"version-history":[{"count":1,"href":"https:\/\/www.emballagedigest.fr\/en\/wp-json\/wp\/v2\/posts\/38631\/revisions"}],"predecessor-version":[{"id":38633,"href":"https:\/\/www.emballagedigest.fr\/en\/wp-json\/wp\/v2\/posts\/38631\/revisions\/38633"}],"wp:featuredmedia":[{"embeddable":true,"href":"https:\/\/www.emballagedigest.fr\/en\/wp-json\/wp\/v2\/media\/38632"}],"wp:attachment":[{"href":"https:\/\/www.emballagedigest.fr\/en\/wp-json\/wp\/v2\/media?parent=38631"}],"wp:term":[{"taxonomy":"category","embeddable":true,"href":"https:\/\/www.emballagedigest.fr\/en\/wp-json\/wp\/v2\/categories?post=38631"},{"taxonomy":"post_tag","embeddable":true,"href":"https:\/\/www.emballagedigest.fr\/en\/wp-json\/wp\/v2\/tags?post=38631"}],"curies":[{"name":"wp","href":"https:\/\/api.w.org\/{rel}","templated":true}]}}