{"id":38822,"date":"2023-10-31T09:34:00","date_gmt":"2023-10-31T08:34:00","guid":{"rendered":"https:\/\/www.emballagedigest.fr\/?p=38822"},"modified":"2023-11-09T09:36:40","modified_gmt":"2023-11-09T08:36:40","slug":"incarta-packaging-sequipe-dune-presse-koenig-bauer","status":"publish","type":"post","link":"https:\/\/www.emballagedigest.fr\/en\/incarta-packaging-sequipe-dune-presse-koenig-bauer\/","title":{"rendered":"Incarta Packaging s\u2019\u00e9quipe d\u2019une presse Koenig &#038; Bauer"},"content":{"rendered":"<p><strong>Cr\u00e9\u00e9e en 1987 en tant que cartonnier pharma par Bernard Denjoy, qui est aujourd\u2019hui toujours \u00e0 la t\u00eate de l\u2019entreprise, Incarta Packaging a d\u00e9velopp\u00e9 au fil des ann\u00e9es un savoir-faire reconnu dans la r\u00e9alisation d\u2019emballages premium en carton plat et notamment de collages complexes. <\/strong><\/p>\n\n\n\n<p>Sur son site de production de plus de 4700 m\u00b2 situ\u00e9 \u00e0 Bon-Encontre dans le Lot-et-Garonne, l\u2019entreprise produit avec sa quarantaine de salari\u00e9s environ 220 millions de bo\u00eetes par an, dont 30% concernent le march\u00e9 du tabac et des cigarettes \u00e9lectroniques, 30% la cosm\u00e9tique et 40% l\u2019agro-alimentaire et d\u2019autres march\u00e9s premium. Les commandes peuvent varier tant\u00f4t en tirage \u2013 de 50 exemplaires \u00e0 plusieurs millions \u2013 tant\u00f4t en support \u2013 du carton 180 g au carton 550 g.<\/p>\n\n\n\n<p>Cette grande souplesse est soutenue par un parc machine diversifi\u00e9 compos\u00e9 en impression non seulement de deux presses offset, mais aussi d\u2019une presse num\u00e9rique destin\u00e9e au carton. \u00abNotre connaissance du num\u00e9rique est un grand atout car elle nous permet d\u2019acc\u00e9der \u00e0 des march\u00e9s multi-r\u00e9f\u00e9rences \u00e0 l\u2019exemple de celui des cigarettes \u00e9lectroniques et de faire des recherches et des d\u00e9veloppements sp\u00e9cifiques pour nos clients\u00bb, explique Bernard Denjoy.<\/p>\n\n\n\n<p>En 2022, Incarta Packaging lance un important plan d\u2019investissement de 4 millions d\u2019euros pour acqu\u00e9rir une nouvelle presse offset plus performante, fiable et qualitative, r\u00e9aliser des travaux de r\u00e9novation \u00e9nerg\u00e9tique du b\u00e2timent et moderniser le parc finition. R\u00e9sultat\u00a0: la mise en route fin 2022 de sa toute premi\u00e8re machine Koenig &amp; Bauer, une Rapida 106-6+L high-speed de derni\u00e8re g\u00e9n\u00e9ration, destin\u00e9e \u00e0 r\u00e9aliser une grande vari\u00e9t\u00e9 d\u2019emballages premium avec des encres \u00e0 faible migration. Rempla\u00e7ant une presse d\u2019un autre constructeur, la nouvelle machine au design ultra-moderne se distingue par sa grande souplesse, sa haute qualit\u00e9 d\u2019impression avec un engraissement parfait, ainsi que par son niveau de performance \u00e9lev\u00e9 gr\u00e2ce au pack high-speed et aux diff\u00e9rents automatismes pour un gain de temps.<\/p>\n\n\n\n<p>Pouvant imprimer jusqu\u2019\u00e0 18 000 feuilles\/heure avec des plaques non coud\u00e9es, la nouvelle machine six couleurs est non seulement \u00e9quip\u00e9e du margeur SIS et du syst\u00e8me de contr\u00f4le couleur embarqu\u00e9 QualiTronic ColorControl, mais aussi du changement automatique des plaques FAPC, du lavage automatique CleanTronic et des encriers faciles d\u2019entretien EasyClean.<\/p>\n\n\n\n<p>Bernard Denjoy\u00a0commente : \u00abapr\u00e8s plus de six mois d\u2019exploitation, notre premier bilan s\u2019av\u00e8re positif. La nouvelle Rapida 106 nous procure un confort fantastique. Nous pouvons changer facilement de format et de grammage contrairement \u00e0 avant ce qui fait que nous organisons nos travaux diff\u00e9remment. Le margeur SIS est une petite r\u00e9volution pour nous car il fiabilise \u00e0 merveille le passage papier en entr\u00e9e. L\u2019AniloxLoader est d\u2019une grande utilit\u00e9 car nous changeons tr\u00e8s souvent de vernis et de rouleau tram\u00e9 et le SRW nous permet de gagner beaucoup de temps pour le lavage des rouleaux. Sur les gros tirages, nous sommes pass\u00e9s d\u2019une vitesse moyenne de 9 500 f\/h \u00e0 14 000 f\/h et nous avons toujours une marge de progression\u00bb.<\/p>","protected":false},"excerpt":{"rendered":"<p>Cr\u00e9\u00e9e en 1987 en tant que cartonnier pharma par Bernard Denjoy, qui est aujourd\u2019hui toujours \u00e0 la t\u00eate de l\u2019entreprise, Incarta Packaging a d\u00e9velopp\u00e9 au fil des ann\u00e9es un savoir-faire reconnu dans la r\u00e9alisation d\u2019emballages premium en carton plat et notamment de collages complexes. Sur son site de production de plus de 4700 m\u00b2 situ\u00e9 [&hellip;]<\/p>","protected":false},"author":2,"featured_media":38823,"comment_status":"closed","ping_status":"closed","sticky":false,"template":"","format":"standard","meta":{"_acf_changed":false,"inline_featured_image":false,"iawp_total_views":1,"footnotes":""},"categories":[28,26,9,65],"tags":[],"class_list":["post-38822","post","type-post","status-publish","format-standard","has-post-thumbnail","hentry","category-article-entier","category-laterale","category-materiel","category-vu-dans-le-mag"],"acf":[],"yoast_head":"<!-- This site is optimized with the Yoast SEO plugin v24.4 - https:\/\/yoast.com\/wordpress\/plugins\/seo\/ -->\n<title>Incarta Packaging s\u2019\u00e9quipe d\u2019une presse Koenig &amp; Bauer - Emballage Digest<\/title>\n<meta name=\"robots\" content=\"index, follow, max-snippet:-1, max-image-preview:large, max-video-preview:-1\" \/>\n<link rel=\"canonical\" href=\"https:\/\/www.emballagedigest.fr\/en\/incarta-packaging-sequipe-dune-presse-koenig-bauer\/\" \/>\n<meta property=\"og:locale\" content=\"en_GB\" \/>\n<meta property=\"og:type\" content=\"article\" \/>\n<meta property=\"og:title\" content=\"Incarta Packaging s\u2019\u00e9quipe d\u2019une presse Koenig &amp; Bauer - Emballage Digest\" \/>\n<meta property=\"og:description\" content=\"Cr\u00e9\u00e9e en 1987 en tant que cartonnier pharma par Bernard Denjoy, qui est aujourd\u2019hui toujours \u00e0 la t\u00eate de l\u2019entreprise, Incarta Packaging a d\u00e9velopp\u00e9 au fil des ann\u00e9es un savoir-faire reconnu dans la r\u00e9alisation d\u2019emballages premium en carton plat et notamment de collages complexes. Sur son site de production de plus de 4700 m\u00b2 situ\u00e9 [&hellip;]\" \/>\n<meta property=\"og:url\" content=\"https:\/\/www.emballagedigest.fr\/en\/incarta-packaging-sequipe-dune-presse-koenig-bauer\/\" \/>\n<meta property=\"og:site_name\" content=\"Emballage Digest\" \/>\n<meta property=\"article:published_time\" content=\"2023-10-31T08:34:00+00:00\" \/>\n<meta property=\"article:modified_time\" content=\"2023-11-09T08:36:40+00:00\" \/>\n<meta property=\"og:image\" content=\"https:\/\/www.emballagedigest.fr\/wp-content\/uploads\/2023\/11\/incarta-packaging.jpg\" \/>\n\t<meta property=\"og:image:width\" content=\"800\" \/>\n\t<meta property=\"og:image:height\" content=\"581\" \/>\n\t<meta property=\"og:image:type\" content=\"image\/jpeg\" \/>\n<meta name=\"author\" content=\"Karine Duval\" \/>\n<meta name=\"twitter:card\" content=\"summary_large_image\" \/>\n<meta name=\"twitter:label1\" content=\"Written by\" \/>\n\t<meta name=\"twitter:data1\" content=\"Karine Duval\" \/>\n\t<meta name=\"twitter:label2\" content=\"Estimated reading time\" \/>\n\t<meta name=\"twitter:data2\" content=\"3 minutes\" \/>\n<script type=\"application\/ld+json\" class=\"yoast-schema-graph\">{\"@context\":\"https:\/\/schema.org\",\"@graph\":[{\"@type\":\"Article\",\"@id\":\"https:\/\/www.emballagedigest.fr\/incarta-packaging-sequipe-dune-presse-koenig-bauer\/#article\",\"isPartOf\":{\"@id\":\"https:\/\/www.emballagedigest.fr\/incarta-packaging-sequipe-dune-presse-koenig-bauer\/\"},\"author\":{\"name\":\"Karine Duval\",\"@id\":\"https:\/\/www.emballagedigest.fr\/#\/schema\/person\/76abe9f2b2ee4d3d520594c7a35da59f\"},\"headline\":\"Incarta Packaging s\u2019\u00e9quipe d\u2019une presse Koenig &#038; Bauer\",\"datePublished\":\"2023-10-31T08:34:00+00:00\",\"dateModified\":\"2023-11-09T08:36:40+00:00\",\"mainEntityOfPage\":{\"@id\":\"https:\/\/www.emballagedigest.fr\/incarta-packaging-sequipe-dune-presse-koenig-bauer\/\"},\"wordCount\":526,\"publisher\":{\"@id\":\"https:\/\/www.emballagedigest.fr\/#organization\"},\"image\":{\"@id\":\"https:\/\/www.emballagedigest.fr\/incarta-packaging-sequipe-dune-presse-koenig-bauer\/#primaryimage\"},\"thumbnailUrl\":\"https:\/\/www.emballagedigest.fr\/wp-content\/uploads\/2023\/11\/incarta-packaging.jpg\",\"articleSection\":[\"Article entier\",\"Barre lat\u00e9rale\",\"Mat\u00e9riel\",\"Vu dans le mag\"],\"inLanguage\":\"en-GB\"},{\"@type\":\"WebPage\",\"@id\":\"https:\/\/www.emballagedigest.fr\/incarta-packaging-sequipe-dune-presse-koenig-bauer\/\",\"url\":\"https:\/\/www.emballagedigest.fr\/incarta-packaging-sequipe-dune-presse-koenig-bauer\/\",\"name\":\"Incarta Packaging s\u2019\u00e9quipe d\u2019une presse Koenig & Bauer - Emballage Digest\",\"isPartOf\":{\"@id\":\"https:\/\/www.emballagedigest.fr\/#website\"},\"primaryImageOfPage\":{\"@id\":\"https:\/\/www.emballagedigest.fr\/incarta-packaging-sequipe-dune-presse-koenig-bauer\/#primaryimage\"},\"image\":{\"@id\":\"https:\/\/www.emballagedigest.fr\/incarta-packaging-sequipe-dune-presse-koenig-bauer\/#primaryimage\"},\"thumbnailUrl\":\"https:\/\/www.emballagedigest.fr\/wp-content\/uploads\/2023\/11\/incarta-packaging.jpg\",\"datePublished\":\"2023-10-31T08:34:00+00:00\",\"dateModified\":\"2023-11-09T08:36:40+00:00\",\"breadcrumb\":{\"@id\":\"https:\/\/www.emballagedigest.fr\/incarta-packaging-sequipe-dune-presse-koenig-bauer\/#breadcrumb\"},\"inLanguage\":\"en-GB\",\"potentialAction\":[{\"@type\":\"ReadAction\",\"target\":[\"https:\/\/www.emballagedigest.fr\/incarta-packaging-sequipe-dune-presse-koenig-bauer\/\"]}]},{\"@type\":\"ImageObject\",\"inLanguage\":\"en-GB\",\"@id\":\"https:\/\/www.emballagedigest.fr\/incarta-packaging-sequipe-dune-presse-koenig-bauer\/#primaryimage\",\"url\":\"https:\/\/www.emballagedigest.fr\/wp-content\/uploads\/2023\/11\/incarta-packaging.jpg\",\"contentUrl\":\"https:\/\/www.emballagedigest.fr\/wp-content\/uploads\/2023\/11\/incarta-packaging.jpg\",\"width\":800,\"height\":581},{\"@type\":\"BreadcrumbList\",\"@id\":\"https:\/\/www.emballagedigest.fr\/incarta-packaging-sequipe-dune-presse-koenig-bauer\/#breadcrumb\",\"itemListElement\":[{\"@type\":\"ListItem\",\"position\":1,\"name\":\"Accueil\",\"item\":\"https:\/\/www.emballagedigest.fr\/\"},{\"@type\":\"ListItem\",\"position\":2,\"name\":\"Incarta Packaging s\u2019\u00e9quipe d\u2019une presse Koenig &#038; Bauer\"}]},{\"@type\":\"WebSite\",\"@id\":\"https:\/\/www.emballagedigest.fr\/#website\",\"url\":\"https:\/\/www.emballagedigest.fr\/\",\"name\":\"Emballage Digest\",\"description\":\"Revue professionnelle sur les emballages\",\"publisher\":{\"@id\":\"https:\/\/www.emballagedigest.fr\/#organization\"},\"potentialAction\":[{\"@type\":\"SearchAction\",\"target\":{\"@type\":\"EntryPoint\",\"urlTemplate\":\"https:\/\/www.emballagedigest.fr\/?s={search_term_string}\"},\"query-input\":{\"@type\":\"PropertyValueSpecification\",\"valueRequired\":true,\"valueName\":\"search_term_string\"}}],\"inLanguage\":\"en-GB\"},{\"@type\":\"Organization\",\"@id\":\"https:\/\/www.emballagedigest.fr\/#organization\",\"name\":\"Emballage Digest\",\"url\":\"https:\/\/www.emballagedigest.fr\/\",\"logo\":{\"@type\":\"ImageObject\",\"inLanguage\":\"en-GB\",\"@id\":\"https:\/\/www.emballagedigest.fr\/#\/schema\/logo\/image\/\",\"url\":\"https:\/\/www.emballagedigest.fr\/wp-content\/uploads\/2022\/07\/logo-ed.png\",\"contentUrl\":\"https:\/\/www.emballagedigest.fr\/wp-content\/uploads\/2022\/07\/logo-ed.png\",\"width\":379,\"height\":75,\"caption\":\"Emballage Digest\"},\"image\":{\"@id\":\"https:\/\/www.emballagedigest.fr\/#\/schema\/logo\/image\/\"}},{\"@type\":\"Person\",\"@id\":\"https:\/\/www.emballagedigest.fr\/#\/schema\/person\/76abe9f2b2ee4d3d520594c7a35da59f\",\"name\":\"Karine Duval\",\"image\":{\"@type\":\"ImageObject\",\"inLanguage\":\"en-GB\",\"@id\":\"https:\/\/www.emballagedigest.fr\/#\/schema\/person\/image\/\",\"url\":\"https:\/\/secure.gravatar.com\/avatar\/f552799261cdd2e076e6677d780ef07bdb13aa4c196ab75b39abcbcdcae2d4e5?s=96&d=mm&r=g\",\"contentUrl\":\"https:\/\/secure.gravatar.com\/avatar\/f552799261cdd2e076e6677d780ef07bdb13aa4c196ab75b39abcbcdcae2d4e5?s=96&d=mm&r=g\",\"caption\":\"Karine Duval\"},\"url\":\"https:\/\/www.emballagedigest.fr\/en\/author\/admin_karduv\/\"}]}<\/script>\n<!-- \/ Yoast SEO plugin. -->","yoast_head_json":{"title":"Incarta Packaging s\u2019\u00e9quipe d\u2019une presse Koenig & Bauer - Emballage Digest","robots":{"index":"index","follow":"follow","max-snippet":"max-snippet:-1","max-image-preview":"max-image-preview:large","max-video-preview":"max-video-preview:-1"},"canonical":"https:\/\/www.emballagedigest.fr\/en\/incarta-packaging-sequipe-dune-presse-koenig-bauer\/","og_locale":"en_GB","og_type":"article","og_title":"Incarta Packaging s\u2019\u00e9quipe d\u2019une presse Koenig & Bauer - Emballage Digest","og_description":"Cr\u00e9\u00e9e en 1987 en tant que cartonnier pharma par Bernard Denjoy, qui est aujourd\u2019hui toujours \u00e0 la t\u00eate de l\u2019entreprise, Incarta Packaging a d\u00e9velopp\u00e9 au fil des ann\u00e9es un savoir-faire reconnu dans la r\u00e9alisation d\u2019emballages premium en carton plat et notamment de collages complexes. Sur son site de production de plus de 4700 m\u00b2 situ\u00e9 [&hellip;]","og_url":"https:\/\/www.emballagedigest.fr\/en\/incarta-packaging-sequipe-dune-presse-koenig-bauer\/","og_site_name":"Emballage Digest","article_published_time":"2023-10-31T08:34:00+00:00","article_modified_time":"2023-11-09T08:36:40+00:00","og_image":[{"width":800,"height":581,"url":"https:\/\/www.emballagedigest.fr\/wp-content\/uploads\/2023\/11\/incarta-packaging.jpg","type":"image\/jpeg"}],"author":"Karine Duval","twitter_card":"summary_large_image","twitter_misc":{"Written by":"Karine Duval","Estimated reading time":"3 minutes"},"schema":{"@context":"https:\/\/schema.org","@graph":[{"@type":"Article","@id":"https:\/\/www.emballagedigest.fr\/incarta-packaging-sequipe-dune-presse-koenig-bauer\/#article","isPartOf":{"@id":"https:\/\/www.emballagedigest.fr\/incarta-packaging-sequipe-dune-presse-koenig-bauer\/"},"author":{"name":"Karine Duval","@id":"https:\/\/www.emballagedigest.fr\/#\/schema\/person\/76abe9f2b2ee4d3d520594c7a35da59f"},"headline":"Incarta Packaging s\u2019\u00e9quipe d\u2019une presse Koenig &#038; Bauer","datePublished":"2023-10-31T08:34:00+00:00","dateModified":"2023-11-09T08:36:40+00:00","mainEntityOfPage":{"@id":"https:\/\/www.emballagedigest.fr\/incarta-packaging-sequipe-dune-presse-koenig-bauer\/"},"wordCount":526,"publisher":{"@id":"https:\/\/www.emballagedigest.fr\/#organization"},"image":{"@id":"https:\/\/www.emballagedigest.fr\/incarta-packaging-sequipe-dune-presse-koenig-bauer\/#primaryimage"},"thumbnailUrl":"https:\/\/www.emballagedigest.fr\/wp-content\/uploads\/2023\/11\/incarta-packaging.jpg","articleSection":["Article entier","Barre lat\u00e9rale","Mat\u00e9riel","Vu dans le mag"],"inLanguage":"en-GB"},{"@type":"WebPage","@id":"https:\/\/www.emballagedigest.fr\/incarta-packaging-sequipe-dune-presse-koenig-bauer\/","url":"https:\/\/www.emballagedigest.fr\/incarta-packaging-sequipe-dune-presse-koenig-bauer\/","name":"Incarta Packaging s\u2019\u00e9quipe d\u2019une presse Koenig & Bauer - Emballage Digest","isPartOf":{"@id":"https:\/\/www.emballagedigest.fr\/#website"},"primaryImageOfPage":{"@id":"https:\/\/www.emballagedigest.fr\/incarta-packaging-sequipe-dune-presse-koenig-bauer\/#primaryimage"},"image":{"@id":"https:\/\/www.emballagedigest.fr\/incarta-packaging-sequipe-dune-presse-koenig-bauer\/#primaryimage"},"thumbnailUrl":"https:\/\/www.emballagedigest.fr\/wp-content\/uploads\/2023\/11\/incarta-packaging.jpg","datePublished":"2023-10-31T08:34:00+00:00","dateModified":"2023-11-09T08:36:40+00:00","breadcrumb":{"@id":"https:\/\/www.emballagedigest.fr\/incarta-packaging-sequipe-dune-presse-koenig-bauer\/#breadcrumb"},"inLanguage":"en-GB","potentialAction":[{"@type":"ReadAction","target":["https:\/\/www.emballagedigest.fr\/incarta-packaging-sequipe-dune-presse-koenig-bauer\/"]}]},{"@type":"ImageObject","inLanguage":"en-GB","@id":"https:\/\/www.emballagedigest.fr\/incarta-packaging-sequipe-dune-presse-koenig-bauer\/#primaryimage","url":"https:\/\/www.emballagedigest.fr\/wp-content\/uploads\/2023\/11\/incarta-packaging.jpg","contentUrl":"https:\/\/www.emballagedigest.fr\/wp-content\/uploads\/2023\/11\/incarta-packaging.jpg","width":800,"height":581},{"@type":"BreadcrumbList","@id":"https:\/\/www.emballagedigest.fr\/incarta-packaging-sequipe-dune-presse-koenig-bauer\/#breadcrumb","itemListElement":[{"@type":"ListItem","position":1,"name":"Accueil","item":"https:\/\/www.emballagedigest.fr\/"},{"@type":"ListItem","position":2,"name":"Incarta Packaging s\u2019\u00e9quipe d\u2019une presse Koenig &#038; Bauer"}]},{"@type":"WebSite","@id":"https:\/\/www.emballagedigest.fr\/#website","url":"https:\/\/www.emballagedigest.fr\/","name":"Emballage Digest","description":"Revue professionnelle sur les emballages","publisher":{"@id":"https:\/\/www.emballagedigest.fr\/#organization"},"potentialAction":[{"@type":"SearchAction","target":{"@type":"EntryPoint","urlTemplate":"https:\/\/www.emballagedigest.fr\/?s={search_term_string}"},"query-input":{"@type":"PropertyValueSpecification","valueRequired":true,"valueName":"search_term_string"}}],"inLanguage":"en-GB"},{"@type":"Organization","@id":"https:\/\/www.emballagedigest.fr\/#organization","name":"Emballage Digest","url":"https:\/\/www.emballagedigest.fr\/","logo":{"@type":"ImageObject","inLanguage":"en-GB","@id":"https:\/\/www.emballagedigest.fr\/#\/schema\/logo\/image\/","url":"https:\/\/www.emballagedigest.fr\/wp-content\/uploads\/2022\/07\/logo-ed.png","contentUrl":"https:\/\/www.emballagedigest.fr\/wp-content\/uploads\/2022\/07\/logo-ed.png","width":379,"height":75,"caption":"Emballage Digest"},"image":{"@id":"https:\/\/www.emballagedigest.fr\/#\/schema\/logo\/image\/"}},{"@type":"Person","@id":"https:\/\/www.emballagedigest.fr\/#\/schema\/person\/76abe9f2b2ee4d3d520594c7a35da59f","name":"Karine Duval","image":{"@type":"ImageObject","inLanguage":"en-GB","@id":"https:\/\/www.emballagedigest.fr\/#\/schema\/person\/image\/","url":"https:\/\/secure.gravatar.com\/avatar\/f552799261cdd2e076e6677d780ef07bdb13aa4c196ab75b39abcbcdcae2d4e5?s=96&d=mm&r=g","contentUrl":"https:\/\/secure.gravatar.com\/avatar\/f552799261cdd2e076e6677d780ef07bdb13aa4c196ab75b39abcbcdcae2d4e5?s=96&d=mm&r=g","caption":"Karine Duval"},"url":"https:\/\/www.emballagedigest.fr\/en\/author\/admin_karduv\/"}]}},"_links":{"self":[{"href":"https:\/\/www.emballagedigest.fr\/en\/wp-json\/wp\/v2\/posts\/38822","targetHints":{"allow":["GET"]}}],"collection":[{"href":"https:\/\/www.emballagedigest.fr\/en\/wp-json\/wp\/v2\/posts"}],"about":[{"href":"https:\/\/www.emballagedigest.fr\/en\/wp-json\/wp\/v2\/types\/post"}],"author":[{"embeddable":true,"href":"https:\/\/www.emballagedigest.fr\/en\/wp-json\/wp\/v2\/users\/2"}],"replies":[{"embeddable":true,"href":"https:\/\/www.emballagedigest.fr\/en\/wp-json\/wp\/v2\/comments?post=38822"}],"version-history":[{"count":1,"href":"https:\/\/www.emballagedigest.fr\/en\/wp-json\/wp\/v2\/posts\/38822\/revisions"}],"predecessor-version":[{"id":38824,"href":"https:\/\/www.emballagedigest.fr\/en\/wp-json\/wp\/v2\/posts\/38822\/revisions\/38824"}],"wp:featuredmedia":[{"embeddable":true,"href":"https:\/\/www.emballagedigest.fr\/en\/wp-json\/wp\/v2\/media\/38823"}],"wp:attachment":[{"href":"https:\/\/www.emballagedigest.fr\/en\/wp-json\/wp\/v2\/media?parent=38822"}],"wp:term":[{"taxonomy":"category","embeddable":true,"href":"https:\/\/www.emballagedigest.fr\/en\/wp-json\/wp\/v2\/categories?post=38822"},{"taxonomy":"post_tag","embeddable":true,"href":"https:\/\/www.emballagedigest.fr\/en\/wp-json\/wp\/v2\/tags?post=38822"}],"curies":[{"name":"wp","href":"https:\/\/api.w.org\/{rel}","templated":true}]}}