{"id":38933,"date":"2023-11-15T00:37:49","date_gmt":"2023-11-14T23:37:49","guid":{"rendered":"https:\/\/www.emballagedigest.fr\/?p=38933"},"modified":"2023-11-15T09:30:43","modified_gmt":"2023-11-15T08:30:43","slug":"le-salon-cfic-revele-ses-premiers-laureats","status":"publish","type":"post","link":"https:\/\/www.emballagedigest.fr\/en\/le-salon-cfic-revele-ses-premiers-laureats\/","title":{"rendered":"Le salon CFIC r\u00e9v\u00e8le ses premiers laur\u00e9ats"},"content":{"rendered":"<p><strong>Rendez-vous des solutions industrielles de la cosm\u00e9tique consacr\u00e9 aux grandes transitions du secteur (\u00e9nerg\u00e9tique, environnementale, num\u00e9rique, technologique, soci\u00e9tale), la premi\u00e8re \u00e9dition du salon CFIC se tiendra en marge du Prod&amp;Pack \u00e0 Eurexpo Lyon du 21 au 22 novembre prochain. Seront remis \u00e0 cette occasion les premiers prix des CFIC Awards venant r\u00e9compenser les derni\u00e8res innovations dans quatre cat\u00e9gories\u00a0: Transition environnementale ; Transition \u00e9nerg\u00e9tique ; Transition num\u00e9rique &amp; digitale ; et Transition soci\u00e9tale, parmi 26 services et produits (de 22 soci\u00e9t\u00e9s) en lice.<\/strong><\/p>\n\n\n\n<figure class=\"wp-block-image size-full\"><img loading=\"lazy\" decoding=\"async\" width=\"800\" height=\"610\" src=\"https:\/\/www.emballagedigest.fr\/wp-content\/uploads\/2023\/11\/1_HRB_TRANSP-COLOR1-1742x1742-1.jpg\" alt=\"\" class=\"wp-image-38935\" srcset=\"https:\/\/www.emballagedigest.fr\/wp-content\/uploads\/2023\/11\/1_HRB_TRANSP-COLOR1-1742x1742-1.jpg 800w, https:\/\/www.emballagedigest.fr\/wp-content\/uploads\/2023\/11\/1_HRB_TRANSP-COLOR1-1742x1742-1-300x229.jpg 300w, https:\/\/www.emballagedigest.fr\/wp-content\/uploads\/2023\/11\/1_HRB_TRANSP-COLOR1-1742x1742-1-768x586.jpg 768w, https:\/\/www.emballagedigest.fr\/wp-content\/uploads\/2023\/11\/1_HRB_TRANSP-COLOR1-1742x1742-1-16x12.jpg 16w\" sizes=\"auto, (max-width: 800px) 100vw, 800px\" \/><\/figure>\n\n\n\n<p><strong><em>\u2022 Cat\u00e9gorie \u00ab Transition \u00c9nerg\u00e9tique \u00bb&nbsp;:&nbsp;<\/em><\/strong> Bachiller pour l\u2019homog\u00e9n\u00e9iseur HRB en recirculation externe\/interne avec entrefer r\u00e9glable (photo ci-dessus), qui permet une qualit\u00e9 de dispersion optimale sur une large plage de viscosit\u00e9, une r\u00e9duction des temps de production et des gains \u00e9nerg\u00e9tiques pour l\u2019entreprise cosm\u00e9tique.<\/p>\n\n\n\n<figure class=\"wp-block-image size-full\"><img loading=\"lazy\" decoding=\"async\" width=\"800\" height=\"131\" src=\"https:\/\/www.emballagedigest.fr\/wp-content\/uploads\/2023\/11\/2_The_Good_Face_Project-CARA.jpg\" alt=\"\" class=\"wp-image-38936\" srcset=\"https:\/\/www.emballagedigest.fr\/wp-content\/uploads\/2023\/11\/2_The_Good_Face_Project-CARA.jpg 800w, https:\/\/www.emballagedigest.fr\/wp-content\/uploads\/2023\/11\/2_The_Good_Face_Project-CARA-300x49.jpg 300w, https:\/\/www.emballagedigest.fr\/wp-content\/uploads\/2023\/11\/2_The_Good_Face_Project-CARA-768x126.jpg 768w, https:\/\/www.emballagedigest.fr\/wp-content\/uploads\/2023\/11\/2_The_Good_Face_Project-CARA-18x3.jpg 18w\" sizes=\"auto, (max-width: 800px) 100vw, 800px\" \/><\/figure>\n\n\n\n<p><strong><em>\u2022 Cat\u00e9gorie&nbsp;\u00ab&nbsp;Transition num\u00e9rique&nbsp;\u00bb&nbsp;:<\/em><\/strong> The Good Face Project pour CARA (photo ci-dessus), une I.A. qui, gr\u00e2ce \u00e0 sa base de donn\u00e9es, peut r\u00e9pondre \u00e0 des questions techniques pr\u00e9cises auxquelles ChatGPT manque de pr\u00e9cision, notamment en ce qui concerne l&rsquo;efficacit\u00e9, la v\u00e9rification de la conformit\u00e9 r\u00e8glementaire, l&rsquo;optimisation et la s\u00e9curit\u00e9 des formules ou la pr\u00e9servation de l&rsquo;environnement.<\/p>\n\n\n\n<figure class=\"wp-block-image size-full is-resized\"><img loading=\"lazy\" decoding=\"async\" src=\"https:\/\/www.emballagedigest.fr\/wp-content\/uploads\/2023\/11\/3_1698135078632.jpg\" alt=\"\" class=\"wp-image-38937\" width=\"826\" height=\"207\" srcset=\"https:\/\/www.emballagedigest.fr\/wp-content\/uploads\/2023\/11\/3_1698135078632.jpg 800w, https:\/\/www.emballagedigest.fr\/wp-content\/uploads\/2023\/11\/3_1698135078632-300x75.jpg 300w, https:\/\/www.emballagedigest.fr\/wp-content\/uploads\/2023\/11\/3_1698135078632-768x192.jpg 768w, https:\/\/www.emballagedigest.fr\/wp-content\/uploads\/2023\/11\/3_1698135078632-18x5.jpg 18w\" sizes=\"auto, (max-width: 826px) 100vw, 826px\" \/><\/figure>\n\n\n\n<p><strong><em>\u2022 Cat\u00e9gorie \u00ab&nbsp;Transition sociale&nbsp;\u00bb&nbsp;: <\/em><\/strong>Greez  (photo ci-dessus) pour sa solution de revalorisation des invendus cosm\u00e9tiques qui permet de lutter contre le gaspillage des produits cosm\u00e9tiques invendus en leur donnant une seconde vie : dons \u00e0 des r\u00e9seaux associatifs, recyclage, revente aux consommateurs \u00e0 prix r\u00e9duits sur une boutique en ligne d\u00e9di\u00e9e. La revalorisation se fait de mani\u00e8re globale et fait \u00e9cho aux besoins des plus d\u00e9munis puisque 3 millions de Fran\u00e7ais se priveraient de produits d\u2019hygi\u00e8ne de base.<\/p>\n\n\n\n<p><strong><em>\u2022 Cat\u00e9gorie \u00ab&nbsp;Transition environnementale&nbsp;\u00bb&nbsp;: <\/em><\/strong>BR Conditionnement pour Niugreen (photo en ouverture de l&rsquo;article), une nouvelle plateforme innovante et industrielle de nettoyage \u00e0 haute valeur environnementale pour la r\u00e9utilisation de flacons en verre. L\u2019utilisation de bio-CO<sub>2<\/sub> pour le lavage des flacons et le retrait des \u00e9tiquettes permet une r\u00e9duction de l\u2019empreinte carbone de plus de 50% eqCO<sub>2<\/sub> par rapport \u00e0 la fili\u00e8re traditionnelle de recyclage du verre pour l\u2019entreprise. Un marquage \u00e0 l\u2019encre ultraviolet invisible assure \u00e9galement une tra\u00e7abilit\u00e9 individualis\u00e9e et permet de se pr\u00e9munir des contrefa\u00e7ons.<\/p>\n\n\n\n<figure class=\"wp-block-image size-full\"><img loading=\"lazy\" decoding=\"async\" width=\"800\" height=\"436\" src=\"https:\/\/www.emballagedigest.fr\/wp-content\/uploads\/2023\/11\/5_Futura-Gai\u0308a.jpg\" alt=\"\" class=\"wp-image-38938\" srcset=\"https:\/\/www.emballagedigest.fr\/wp-content\/uploads\/2023\/11\/5_Futura-Gai\u0308a.jpg 800w, https:\/\/www.emballagedigest.fr\/wp-content\/uploads\/2023\/11\/5_Futura-Gai\u0308a-300x164.jpg 300w, https:\/\/www.emballagedigest.fr\/wp-content\/uploads\/2023\/11\/5_Futura-Gai\u0308a-768x419.jpg 768w, https:\/\/www.emballagedigest.fr\/wp-content\/uploads\/2023\/11\/5_Futura-Gai\u0308a-18x10.jpg 18w\" sizes=\"auto, (max-width: 800px) 100vw, 800px\" \/><\/figure>\n\n\n\n<p><strong><em>\u2022 Coup de c\u0153ur du jury&nbsp;: <\/em><\/strong>Futura Giaia pour Geocosm (photo ci-dessus), un syst\u00e8me innovant de ferme verticale bas\u00e9 sur la g\u00e9oponie rotative qui rel\u00e8ve le d\u00e9fi d\u2019une agriculture durable, locale, r\u00e9siliente etsans pesticide pour la production de mati\u00e8res premi\u00e8res v\u00e9g\u00e9tales qualitatives \u00e0 destination de l\u2019industrie cosm\u00e9tique, pharmaceutique et nutraceutique. Cette solution permet \u00e9galement la reproduction des conditions de pousse de plantes rares.<\/p>","protected":false},"excerpt":{"rendered":"<p>Rendez-vous des solutions industrielles de la cosm\u00e9tique consacr\u00e9 aux grandes transitions du secteur (\u00e9nerg\u00e9tique, environnementale, num\u00e9rique, technologique, soci\u00e9tale), la premi\u00e8re \u00e9dition du salon CFIC se tiendra en marge du Prod&amp;Pack \u00e0 Eurexpo Lyon du 21 au 22 novembre prochain. Seront remis \u00e0 cette occasion les premiers prix des CFIC Awards venant r\u00e9compenser les derni\u00e8res innovations [&hellip;]<\/p>","protected":false},"author":2,"featured_media":38934,"comment_status":"closed","ping_status":"closed","sticky":false,"template":"","format":"standard","meta":{"_acf_changed":false,"inline_featured_image":false,"iawp_total_views":1,"footnotes":""},"categories":[28,81,6],"tags":[],"class_list":["post-38933","post","type-post","status-publish","format-standard","has-post-thumbnail","hentry","category-article-entier","category-packaging","category-parfumerie-cosmetique"],"acf":[],"yoast_head":"<!-- This site is optimized with the Yoast SEO plugin v24.4 - https:\/\/yoast.com\/wordpress\/plugins\/seo\/ -->\n<title>Le salon CFIC r\u00e9v\u00e8le ses premiers laur\u00e9ats - Emballage Digest<\/title>\n<meta name=\"robots\" content=\"index, follow, max-snippet:-1, max-image-preview:large, max-video-preview:-1\" \/>\n<link rel=\"canonical\" href=\"https:\/\/www.emballagedigest.fr\/en\/le-salon-cfic-revele-ses-premiers-laureats\/\" \/>\n<meta property=\"og:locale\" content=\"en_GB\" \/>\n<meta property=\"og:type\" content=\"article\" \/>\n<meta property=\"og:title\" content=\"Le salon CFIC r\u00e9v\u00e8le ses premiers laur\u00e9ats - Emballage Digest\" \/>\n<meta property=\"og:description\" content=\"Rendez-vous des solutions industrielles de la cosm\u00e9tique consacr\u00e9 aux grandes transitions du secteur (\u00e9nerg\u00e9tique, environnementale, num\u00e9rique, technologique, soci\u00e9tale), la premi\u00e8re \u00e9dition du salon CFIC se tiendra en marge du Prod&amp;Pack \u00e0 Eurexpo Lyon du 21 au 22 novembre prochain. Seront remis \u00e0 cette occasion les premiers prix des CFIC Awards venant r\u00e9compenser les derni\u00e8res innovations [&hellip;]\" \/>\n<meta property=\"og:url\" content=\"https:\/\/www.emballagedigest.fr\/en\/le-salon-cfic-revele-ses-premiers-laureats\/\" \/>\n<meta property=\"og:site_name\" content=\"Emballage Digest\" \/>\n<meta property=\"article:published_time\" content=\"2023-11-14T23:37:49+00:00\" \/>\n<meta property=\"article:modified_time\" content=\"2023-11-15T08:30:43+00:00\" \/>\n<meta property=\"og:image\" content=\"https:\/\/www.emballagedigest.fr\/wp-content\/uploads\/2023\/11\/4_nu\u0308green_schema2.jpg\" \/>\n\t<meta property=\"og:image:width\" content=\"800\" \/>\n\t<meta property=\"og:image:height\" content=\"423\" \/>\n\t<meta property=\"og:image:type\" content=\"image\/jpeg\" \/>\n<meta name=\"author\" content=\"Karine Duval\" \/>\n<meta name=\"twitter:card\" content=\"summary_large_image\" \/>\n<meta name=\"twitter:label1\" content=\"Written by\" \/>\n\t<meta name=\"twitter:data1\" content=\"Karine Duval\" \/>\n\t<meta name=\"twitter:label2\" content=\"Estimated reading time\" \/>\n\t<meta name=\"twitter:data2\" content=\"3 minutes\" \/>\n<script type=\"application\/ld+json\" class=\"yoast-schema-graph\">{\"@context\":\"https:\/\/schema.org\",\"@graph\":[{\"@type\":\"Article\",\"@id\":\"https:\/\/www.emballagedigest.fr\/le-salon-cfic-revele-ses-premiers-laureats\/#article\",\"isPartOf\":{\"@id\":\"https:\/\/www.emballagedigest.fr\/le-salon-cfic-revele-ses-premiers-laureats\/\"},\"author\":{\"name\":\"Karine Duval\",\"@id\":\"https:\/\/www.emballagedigest.fr\/#\/schema\/person\/76abe9f2b2ee4d3d520594c7a35da59f\"},\"headline\":\"Le salon CFIC r\u00e9v\u00e8le ses premiers laur\u00e9ats\",\"datePublished\":\"2023-11-14T23:37:49+00:00\",\"dateModified\":\"2023-11-15T08:30:43+00:00\",\"mainEntityOfPage\":{\"@id\":\"https:\/\/www.emballagedigest.fr\/le-salon-cfic-revele-ses-premiers-laureats\/\"},\"wordCount\":484,\"publisher\":{\"@id\":\"https:\/\/www.emballagedigest.fr\/#organization\"},\"image\":{\"@id\":\"https:\/\/www.emballagedigest.fr\/le-salon-cfic-revele-ses-premiers-laureats\/#primaryimage\"},\"thumbnailUrl\":\"https:\/\/www.emballagedigest.fr\/wp-content\/uploads\/2023\/11\/4_nu\u0308green_schema2.jpg\",\"articleSection\":[\"Article entier\",\"Packaging\",\"Parfumerie &amp; Cosm\u00e9tique\"],\"inLanguage\":\"en-GB\"},{\"@type\":\"WebPage\",\"@id\":\"https:\/\/www.emballagedigest.fr\/le-salon-cfic-revele-ses-premiers-laureats\/\",\"url\":\"https:\/\/www.emballagedigest.fr\/le-salon-cfic-revele-ses-premiers-laureats\/\",\"name\":\"Le salon CFIC r\u00e9v\u00e8le ses premiers laur\u00e9ats - Emballage Digest\",\"isPartOf\":{\"@id\":\"https:\/\/www.emballagedigest.fr\/#website\"},\"primaryImageOfPage\":{\"@id\":\"https:\/\/www.emballagedigest.fr\/le-salon-cfic-revele-ses-premiers-laureats\/#primaryimage\"},\"image\":{\"@id\":\"https:\/\/www.emballagedigest.fr\/le-salon-cfic-revele-ses-premiers-laureats\/#primaryimage\"},\"thumbnailUrl\":\"https:\/\/www.emballagedigest.fr\/wp-content\/uploads\/2023\/11\/4_nu\u0308green_schema2.jpg\",\"datePublished\":\"2023-11-14T23:37:49+00:00\",\"dateModified\":\"2023-11-15T08:30:43+00:00\",\"breadcrumb\":{\"@id\":\"https:\/\/www.emballagedigest.fr\/le-salon-cfic-revele-ses-premiers-laureats\/#breadcrumb\"},\"inLanguage\":\"en-GB\",\"potentialAction\":[{\"@type\":\"ReadAction\",\"target\":[\"https:\/\/www.emballagedigest.fr\/le-salon-cfic-revele-ses-premiers-laureats\/\"]}]},{\"@type\":\"ImageObject\",\"inLanguage\":\"en-GB\",\"@id\":\"https:\/\/www.emballagedigest.fr\/le-salon-cfic-revele-ses-premiers-laureats\/#primaryimage\",\"url\":\"https:\/\/www.emballagedigest.fr\/wp-content\/uploads\/2023\/11\/4_nu\u0308green_schema2.jpg\",\"contentUrl\":\"https:\/\/www.emballagedigest.fr\/wp-content\/uploads\/2023\/11\/4_nu\u0308green_schema2.jpg\",\"width\":800,\"height\":423},{\"@type\":\"BreadcrumbList\",\"@id\":\"https:\/\/www.emballagedigest.fr\/le-salon-cfic-revele-ses-premiers-laureats\/#breadcrumb\",\"itemListElement\":[{\"@type\":\"ListItem\",\"position\":1,\"name\":\"Accueil\",\"item\":\"https:\/\/www.emballagedigest.fr\/\"},{\"@type\":\"ListItem\",\"position\":2,\"name\":\"Le salon CFIC r\u00e9v\u00e8le ses premiers laur\u00e9ats\"}]},{\"@type\":\"WebSite\",\"@id\":\"https:\/\/www.emballagedigest.fr\/#website\",\"url\":\"https:\/\/www.emballagedigest.fr\/\",\"name\":\"Emballage Digest\",\"description\":\"Revue professionnelle sur les emballages\",\"publisher\":{\"@id\":\"https:\/\/www.emballagedigest.fr\/#organization\"},\"potentialAction\":[{\"@type\":\"SearchAction\",\"target\":{\"@type\":\"EntryPoint\",\"urlTemplate\":\"https:\/\/www.emballagedigest.fr\/?s={search_term_string}\"},\"query-input\":{\"@type\":\"PropertyValueSpecification\",\"valueRequired\":true,\"valueName\":\"search_term_string\"}}],\"inLanguage\":\"en-GB\"},{\"@type\":\"Organization\",\"@id\":\"https:\/\/www.emballagedigest.fr\/#organization\",\"name\":\"Emballage Digest\",\"url\":\"https:\/\/www.emballagedigest.fr\/\",\"logo\":{\"@type\":\"ImageObject\",\"inLanguage\":\"en-GB\",\"@id\":\"https:\/\/www.emballagedigest.fr\/#\/schema\/logo\/image\/\",\"url\":\"https:\/\/www.emballagedigest.fr\/wp-content\/uploads\/2022\/07\/logo-ed.png\",\"contentUrl\":\"https:\/\/www.emballagedigest.fr\/wp-content\/uploads\/2022\/07\/logo-ed.png\",\"width\":379,\"height\":75,\"caption\":\"Emballage Digest\"},\"image\":{\"@id\":\"https:\/\/www.emballagedigest.fr\/#\/schema\/logo\/image\/\"}},{\"@type\":\"Person\",\"@id\":\"https:\/\/www.emballagedigest.fr\/#\/schema\/person\/76abe9f2b2ee4d3d520594c7a35da59f\",\"name\":\"Karine Duval\",\"image\":{\"@type\":\"ImageObject\",\"inLanguage\":\"en-GB\",\"@id\":\"https:\/\/www.emballagedigest.fr\/#\/schema\/person\/image\/\",\"url\":\"https:\/\/secure.gravatar.com\/avatar\/f552799261cdd2e076e6677d780ef07bdb13aa4c196ab75b39abcbcdcae2d4e5?s=96&d=mm&r=g\",\"contentUrl\":\"https:\/\/secure.gravatar.com\/avatar\/f552799261cdd2e076e6677d780ef07bdb13aa4c196ab75b39abcbcdcae2d4e5?s=96&d=mm&r=g\",\"caption\":\"Karine Duval\"},\"url\":\"https:\/\/www.emballagedigest.fr\/en\/author\/admin_karduv\/\"}]}<\/script>\n<!-- \/ Yoast SEO plugin. -->","yoast_head_json":{"title":"Le salon CFIC r\u00e9v\u00e8le ses premiers laur\u00e9ats - Emballage Digest","robots":{"index":"index","follow":"follow","max-snippet":"max-snippet:-1","max-image-preview":"max-image-preview:large","max-video-preview":"max-video-preview:-1"},"canonical":"https:\/\/www.emballagedigest.fr\/en\/le-salon-cfic-revele-ses-premiers-laureats\/","og_locale":"en_GB","og_type":"article","og_title":"Le salon CFIC r\u00e9v\u00e8le ses premiers laur\u00e9ats - Emballage Digest","og_description":"Rendez-vous des solutions industrielles de la cosm\u00e9tique consacr\u00e9 aux grandes transitions du secteur (\u00e9nerg\u00e9tique, environnementale, num\u00e9rique, technologique, soci\u00e9tale), la premi\u00e8re \u00e9dition du salon CFIC se tiendra en marge du Prod&amp;Pack \u00e0 Eurexpo Lyon du 21 au 22 novembre prochain. Seront remis \u00e0 cette occasion les premiers prix des CFIC Awards venant r\u00e9compenser les derni\u00e8res innovations [&hellip;]","og_url":"https:\/\/www.emballagedigest.fr\/en\/le-salon-cfic-revele-ses-premiers-laureats\/","og_site_name":"Emballage Digest","article_published_time":"2023-11-14T23:37:49+00:00","article_modified_time":"2023-11-15T08:30:43+00:00","og_image":[{"width":800,"height":423,"url":"https:\/\/www.emballagedigest.fr\/wp-content\/uploads\/2023\/11\/4_nu\u0308green_schema2.jpg","type":"image\/jpeg"}],"author":"Karine Duval","twitter_card":"summary_large_image","twitter_misc":{"Written by":"Karine Duval","Estimated reading time":"3 minutes"},"schema":{"@context":"https:\/\/schema.org","@graph":[{"@type":"Article","@id":"https:\/\/www.emballagedigest.fr\/le-salon-cfic-revele-ses-premiers-laureats\/#article","isPartOf":{"@id":"https:\/\/www.emballagedigest.fr\/le-salon-cfic-revele-ses-premiers-laureats\/"},"author":{"name":"Karine Duval","@id":"https:\/\/www.emballagedigest.fr\/#\/schema\/person\/76abe9f2b2ee4d3d520594c7a35da59f"},"headline":"Le salon CFIC r\u00e9v\u00e8le ses premiers laur\u00e9ats","datePublished":"2023-11-14T23:37:49+00:00","dateModified":"2023-11-15T08:30:43+00:00","mainEntityOfPage":{"@id":"https:\/\/www.emballagedigest.fr\/le-salon-cfic-revele-ses-premiers-laureats\/"},"wordCount":484,"publisher":{"@id":"https:\/\/www.emballagedigest.fr\/#organization"},"image":{"@id":"https:\/\/www.emballagedigest.fr\/le-salon-cfic-revele-ses-premiers-laureats\/#primaryimage"},"thumbnailUrl":"https:\/\/www.emballagedigest.fr\/wp-content\/uploads\/2023\/11\/4_nu\u0308green_schema2.jpg","articleSection":["Article entier","Packaging","Parfumerie &amp; Cosm\u00e9tique"],"inLanguage":"en-GB"},{"@type":"WebPage","@id":"https:\/\/www.emballagedigest.fr\/le-salon-cfic-revele-ses-premiers-laureats\/","url":"https:\/\/www.emballagedigest.fr\/le-salon-cfic-revele-ses-premiers-laureats\/","name":"Le salon CFIC r\u00e9v\u00e8le ses premiers laur\u00e9ats - Emballage Digest","isPartOf":{"@id":"https:\/\/www.emballagedigest.fr\/#website"},"primaryImageOfPage":{"@id":"https:\/\/www.emballagedigest.fr\/le-salon-cfic-revele-ses-premiers-laureats\/#primaryimage"},"image":{"@id":"https:\/\/www.emballagedigest.fr\/le-salon-cfic-revele-ses-premiers-laureats\/#primaryimage"},"thumbnailUrl":"https:\/\/www.emballagedigest.fr\/wp-content\/uploads\/2023\/11\/4_nu\u0308green_schema2.jpg","datePublished":"2023-11-14T23:37:49+00:00","dateModified":"2023-11-15T08:30:43+00:00","breadcrumb":{"@id":"https:\/\/www.emballagedigest.fr\/le-salon-cfic-revele-ses-premiers-laureats\/#breadcrumb"},"inLanguage":"en-GB","potentialAction":[{"@type":"ReadAction","target":["https:\/\/www.emballagedigest.fr\/le-salon-cfic-revele-ses-premiers-laureats\/"]}]},{"@type":"ImageObject","inLanguage":"en-GB","@id":"https:\/\/www.emballagedigest.fr\/le-salon-cfic-revele-ses-premiers-laureats\/#primaryimage","url":"https:\/\/www.emballagedigest.fr\/wp-content\/uploads\/2023\/11\/4_nu\u0308green_schema2.jpg","contentUrl":"https:\/\/www.emballagedigest.fr\/wp-content\/uploads\/2023\/11\/4_nu\u0308green_schema2.jpg","width":800,"height":423},{"@type":"BreadcrumbList","@id":"https:\/\/www.emballagedigest.fr\/le-salon-cfic-revele-ses-premiers-laureats\/#breadcrumb","itemListElement":[{"@type":"ListItem","position":1,"name":"Accueil","item":"https:\/\/www.emballagedigest.fr\/"},{"@type":"ListItem","position":2,"name":"Le salon CFIC r\u00e9v\u00e8le ses premiers laur\u00e9ats"}]},{"@type":"WebSite","@id":"https:\/\/www.emballagedigest.fr\/#website","url":"https:\/\/www.emballagedigest.fr\/","name":"Emballage Digest","description":"Revue professionnelle sur les emballages","publisher":{"@id":"https:\/\/www.emballagedigest.fr\/#organization"},"potentialAction":[{"@type":"SearchAction","target":{"@type":"EntryPoint","urlTemplate":"https:\/\/www.emballagedigest.fr\/?s={search_term_string}"},"query-input":{"@type":"PropertyValueSpecification","valueRequired":true,"valueName":"search_term_string"}}],"inLanguage":"en-GB"},{"@type":"Organization","@id":"https:\/\/www.emballagedigest.fr\/#organization","name":"Emballage Digest","url":"https:\/\/www.emballagedigest.fr\/","logo":{"@type":"ImageObject","inLanguage":"en-GB","@id":"https:\/\/www.emballagedigest.fr\/#\/schema\/logo\/image\/","url":"https:\/\/www.emballagedigest.fr\/wp-content\/uploads\/2022\/07\/logo-ed.png","contentUrl":"https:\/\/www.emballagedigest.fr\/wp-content\/uploads\/2022\/07\/logo-ed.png","width":379,"height":75,"caption":"Emballage Digest"},"image":{"@id":"https:\/\/www.emballagedigest.fr\/#\/schema\/logo\/image\/"}},{"@type":"Person","@id":"https:\/\/www.emballagedigest.fr\/#\/schema\/person\/76abe9f2b2ee4d3d520594c7a35da59f","name":"Karine Duval","image":{"@type":"ImageObject","inLanguage":"en-GB","@id":"https:\/\/www.emballagedigest.fr\/#\/schema\/person\/image\/","url":"https:\/\/secure.gravatar.com\/avatar\/f552799261cdd2e076e6677d780ef07bdb13aa4c196ab75b39abcbcdcae2d4e5?s=96&d=mm&r=g","contentUrl":"https:\/\/secure.gravatar.com\/avatar\/f552799261cdd2e076e6677d780ef07bdb13aa4c196ab75b39abcbcdcae2d4e5?s=96&d=mm&r=g","caption":"Karine Duval"},"url":"https:\/\/www.emballagedigest.fr\/en\/author\/admin_karduv\/"}]}},"_links":{"self":[{"href":"https:\/\/www.emballagedigest.fr\/en\/wp-json\/wp\/v2\/posts\/38933","targetHints":{"allow":["GET"]}}],"collection":[{"href":"https:\/\/www.emballagedigest.fr\/en\/wp-json\/wp\/v2\/posts"}],"about":[{"href":"https:\/\/www.emballagedigest.fr\/en\/wp-json\/wp\/v2\/types\/post"}],"author":[{"embeddable":true,"href":"https:\/\/www.emballagedigest.fr\/en\/wp-json\/wp\/v2\/users\/2"}],"replies":[{"embeddable":true,"href":"https:\/\/www.emballagedigest.fr\/en\/wp-json\/wp\/v2\/comments?post=38933"}],"version-history":[{"count":3,"href":"https:\/\/www.emballagedigest.fr\/en\/wp-json\/wp\/v2\/posts\/38933\/revisions"}],"predecessor-version":[{"id":38943,"href":"https:\/\/www.emballagedigest.fr\/en\/wp-json\/wp\/v2\/posts\/38933\/revisions\/38943"}],"wp:featuredmedia":[{"embeddable":true,"href":"https:\/\/www.emballagedigest.fr\/en\/wp-json\/wp\/v2\/media\/38934"}],"wp:attachment":[{"href":"https:\/\/www.emballagedigest.fr\/en\/wp-json\/wp\/v2\/media?parent=38933"}],"wp:term":[{"taxonomy":"category","embeddable":true,"href":"https:\/\/www.emballagedigest.fr\/en\/wp-json\/wp\/v2\/categories?post=38933"},{"taxonomy":"post_tag","embeddable":true,"href":"https:\/\/www.emballagedigest.fr\/en\/wp-json\/wp\/v2\/tags?post=38933"}],"curies":[{"name":"wp","href":"https:\/\/api.w.org\/{rel}","templated":true}]}}