{"id":39040,"date":"2023-11-29T00:12:20","date_gmt":"2023-11-28T23:12:20","guid":{"rendered":"https:\/\/www.emballagedigest.fr\/?p=39040"},"modified":"2023-11-30T09:15:15","modified_gmt":"2023-11-30T08:15:15","slug":"le-variateur-machinery-acs180-dabb-confirme-son-succes","status":"publish","type":"post","link":"https:\/\/www.emballagedigest.fr\/en\/le-variateur-machinery-acs180-dabb-confirme-son-succes\/","title":{"rendered":"Le variateur Machinery ACS180 d\u2019ABB confirme son succ\u00e8s"},"content":{"rendered":"<p><strong>Compact et \u00e9conomique, le variateur Machinery ACS180 d\u2019ABB est optimis\u00e9 pour les constructeurs de machines et les OEM qui exigent grande simplicit\u00e9 d\u2019utilisation et fiabilit\u00e9 des performances. Particuli\u00e8rement recommand\u00e9 pour les machines de petites tailles et adapt\u00e9 aux environnements difficiles, il vient de faire l\u2019objet d\u2019une premi\u00e8re commande cons\u00e9quente&nbsp;: 290 ACS180 seront livr\u00e9s \u00e0 la soci\u00e9t\u00e9 Costral.<\/strong><\/p>\n\n\n\n<p>Pr\u00e9sent\u00e9s en avant-premi\u00e8re lors du dernier CFIA de Rennes, les nouveaux variateurs ACS180 sont d\u00e9j\u00e0 pl\u00e9biscit\u00e9s. En effet, ABB vient de signer une belle vente de son variateur aupr\u00e8s d\u2019une tr\u00e8s importante entreprise d\u2019OEM&nbsp;: la soci\u00e9t\u00e9 Costral, PME familiale bas\u00e9e en Alsace. Le constructeur de mat\u00e9riels d&#8217;embouteillage \u00e0 petites cadences pour les vins, spiritueux, bi\u00e8res et jus de fruit vient d&rsquo;\u00e9quiper la derni\u00e8re g\u00e9n\u00e9ration de ses machines avec des variateurs de fr\u00e9quence ACS 180. Cette commande comprend 290 variateurs ACS180. Ces derniers seront int\u00e9gr\u00e9s dans ses monoblocs d&#8217;embouteillage qui seront install\u00e9s dans des chais chez des vignerons, au sein d\u2019usines d\u2019embouteillage, ou bien sur des remorques d&#8217;embouteillage mobile, sur des zones g\u00e9ographies diverses.<\/p>\n\n\n\n<figure class=\"wp-block-image size-full\"><img loading=\"lazy\" decoding=\"async\" width=\"800\" height=\"480\" src=\"https:\/\/www.emballagedigest.fr\/wp-content\/uploads\/2023\/11\/ABB2.jpg\" alt=\"\" class=\"wp-image-39042\" srcset=\"https:\/\/www.emballagedigest.fr\/wp-content\/uploads\/2023\/11\/ABB2.jpg 800w, https:\/\/www.emballagedigest.fr\/wp-content\/uploads\/2023\/11\/ABB2-300x180.jpg 300w, https:\/\/www.emballagedigest.fr\/wp-content\/uploads\/2023\/11\/ABB2-768x461.jpg 768w, https:\/\/www.emballagedigest.fr\/wp-content\/uploads\/2023\/11\/ABB2-18x12.jpg 18w\" sizes=\"auto, (max-width: 800px) 100vw, 800px\" \/><\/figure>\n\n\n\n<p>La demande du client porte sur le remplacement d\u2019une gamme concurrente et vieillissante de variateurs. \u00c0 la suite de diff\u00e9rentes visites des \u00e9quipes ABB et des tests r\u00e9alis\u00e9s en amont sur les machines actuelles, les ACS180 d\u2019ABB ont parfaitement r\u00e9pondu aux besoins exprim\u00e9s. Ce partenariat fait \u00e9cho \u00e0 la qualification du produit sur l\u2019ensemble des mouvements de machines. \u00ab&nbsp;Nous avons pr\u00e9sent\u00e9s l\u2019ACS180 au client d\u00e8s ao\u00fbt 2021. En septembre 2022, le client a pu tester le prototype et en novembre 2022 sur les machines actuelles. Afin de qualifier l\u2019ensemble des mouvements du variateur, nous sommes retourn\u00e9s en f\u00e9vrier 2023. Cette derni\u00e8re a d\u00e9bouch\u00e9 sur la commande fin 2023. Il s\u2019agit de la premi\u00e8re commande r\u00e9pondant aux besoins imm\u00e9diats et futurs du client. Ces variateurs fonctionneront via des commandes de cadencements&nbsp;\u00bb, explique St\u00e9phane Lafond, responsable de la division Market Drive chez ABB Motion. Prochaine \u00e9tape&nbsp;: poursuivre l\u2019accompagnement personnalis\u00e9 sur la r\u00e9alisation d\u2019un nouveau prototype et poursuivre la qualification des mouvements. Dans le cadre de cette installation, il est utilis\u00e9 sur plusieurs applications telles que le mouvement de prise, le retournement de bouteilles, les convoyeurs et les pompes.<\/p>\n\n\n\n<p>Destin\u00e9s aux OEM ainsi qu\u2019aux System Integrators, l\u2019ACS180 est le dernier n\u00e9 de la gamme des variateurs d\u2019ABB. L\u2019ACS180 am\u00e9liore les performances des process, augmente la productivit\u00e9, r\u00e9duit les composants externes et assure la s\u00e9curit\u00e9 des appareils et du personnel. Il s\u2019int\u00e8gre parfaitement dans des environnements chauds et poussi\u00e9reux gr\u00e2ce \u00e0 son nouveau syst\u00e8me de refroidissement. Il embarque l\u2019essentiel des fonctionnalit\u00e9s en standard ainsi que deux contacts s\u00e9curis\u00e9s pour r\u00e9pondre aux exigences de la s\u00e9curit\u00e9 machine. De programmation intuitive, le variateur ACS180 est \u00e9quip\u00e9 de fonctions embarqu\u00e9es qui simplifient sa commande et sa livraison tout en r\u00e9duisant les co\u00fbts de mise en service. Compact et pr\u00eat \u00e0 l&#8217;emploi, il est con\u00e7u pour entra\u00eener les moteurs en fonction des besoins de processus. Il garantit aux clients une r\u00e9duction de la consommation d&rsquo;\u00e9nergie et des \u00e9missions de CO\u2082.<\/p>","protected":false},"excerpt":{"rendered":"<p>Compact et \u00e9conomique, le variateur Machinery ACS180 d\u2019ABB est optimis\u00e9 pour les constructeurs de machines et les OEM qui exigent grande simplicit\u00e9 d\u2019utilisation et fiabilit\u00e9 des performances. Particuli\u00e8rement recommand\u00e9 pour les machines de petites tailles et adapt\u00e9 aux environnements difficiles, il vient de faire l\u2019objet d\u2019une premi\u00e8re commande cons\u00e9quente&nbsp;: 290 ACS180 seront livr\u00e9s \u00e0 la [&hellip;]<\/p>","protected":false},"author":2,"featured_media":39041,"comment_status":"closed","ping_status":"closed","sticky":false,"template":"","format":"standard","meta":{"_acf_changed":false,"inline_featured_image":false,"iawp_total_views":1,"footnotes":""},"categories":[28,9],"tags":[],"class_list":["post-39040","post","type-post","status-publish","format-standard","has-post-thumbnail","hentry","category-article-entier","category-materiel"],"acf":[],"yoast_head":"<!-- This site is optimized with the Yoast SEO plugin v24.4 - https:\/\/yoast.com\/wordpress\/plugins\/seo\/ -->\n<title>Le variateur Machinery ACS180 d\u2019ABB confirme son succ\u00e8s - Emballage Digest<\/title>\n<meta name=\"robots\" content=\"index, follow, max-snippet:-1, max-image-preview:large, max-video-preview:-1\" \/>\n<link rel=\"canonical\" href=\"https:\/\/www.emballagedigest.fr\/en\/le-variateur-machinery-acs180-dabb-confirme-son-succes\/\" \/>\n<meta property=\"og:locale\" content=\"en_GB\" \/>\n<meta property=\"og:type\" content=\"article\" \/>\n<meta property=\"og:title\" content=\"Le variateur Machinery ACS180 d\u2019ABB confirme son succ\u00e8s - Emballage Digest\" \/>\n<meta property=\"og:description\" content=\"Compact et \u00e9conomique, le variateur Machinery ACS180 d\u2019ABB est optimis\u00e9 pour les constructeurs de machines et les OEM qui exigent grande simplicit\u00e9 d\u2019utilisation et fiabilit\u00e9 des performances. Particuli\u00e8rement recommand\u00e9 pour les machines de petites tailles et adapt\u00e9 aux environnements difficiles, il vient de faire l\u2019objet d\u2019une premi\u00e8re commande cons\u00e9quente&nbsp;: 290 ACS180 seront livr\u00e9s \u00e0 la [&hellip;]\" \/>\n<meta property=\"og:url\" content=\"https:\/\/www.emballagedigest.fr\/en\/le-variateur-machinery-acs180-dabb-confirme-son-succes\/\" \/>\n<meta property=\"og:site_name\" content=\"Emballage Digest\" \/>\n<meta property=\"article:published_time\" content=\"2023-11-28T23:12:20+00:00\" \/>\n<meta property=\"article:modified_time\" content=\"2023-11-30T08:15:15+00:00\" \/>\n<meta property=\"og:image\" content=\"https:\/\/www.emballagedigest.fr\/wp-content\/uploads\/2023\/11\/ABB1.jpg\" \/>\n\t<meta property=\"og:image:width\" content=\"800\" \/>\n\t<meta property=\"og:image:height\" content=\"536\" \/>\n\t<meta property=\"og:image:type\" content=\"image\/jpeg\" \/>\n<meta name=\"author\" content=\"Karine Duval\" \/>\n<meta name=\"twitter:card\" content=\"summary_large_image\" \/>\n<meta name=\"twitter:label1\" content=\"Written by\" \/>\n\t<meta name=\"twitter:data1\" content=\"Karine Duval\" \/>\n\t<meta name=\"twitter:label2\" content=\"Estimated reading time\" \/>\n\t<meta name=\"twitter:data2\" content=\"3 minutes\" \/>\n<script type=\"application\/ld+json\" class=\"yoast-schema-graph\">{\"@context\":\"https:\/\/schema.org\",\"@graph\":[{\"@type\":\"Article\",\"@id\":\"https:\/\/www.emballagedigest.fr\/le-variateur-machinery-acs180-dabb-confirme-son-succes\/#article\",\"isPartOf\":{\"@id\":\"https:\/\/www.emballagedigest.fr\/le-variateur-machinery-acs180-dabb-confirme-son-succes\/\"},\"author\":{\"name\":\"Karine Duval\",\"@id\":\"https:\/\/www.emballagedigest.fr\/#\/schema\/person\/76abe9f2b2ee4d3d520594c7a35da59f\"},\"headline\":\"Le variateur Machinery ACS180 d\u2019ABB confirme son succ\u00e8s\",\"datePublished\":\"2023-11-28T23:12:20+00:00\",\"dateModified\":\"2023-11-30T08:15:15+00:00\",\"mainEntityOfPage\":{\"@id\":\"https:\/\/www.emballagedigest.fr\/le-variateur-machinery-acs180-dabb-confirme-son-succes\/\"},\"wordCount\":584,\"publisher\":{\"@id\":\"https:\/\/www.emballagedigest.fr\/#organization\"},\"image\":{\"@id\":\"https:\/\/www.emballagedigest.fr\/le-variateur-machinery-acs180-dabb-confirme-son-succes\/#primaryimage\"},\"thumbnailUrl\":\"https:\/\/www.emballagedigest.fr\/wp-content\/uploads\/2023\/11\/ABB1.jpg\",\"articleSection\":[\"Article entier\",\"Mat\u00e9riel\"],\"inLanguage\":\"en-GB\"},{\"@type\":\"WebPage\",\"@id\":\"https:\/\/www.emballagedigest.fr\/le-variateur-machinery-acs180-dabb-confirme-son-succes\/\",\"url\":\"https:\/\/www.emballagedigest.fr\/le-variateur-machinery-acs180-dabb-confirme-son-succes\/\",\"name\":\"Le variateur Machinery ACS180 d\u2019ABB confirme son succ\u00e8s - Emballage Digest\",\"isPartOf\":{\"@id\":\"https:\/\/www.emballagedigest.fr\/#website\"},\"primaryImageOfPage\":{\"@id\":\"https:\/\/www.emballagedigest.fr\/le-variateur-machinery-acs180-dabb-confirme-son-succes\/#primaryimage\"},\"image\":{\"@id\":\"https:\/\/www.emballagedigest.fr\/le-variateur-machinery-acs180-dabb-confirme-son-succes\/#primaryimage\"},\"thumbnailUrl\":\"https:\/\/www.emballagedigest.fr\/wp-content\/uploads\/2023\/11\/ABB1.jpg\",\"datePublished\":\"2023-11-28T23:12:20+00:00\",\"dateModified\":\"2023-11-30T08:15:15+00:00\",\"breadcrumb\":{\"@id\":\"https:\/\/www.emballagedigest.fr\/le-variateur-machinery-acs180-dabb-confirme-son-succes\/#breadcrumb\"},\"inLanguage\":\"en-GB\",\"potentialAction\":[{\"@type\":\"ReadAction\",\"target\":[\"https:\/\/www.emballagedigest.fr\/le-variateur-machinery-acs180-dabb-confirme-son-succes\/\"]}]},{\"@type\":\"ImageObject\",\"inLanguage\":\"en-GB\",\"@id\":\"https:\/\/www.emballagedigest.fr\/le-variateur-machinery-acs180-dabb-confirme-son-succes\/#primaryimage\",\"url\":\"https:\/\/www.emballagedigest.fr\/wp-content\/uploads\/2023\/11\/ABB1.jpg\",\"contentUrl\":\"https:\/\/www.emballagedigest.fr\/wp-content\/uploads\/2023\/11\/ABB1.jpg\",\"width\":800,\"height\":536},{\"@type\":\"BreadcrumbList\",\"@id\":\"https:\/\/www.emballagedigest.fr\/le-variateur-machinery-acs180-dabb-confirme-son-succes\/#breadcrumb\",\"itemListElement\":[{\"@type\":\"ListItem\",\"position\":1,\"name\":\"Accueil\",\"item\":\"https:\/\/www.emballagedigest.fr\/\"},{\"@type\":\"ListItem\",\"position\":2,\"name\":\"Le variateur Machinery ACS180 d\u2019ABB confirme son succ\u00e8s\"}]},{\"@type\":\"WebSite\",\"@id\":\"https:\/\/www.emballagedigest.fr\/#website\",\"url\":\"https:\/\/www.emballagedigest.fr\/\",\"name\":\"Emballage Digest\",\"description\":\"Revue professionnelle sur les emballages\",\"publisher\":{\"@id\":\"https:\/\/www.emballagedigest.fr\/#organization\"},\"potentialAction\":[{\"@type\":\"SearchAction\",\"target\":{\"@type\":\"EntryPoint\",\"urlTemplate\":\"https:\/\/www.emballagedigest.fr\/?s={search_term_string}\"},\"query-input\":{\"@type\":\"PropertyValueSpecification\",\"valueRequired\":true,\"valueName\":\"search_term_string\"}}],\"inLanguage\":\"en-GB\"},{\"@type\":\"Organization\",\"@id\":\"https:\/\/www.emballagedigest.fr\/#organization\",\"name\":\"Emballage Digest\",\"url\":\"https:\/\/www.emballagedigest.fr\/\",\"logo\":{\"@type\":\"ImageObject\",\"inLanguage\":\"en-GB\",\"@id\":\"https:\/\/www.emballagedigest.fr\/#\/schema\/logo\/image\/\",\"url\":\"https:\/\/www.emballagedigest.fr\/wp-content\/uploads\/2022\/07\/logo-ed.png\",\"contentUrl\":\"https:\/\/www.emballagedigest.fr\/wp-content\/uploads\/2022\/07\/logo-ed.png\",\"width\":379,\"height\":75,\"caption\":\"Emballage Digest\"},\"image\":{\"@id\":\"https:\/\/www.emballagedigest.fr\/#\/schema\/logo\/image\/\"}},{\"@type\":\"Person\",\"@id\":\"https:\/\/www.emballagedigest.fr\/#\/schema\/person\/76abe9f2b2ee4d3d520594c7a35da59f\",\"name\":\"Karine Duval\",\"image\":{\"@type\":\"ImageObject\",\"inLanguage\":\"en-GB\",\"@id\":\"https:\/\/www.emballagedigest.fr\/#\/schema\/person\/image\/\",\"url\":\"https:\/\/secure.gravatar.com\/avatar\/f552799261cdd2e076e6677d780ef07bdb13aa4c196ab75b39abcbcdcae2d4e5?s=96&d=mm&r=g\",\"contentUrl\":\"https:\/\/secure.gravatar.com\/avatar\/f552799261cdd2e076e6677d780ef07bdb13aa4c196ab75b39abcbcdcae2d4e5?s=96&d=mm&r=g\",\"caption\":\"Karine Duval\"},\"url\":\"https:\/\/www.emballagedigest.fr\/en\/author\/admin_karduv\/\"}]}<\/script>\n<!-- \/ Yoast SEO plugin. -->","yoast_head_json":{"title":"Le variateur Machinery ACS180 d\u2019ABB confirme son succ\u00e8s - Emballage Digest","robots":{"index":"index","follow":"follow","max-snippet":"max-snippet:-1","max-image-preview":"max-image-preview:large","max-video-preview":"max-video-preview:-1"},"canonical":"https:\/\/www.emballagedigest.fr\/en\/le-variateur-machinery-acs180-dabb-confirme-son-succes\/","og_locale":"en_GB","og_type":"article","og_title":"Le variateur Machinery ACS180 d\u2019ABB confirme son succ\u00e8s - Emballage Digest","og_description":"Compact et \u00e9conomique, le variateur Machinery ACS180 d\u2019ABB est optimis\u00e9 pour les constructeurs de machines et les OEM qui exigent grande simplicit\u00e9 d\u2019utilisation et fiabilit\u00e9 des performances. Particuli\u00e8rement recommand\u00e9 pour les machines de petites tailles et adapt\u00e9 aux environnements difficiles, il vient de faire l\u2019objet d\u2019une premi\u00e8re commande cons\u00e9quente&nbsp;: 290 ACS180 seront livr\u00e9s \u00e0 la [&hellip;]","og_url":"https:\/\/www.emballagedigest.fr\/en\/le-variateur-machinery-acs180-dabb-confirme-son-succes\/","og_site_name":"Emballage Digest","article_published_time":"2023-11-28T23:12:20+00:00","article_modified_time":"2023-11-30T08:15:15+00:00","og_image":[{"width":800,"height":536,"url":"https:\/\/www.emballagedigest.fr\/wp-content\/uploads\/2023\/11\/ABB1.jpg","type":"image\/jpeg"}],"author":"Karine Duval","twitter_card":"summary_large_image","twitter_misc":{"Written by":"Karine Duval","Estimated reading time":"3 minutes"},"schema":{"@context":"https:\/\/schema.org","@graph":[{"@type":"Article","@id":"https:\/\/www.emballagedigest.fr\/le-variateur-machinery-acs180-dabb-confirme-son-succes\/#article","isPartOf":{"@id":"https:\/\/www.emballagedigest.fr\/le-variateur-machinery-acs180-dabb-confirme-son-succes\/"},"author":{"name":"Karine Duval","@id":"https:\/\/www.emballagedigest.fr\/#\/schema\/person\/76abe9f2b2ee4d3d520594c7a35da59f"},"headline":"Le variateur Machinery ACS180 d\u2019ABB confirme son succ\u00e8s","datePublished":"2023-11-28T23:12:20+00:00","dateModified":"2023-11-30T08:15:15+00:00","mainEntityOfPage":{"@id":"https:\/\/www.emballagedigest.fr\/le-variateur-machinery-acs180-dabb-confirme-son-succes\/"},"wordCount":584,"publisher":{"@id":"https:\/\/www.emballagedigest.fr\/#organization"},"image":{"@id":"https:\/\/www.emballagedigest.fr\/le-variateur-machinery-acs180-dabb-confirme-son-succes\/#primaryimage"},"thumbnailUrl":"https:\/\/www.emballagedigest.fr\/wp-content\/uploads\/2023\/11\/ABB1.jpg","articleSection":["Article entier","Mat\u00e9riel"],"inLanguage":"en-GB"},{"@type":"WebPage","@id":"https:\/\/www.emballagedigest.fr\/le-variateur-machinery-acs180-dabb-confirme-son-succes\/","url":"https:\/\/www.emballagedigest.fr\/le-variateur-machinery-acs180-dabb-confirme-son-succes\/","name":"Le variateur Machinery ACS180 d\u2019ABB confirme son succ\u00e8s - Emballage Digest","isPartOf":{"@id":"https:\/\/www.emballagedigest.fr\/#website"},"primaryImageOfPage":{"@id":"https:\/\/www.emballagedigest.fr\/le-variateur-machinery-acs180-dabb-confirme-son-succes\/#primaryimage"},"image":{"@id":"https:\/\/www.emballagedigest.fr\/le-variateur-machinery-acs180-dabb-confirme-son-succes\/#primaryimage"},"thumbnailUrl":"https:\/\/www.emballagedigest.fr\/wp-content\/uploads\/2023\/11\/ABB1.jpg","datePublished":"2023-11-28T23:12:20+00:00","dateModified":"2023-11-30T08:15:15+00:00","breadcrumb":{"@id":"https:\/\/www.emballagedigest.fr\/le-variateur-machinery-acs180-dabb-confirme-son-succes\/#breadcrumb"},"inLanguage":"en-GB","potentialAction":[{"@type":"ReadAction","target":["https:\/\/www.emballagedigest.fr\/le-variateur-machinery-acs180-dabb-confirme-son-succes\/"]}]},{"@type":"ImageObject","inLanguage":"en-GB","@id":"https:\/\/www.emballagedigest.fr\/le-variateur-machinery-acs180-dabb-confirme-son-succes\/#primaryimage","url":"https:\/\/www.emballagedigest.fr\/wp-content\/uploads\/2023\/11\/ABB1.jpg","contentUrl":"https:\/\/www.emballagedigest.fr\/wp-content\/uploads\/2023\/11\/ABB1.jpg","width":800,"height":536},{"@type":"BreadcrumbList","@id":"https:\/\/www.emballagedigest.fr\/le-variateur-machinery-acs180-dabb-confirme-son-succes\/#breadcrumb","itemListElement":[{"@type":"ListItem","position":1,"name":"Accueil","item":"https:\/\/www.emballagedigest.fr\/"},{"@type":"ListItem","position":2,"name":"Le variateur Machinery ACS180 d\u2019ABB confirme son succ\u00e8s"}]},{"@type":"WebSite","@id":"https:\/\/www.emballagedigest.fr\/#website","url":"https:\/\/www.emballagedigest.fr\/","name":"Emballage Digest","description":"Revue professionnelle sur les emballages","publisher":{"@id":"https:\/\/www.emballagedigest.fr\/#organization"},"potentialAction":[{"@type":"SearchAction","target":{"@type":"EntryPoint","urlTemplate":"https:\/\/www.emballagedigest.fr\/?s={search_term_string}"},"query-input":{"@type":"PropertyValueSpecification","valueRequired":true,"valueName":"search_term_string"}}],"inLanguage":"en-GB"},{"@type":"Organization","@id":"https:\/\/www.emballagedigest.fr\/#organization","name":"Emballage Digest","url":"https:\/\/www.emballagedigest.fr\/","logo":{"@type":"ImageObject","inLanguage":"en-GB","@id":"https:\/\/www.emballagedigest.fr\/#\/schema\/logo\/image\/","url":"https:\/\/www.emballagedigest.fr\/wp-content\/uploads\/2022\/07\/logo-ed.png","contentUrl":"https:\/\/www.emballagedigest.fr\/wp-content\/uploads\/2022\/07\/logo-ed.png","width":379,"height":75,"caption":"Emballage Digest"},"image":{"@id":"https:\/\/www.emballagedigest.fr\/#\/schema\/logo\/image\/"}},{"@type":"Person","@id":"https:\/\/www.emballagedigest.fr\/#\/schema\/person\/76abe9f2b2ee4d3d520594c7a35da59f","name":"Karine Duval","image":{"@type":"ImageObject","inLanguage":"en-GB","@id":"https:\/\/www.emballagedigest.fr\/#\/schema\/person\/image\/","url":"https:\/\/secure.gravatar.com\/avatar\/f552799261cdd2e076e6677d780ef07bdb13aa4c196ab75b39abcbcdcae2d4e5?s=96&d=mm&r=g","contentUrl":"https:\/\/secure.gravatar.com\/avatar\/f552799261cdd2e076e6677d780ef07bdb13aa4c196ab75b39abcbcdcae2d4e5?s=96&d=mm&r=g","caption":"Karine Duval"},"url":"https:\/\/www.emballagedigest.fr\/en\/author\/admin_karduv\/"}]}},"_links":{"self":[{"href":"https:\/\/www.emballagedigest.fr\/en\/wp-json\/wp\/v2\/posts\/39040","targetHints":{"allow":["GET"]}}],"collection":[{"href":"https:\/\/www.emballagedigest.fr\/en\/wp-json\/wp\/v2\/posts"}],"about":[{"href":"https:\/\/www.emballagedigest.fr\/en\/wp-json\/wp\/v2\/types\/post"}],"author":[{"embeddable":true,"href":"https:\/\/www.emballagedigest.fr\/en\/wp-json\/wp\/v2\/users\/2"}],"replies":[{"embeddable":true,"href":"https:\/\/www.emballagedigest.fr\/en\/wp-json\/wp\/v2\/comments?post=39040"}],"version-history":[{"count":1,"href":"https:\/\/www.emballagedigest.fr\/en\/wp-json\/wp\/v2\/posts\/39040\/revisions"}],"predecessor-version":[{"id":39043,"href":"https:\/\/www.emballagedigest.fr\/en\/wp-json\/wp\/v2\/posts\/39040\/revisions\/39043"}],"wp:featuredmedia":[{"embeddable":true,"href":"https:\/\/www.emballagedigest.fr\/en\/wp-json\/wp\/v2\/media\/39041"}],"wp:attachment":[{"href":"https:\/\/www.emballagedigest.fr\/en\/wp-json\/wp\/v2\/media?parent=39040"}],"wp:term":[{"taxonomy":"category","embeddable":true,"href":"https:\/\/www.emballagedigest.fr\/en\/wp-json\/wp\/v2\/categories?post=39040"},{"taxonomy":"post_tag","embeddable":true,"href":"https:\/\/www.emballagedigest.fr\/en\/wp-json\/wp\/v2\/tags?post=39040"}],"curies":[{"name":"wp","href":"https:\/\/api.w.org\/{rel}","templated":true}]}}