{"id":39058,"date":"2023-11-30T09:17:48","date_gmt":"2023-11-30T08:17:48","guid":{"rendered":"https:\/\/www.emballagedigest.fr\/?p=39058"},"modified":"2023-11-30T09:17:50","modified_gmt":"2023-11-30T08:17:50","slug":"le-groupe-saica-inaugure-son-nouveau-centre-de-recherche","status":"publish","type":"post","link":"https:\/\/www.emballagedigest.fr\/en\/le-groupe-saica-inaugure-son-nouveau-centre-de-recherche\/","title":{"rendered":"Le groupe Saica inaugure son nouveau centre de recherche"},"content":{"rendered":"<p><strong>Install\u00e9 au c\u0153ur de l\u2019usine d\u2019El Burgo de Ebro en Espagne, le centre de recherche, de d\u00e9veloppement et d\u2019innovation, inaugur\u00e9 par le fabricant d\u2019emballages carton Saica, <\/strong><strong>fournira un service global de recherche et de caract\u00e9risation des mat\u00e9riaux et des processus d\u2019emballages aux quatre divisions de l&rsquo;entreprise&nbsp;: Saica Natur, Saica Paper, Saica Pack and Saica Flex. Objectif&nbsp;: <\/strong><strong>participer \u00e0 la strat\u00e9gie de d\u00e9carbonation du groupe pour atteindre le \u00ab&nbsp;z\u00e9ro d\u00e9chet \u00e0 la d\u00e9charge&nbsp;\u00bb dans toutes les usines du groupe.<\/strong><\/p>\n\n\n\n<p>La structure dispose de 4000 m\u00b2 d\u2019espaces utilisables pour des bureaux, des salles de r\u00e9union et des laboratoires, y compris des \u00e9quipements d\u2019essai de pointe pour l\u2019industrie de l\u2019emballage.Sa mise en service s&rsquo;inscrit dans le cadre des c\u00e9l\u00e9brations du 80<sup>e<\/sup> anniversaire de l&rsquo;entreprise.<strong> <\/strong>Le nouveau Centre de Recherche, de D\u00e9veloppement et d&rsquo;innovation (R&amp;D&amp;I) permettra aux \u00e9quipes de d\u00e9velopper de nouveaux produits, travaillera \u00e0 am\u00e9liorer l&rsquo;efficacit\u00e9 de l&rsquo;utilisation des mati\u00e8res premi\u00e8res dans ses processus et offrira des services de caract\u00e9risation avanc\u00e9e des mat\u00e9riaux et des processus \u00e0 ses clients et \u00e0 d&rsquo;autres d\u00e9partements. Dans le m\u00eame temps, la zone R&amp;D&amp;I est au service de deux des objectifs strat\u00e9giques de l&rsquo;entreprise : la d\u00e9carbonation pour r\u00e9duire l&#8217;empreinte carbone de Saica et la r\u00e9alisation de l&rsquo;objectif \u00ab&nbsp;z\u00e9ro d\u00e9chet \u00e0 la d\u00e9charge&nbsp;\u00bb dans toutes les usines du groupe. En outre, la nouvelle installation abrite le Centre national de d\u00e9veloppement (CND) de Saica Pack Iberia, un espace ouvert et collaboratif qui invite \u00e0 la co-cr\u00e9ation avec les clients.<\/p>\n\n\n\n<figure class=\"wp-block-image size-full is-resized\"><img loading=\"lazy\" decoding=\"async\" src=\"https:\/\/www.emballagedigest.fr\/wp-content\/uploads\/2023\/11\/saica2.jpg\" alt=\"\" class=\"wp-image-39060\" width=\"826\" height=\"505\" srcset=\"https:\/\/www.emballagedigest.fr\/wp-content\/uploads\/2023\/11\/saica2.jpg 800w, https:\/\/www.emballagedigest.fr\/wp-content\/uploads\/2023\/11\/saica2-300x183.jpg 300w, https:\/\/www.emballagedigest.fr\/wp-content\/uploads\/2023\/11\/saica2-768x469.jpg 768w, https:\/\/www.emballagedigest.fr\/wp-content\/uploads\/2023\/11\/saica2-18x12.jpg 18w\" sizes=\"auto, (max-width: 826px) 100vw, 826px\" \/><\/figure>\n\n\n\n<p>Fort d\u2019une \u00e9quipe de 50 personnes pluridisciplinaire, d&rsquo;ing\u00e9nieurs et de techniciens sp\u00e9cialis\u00e9s dans le papier, l&#8217;emballage (carton ondul\u00e9 et emballage souple), la valorisation des d\u00e9chets et la d\u00e9carbonation de l&rsquo;industrie, le centre cr\u00e9e \u00e9galement les mod\u00e8les de simulation avanc\u00e9s sur lesquels repose la conception structurelle des emballages en carton fabriqu\u00e9s par le groupe Saica. \u00c0 l&rsquo;aide des m\u00eames outils logiciels que ceux utilis\u00e9s dans des secteurs tels que l&rsquo;automobile et l&rsquo;a\u00e9ronautique, la s\u00e9lection des papiers qui composent les bo\u00eetes en carton ondul\u00e9 fabriqu\u00e9es par Saica est optimis\u00e9e pour garantir que la r\u00e9sistance dont chaque bo\u00eete a besoin est obtenue avec un emballage l\u00e9ger qui minimise l&rsquo;utilisation de mati\u00e8res premi\u00e8res.<\/p>\n\n\n\n<p>L&rsquo;installation s&rsquo;inscrit dans le cadre de l&rsquo;engagement de Saica en faveur de la durabilit\u00e9, gr\u00e2ce \u00e0 son syst\u00e8me climatique bas\u00e9 sur la g\u00e9othermie. Ainsi, le centre a obtenu, entre autres, le certificat LEED Gold (Leadership in Energy and Environmental Design), le syst\u00e8me de classification des b\u00e2timents \u00e9cologiques le plus utilis\u00e9 au monde, d\u00e9livr\u00e9 par le U.S. Green Building Council.<\/p>","protected":false},"excerpt":{"rendered":"<p>Install\u00e9 au c\u0153ur de l\u2019usine d\u2019El Burgo de Ebro en Espagne, le centre de recherche, de d\u00e9veloppement et d\u2019innovation, inaugur\u00e9 par le fabricant d\u2019emballages carton Saica, fournira un service global de recherche et de caract\u00e9risation des mat\u00e9riaux et des processus d\u2019emballages aux quatre divisions de l&rsquo;entreprise&nbsp;: Saica Natur, Saica Paper, Saica Pack and Saica Flex. [&hellip;]<\/p>","protected":false},"author":2,"featured_media":39059,"comment_status":"closed","ping_status":"closed","sticky":false,"template":"","format":"standard","meta":{"_acf_changed":false,"inline_featured_image":false,"iawp_total_views":1,"footnotes":""},"categories":[28,10],"tags":[],"class_list":["post-39058","post","type-post","status-publish","format-standard","has-post-thumbnail","hentry","category-article-entier","category-materiaux"],"acf":[],"yoast_head":"<!-- This site is optimized with the Yoast SEO plugin v24.4 - https:\/\/yoast.com\/wordpress\/plugins\/seo\/ -->\n<title>Le groupe Saica inaugure son nouveau centre de recherche - Emballage Digest<\/title>\n<meta name=\"robots\" content=\"index, follow, max-snippet:-1, max-image-preview:large, max-video-preview:-1\" \/>\n<link rel=\"canonical\" href=\"https:\/\/www.emballagedigest.fr\/en\/le-groupe-saica-inaugure-son-nouveau-centre-de-recherche\/\" \/>\n<meta property=\"og:locale\" content=\"en_GB\" \/>\n<meta property=\"og:type\" content=\"article\" \/>\n<meta property=\"og:title\" content=\"Le groupe Saica inaugure son nouveau centre de recherche - Emballage Digest\" \/>\n<meta property=\"og:description\" content=\"Install\u00e9 au c\u0153ur de l\u2019usine d\u2019El Burgo de Ebro en Espagne, le centre de recherche, de d\u00e9veloppement et d\u2019innovation, inaugur\u00e9 par le fabricant d\u2019emballages carton Saica, fournira un service global de recherche et de caract\u00e9risation des mat\u00e9riaux et des processus d\u2019emballages aux quatre divisions de l&rsquo;entreprise&nbsp;: Saica Natur, Saica Paper, Saica Pack and Saica Flex. [&hellip;]\" \/>\n<meta property=\"og:url\" content=\"https:\/\/www.emballagedigest.fr\/en\/le-groupe-saica-inaugure-son-nouveau-centre-de-recherche\/\" \/>\n<meta property=\"og:site_name\" content=\"Emballage Digest\" \/>\n<meta property=\"article:published_time\" content=\"2023-11-30T08:17:48+00:00\" \/>\n<meta property=\"article:modified_time\" content=\"2023-11-30T08:17:50+00:00\" \/>\n<meta property=\"og:image\" content=\"https:\/\/www.emballagedigest.fr\/wp-content\/uploads\/2023\/11\/saica1.jpg\" \/>\n\t<meta property=\"og:image:width\" content=\"800\" \/>\n\t<meta property=\"og:image:height\" content=\"515\" \/>\n\t<meta property=\"og:image:type\" content=\"image\/jpeg\" \/>\n<meta name=\"author\" content=\"Karine Duval\" \/>\n<meta name=\"twitter:card\" content=\"summary_large_image\" \/>\n<meta name=\"twitter:label1\" content=\"Written by\" \/>\n\t<meta name=\"twitter:data1\" content=\"Karine Duval\" \/>\n\t<meta name=\"twitter:label2\" content=\"Estimated reading time\" \/>\n\t<meta name=\"twitter:data2\" content=\"3 minutes\" \/>\n<script type=\"application\/ld+json\" class=\"yoast-schema-graph\">{\"@context\":\"https:\/\/schema.org\",\"@graph\":[{\"@type\":\"Article\",\"@id\":\"https:\/\/www.emballagedigest.fr\/le-groupe-saica-inaugure-son-nouveau-centre-de-recherche\/#article\",\"isPartOf\":{\"@id\":\"https:\/\/www.emballagedigest.fr\/le-groupe-saica-inaugure-son-nouveau-centre-de-recherche\/\"},\"author\":{\"name\":\"Karine Duval\",\"@id\":\"https:\/\/www.emballagedigest.fr\/#\/schema\/person\/76abe9f2b2ee4d3d520594c7a35da59f\"},\"headline\":\"Le groupe Saica inaugure son nouveau centre de recherche\",\"datePublished\":\"2023-11-30T08:17:48+00:00\",\"dateModified\":\"2023-11-30T08:17:50+00:00\",\"mainEntityOfPage\":{\"@id\":\"https:\/\/www.emballagedigest.fr\/le-groupe-saica-inaugure-son-nouveau-centre-de-recherche\/\"},\"wordCount\":510,\"publisher\":{\"@id\":\"https:\/\/www.emballagedigest.fr\/#organization\"},\"image\":{\"@id\":\"https:\/\/www.emballagedigest.fr\/le-groupe-saica-inaugure-son-nouveau-centre-de-recherche\/#primaryimage\"},\"thumbnailUrl\":\"https:\/\/www.emballagedigest.fr\/wp-content\/uploads\/2023\/11\/saica1.jpg\",\"articleSection\":[\"Article entier\",\"Mat\u00e9riaux\"],\"inLanguage\":\"en-GB\"},{\"@type\":\"WebPage\",\"@id\":\"https:\/\/www.emballagedigest.fr\/le-groupe-saica-inaugure-son-nouveau-centre-de-recherche\/\",\"url\":\"https:\/\/www.emballagedigest.fr\/le-groupe-saica-inaugure-son-nouveau-centre-de-recherche\/\",\"name\":\"Le groupe Saica inaugure son nouveau centre de recherche - Emballage Digest\",\"isPartOf\":{\"@id\":\"https:\/\/www.emballagedigest.fr\/#website\"},\"primaryImageOfPage\":{\"@id\":\"https:\/\/www.emballagedigest.fr\/le-groupe-saica-inaugure-son-nouveau-centre-de-recherche\/#primaryimage\"},\"image\":{\"@id\":\"https:\/\/www.emballagedigest.fr\/le-groupe-saica-inaugure-son-nouveau-centre-de-recherche\/#primaryimage\"},\"thumbnailUrl\":\"https:\/\/www.emballagedigest.fr\/wp-content\/uploads\/2023\/11\/saica1.jpg\",\"datePublished\":\"2023-11-30T08:17:48+00:00\",\"dateModified\":\"2023-11-30T08:17:50+00:00\",\"breadcrumb\":{\"@id\":\"https:\/\/www.emballagedigest.fr\/le-groupe-saica-inaugure-son-nouveau-centre-de-recherche\/#breadcrumb\"},\"inLanguage\":\"en-GB\",\"potentialAction\":[{\"@type\":\"ReadAction\",\"target\":[\"https:\/\/www.emballagedigest.fr\/le-groupe-saica-inaugure-son-nouveau-centre-de-recherche\/\"]}]},{\"@type\":\"ImageObject\",\"inLanguage\":\"en-GB\",\"@id\":\"https:\/\/www.emballagedigest.fr\/le-groupe-saica-inaugure-son-nouveau-centre-de-recherche\/#primaryimage\",\"url\":\"https:\/\/www.emballagedigest.fr\/wp-content\/uploads\/2023\/11\/saica1.jpg\",\"contentUrl\":\"https:\/\/www.emballagedigest.fr\/wp-content\/uploads\/2023\/11\/saica1.jpg\",\"width\":800,\"height\":515},{\"@type\":\"BreadcrumbList\",\"@id\":\"https:\/\/www.emballagedigest.fr\/le-groupe-saica-inaugure-son-nouveau-centre-de-recherche\/#breadcrumb\",\"itemListElement\":[{\"@type\":\"ListItem\",\"position\":1,\"name\":\"Accueil\",\"item\":\"https:\/\/www.emballagedigest.fr\/\"},{\"@type\":\"ListItem\",\"position\":2,\"name\":\"Le groupe Saica inaugure son nouveau centre de recherche\"}]},{\"@type\":\"WebSite\",\"@id\":\"https:\/\/www.emballagedigest.fr\/#website\",\"url\":\"https:\/\/www.emballagedigest.fr\/\",\"name\":\"Emballage Digest\",\"description\":\"Revue professionnelle sur les emballages\",\"publisher\":{\"@id\":\"https:\/\/www.emballagedigest.fr\/#organization\"},\"potentialAction\":[{\"@type\":\"SearchAction\",\"target\":{\"@type\":\"EntryPoint\",\"urlTemplate\":\"https:\/\/www.emballagedigest.fr\/?s={search_term_string}\"},\"query-input\":{\"@type\":\"PropertyValueSpecification\",\"valueRequired\":true,\"valueName\":\"search_term_string\"}}],\"inLanguage\":\"en-GB\"},{\"@type\":\"Organization\",\"@id\":\"https:\/\/www.emballagedigest.fr\/#organization\",\"name\":\"Emballage Digest\",\"url\":\"https:\/\/www.emballagedigest.fr\/\",\"logo\":{\"@type\":\"ImageObject\",\"inLanguage\":\"en-GB\",\"@id\":\"https:\/\/www.emballagedigest.fr\/#\/schema\/logo\/image\/\",\"url\":\"https:\/\/www.emballagedigest.fr\/wp-content\/uploads\/2022\/07\/logo-ed.png\",\"contentUrl\":\"https:\/\/www.emballagedigest.fr\/wp-content\/uploads\/2022\/07\/logo-ed.png\",\"width\":379,\"height\":75,\"caption\":\"Emballage Digest\"},\"image\":{\"@id\":\"https:\/\/www.emballagedigest.fr\/#\/schema\/logo\/image\/\"}},{\"@type\":\"Person\",\"@id\":\"https:\/\/www.emballagedigest.fr\/#\/schema\/person\/76abe9f2b2ee4d3d520594c7a35da59f\",\"name\":\"Karine Duval\",\"image\":{\"@type\":\"ImageObject\",\"inLanguage\":\"en-GB\",\"@id\":\"https:\/\/www.emballagedigest.fr\/#\/schema\/person\/image\/\",\"url\":\"https:\/\/secure.gravatar.com\/avatar\/f552799261cdd2e076e6677d780ef07bdb13aa4c196ab75b39abcbcdcae2d4e5?s=96&d=mm&r=g\",\"contentUrl\":\"https:\/\/secure.gravatar.com\/avatar\/f552799261cdd2e076e6677d780ef07bdb13aa4c196ab75b39abcbcdcae2d4e5?s=96&d=mm&r=g\",\"caption\":\"Karine Duval\"},\"url\":\"https:\/\/www.emballagedigest.fr\/en\/author\/admin_karduv\/\"}]}<\/script>\n<!-- \/ Yoast SEO plugin. -->","yoast_head_json":{"title":"Le groupe Saica inaugure son nouveau centre de recherche - Emballage Digest","robots":{"index":"index","follow":"follow","max-snippet":"max-snippet:-1","max-image-preview":"max-image-preview:large","max-video-preview":"max-video-preview:-1"},"canonical":"https:\/\/www.emballagedigest.fr\/en\/le-groupe-saica-inaugure-son-nouveau-centre-de-recherche\/","og_locale":"en_GB","og_type":"article","og_title":"Le groupe Saica inaugure son nouveau centre de recherche - Emballage Digest","og_description":"Install\u00e9 au c\u0153ur de l\u2019usine d\u2019El Burgo de Ebro en Espagne, le centre de recherche, de d\u00e9veloppement et d\u2019innovation, inaugur\u00e9 par le fabricant d\u2019emballages carton Saica, fournira un service global de recherche et de caract\u00e9risation des mat\u00e9riaux et des processus d\u2019emballages aux quatre divisions de l&rsquo;entreprise&nbsp;: Saica Natur, Saica Paper, Saica Pack and Saica Flex. [&hellip;]","og_url":"https:\/\/www.emballagedigest.fr\/en\/le-groupe-saica-inaugure-son-nouveau-centre-de-recherche\/","og_site_name":"Emballage Digest","article_published_time":"2023-11-30T08:17:48+00:00","article_modified_time":"2023-11-30T08:17:50+00:00","og_image":[{"width":800,"height":515,"url":"https:\/\/www.emballagedigest.fr\/wp-content\/uploads\/2023\/11\/saica1.jpg","type":"image\/jpeg"}],"author":"Karine Duval","twitter_card":"summary_large_image","twitter_misc":{"Written by":"Karine Duval","Estimated reading time":"3 minutes"},"schema":{"@context":"https:\/\/schema.org","@graph":[{"@type":"Article","@id":"https:\/\/www.emballagedigest.fr\/le-groupe-saica-inaugure-son-nouveau-centre-de-recherche\/#article","isPartOf":{"@id":"https:\/\/www.emballagedigest.fr\/le-groupe-saica-inaugure-son-nouveau-centre-de-recherche\/"},"author":{"name":"Karine Duval","@id":"https:\/\/www.emballagedigest.fr\/#\/schema\/person\/76abe9f2b2ee4d3d520594c7a35da59f"},"headline":"Le groupe Saica inaugure son nouveau centre de recherche","datePublished":"2023-11-30T08:17:48+00:00","dateModified":"2023-11-30T08:17:50+00:00","mainEntityOfPage":{"@id":"https:\/\/www.emballagedigest.fr\/le-groupe-saica-inaugure-son-nouveau-centre-de-recherche\/"},"wordCount":510,"publisher":{"@id":"https:\/\/www.emballagedigest.fr\/#organization"},"image":{"@id":"https:\/\/www.emballagedigest.fr\/le-groupe-saica-inaugure-son-nouveau-centre-de-recherche\/#primaryimage"},"thumbnailUrl":"https:\/\/www.emballagedigest.fr\/wp-content\/uploads\/2023\/11\/saica1.jpg","articleSection":["Article entier","Mat\u00e9riaux"],"inLanguage":"en-GB"},{"@type":"WebPage","@id":"https:\/\/www.emballagedigest.fr\/le-groupe-saica-inaugure-son-nouveau-centre-de-recherche\/","url":"https:\/\/www.emballagedigest.fr\/le-groupe-saica-inaugure-son-nouveau-centre-de-recherche\/","name":"Le groupe Saica inaugure son nouveau centre de recherche - Emballage Digest","isPartOf":{"@id":"https:\/\/www.emballagedigest.fr\/#website"},"primaryImageOfPage":{"@id":"https:\/\/www.emballagedigest.fr\/le-groupe-saica-inaugure-son-nouveau-centre-de-recherche\/#primaryimage"},"image":{"@id":"https:\/\/www.emballagedigest.fr\/le-groupe-saica-inaugure-son-nouveau-centre-de-recherche\/#primaryimage"},"thumbnailUrl":"https:\/\/www.emballagedigest.fr\/wp-content\/uploads\/2023\/11\/saica1.jpg","datePublished":"2023-11-30T08:17:48+00:00","dateModified":"2023-11-30T08:17:50+00:00","breadcrumb":{"@id":"https:\/\/www.emballagedigest.fr\/le-groupe-saica-inaugure-son-nouveau-centre-de-recherche\/#breadcrumb"},"inLanguage":"en-GB","potentialAction":[{"@type":"ReadAction","target":["https:\/\/www.emballagedigest.fr\/le-groupe-saica-inaugure-son-nouveau-centre-de-recherche\/"]}]},{"@type":"ImageObject","inLanguage":"en-GB","@id":"https:\/\/www.emballagedigest.fr\/le-groupe-saica-inaugure-son-nouveau-centre-de-recherche\/#primaryimage","url":"https:\/\/www.emballagedigest.fr\/wp-content\/uploads\/2023\/11\/saica1.jpg","contentUrl":"https:\/\/www.emballagedigest.fr\/wp-content\/uploads\/2023\/11\/saica1.jpg","width":800,"height":515},{"@type":"BreadcrumbList","@id":"https:\/\/www.emballagedigest.fr\/le-groupe-saica-inaugure-son-nouveau-centre-de-recherche\/#breadcrumb","itemListElement":[{"@type":"ListItem","position":1,"name":"Accueil","item":"https:\/\/www.emballagedigest.fr\/"},{"@type":"ListItem","position":2,"name":"Le groupe Saica inaugure son nouveau centre de recherche"}]},{"@type":"WebSite","@id":"https:\/\/www.emballagedigest.fr\/#website","url":"https:\/\/www.emballagedigest.fr\/","name":"Emballage Digest","description":"Revue professionnelle sur les emballages","publisher":{"@id":"https:\/\/www.emballagedigest.fr\/#organization"},"potentialAction":[{"@type":"SearchAction","target":{"@type":"EntryPoint","urlTemplate":"https:\/\/www.emballagedigest.fr\/?s={search_term_string}"},"query-input":{"@type":"PropertyValueSpecification","valueRequired":true,"valueName":"search_term_string"}}],"inLanguage":"en-GB"},{"@type":"Organization","@id":"https:\/\/www.emballagedigest.fr\/#organization","name":"Emballage Digest","url":"https:\/\/www.emballagedigest.fr\/","logo":{"@type":"ImageObject","inLanguage":"en-GB","@id":"https:\/\/www.emballagedigest.fr\/#\/schema\/logo\/image\/","url":"https:\/\/www.emballagedigest.fr\/wp-content\/uploads\/2022\/07\/logo-ed.png","contentUrl":"https:\/\/www.emballagedigest.fr\/wp-content\/uploads\/2022\/07\/logo-ed.png","width":379,"height":75,"caption":"Emballage Digest"},"image":{"@id":"https:\/\/www.emballagedigest.fr\/#\/schema\/logo\/image\/"}},{"@type":"Person","@id":"https:\/\/www.emballagedigest.fr\/#\/schema\/person\/76abe9f2b2ee4d3d520594c7a35da59f","name":"Karine Duval","image":{"@type":"ImageObject","inLanguage":"en-GB","@id":"https:\/\/www.emballagedigest.fr\/#\/schema\/person\/image\/","url":"https:\/\/secure.gravatar.com\/avatar\/f552799261cdd2e076e6677d780ef07bdb13aa4c196ab75b39abcbcdcae2d4e5?s=96&d=mm&r=g","contentUrl":"https:\/\/secure.gravatar.com\/avatar\/f552799261cdd2e076e6677d780ef07bdb13aa4c196ab75b39abcbcdcae2d4e5?s=96&d=mm&r=g","caption":"Karine Duval"},"url":"https:\/\/www.emballagedigest.fr\/en\/author\/admin_karduv\/"}]}},"_links":{"self":[{"href":"https:\/\/www.emballagedigest.fr\/en\/wp-json\/wp\/v2\/posts\/39058","targetHints":{"allow":["GET"]}}],"collection":[{"href":"https:\/\/www.emballagedigest.fr\/en\/wp-json\/wp\/v2\/posts"}],"about":[{"href":"https:\/\/www.emballagedigest.fr\/en\/wp-json\/wp\/v2\/types\/post"}],"author":[{"embeddable":true,"href":"https:\/\/www.emballagedigest.fr\/en\/wp-json\/wp\/v2\/users\/2"}],"replies":[{"embeddable":true,"href":"https:\/\/www.emballagedigest.fr\/en\/wp-json\/wp\/v2\/comments?post=39058"}],"version-history":[{"count":2,"href":"https:\/\/www.emballagedigest.fr\/en\/wp-json\/wp\/v2\/posts\/39058\/revisions"}],"predecessor-version":[{"id":39062,"href":"https:\/\/www.emballagedigest.fr\/en\/wp-json\/wp\/v2\/posts\/39058\/revisions\/39062"}],"wp:featuredmedia":[{"embeddable":true,"href":"https:\/\/www.emballagedigest.fr\/en\/wp-json\/wp\/v2\/media\/39059"}],"wp:attachment":[{"href":"https:\/\/www.emballagedigest.fr\/en\/wp-json\/wp\/v2\/media?parent=39058"}],"wp:term":[{"taxonomy":"category","embeddable":true,"href":"https:\/\/www.emballagedigest.fr\/en\/wp-json\/wp\/v2\/categories?post=39058"},{"taxonomy":"post_tag","embeddable":true,"href":"https:\/\/www.emballagedigest.fr\/en\/wp-json\/wp\/v2\/tags?post=39058"}],"curies":[{"name":"wp","href":"https:\/\/api.w.org\/{rel}","templated":true}]}}