{"id":39105,"date":"2023-11-30T10:01:00","date_gmt":"2023-11-30T09:01:00","guid":{"rendered":"https:\/\/www.emballagedigest.fr\/?p=39105"},"modified":"2023-12-01T10:03:13","modified_gmt":"2023-12-01T09:03:13","slug":"re-gmbh-et-comexi-collaborent-pour-optimiser-la-production-plastique","status":"publish","type":"post","link":"https:\/\/www.emballagedigest.fr\/en\/re-gmbh-et-comexi-collaborent-pour-optimiser-la-production-plastique\/","title":{"rendered":"RE: GmbH et Comexi collaborent pour optimiser la production plastique"},"content":{"rendered":"<p>RE: GmbH et Comexi annoncent leur partenariat dans le but de faire progresser la num\u00e9risation dans le secteur de l\u2019extrusion et de l\u2019emballage des mati\u00e8res plastiques. Objectif\u00a0: orienter transformateurs de plastique et producteurs d\u2019emballages vers une solution capable de connecter de mani\u00e8re transparente l\u2019ensemble de leur atelier, dans un souci d\u2019optimisation de leurs proc\u00e9d\u00e9s\u00a0(qualit\u00e9 d\u2019impression, scellage, enduction, pelliculage ou encore gestion des d\u00e9chets). <\/p>\n\n\n\n<p>Pour relever ce d\u00e9fi, RE:, une start-up du groupe Reifenh\u00e4user sp\u00e9cialis\u00e9e dans les solutions num\u00e9riques pour l\u2019industrie, et Comexi, fournisseur pionnier de solutions d\u2019impression, de pelliculage et de d\u00e9coupe, ont uni leur expertise. \u00abNotre coop\u00e9ration va au-del\u00e0 de la simple int\u00e9gration des processus de conversion. Nous inaugurons une nouvelle \u00e8re de productivit\u00e9, de qualit\u00e9 et de durabilit\u00e9 dans le secteur de l\u2019emballage\u00bb, d\u00e9clare Jordi Sahun, directeur de l\u2019innovation et de la technologie chez Comexi. Et Daniel Kajan, directeur des produits et des op\u00e9rations chez RE: d\u2019ajouter\u00a0: \u00aben int\u00e9grant leurs op\u00e9rations de conversion avec le middleware c.Hub, nos clients obtiendront une efficacit\u00e9 op\u00e9rationnelle in\u00e9gal\u00e9e, une prise de d\u00e9cision plus pointue et un avantage concurrentiel fort sur un march\u00e9 en pleine \u00e9volution\u00bb. En effet, le d\u00e9veloppement du package Comexi-to-c.Hub est une pierre angulaire de ce partenariat. Par exemple, les clients peuvent d\u00e9sormais visualiser et analyser les donn\u00e9es des presses flexographiques Comexi en temps r\u00e9el, les corr\u00e9ler avec d\u2019autres donn\u00e9es du processus de production et documenter les principaux param\u00e8tres de qualit\u00e9.<\/p>","protected":false},"excerpt":{"rendered":"<p>RE: GmbH et Comexi annoncent leur partenariat dans le but de faire progresser la num\u00e9risation dans le secteur de l\u2019extrusion et de l\u2019emballage des mati\u00e8res plastiques. Objectif\u00a0: orienter transformateurs de plastique et producteurs d\u2019emballages vers une solution capable de connecter de mani\u00e8re transparente l\u2019ensemble de leur atelier, dans un souci d\u2019optimisation de leurs proc\u00e9d\u00e9s\u00a0(qualit\u00e9 d\u2019impression, [&hellip;]<\/p>","protected":false},"author":2,"featured_media":39106,"comment_status":"closed","ping_status":"closed","sticky":false,"template":"","format":"standard","meta":{"_acf_changed":false,"inline_featured_image":false,"iawp_total_views":2,"footnotes":""},"categories":[28,26,35,9,65],"tags":[],"class_list":["post-39105","post","type-post","status-publish","format-standard","has-post-thumbnail","hentry","category-article-entier","category-laterale","category-machines-fr","category-materiel","category-vu-dans-le-mag"],"acf":[],"yoast_head":"<!-- This site is optimized with the Yoast SEO plugin v24.4 - https:\/\/yoast.com\/wordpress\/plugins\/seo\/ -->\n<title>RE: GmbH et Comexi collaborent pour optimiser la production plastique - Emballage Digest<\/title>\n<meta name=\"robots\" content=\"index, follow, max-snippet:-1, max-image-preview:large, max-video-preview:-1\" \/>\n<link rel=\"canonical\" href=\"https:\/\/www.emballagedigest.fr\/en\/re-gmbh-et-comexi-collaborent-pour-optimiser-la-production-plastique\/\" \/>\n<meta property=\"og:locale\" content=\"en_GB\" \/>\n<meta property=\"og:type\" content=\"article\" \/>\n<meta property=\"og:title\" content=\"RE: GmbH et Comexi collaborent pour optimiser la production plastique - Emballage Digest\" \/>\n<meta property=\"og:description\" content=\"RE: GmbH et Comexi annoncent leur partenariat dans le but de faire progresser la num\u00e9risation dans le secteur de l\u2019extrusion et de l\u2019emballage des mati\u00e8res plastiques. Objectif\u00a0: orienter transformateurs de plastique et producteurs d\u2019emballages vers une solution capable de connecter de mani\u00e8re transparente l\u2019ensemble de leur atelier, dans un souci d\u2019optimisation de leurs proc\u00e9d\u00e9s\u00a0(qualit\u00e9 d\u2019impression, [&hellip;]\" \/>\n<meta property=\"og:url\" content=\"https:\/\/www.emballagedigest.fr\/en\/re-gmbh-et-comexi-collaborent-pour-optimiser-la-production-plastique\/\" \/>\n<meta property=\"og:site_name\" content=\"Emballage Digest\" \/>\n<meta property=\"article:published_time\" content=\"2023-11-30T09:01:00+00:00\" \/>\n<meta property=\"article:modified_time\" content=\"2023-12-01T09:03:13+00:00\" \/>\n<meta property=\"og:image\" content=\"https:\/\/www.emballagedigest.fr\/wp-content\/uploads\/2023\/12\/RE_Comexi.jpg\" \/>\n\t<meta property=\"og:image:width\" content=\"800\" \/>\n\t<meta property=\"og:image:height\" content=\"530\" \/>\n\t<meta property=\"og:image:type\" content=\"image\/jpeg\" \/>\n<meta name=\"author\" content=\"Karine Duval\" \/>\n<meta name=\"twitter:card\" content=\"summary_large_image\" \/>\n<meta name=\"twitter:label1\" content=\"Written by\" \/>\n\t<meta name=\"twitter:data1\" content=\"Karine Duval\" \/>\n\t<meta name=\"twitter:label2\" content=\"Estimated reading time\" \/>\n\t<meta name=\"twitter:data2\" content=\"2 minutes\" \/>\n<script type=\"application\/ld+json\" class=\"yoast-schema-graph\">{\"@context\":\"https:\/\/schema.org\",\"@graph\":[{\"@type\":\"Article\",\"@id\":\"https:\/\/www.emballagedigest.fr\/re-gmbh-et-comexi-collaborent-pour-optimiser-la-production-plastique\/#article\",\"isPartOf\":{\"@id\":\"https:\/\/www.emballagedigest.fr\/re-gmbh-et-comexi-collaborent-pour-optimiser-la-production-plastique\/\"},\"author\":{\"name\":\"Karine Duval\",\"@id\":\"https:\/\/www.emballagedigest.fr\/#\/schema\/person\/76abe9f2b2ee4d3d520594c7a35da59f\"},\"headline\":\"RE: GmbH et Comexi collaborent pour optimiser la production plastique\",\"datePublished\":\"2023-11-30T09:01:00+00:00\",\"dateModified\":\"2023-12-01T09:03:13+00:00\",\"mainEntityOfPage\":{\"@id\":\"https:\/\/www.emballagedigest.fr\/re-gmbh-et-comexi-collaborent-pour-optimiser-la-production-plastique\/\"},\"wordCount\":285,\"publisher\":{\"@id\":\"https:\/\/www.emballagedigest.fr\/#organization\"},\"image\":{\"@id\":\"https:\/\/www.emballagedigest.fr\/re-gmbh-et-comexi-collaborent-pour-optimiser-la-production-plastique\/#primaryimage\"},\"thumbnailUrl\":\"https:\/\/www.emballagedigest.fr\/wp-content\/uploads\/2023\/12\/RE_Comexi.jpg\",\"articleSection\":[\"Article entier\",\"Barre lat\u00e9rale\",\"Machines\",\"Mat\u00e9riel\",\"Vu dans le mag\"],\"inLanguage\":\"en-GB\"},{\"@type\":\"WebPage\",\"@id\":\"https:\/\/www.emballagedigest.fr\/re-gmbh-et-comexi-collaborent-pour-optimiser-la-production-plastique\/\",\"url\":\"https:\/\/www.emballagedigest.fr\/re-gmbh-et-comexi-collaborent-pour-optimiser-la-production-plastique\/\",\"name\":\"RE: GmbH et Comexi collaborent pour optimiser la production plastique - Emballage Digest\",\"isPartOf\":{\"@id\":\"https:\/\/www.emballagedigest.fr\/#website\"},\"primaryImageOfPage\":{\"@id\":\"https:\/\/www.emballagedigest.fr\/re-gmbh-et-comexi-collaborent-pour-optimiser-la-production-plastique\/#primaryimage\"},\"image\":{\"@id\":\"https:\/\/www.emballagedigest.fr\/re-gmbh-et-comexi-collaborent-pour-optimiser-la-production-plastique\/#primaryimage\"},\"thumbnailUrl\":\"https:\/\/www.emballagedigest.fr\/wp-content\/uploads\/2023\/12\/RE_Comexi.jpg\",\"datePublished\":\"2023-11-30T09:01:00+00:00\",\"dateModified\":\"2023-12-01T09:03:13+00:00\",\"breadcrumb\":{\"@id\":\"https:\/\/www.emballagedigest.fr\/re-gmbh-et-comexi-collaborent-pour-optimiser-la-production-plastique\/#breadcrumb\"},\"inLanguage\":\"en-GB\",\"potentialAction\":[{\"@type\":\"ReadAction\",\"target\":[\"https:\/\/www.emballagedigest.fr\/re-gmbh-et-comexi-collaborent-pour-optimiser-la-production-plastique\/\"]}]},{\"@type\":\"ImageObject\",\"inLanguage\":\"en-GB\",\"@id\":\"https:\/\/www.emballagedigest.fr\/re-gmbh-et-comexi-collaborent-pour-optimiser-la-production-plastique\/#primaryimage\",\"url\":\"https:\/\/www.emballagedigest.fr\/wp-content\/uploads\/2023\/12\/RE_Comexi.jpg\",\"contentUrl\":\"https:\/\/www.emballagedigest.fr\/wp-content\/uploads\/2023\/12\/RE_Comexi.jpg\",\"width\":800,\"height\":530},{\"@type\":\"BreadcrumbList\",\"@id\":\"https:\/\/www.emballagedigest.fr\/re-gmbh-et-comexi-collaborent-pour-optimiser-la-production-plastique\/#breadcrumb\",\"itemListElement\":[{\"@type\":\"ListItem\",\"position\":1,\"name\":\"Accueil\",\"item\":\"https:\/\/www.emballagedigest.fr\/\"},{\"@type\":\"ListItem\",\"position\":2,\"name\":\"RE: GmbH et Comexi collaborent pour optimiser la production plastique\"}]},{\"@type\":\"WebSite\",\"@id\":\"https:\/\/www.emballagedigest.fr\/#website\",\"url\":\"https:\/\/www.emballagedigest.fr\/\",\"name\":\"Emballage Digest\",\"description\":\"Revue professionnelle sur les emballages\",\"publisher\":{\"@id\":\"https:\/\/www.emballagedigest.fr\/#organization\"},\"potentialAction\":[{\"@type\":\"SearchAction\",\"target\":{\"@type\":\"EntryPoint\",\"urlTemplate\":\"https:\/\/www.emballagedigest.fr\/?s={search_term_string}\"},\"query-input\":{\"@type\":\"PropertyValueSpecification\",\"valueRequired\":true,\"valueName\":\"search_term_string\"}}],\"inLanguage\":\"en-GB\"},{\"@type\":\"Organization\",\"@id\":\"https:\/\/www.emballagedigest.fr\/#organization\",\"name\":\"Emballage Digest\",\"url\":\"https:\/\/www.emballagedigest.fr\/\",\"logo\":{\"@type\":\"ImageObject\",\"inLanguage\":\"en-GB\",\"@id\":\"https:\/\/www.emballagedigest.fr\/#\/schema\/logo\/image\/\",\"url\":\"https:\/\/www.emballagedigest.fr\/wp-content\/uploads\/2022\/07\/logo-ed.png\",\"contentUrl\":\"https:\/\/www.emballagedigest.fr\/wp-content\/uploads\/2022\/07\/logo-ed.png\",\"width\":379,\"height\":75,\"caption\":\"Emballage Digest\"},\"image\":{\"@id\":\"https:\/\/www.emballagedigest.fr\/#\/schema\/logo\/image\/\"}},{\"@type\":\"Person\",\"@id\":\"https:\/\/www.emballagedigest.fr\/#\/schema\/person\/76abe9f2b2ee4d3d520594c7a35da59f\",\"name\":\"Karine Duval\",\"image\":{\"@type\":\"ImageObject\",\"inLanguage\":\"en-GB\",\"@id\":\"https:\/\/www.emballagedigest.fr\/#\/schema\/person\/image\/\",\"url\":\"https:\/\/secure.gravatar.com\/avatar\/f552799261cdd2e076e6677d780ef07bdb13aa4c196ab75b39abcbcdcae2d4e5?s=96&d=mm&r=g\",\"contentUrl\":\"https:\/\/secure.gravatar.com\/avatar\/f552799261cdd2e076e6677d780ef07bdb13aa4c196ab75b39abcbcdcae2d4e5?s=96&d=mm&r=g\",\"caption\":\"Karine Duval\"},\"url\":\"https:\/\/www.emballagedigest.fr\/en\/author\/admin_karduv\/\"}]}<\/script>\n<!-- \/ Yoast SEO plugin. -->","yoast_head_json":{"title":"RE: GmbH et Comexi collaborent pour optimiser la production plastique - Emballage Digest","robots":{"index":"index","follow":"follow","max-snippet":"max-snippet:-1","max-image-preview":"max-image-preview:large","max-video-preview":"max-video-preview:-1"},"canonical":"https:\/\/www.emballagedigest.fr\/en\/re-gmbh-et-comexi-collaborent-pour-optimiser-la-production-plastique\/","og_locale":"en_GB","og_type":"article","og_title":"RE: GmbH et Comexi collaborent pour optimiser la production plastique - Emballage Digest","og_description":"RE: GmbH et Comexi annoncent leur partenariat dans le but de faire progresser la num\u00e9risation dans le secteur de l\u2019extrusion et de l\u2019emballage des mati\u00e8res plastiques. Objectif\u00a0: orienter transformateurs de plastique et producteurs d\u2019emballages vers une solution capable de connecter de mani\u00e8re transparente l\u2019ensemble de leur atelier, dans un souci d\u2019optimisation de leurs proc\u00e9d\u00e9s\u00a0(qualit\u00e9 d\u2019impression, [&hellip;]","og_url":"https:\/\/www.emballagedigest.fr\/en\/re-gmbh-et-comexi-collaborent-pour-optimiser-la-production-plastique\/","og_site_name":"Emballage Digest","article_published_time":"2023-11-30T09:01:00+00:00","article_modified_time":"2023-12-01T09:03:13+00:00","og_image":[{"width":800,"height":530,"url":"https:\/\/www.emballagedigest.fr\/wp-content\/uploads\/2023\/12\/RE_Comexi.jpg","type":"image\/jpeg"}],"author":"Karine Duval","twitter_card":"summary_large_image","twitter_misc":{"Written by":"Karine Duval","Estimated reading time":"2 minutes"},"schema":{"@context":"https:\/\/schema.org","@graph":[{"@type":"Article","@id":"https:\/\/www.emballagedigest.fr\/re-gmbh-et-comexi-collaborent-pour-optimiser-la-production-plastique\/#article","isPartOf":{"@id":"https:\/\/www.emballagedigest.fr\/re-gmbh-et-comexi-collaborent-pour-optimiser-la-production-plastique\/"},"author":{"name":"Karine Duval","@id":"https:\/\/www.emballagedigest.fr\/#\/schema\/person\/76abe9f2b2ee4d3d520594c7a35da59f"},"headline":"RE: GmbH et Comexi collaborent pour optimiser la production plastique","datePublished":"2023-11-30T09:01:00+00:00","dateModified":"2023-12-01T09:03:13+00:00","mainEntityOfPage":{"@id":"https:\/\/www.emballagedigest.fr\/re-gmbh-et-comexi-collaborent-pour-optimiser-la-production-plastique\/"},"wordCount":285,"publisher":{"@id":"https:\/\/www.emballagedigest.fr\/#organization"},"image":{"@id":"https:\/\/www.emballagedigest.fr\/re-gmbh-et-comexi-collaborent-pour-optimiser-la-production-plastique\/#primaryimage"},"thumbnailUrl":"https:\/\/www.emballagedigest.fr\/wp-content\/uploads\/2023\/12\/RE_Comexi.jpg","articleSection":["Article entier","Barre lat\u00e9rale","Machines","Mat\u00e9riel","Vu dans le mag"],"inLanguage":"en-GB"},{"@type":"WebPage","@id":"https:\/\/www.emballagedigest.fr\/re-gmbh-et-comexi-collaborent-pour-optimiser-la-production-plastique\/","url":"https:\/\/www.emballagedigest.fr\/re-gmbh-et-comexi-collaborent-pour-optimiser-la-production-plastique\/","name":"RE: GmbH et Comexi collaborent pour optimiser la production plastique - Emballage Digest","isPartOf":{"@id":"https:\/\/www.emballagedigest.fr\/#website"},"primaryImageOfPage":{"@id":"https:\/\/www.emballagedigest.fr\/re-gmbh-et-comexi-collaborent-pour-optimiser-la-production-plastique\/#primaryimage"},"image":{"@id":"https:\/\/www.emballagedigest.fr\/re-gmbh-et-comexi-collaborent-pour-optimiser-la-production-plastique\/#primaryimage"},"thumbnailUrl":"https:\/\/www.emballagedigest.fr\/wp-content\/uploads\/2023\/12\/RE_Comexi.jpg","datePublished":"2023-11-30T09:01:00+00:00","dateModified":"2023-12-01T09:03:13+00:00","breadcrumb":{"@id":"https:\/\/www.emballagedigest.fr\/re-gmbh-et-comexi-collaborent-pour-optimiser-la-production-plastique\/#breadcrumb"},"inLanguage":"en-GB","potentialAction":[{"@type":"ReadAction","target":["https:\/\/www.emballagedigest.fr\/re-gmbh-et-comexi-collaborent-pour-optimiser-la-production-plastique\/"]}]},{"@type":"ImageObject","inLanguage":"en-GB","@id":"https:\/\/www.emballagedigest.fr\/re-gmbh-et-comexi-collaborent-pour-optimiser-la-production-plastique\/#primaryimage","url":"https:\/\/www.emballagedigest.fr\/wp-content\/uploads\/2023\/12\/RE_Comexi.jpg","contentUrl":"https:\/\/www.emballagedigest.fr\/wp-content\/uploads\/2023\/12\/RE_Comexi.jpg","width":800,"height":530},{"@type":"BreadcrumbList","@id":"https:\/\/www.emballagedigest.fr\/re-gmbh-et-comexi-collaborent-pour-optimiser-la-production-plastique\/#breadcrumb","itemListElement":[{"@type":"ListItem","position":1,"name":"Accueil","item":"https:\/\/www.emballagedigest.fr\/"},{"@type":"ListItem","position":2,"name":"RE: GmbH et Comexi collaborent pour optimiser la production plastique"}]},{"@type":"WebSite","@id":"https:\/\/www.emballagedigest.fr\/#website","url":"https:\/\/www.emballagedigest.fr\/","name":"Emballage Digest","description":"Revue professionnelle sur les emballages","publisher":{"@id":"https:\/\/www.emballagedigest.fr\/#organization"},"potentialAction":[{"@type":"SearchAction","target":{"@type":"EntryPoint","urlTemplate":"https:\/\/www.emballagedigest.fr\/?s={search_term_string}"},"query-input":{"@type":"PropertyValueSpecification","valueRequired":true,"valueName":"search_term_string"}}],"inLanguage":"en-GB"},{"@type":"Organization","@id":"https:\/\/www.emballagedigest.fr\/#organization","name":"Emballage Digest","url":"https:\/\/www.emballagedigest.fr\/","logo":{"@type":"ImageObject","inLanguage":"en-GB","@id":"https:\/\/www.emballagedigest.fr\/#\/schema\/logo\/image\/","url":"https:\/\/www.emballagedigest.fr\/wp-content\/uploads\/2022\/07\/logo-ed.png","contentUrl":"https:\/\/www.emballagedigest.fr\/wp-content\/uploads\/2022\/07\/logo-ed.png","width":379,"height":75,"caption":"Emballage Digest"},"image":{"@id":"https:\/\/www.emballagedigest.fr\/#\/schema\/logo\/image\/"}},{"@type":"Person","@id":"https:\/\/www.emballagedigest.fr\/#\/schema\/person\/76abe9f2b2ee4d3d520594c7a35da59f","name":"Karine Duval","image":{"@type":"ImageObject","inLanguage":"en-GB","@id":"https:\/\/www.emballagedigest.fr\/#\/schema\/person\/image\/","url":"https:\/\/secure.gravatar.com\/avatar\/f552799261cdd2e076e6677d780ef07bdb13aa4c196ab75b39abcbcdcae2d4e5?s=96&d=mm&r=g","contentUrl":"https:\/\/secure.gravatar.com\/avatar\/f552799261cdd2e076e6677d780ef07bdb13aa4c196ab75b39abcbcdcae2d4e5?s=96&d=mm&r=g","caption":"Karine Duval"},"url":"https:\/\/www.emballagedigest.fr\/en\/author\/admin_karduv\/"}]}},"_links":{"self":[{"href":"https:\/\/www.emballagedigest.fr\/en\/wp-json\/wp\/v2\/posts\/39105","targetHints":{"allow":["GET"]}}],"collection":[{"href":"https:\/\/www.emballagedigest.fr\/en\/wp-json\/wp\/v2\/posts"}],"about":[{"href":"https:\/\/www.emballagedigest.fr\/en\/wp-json\/wp\/v2\/types\/post"}],"author":[{"embeddable":true,"href":"https:\/\/www.emballagedigest.fr\/en\/wp-json\/wp\/v2\/users\/2"}],"replies":[{"embeddable":true,"href":"https:\/\/www.emballagedigest.fr\/en\/wp-json\/wp\/v2\/comments?post=39105"}],"version-history":[{"count":1,"href":"https:\/\/www.emballagedigest.fr\/en\/wp-json\/wp\/v2\/posts\/39105\/revisions"}],"predecessor-version":[{"id":39107,"href":"https:\/\/www.emballagedigest.fr\/en\/wp-json\/wp\/v2\/posts\/39105\/revisions\/39107"}],"wp:featuredmedia":[{"embeddable":true,"href":"https:\/\/www.emballagedigest.fr\/en\/wp-json\/wp\/v2\/media\/39106"}],"wp:attachment":[{"href":"https:\/\/www.emballagedigest.fr\/en\/wp-json\/wp\/v2\/media?parent=39105"}],"wp:term":[{"taxonomy":"category","embeddable":true,"href":"https:\/\/www.emballagedigest.fr\/en\/wp-json\/wp\/v2\/categories?post=39105"},{"taxonomy":"post_tag","embeddable":true,"href":"https:\/\/www.emballagedigest.fr\/en\/wp-json\/wp\/v2\/tags?post=39105"}],"curies":[{"name":"wp","href":"https:\/\/api.w.org\/{rel}","templated":true}]}}